{"id":10189,"date":"2013-08-01T15:51:34","date_gmt":"2013-08-01T20:51:34","guid":{"rendered":"http:\/\/www.cipamericas.org\/?p=10189"},"modified":"2013-08-02T09:54:09","modified_gmt":"2013-08-02T14:54:09","slug":"violencia-inedita-en-elecciones","status":"publish","type":"post","link":"https:\/\/www.americas.org\/es\/violencia-inedita-en-elecciones\/","title":{"rendered":"Violencia in\u00e9dita en elecciones"},"content":{"rendered":"<p><a href=\"https:\/\/www.americas.org\/wp-content\/uploads\/2013\/08\/voto_violento.jpg\"><img loading=\"lazy\" decoding=\"async\" class=\"alignright size-medium wp-image-10190\" alt=\"voto_violento\" src=\"https:\/\/www.americas.org\/wp-content\/uploads\/2013\/08\/voto_violento-300x140.jpg\" width=\"300\" height=\"140\" srcset=\"https:\/\/www.americas.org\/wp-content\/uploads\/2013\/08\/voto_violento-300x140.jpg 300w, https:\/\/www.americas.org\/wp-content\/uploads\/2013\/08\/voto_violento-250x116.jpg 250w, https:\/\/www.americas.org\/wp-content\/uploads\/2013\/08\/voto_violento.jpg 685w\" sizes=\"auto, (max-width: 300px) 100vw, 300px\" \/><\/a><em>Este art\u00edculo fue publicado en Julio 10 de 2013.<\/em><\/p>\n<p>Las elecciones del 7 de julio de este a\u00f1o en M\u00e9xico ser\u00e1n recordadas como las m\u00e1s violentas en la historia.<\/p>\n<p>La conclusi\u00f3n la hizo una comisi\u00f3n especial creada en el Senado mexicano para dar seguimiento a las elecciones, pero que pudo hacer cualquier persona que diera seguimiento a los 14 procesos electorales, los primeros luego del retorno del PRI a la Presidencia de la Rep\u00fablica.<\/p>\n<p>Una elecci\u00f3n donde se intimid\u00f3, agredi\u00f3 e incluso se asesin\u00f3 a 20 candidatos de distintos partidos, y tambi\u00e9n a simpatizantes o militantes, de acuerdo con el portal period\u00edstico Sinembargo. Unos comicios marcados por la presencia de grupos de choque, y por el ataque con granada contra una candidata en Baja California.<\/p>\n<p>En estados como Durango, Chihuahua y Coahuila los partidos Acci\u00f3n Nacional y de la Revoluci\u00f3n Democr\u00e1tica en menor grado, dejaron de postular candidatos, ya sea porque algunos de sus precandidatos no contaban con medidas que garantizaran su seguridad al participar -algunos fueron llamados por el crimen organizado para amenazarlos- y otros ya siendo candidatos declinaron al ver que sus vidas corr\u00edan peligro.<\/p>\n<p>En Veracruz tambi\u00e9n hubo registros de violencia. Se trata de un estado con uno de los gobernadores pri\u00edstas con mayor poder en M\u00e9xico, Javier Duarte.<\/p>\n<p>Durante el r\u00e9gimen pri\u00edsta de 71 a\u00f1os cualquier error pod\u00eda costarles el puesto a los gobernadores, ya que este estaba sujeto a la voluntad del Presidente de la Rep\u00fablica en turno. Cuando llegaron las administraciones panistas (2000-2012), encabezadas por Vicente Fox y Felipe Calder\u00f3n, los gobernadores se convirtieron en otro poder. Con los panistas en la presidencia, los gobernadores pri\u00edstas se desataron porque ya no ten\u00edan a qui\u00e9n rendirle cuentas e incluso algunos analistas pol\u00edticos no dudaron en llamarles \u201cvirreyes\u201d.<\/p>\n<p>Javier Duarte es uno de los m\u00e1s acabados ejemplos de esta situaci\u00f3n. Por irregularidades cometidas por subordinados suyos, como Salvador Manzur, brevemente tesorero de su gobierno, y quien cre\u00f3 una red electoral que buscaba beneficiar al PRI con programas sociales, el Pacto por M\u00e9xico casi se hunde.<\/p>\n<p>Se trata de un acuerdo firmado entre el gobierno federal y los principales partidos pol\u00edticos mexicanos.<\/p>\n<p>A pesar de ello, Duarte fue consistente en permitir trapacer\u00edas de su partido en el estado, y eso inclu\u00eda expresiones de violencia. Uno de los m\u00e1s simb\u00f3licos ocurri\u00f3 en el municipio de Coxquihui, donde a fines de junio balearon al equipo del candidato del PAN. El hecho se le atribuy\u00f3 al candidato pri\u00edsta Reveriano P\u00e9rez Vega, supuestamente l\u00edder de una banda de delincuencia organizada conocida como \u201cLos Pelones\u201d.<\/p>\n<p>En el mismo estado se registr\u00f3 otra tendencia que va en aumento en el pa\u00eds: el uso de la polic\u00eda para amedrentar rivales pol\u00edticos. Dos d\u00edas antes de la elecci\u00f3n ocurri\u00f3 en Veracruz, Veracruz. Ah\u00ed polic\u00edas que resguardaban una bodega pri\u00edsta, al ser descubiertos, balearon a militantes perredistas.<\/p>\n<p>En el mismo estado, en el municipio de Mecayapan un joven de 17 a\u00f1os que grab\u00f3 la repartici\u00f3n de despensas el d\u00eda de la jornada electoral&#8211;algo prohibido por la ley para evitar la compra de votos&#8211;fue asesinado. Primero un grupo de personas lo golpe\u00f3 y falleci\u00f3 cuando alguien lo apu\u00f1al\u00f3.<\/p>\n<p>Aunque las elecciones en M\u00e9xico siempre han tenido caracter\u00edsticas violentas, sobre todo en el periodo pri\u00edsta, se distingu\u00edan por otros hechos cuya intenci\u00f3n era cohibir la participaci\u00f3n del electorado, como las amenazas de no dar recursos, \u00a0o la exclusi\u00f3n de los programas sociales. O se ped\u00eda el voto para cierto partido de cierto candidato a cambio de una torta, una despensa, o dinero en efectivo. Las amenazas y las agresiones proven\u00edan de caciques afiliados en su mayor\u00eda al PRI.<\/p>\n<p>El contexto electoral vivido este a\u00f1o result\u00f3 m\u00e1s violento. Estuvo marcado por el asesinato de candidatos, cr\u00edmenes cuya autor\u00eda tiene las huellas de la delincuencia organizada y que no han sido resueltos.<\/p>\n<p>Es un fen\u00f3meno que inici\u00f3 desde 2006, pr\u00e1cticamente desde que el panista Felipe Calder\u00f3n al frente de la Presidencia de la Rep\u00fablica inici\u00f3 su guerra contra el narcotr\u00e1fico, pero que se ha intensificado y en 2010 deriv\u00f3 en la muerte del candidato del PRI a la gubernatura de Tamaulipas, Rodolfo Torre Cant\u00fa. La entidad ha sido llamada por algunos analistas como \u201cnarcoestado\u201d, y a una semana de las elecciones Torre Cant\u00fa fue acribillado. Su crimen no ha sido resuelto.<\/p>\n<p>Viejas y nuevas trapacer\u00edas electorales han estado presentes, ahora junto con la sombra de la violencia y los balazos, en un pa\u00eds que con un nuevo gobierno federal, sigue la misma estrategia de guerra contra el narcotr\u00e1fico que Calder\u00f3n, bajo cuyo mandato se registraron por lo menos 60 mil muertos y miles de desaparecidos.<\/p>\n<p><b><i>Marco Antonio Mart\u00ednez Garc\u00eda<\/i><\/b><i> es periodista mexicano. Colabora con el Programa de las Am\u00e9ricas www.americas.org\/es.<\/i><\/p>\n<p>&nbsp;<\/p>\n<p>&nbsp;<\/p>\n","protected":false},"excerpt":{"rendered":"<p>Las elecciones del 7 de julio de 2013 en M\u00e9xico \u2013 las primeras luego del retorno del PRI a la Presidencia de la Rep\u00fablica \u2013 ser\u00e1n recordadas como las m\u00e1s violentas en la historia, donde se intimid\u00f3, agredi\u00f3 e incluso se asesin\u00f3 a 20 candidatos de distintos partidos, y tambi\u00e9n a simpatizantes o militantes.<\/p>\n","protected":false},"author":159,"featured_media":10190,"comment_status":"open","ping_status":"open","sticky":false,"template":"","format":"standard","meta":{"inline_featured_image":false,"footnotes":""},"categories":[4912,4914],"tags":[],"coauthors":[],"class_list":["post-10189","post","type-post","status-publish","format-standard","has-post-thumbnail","hentry","category-movimientos-sociales","category-paz-y-seguridad"],"_links":{"self":[{"href":"https:\/\/www.americas.org\/es\/wp-json\/wp\/v2\/posts\/10189","targetHints":{"allow":["GET"]}}],"collection":[{"href":"https:\/\/www.americas.org\/es\/wp-json\/wp\/v2\/posts"}],"about":[{"href":"https:\/\/www.americas.org\/es\/wp-json\/wp\/v2\/types\/post"}],"author":[{"embeddable":true,"href":"https:\/\/www.americas.org\/es\/wp-json\/wp\/v2\/users\/159"}],"replies":[{"embeddable":true,"href":"https:\/\/www.americas.org\/es\/wp-json\/wp\/v2\/comments?post=10189"}],"version-history":[{"count":0,"href":"https:\/\/www.americas.org\/es\/wp-json\/wp\/v2\/posts\/10189\/revisions"}],"wp:featuredmedia":[{"embeddable":true,"href":"https:\/\/www.americas.org\/es\/wp-json\/wp\/v2\/media\/10190"}],"wp:attachment":[{"href":"https:\/\/www.americas.org\/es\/wp-json\/wp\/v2\/media?parent=10189"}],"wp:term":[{"taxonomy":"category","embeddable":true,"href":"https:\/\/www.americas.org\/es\/wp-json\/wp\/v2\/categories?post=10189"},{"taxonomy":"post_tag","embeddable":true,"href":"https:\/\/www.americas.org\/es\/wp-json\/wp\/v2\/tags?post=10189"},{"taxonomy":"author","embeddable":true,"href":"https:\/\/www.americas.org\/es\/wp-json\/wp\/v2\/coauthors?post=10189"}],"curies":[{"name":"wp","href":"https:\/\/api.w.org\/{rel}","templated":true}]}}