{"id":10326,"date":"2013-08-17T23:24:03","date_gmt":"2013-08-18T04:24:03","guid":{"rendered":"http:\/\/www.cipamericas.org\/?p=10326"},"modified":"2013-08-29T13:41:57","modified_gmt":"2013-08-29T18:41:57","slug":"invitacion-21-de-agosto-comunicacion-independiente-en-la-construccion-de-movimientos-2","status":"publish","type":"post","link":"https:\/\/www.americas.org\/es\/invitacion-21-de-agosto-comunicacion-independiente-en-la-construccion-de-movimientos-2\/","title":{"rendered":"INVITACION: 21 de agosto, &#8220;Comunicaci\u00f3n independiente en la construcci\u00f3n de movimientos&#8221;"},"content":{"rendered":"<p>&nbsp;<\/p>\n<h1 style=\"text-align: left;\"><a href=\"https:\/\/www.americas.org\/wp-content\/uploads\/2013\/08\/volante-1.jpg\"><img loading=\"lazy\" decoding=\"async\" class=\"alignleft size-large wp-image-10335\" alt=\"volante 1\" src=\"https:\/\/www.americas.org\/wp-content\/uploads\/2013\/08\/volante-1-549x1024.jpg\" width=\"549\" height=\"1024\" \/><\/a><\/h1>\n<h1 style=\"text-align: center;\"><em>El Programa de las Am\u00e9ricas<\/em><\/h1>\n<h1 style=\"text-align: center;\">les invita a la mesa redonda:<\/h1>\n<p>&nbsp;<\/p>\n<p>&nbsp;<\/p>\n<h1 style=\"text-align: center;\">Comunicaci\u00f3n Independiente<\/h1>\n<h1 style=\"text-align: center;\">en la Construcci\u00f3n de<\/h1>\n<h1 style=\"text-align: center;\">Movimientos<\/h1>\n<p>&nbsp;<\/p>\n<h1 style=\"text-align: center;\">7:00 P.M.<\/h1>\n<h1 style=\"text-align: center;\">Mi\u00e9rcoles 21 de agosto<\/h1>\n<p>&nbsp;<\/p>\n<p>&nbsp;<\/p>\n<h1 style=\"text-align: center;\">Club de Periodistas<\/h1>\n<h1 style=\"text-align: center;\">Filomeno Mata 8<\/h1>\n<h1 style=\"text-align: center;\">Centro Hist\u00f3rico<\/h1>\n<h1 style=\"text-align: center;\">M\u00e9xico D.F.<\/h1>\n<p>&nbsp;<\/p>\n<p>&nbsp;<\/p>\n<p style=\"text-align: center;\">\u00a0<strong>Acomp\u00e1\u00f1anos en una discusi\u00f3n sobre c\u00f3mo crear medios propios, hacer llegar nuestra palabra, ampliar las voces de las personas excluidas, proteger a defensores, enfrentar la cerraz\u00f3n y las mentiras de los medios comerciales, y ayudar en la construcci\u00f3n de los movimientos sociales.<\/strong><\/p>\n<h3><em>\u00a0<\/em><\/h3>\n<p style=\"text-align: center;\"><strong>FAVOR DE DIFUNDIR AMPLIAMENTE<\/strong><\/p>\n<p>&nbsp;<\/p>\n","protected":false},"excerpt":{"rendered":"<p>El Programa de las Am\u00e9ricas les invita a la mesa redonda: &#8220;Comunicaci\u00f3n independiente en la construcci\u00f3n de movimientos&#8221;. El mi\u00e9rcoles 21 de agosto, 7:00 p.m.,  en el Club de Periodistas, FilomenO Mata 8, Centro Hist\u00f3rico, M\u00e9xico D.F.  <\/p>\n","protected":false},"author":263,"featured_media":10372,"comment_status":"open","ping_status":"open","sticky":false,"template":"","format":"standard","meta":{"inline_featured_image":false,"footnotes":""},"categories":[4884,4916,4912],"tags":[],"coauthors":[],"class_list":["post-10326","post","type-post","status-publish","format-standard","has-post-thumbnail","hentry","category-democracia","category-derechos-humanos","category-movimientos-sociales"],"_links":{"self":[{"href":"https:\/\/www.americas.org\/es\/wp-json\/wp\/v2\/posts\/10326","targetHints":{"allow":["GET"]}}],"collection":[{"href":"https:\/\/www.americas.org\/es\/wp-json\/wp\/v2\/posts"}],"about":[{"href":"https:\/\/www.americas.org\/es\/wp-json\/wp\/v2\/types\/post"}],"author":[{"embeddable":true,"href":"https:\/\/www.americas.org\/es\/wp-json\/wp\/v2\/users\/263"}],"replies":[{"embeddable":true,"href":"https:\/\/www.americas.org\/es\/wp-json\/wp\/v2\/comments?post=10326"}],"version-history":[{"count":0,"href":"https:\/\/www.americas.org\/es\/wp-json\/wp\/v2\/posts\/10326\/revisions"}],"wp:featuredmedia":[{"embeddable":true,"href":"https:\/\/www.americas.org\/es\/wp-json\/wp\/v2\/media\/10372"}],"wp:attachment":[{"href":"https:\/\/www.americas.org\/es\/wp-json\/wp\/v2\/media?parent=10326"}],"wp:term":[{"taxonomy":"category","embeddable":true,"href":"https:\/\/www.americas.org\/es\/wp-json\/wp\/v2\/categories?post=10326"},{"taxonomy":"post_tag","embeddable":true,"href":"https:\/\/www.americas.org\/es\/wp-json\/wp\/v2\/tags?post=10326"},{"taxonomy":"author","embeddable":true,"href":"https:\/\/www.americas.org\/es\/wp-json\/wp\/v2\/coauthors?post=10326"}],"curies":[{"name":"wp","href":"https:\/\/api.w.org\/{rel}","templated":true}]}}