{"id":10897,"date":"2013-10-14T23:02:08","date_gmt":"2013-10-15T04:02:08","guid":{"rendered":"http:\/\/www.cipamericas.org\/?p=10897"},"modified":"2014-03-27T14:40:55","modified_gmt":"2014-03-27T19:40:55","slug":"defensora-colombiana-alerta-a-mexico-sobre-amenazas-de-paramilitarismo-y-mineria","status":"publish","type":"post","link":"https:\/\/www.americas.org\/es\/defensora-colombiana-alerta-a-mexico-sobre-amenazas-de-paramilitarismo-y-mineria\/","title":{"rendered":"Defensora colombiana alerta a M\u00e9xico sobre amenazas de paramilitarismo y miner\u00eda"},"content":{"rendered":"<p dir=\"ltr\"><a href=\"https:\/\/www.americas.org\/wp-content\/uploads\/2013\/10\/hqdefault.jpg\"><img loading=\"lazy\" decoding=\"async\" class=\"alignright size-medium wp-image-10899\" alt=\"hqdefault\" src=\"https:\/\/www.americas.org\/wp-content\/uploads\/2013\/10\/hqdefault-300x225.jpg\" width=\"300\" height=\"225\" srcset=\"https:\/\/www.americas.org\/wp-content\/uploads\/2013\/10\/hqdefault-300x225.jpg 300w, https:\/\/www.americas.org\/wp-content\/uploads\/2013\/10\/hqdefault.jpg 480w\" sizes=\"auto, (max-width: 300px) 100vw, 300px\" \/><\/a>En entrevista con el Programa de las Am\u00e9ricas, la defensora de derechos humanos Elizabeth Yangana, integrante del Colectivo de Mujeres en Resistencia de Colombia, alert\u00f3 sobre los grupos civiles armados.<\/p>\n<p dir=\"ltr\">Su pa\u00eds lo vivi\u00f3 en los a\u00f1os ochenta y noventa, con los tristemente c\u00e9lebres casos de las Autodefensas, grupos de civiles armados conformados para enfrentar la inseguridad, a los que el gobierno dotaba de armas e informaci\u00f3n para combatir a la guerrilla colombiana. El problema es que algunos de estos grupos estaban liderados por narcotraficantes o caciques, los cuales aprovecharon el apoyo del gobierno para formar ej\u00e9rcitos privados, lo que se conoce como paramilitares, y desplazar a comunidades enteras para apropiarse de sus territorios, una situaci\u00f3n que sigue hasta la fecha, con millones de desplazados.<\/p>\n<p dir=\"ltr\">Alerta que esa situaci\u00f3n puede llegar a presentarse en M\u00e9xico, donde desde el a\u00f1o pasado han comenzado a proliferar grupos armados.<\/p>\n<p dir=\"ltr\">\u00bfLa experiencia mexicana tiene paralelismos con mexicana en materia de desplazados y grupos paramilitares?, se le pregunta.<\/p>\n<p dir=\"ltr\">\u201cEn cada pa\u00eds donde haya fuerzas conformadas por un inter\u00e9s econ\u00f3mico, siempre va a haber desplazamiento y que buscan apoderarse de las comunidades para apropiarse del territorio. En Colombia con el paramilitarismo siempre buscaron consolidar un inter\u00e9s econ\u00f3mico que beneficiar\u00eda a una clase en especial&#8211;en alg\u00fan momento terrateniente, en otro para los narcotraficantes, pero siempre dirigido a un inter\u00e9s en especial. A una comunidad no la desplazan como a una persona, porque \u2018no me cae bien\u2019; cuando desplazan a una comunidad tiene que ver con qu\u00e9 es lo que hay en esa comunidad.<\/p>\n<p dir=\"ltr\">\u201cTanto en Colombia como en M\u00e9xico no es extra\u00f1o que haya desplazamientos que obedece a un inter\u00e9s. En Colombia el inter\u00e9s se suscitaba porque los territorios que se apropiaban (los paramilitares) eran usados como rutas del narcotr\u00e1fico o para el cultivo de coca\u00edna.\u201d<\/p>\n<p dir=\"ltr\">Relata que como en M\u00e9xico, en su pa\u00eds algunos grupos iniciaron labores de vigilancia en comunidades con altas dosis de inseguridad, entonces habitantes de ah\u00ed se un\u00edan para hacer rondines. La soluci\u00f3n se desvirtu\u00f3 cuando les comenzaron a ofrecer armas.<\/p>\n<p dir=\"ltr\">\u201cEse puede ser el peligro si no estamos bien consolidados. En Colombia tambi\u00e9n hubo grupos de personas que se unieron en los frentes de seguridad y esto era parecido a rondines o rondas, era por la mucha inseguridad que hab\u00eda y en un momento se organizaron frentes de seguridad que eran los mismos habitantes de un sector que hac\u00edan rondas para evitar que llegaran ladrones, pero la diferencia es que ellos no eran armados, por eso fueron cooptados cuando llegaron las Autodefensas, \u00a0porque estas s\u00ed eran armadas.\u201d<\/p>\n<p dir=\"ltr\">A\u00f1ade, \u201cSiempre hay un peligro, el arma te da poder, con armas indica que tiene m\u00e1s poder de coacci\u00f3n que una que no tiene.\u201d<\/p>\n<p dir=\"ltr\">La miner\u00eda agresiva<\/p>\n<p dir=\"ltr\">Yanagana alerta sobre otro problema en M\u00e9xico y toda Am\u00e9rica Latina, incluyendo a su pa\u00eds. Se trata de los agresivos proyectos mineros encabezados por compa\u00f1\u00edas canadienses, japonesas o europeas, que para la extracci\u00f3n de oro, cobalto y uranio emplean agresivos m\u00e9todos. Ella observa una tendencia.<\/p>\n<p dir=\"ltr\">\u201cCompletamente, no es nuevo ni en vano que Am\u00e9rica Latina ahorita sea puesta en el escenario mundial. Cuando los pa\u00edses ricos y poderosos ven hacia ac\u00e1 hay que preguntarnos por qu\u00e9 ahora les interesa tanto Am\u00e9rica Latina. No es porque quieran hacer la carta, eso es mentira, tenemos que sacarnos esto de la cabeza, no es en vano que todos los pa\u00edses ricos hoy est\u00e9n fijando los ojos en Am\u00e9rica Latina. Aqu\u00ed hay una armonizaci\u00f3n con la naturaleza, a\u00fan creemos que la Pachamama (la Tierra) es un ser viviente y lo respetamos. No en vano se han concentrado muchos recursos naturales \u00a0y por eso fijan sus ojos en Am\u00e9rica Latina, porque potencialmente \u00a0para ellos es seguir teniendo lo que han tenido en el sistema capitalista, no es mentira, no es nuevo y el inter\u00e9s es desde la Patagonia hasta M\u00e9xico.\u201d<\/p>\n<p dir=\"ltr\">Describe algunas de las riquezas que hay en Los Andes, una zona que conoce bien.<\/p>\n<p dir=\"ltr\">\u201cUno de los mayores recursos naturales que hay es el agua. La guerra del pr\u00f3ximo milenio va a ser por el agua y nuestros pa\u00edses andinos son ricos en agua, es un primer recurso natural y que es agotable, no renovable, desafortunadamente.<\/p>\n<p dir=\"ltr\">El segundo es el oro, tambi\u00e9n hay cobalto, uranio. En la era inform\u00e1tica, el cobalto es de los metales que m\u00e1s se buscan \u00a0y Los Andes es uno de los mayores dep\u00f3sitos. \u00a0Hay empresas canadienses, inglesas y japonesas involucradas, esto no es aislado, esto es de los pa\u00edses del G-8 \u201d.<\/p>\n<p dir=\"ltr\">Sobre sus agresivos m\u00e9todos de extracci\u00f3n dice que en su pa\u00eds de tres proyectos que han sido investigados, \u00a0la conclusi\u00f3n es que ni en 300 a\u00f1os se recuperar\u00eda el medio ambiente da\u00f1ado.<\/p>\n<p dir=\"ltr\">\u201cHay utilizaci\u00f3n de qu\u00edmicos, aparte de la tala de bosques que ha acabado con especies\u201d.<\/p>\n<p dir=\"ltr\">Pero tambi\u00e9n destaca que a ra\u00edz de la preocupaci\u00f3n por el cuidado del medio ambiente ante los grandes proyectos mineros, han comenzado a consultar a las comunidades antes de iniciar proyectos.<\/p>\n<p dir=\"ltr\">\u201cPor Constituci\u00f3n, para presentar cualquier proyecto esto debe ser por consulta. No estamos contra el desarrollo pero tampoco el desarrollo puede venir a matar\u201d, concluye.<\/p>\n<p dir=\"ltr\">Marco Antonio Mart\u00ednez es periodista y colaborador con el CIP Programa de las Am\u00e9ricas <a href=\"https:\/\/www.americas.org\/es\">www.americas.org\/es<\/a><\/p>\n","protected":false},"excerpt":{"rendered":"<p>Elizabeth Yangana, defensora de derechos humanos explica que si son financiados por alg\u00fan grupo o por el gobierno, los grupos armados se pueden convertir en ej\u00e9rcitos privados y pasar a ser un instrumento para expulsar a comunidades de territorios ricos en recursos.<\/p>\n","protected":false},"author":159,"featured_media":10899,"comment_status":"open","ping_status":"open","sticky":false,"template":"","format":"standard","meta":{"inline_featured_image":false,"footnotes":""},"categories":[4916,4918,4915],"tags":[],"coauthors":[],"class_list":["post-10897","post","type-post","status-publish","format-standard","has-post-thumbnail","hentry","category-derechos-humanos","category-feminismos","category-tierra"],"_links":{"self":[{"href":"https:\/\/www.americas.org\/es\/wp-json\/wp\/v2\/posts\/10897","targetHints":{"allow":["GET"]}}],"collection":[{"href":"https:\/\/www.americas.org\/es\/wp-json\/wp\/v2\/posts"}],"about":[{"href":"https:\/\/www.americas.org\/es\/wp-json\/wp\/v2\/types\/post"}],"author":[{"embeddable":true,"href":"https:\/\/www.americas.org\/es\/wp-json\/wp\/v2\/users\/159"}],"replies":[{"embeddable":true,"href":"https:\/\/www.americas.org\/es\/wp-json\/wp\/v2\/comments?post=10897"}],"version-history":[{"count":1,"href":"https:\/\/www.americas.org\/es\/wp-json\/wp\/v2\/posts\/10897\/revisions"}],"predecessor-version":[{"id":11734,"href":"https:\/\/www.americas.org\/es\/wp-json\/wp\/v2\/posts\/10897\/revisions\/11734"}],"wp:featuredmedia":[{"embeddable":true,"href":"https:\/\/www.americas.org\/es\/wp-json\/wp\/v2\/media\/10899"}],"wp:attachment":[{"href":"https:\/\/www.americas.org\/es\/wp-json\/wp\/v2\/media?parent=10897"}],"wp:term":[{"taxonomy":"category","embeddable":true,"href":"https:\/\/www.americas.org\/es\/wp-json\/wp\/v2\/categories?post=10897"},{"taxonomy":"post_tag","embeddable":true,"href":"https:\/\/www.americas.org\/es\/wp-json\/wp\/v2\/tags?post=10897"},{"taxonomy":"author","embeddable":true,"href":"https:\/\/www.americas.org\/es\/wp-json\/wp\/v2\/coauthors?post=10897"}],"curies":[{"name":"wp","href":"https:\/\/api.w.org\/{rel}","templated":true}]}}