{"id":13160,"date":"2014-10-12T23:36:43","date_gmt":"2014-10-13T04:36:43","guid":{"rendered":"http:\/\/www.cipamericas.org\/?p=13160"},"modified":"2014-10-22T18:44:07","modified_gmt":"2014-10-22T23:44:07","slug":"el-reclamo-del-movimiento-del-68-sigue-vivo","status":"publish","type":"post","link":"https:\/\/www.americas.org\/es\/el-reclamo-del-movimiento-del-68-sigue-vivo\/","title":{"rendered":"El reclamo del movimiento del 68 sigue vivo"},"content":{"rendered":"<p><a href=\"https:\/\/www.americas.org\/wp-content\/uploads\/2014\/10\/DSC_3223.jpg\"><img loading=\"lazy\" decoding=\"async\" class=\"alignright size-medium wp-image-13162\" src=\"https:\/\/www.americas.org\/wp-content\/uploads\/2014\/10\/DSC_3223-300x198.jpg\" alt=\"DSC_3223\" width=\"300\" height=\"198\" srcset=\"https:\/\/www.americas.org\/wp-content\/uploads\/2014\/10\/DSC_3223-300x198.jpg 300w, https:\/\/www.americas.org\/wp-content\/uploads\/2014\/10\/DSC_3223-1024x678.jpg 1024w\" sizes=\"auto, (max-width: 300px) 100vw, 300px\" \/><\/a>La multitudinaria manifestaci\u00f3n del 2 de octubre, a 46 a\u00f1os de la masacre en la Plaza de las Tres Culturas, estuvo marcada por el luto. Al fallecimiento reciente de Ra\u00fal \u00c1lvarez Gar\u00edn, l\u00edder estudiantil del 68 \u2014uno de los principales animadores de la memoria del movimiento y la lucha por el castigo a los asesinos\u2014, se sum\u00f3 la mortal agresi\u00f3n a los normalistas de Ayotzinapa.<\/p>\n<p>Y aunque no hubo presencia formal de estudiantes del Instituto Polit\u00e9cnico Nacional, en paro contra la imposici\u00f3n de reformas a su curr\u00edculum, las banderas polit\u00e9cnicas y los \u00a1Hu\u00e9lum! recorrieron la marcha de cabo a rabo.<\/p>\n<p>Los j\u00f3venes se sienten bajo ataque. Sus consignas, lonas y pancartas as\u00ed lo expresan: \u201c\u00a1Si nos tocan a uno, nos tocan a todos! Dolor y rabia por los ca\u00eddos en Ayotzinapa. No permitiremos que se repita la historia. Vivos se los llevaron, vivos los queremos. \u00a1Basta de represi\u00f3n a estudiantes! No somos rebeldes, somos revolucionarios, seguiremos en pie de lucha. Y marcharemos cuando nos d\u00e9 la gana.\u201d<\/p>\n<p>Un cartel de emergencia muestra los retratos y nombres de los estudiantes desaparecidos y reclama su presentaci\u00f3n con vida.<\/p>\n<p>Hacia las 6 de la tarde, dos horas despu\u00e9s de iniciada, la marcha abarcaba desde Tlatelolco hasta Bellas Artes y de ah\u00ed por la 5 de Mayo hasta el Z\u00f3calo, donde el orador principal F\u00e9lix Hern\u00e1ndez Gamundi report\u00f3 llena la plaza central mientras segu\u00edan llegando contingentes. El l\u00edder hist\u00f3rico demand\u00f3 reabrir el juicio por genocidio contra el ex presidente Luis Echeverr\u00eda por la matanza de 400 estudiantes en Tlatelolco.<\/p>\n<p><a href=\"https:\/\/www.americas.org\/wp-content\/uploads\/2014\/10\/DSC_3224.jpg\"><img loading=\"lazy\" decoding=\"async\" class=\"alignleft size-medium wp-image-13163\" src=\"https:\/\/www.americas.org\/wp-content\/uploads\/2014\/10\/DSC_3224-300x198.jpg\" alt=\"DSC_3224\" width=\"300\" height=\"198\" srcset=\"https:\/\/www.americas.org\/wp-content\/uploads\/2014\/10\/DSC_3224-300x198.jpg 300w, https:\/\/www.americas.org\/wp-content\/uploads\/2014\/10\/DSC_3224-1024x678.jpg 1024w\" sizes=\"auto, (max-width: 300px) 100vw, 300px\" \/><\/a>A la marcha de j\u00f3venes se sum\u00f3 el Sindicato Mexicano de Electricistas que ha mantenido su resistencia durante 5 a\u00f1os contra la desaparici\u00f3n de su fuente de trabajo, tambi\u00e9n un grupo representativo de la tribu yaqui que llam\u00f3 a un boicot contra Apasco, Ford, Coca Cola y Pepsi, beneficiarias del ilegal acueducto Independencia con el que la etnia sonorense est\u00e1 siendo despojada de su agua.<\/p>\n<p><strong>La Nacha<\/strong><\/p>\n<p>Ana Ignacia Rodr\u00edguez M\u00e1rquez, La Nacha, fue integrante del Comit\u00e9 Nacional de Huelga, brigadista del movimiento estudiantil, sobreviviente de la masacre de Tlatelolco y presa pol\u00edtica detenida tres veces y encarcelada durante dos a\u00f1os en Santa Martha Acatitla. Hoy est\u00e1 emocionada:<\/p>\n<p>\u201cHace mucho que no ve\u00edamos una movilizaci\u00f3n de esta magnitud. Sabemos que es debido a que el movimiento polit\u00e9cnico ha convocado a much\u00edsimos estudiantes y personas en general. Eso revitaliza al movimiento. Nosotros en 46 a\u00f1os no hemos dejado de manifestarnos. Algo que tambi\u00e9n ha convocado es el homenaje a Ra\u00fal \u00c1lvarez Gar\u00edn. La Banda de Tlayacapan ha venido a tocar por \u00e9l. Yo me siento muy triste porque \u00e9l era nuestro amigo muy querido; ahora yo creo que la presencia de sus ideales sobrepasa su desaparici\u00f3n f\u00edsica y hace que todos estemos aqu\u00ed reunidos. Yo se lo debo y voy a seguir luchando hasta el \u00faltimo aliento\u201d.<\/p>\n<p>Hay otra causa que ha sacado a los j\u00f3venes a las calles, advierte la Nacha: la brutal represi\u00f3n a los estudiantes de la Normal Rural de Ayotzinapa, Guerrero que a la fecha arroja un saldo de 3 estudiantes muertos, 43 desaparecidos y masivas movilizaciones en esa entidad.<\/p>\n<p><a href=\"https:\/\/www.americas.org\/wp-content\/uploads\/2014\/10\/DSC_3163.jpg\"><img loading=\"lazy\" decoding=\"async\" class=\"alignleft size-medium wp-image-13164\" src=\"https:\/\/www.americas.org\/wp-content\/uploads\/2014\/10\/DSC_3163-300x198.jpg\" alt=\"DSC_3163\" width=\"300\" height=\"198\" srcset=\"https:\/\/www.americas.org\/wp-content\/uploads\/2014\/10\/DSC_3163-300x198.jpg 300w, https:\/\/www.americas.org\/wp-content\/uploads\/2014\/10\/DSC_3163-1024x678.jpg 1024w\" sizes=\"auto, (max-width: 300px) 100vw, 300px\" \/><\/a>\u201cYo soy guerrerense \u2014dice\u2014 y cuando me enter\u00e9 me dio una rabia enorme pero ahorita lo que necesitan m\u00e1s que nada es nuestro apoyo. Tenemos que luchar fuerte para que aparezcan con vida los desaparecidos, no podemos permitirlo, acaba de suceder, la demanda debe ser fuerte para que aparezcan los normalistas y se castigue a los responsables. El gobernador (\u00c1ngel Aguirre Rivero) tiene much\u00edsima responsabilidad en esto\u201d.<\/p>\n<p>\u201cLuego est\u00e1 el caso Tlatlaya, con ejecutados a manos de militares. Se est\u00e1n juntando conflictos, pero eso no nos debe amedrentar, con esta fuerza que aqu\u00ed se manifiesta tenemos que mantener la lucha\u201d.<\/p>\n<p>\u201cYo lucho por la Tita (Roberta Avenda\u00f1o, destacada dirigente del 68) y por m\u00ed. Ella ya se nos fue hace tiempo y no le hemos dado el reconocimiento que merece. Estamos organizando llevar a la Facultad de Derecho sus cenizas y hacer un homenaje, porque los pinches priistas de entonces no nos permitieron hacerlo y ahora nos tienen que dejar. Estamos en la lucha. Yo acabo de cumplir 70 a\u00f1os, diab\u00e9tica, con la presi\u00f3n alta, y heme aqu\u00ed.\u201d<\/p>\n<p>Esta vez, La Nacha no march\u00f3, lleg\u00f3 directo al Z\u00f3calo al iniciar el mitin porque debi\u00f3 ir a Quer\u00e9taro a inaugurar un congreso internacional de mujeres periodistas y escritoras. \u201cEn esta fecha simb\u00f3lica, ellas se est\u00e1n llevando el extranjero todas estas impresiones\u201d.<\/p>\n<p>La Nacha considera que hay un movimiento estudiantil en ascenso y afirma que muchos j\u00f3venes se han incorporado al Comit\u00e9 del 68 invitados por \u00c1lvarez Gar\u00edn. \u201cEllos nos han influido mucho, hay que tomar en cuenta que por la edad y las enfermedades podemos a veces andar medio <em>decaidones<\/em> pero ellos est\u00e1n tomando la estafeta muy bien y qu\u00e9 bueno que gracias a ello nuestro comit\u00e9 puede seguir siendo el de los j\u00f3venes del 68.\u201d<\/p>\n<p><strong>Maylo<\/strong><\/p>\n<p>Durante los meses del movimiento, Ismael Colmenares Maguregui, Maylo, viv\u00eda pr\u00e1cticamente en Ciudad Universitaria. Le gustaba la guitarra y por las noches junto con otros estudiantes tocaba a los Beatles y lo que fuera. Hac\u00edan locuras con las canciones, las destru\u00edan, las (des)arreglaban, se divert\u00edan. Maylo cuenta que cierta noche, despu\u00e9s de ser agredidos por granaderos, inici\u00f3 la reuni\u00f3n musical cambiando la letra de La balada del vagabundo, original del italiano Pierantoni. Y as\u00ed naci\u00f3 La balada del granadero, la parodia m\u00e1s popular surgida al calor del movimiento estudiantil del 68:<\/p>\n<p>\u2014Pap\u00e1, pap\u00e1, ayer cuando estudiaba, pregunt\u00e9 a un hombre que miraba, qui\u00e9n es usted y dijo un granadero, pap\u00e1 qu\u00e9 cosa es un granadero. \u2014Un granadero es un analfabeta, sin convicci\u00f3n y tambi\u00e9n sin conciencia, golpea estudiantes para ganarse el pan y nunca se lo dan si no asesina. \u2014Aa, yaa, yaa, yay, jam\u00e1s nosotros seremos granaderos\u2026<\/p>\n<p><a href=\"https:\/\/www.americas.org\/wp-content\/uploads\/2014\/10\/DSC_3154.jpg\"><img loading=\"lazy\" decoding=\"async\" class=\"alignright size-medium wp-image-13165\" src=\"https:\/\/www.americas.org\/wp-content\/uploads\/2014\/10\/DSC_3154-300x198.jpg\" alt=\"DSC_3154\" width=\"300\" height=\"198\" srcset=\"https:\/\/www.americas.org\/wp-content\/uploads\/2014\/10\/DSC_3154-300x198.jpg 300w, https:\/\/www.americas.org\/wp-content\/uploads\/2014\/10\/DSC_3154-1024x678.jpg 1024w\" sizes=\"auto, (max-width: 300px) 100vw, 300px\" \/><\/a>De aquellas reuniones tambi\u00e9n naci\u00f3 la brigada musical de Los Nakos, de la que formaba parte el escritor Paco Ignacio Taibo II como orador y presentador.<\/p>\n<p>Hoy Maylo ve la situaci\u00f3n nacional como una olla de presi\u00f3n a punto de estallar: \u201cHay signos por todos lados, el gran \u00e9xito de esta manifestaci\u00f3n es uno de ellos. El descontento se generaliza aceleradamente. El estado terriblemente neoliberal ha tratado de absorber a quien se deje cooptar y al mismo tiempo reprime salvajemente todo lo que resiste a sus pol\u00edticas depredadoras. Pero ya est\u00e1 surgiendo una nueva generaci\u00f3n, el movimiento empieza a reactivarse\u201d.<\/p>\n<p>\u201cLos j\u00f3venes reciclan la esperanza y renuevan su visi\u00f3n de la utop\u00eda, tarde o temprano permear\u00e1n otras capas de la sociedad\u201d, dice seguro.<\/p>\n<p><strong>Ilia<\/strong><\/p>\n<p>Ilia Adad Infante Trejo es estudiante de la Facultad de Filosof\u00eda y Letras de la UNAM, y en alg\u00fan tiempo curs\u00f3 la Vocacional 9, por lo tanto, tambi\u00e9n es polit\u00e9cnico.<\/p>\n<p>El 2 de octubre de 2013 fue aprehendido con 80 personas en las inmediaciones de la glorieta de Col\u00f3n. Fue acusado falsamente junto con otras siete personas de haber hecho destrozos en un banco IXE y en un OXXO. El gobierno fue incapaz de demostrar la culpabilidad de estos j\u00f3venes, m\u00e1s bien ellos demostraron su inocencia pero el gobierno de la ciudad y las autoridades judiciales se negaron a aceptar las pruebas. Ilia fue sentenciado a 7 a\u00f1os de prisi\u00f3n. Un amparo ante la justicia federal orden\u00f3 reponer el caso por fallas en el proceso.<\/p>\n<p>Pero el juez poco antes de la movilizaci\u00f3n del 10 de junio recul\u00f3 y lo dej\u00f3 libre. Hoy varios de sus compa\u00f1eros siguen presos. Dice Ilia que los jueces hacen cosas rid\u00edculas reponiendo las sentencias con modificaciones insignificantes. \u201cPor ejemplo, la compa\u00f1era Luna Flores, procesada, libre bajo cauci\u00f3n, el d\u00eda de ayer le acaban de dictar nueva sentencia y \u00fanicamente le redujeron mil pesos la multa, con sentencia de un a\u00f1o tres meses de prisi\u00f3n por el delito de ultrajes a la autoridad, bajo el dicho de que le avent\u00f3 una botella de agua a un polic\u00eda. Pero est\u00e1 demostrado en video que las detenciones ocurrieron en medio de una agresi\u00f3n instrumentada el 2 de octubre por la Secretar\u00eda de Seguridad P\u00fablica, Agencia 50, contra las personas que hab\u00edan ido a buscarnos a los que est\u00e1bamos detenidos.\u201d<\/p>\n<p>Desgraciadamente \u2014lamenta Ilia\u2014, la represi\u00f3n le ha obligado a tomar la estafeta del movimiento estudiantil del 68. \u201cYo he venido apoyando esta marcha por la memoria del movimiento desde hace m\u00e1s de diez a\u00f1os, pero fue la desafortunada situaci\u00f3n por la que tuve que pasar la que me llev\u00f3 a organizarme y ahora soy m\u00e1s digno de venir a esta marcha, ahora que tenemos organizaci\u00f3n, que hemos aprendido verdaderamente la lecci\u00f3n que nos dej\u00f3 el 68\u201d.<\/p>\n<p><a href=\"https:\/\/www.americas.org\/wp-content\/uploads\/2014\/10\/DSC_3164.jpg\"><img loading=\"lazy\" decoding=\"async\" class=\"alignleft size-medium wp-image-13166\" src=\"https:\/\/www.americas.org\/wp-content\/uploads\/2014\/10\/DSC_3164-300x198.jpg\" alt=\"DSC_3164\" width=\"300\" height=\"198\" srcset=\"https:\/\/www.americas.org\/wp-content\/uploads\/2014\/10\/DSC_3164-300x198.jpg 300w, https:\/\/www.americas.org\/wp-content\/uploads\/2014\/10\/DSC_3164-1024x678.jpg 1024w\" sizes=\"auto, (max-width: 300px) 100vw, 300px\" \/><\/a>\u201cHemos estado presas por motivos pol\u00edticos 60 personas en la Ciudad de M\u00e9xico, sin contar los de otros sexenios y estoy trabajando con organizaciones de derechos humanos en la defensa de nuestra libertad\u201d.<\/p>\n<p>Seg\u00fan Ilia, hay una estrategia para atacar al pueblo mismo, no s\u00f3lo a sus l\u00edderes, a partir de la guerra iniciada por Calder\u00f3n. Por lo tanto, recomienda que no solamente los j\u00f3venes sino los pueblos, las minor\u00edas, los ind\u00edgenas y campesinos retomen la lecci\u00f3n del 68 y se incorporen a la lucha.<\/p>\n<p>El reclamo del movimiento estudiantil 46 a\u00f1os despu\u00e9s sigue vivo, actual. \u201cLos oradores \u2014en el mitin en el que desemboc\u00f3 la marcha, observa Ilia\u2014 est\u00e1n hablando de presos pol\u00edticos, de represi\u00f3n, desaparecidos, asesinados y agresiones de todo tipo contra el pueblo de M\u00e9xico\u201d. Igual que en 1968.<\/p>\n","protected":false},"excerpt":{"rendered":"<p>La multitudinaria manifestaci\u00f3n del 2 de octubre, a 46 a\u00f1os de la masacre en la Plaza de las Tres Culturas, estuvo marcada por el luto. Al fallecimiento reciente de Ra\u00fal \u00c1lvarez Gar\u00edn, l\u00edder estudiantil del 68, se sum\u00f3 la mortal agresi\u00f3n a los normalistas de Ayotzinapa.<\/p>\n","protected":false},"author":258,"featured_media":13162,"comment_status":"open","ping_status":"open","sticky":false,"template":"","format":"standard","meta":{"inline_featured_image":false,"footnotes":""},"categories":[4884,4912],"tags":[4958],"coauthors":[],"class_list":["post-13160","post","type-post","status-publish","format-standard","has-post-thumbnail","hentry","category-democracia","category-movimientos-sociales","tag-mexico"],"_links":{"self":[{"href":"https:\/\/www.americas.org\/es\/wp-json\/wp\/v2\/posts\/13160","targetHints":{"allow":["GET"]}}],"collection":[{"href":"https:\/\/www.americas.org\/es\/wp-json\/wp\/v2\/posts"}],"about":[{"href":"https:\/\/www.americas.org\/es\/wp-json\/wp\/v2\/types\/post"}],"author":[{"embeddable":true,"href":"https:\/\/www.americas.org\/es\/wp-json\/wp\/v2\/users\/258"}],"replies":[{"embeddable":true,"href":"https:\/\/www.americas.org\/es\/wp-json\/wp\/v2\/comments?post=13160"}],"version-history":[{"count":1,"href":"https:\/\/www.americas.org\/es\/wp-json\/wp\/v2\/posts\/13160\/revisions"}],"predecessor-version":[{"id":13170,"href":"https:\/\/www.americas.org\/es\/wp-json\/wp\/v2\/posts\/13160\/revisions\/13170"}],"wp:featuredmedia":[{"embeddable":true,"href":"https:\/\/www.americas.org\/es\/wp-json\/wp\/v2\/media\/13162"}],"wp:attachment":[{"href":"https:\/\/www.americas.org\/es\/wp-json\/wp\/v2\/media?parent=13160"}],"wp:term":[{"taxonomy":"category","embeddable":true,"href":"https:\/\/www.americas.org\/es\/wp-json\/wp\/v2\/categories?post=13160"},{"taxonomy":"post_tag","embeddable":true,"href":"https:\/\/www.americas.org\/es\/wp-json\/wp\/v2\/tags?post=13160"},{"taxonomy":"author","embeddable":true,"href":"https:\/\/www.americas.org\/es\/wp-json\/wp\/v2\/coauthors?post=13160"}],"curies":[{"name":"wp","href":"https:\/\/api.w.org\/{rel}","templated":true}]}}