{"id":13451,"date":"2014-11-12T22:52:46","date_gmt":"2014-11-13T03:52:46","guid":{"rendered":"http:\/\/www.cipamericas.org\/?p=13451"},"modified":"2018-09-27T09:45:51","modified_gmt":"2018-09-27T14:45:51","slug":"vivos-los-queremos-fotoreportaje-especial-ayotzinapa","status":"publish","type":"post","link":"https:\/\/www.americas.org\/es\/vivos-los-queremos-fotoreportaje-especial-ayotzinapa\/","title":{"rendered":"\u00a1Vivos los queremos! Fotorreportaje Especial Ayotzinapa"},"content":{"rendered":"<p><a href=\"https:\/\/www.americas.org\/wp-content\/uploads\/2014\/11\/1.jpg\"><img loading=\"lazy\" decoding=\"async\" class=\"aligncenter size-medium wp-image-13402\" src=\"https:\/\/www.americas.org\/wp-content\/uploads\/2014\/11\/1-182x300.jpg\" alt=\"1\" width=\"182\" height=\"300\" srcset=\"https:\/\/www.americas.org\/wp-content\/uploads\/2014\/11\/1-182x300.jpg 182w, https:\/\/www.americas.org\/wp-content\/uploads\/2014\/11\/1-623x1024.jpg 623w, https:\/\/www.americas.org\/wp-content\/uploads\/2014\/11\/1.jpg 956w\" sizes=\"auto, (max-width: 182px) 100vw, 182px\" \/><\/a><\/p>\n<p style=\"text-align: center;\">El crimen de Ayotzinapa a todos nos disminuye. Y la indignaci\u00f3n crece. El 5 de noviembre se llev\u00f3 a cabo en la Ciudad de M\u00e9xico la jornada de acci\u00f3n global, una de las manifestaciones m\u00e1s concurridas de los tiempos recientes, integrada fundamentalmente por j\u00f3venes protestando con una energ\u00eda pocas veces vista y con un clamor irrefutable: presentaci\u00f3n de los 43 estudiantes de la Escuela Normal Rural de Ayotzinapa, Guerrero, desaparecidos por las fuerzas del estado desde el 26 de septiembre.<\/p>\n<p style=\"text-align: center;\"><a href=\"https:\/\/www.americas.org\/wp-content\/uploads\/2014\/11\/2.jpg\"><img loading=\"lazy\" decoding=\"async\" class=\"aligncenter wp-image-13403 size-medium\" src=\"https:\/\/www.americas.org\/wp-content\/uploads\/2014\/11\/2-300x201.jpg\" alt=\"El asesinato de 3 j\u00f3venes que estudiaban para profesores rurales y la desaparici\u00f3n de sus condisc\u00edpulos han impactado a una naci\u00f3n hasta entonces anestesiada por la violencia que las pol\u00edticas del estado volvieron consuetudinaria: las ejecuciones extrajudiciales, la desaparici\u00f3n forzada, la injusticia, las reformas para el saqueo, la corrupci\u00f3n y la impunidad instaladas en la escena nacional.\" width=\"300\" height=\"201\" srcset=\"https:\/\/www.americas.org\/wp-content\/uploads\/2014\/11\/2-300x201.jpg 300w, https:\/\/www.americas.org\/wp-content\/uploads\/2014\/11\/2-1024x688.jpg 1024w\" sizes=\"auto, (max-width: 300px) 100vw, 300px\" \/><\/a><\/p>\n<p style=\"text-align: center;\">El asesinato de 3 j\u00f3venes que estudiaban para profesores rurales y la desaparici\u00f3n de sus condisc\u00edpulos han impactado a una naci\u00f3n hasta entonces anestesiada por la violencia que las pol\u00edticas del estado volvieron consuetudinaria: las ejecuciones extrajudiciales, la desaparici\u00f3n forzada, la injusticia, las reformas para el saqueo, la corrupci\u00f3n y la impunidad instaladas en la escena nacional.<\/p>\n<p><a href=\"https:\/\/www.americas.org\/wp-content\/uploads\/2014\/11\/3.jpg\"><img loading=\"lazy\" decoding=\"async\" class=\"aligncenter wp-image-13404 size-medium\" src=\"https:\/\/www.americas.org\/wp-content\/uploads\/2014\/11\/3-300x213.jpg\" alt=\"Encabezada por familiares de las v\u00edctimas, la movilizaci\u00f3n inici\u00f3 desde las inmediaciones de la residencia oficial de Los Pinos, recorri\u00f3 Paseo de la Reforma y otras v\u00edas hasta llegar al Z\u00f3calo.\" width=\"300\" height=\"213\" srcset=\"https:\/\/www.americas.org\/wp-content\/uploads\/2014\/11\/3-300x213.jpg 300w, https:\/\/www.americas.org\/wp-content\/uploads\/2014\/11\/3-1024x728.jpg 1024w\" sizes=\"auto, (max-width: 300px) 100vw, 300px\" \/><\/a><\/p>\n<p style=\"text-align: center;\">Encabezada por familiares de las v\u00edctimas, la movilizaci\u00f3n inici\u00f3 desde las inmediaciones de la residencia oficial de Los Pinos, recorri\u00f3 Paseo de la Reforma y otras v\u00edas hasta llegar al Z\u00f3calo.<\/p>\n<p style=\"text-align: center;\"><a href=\"https:\/\/www.americas.org\/wp-content\/uploads\/2014\/11\/4.jpg\"><img loading=\"lazy\" decoding=\"async\" class=\"aligncenter wp-image-13405 size-medium\" src=\"https:\/\/www.americas.org\/wp-content\/uploads\/2014\/11\/4-300x200.jpg\" alt=\"El dolor indescriptible, la indignaci\u00f3n y una terca esperanza mantienen movilizado a un sector cada vez m\u00e1s extendido de la sociedad.\" width=\"300\" height=\"200\" srcset=\"https:\/\/www.americas.org\/wp-content\/uploads\/2014\/11\/4-300x200.jpg 300w, https:\/\/www.americas.org\/wp-content\/uploads\/2014\/11\/4-1024x685.jpg 1024w\" sizes=\"auto, (max-width: 300px) 100vw, 300px\" \/><\/a><\/p>\n<p style=\"text-align: center;\">El dolor indescriptible, la indignaci\u00f3n y una terca esperanza mantienen movilizado a un sector cada vez m\u00e1s extendido de la sociedad.<\/p>\n<p><a href=\"https:\/\/www.americas.org\/wp-content\/uploads\/2014\/11\/5.jpg\"><img loading=\"lazy\" decoding=\"async\" class=\"aligncenter wp-image-13406 size-medium\" src=\"https:\/\/www.americas.org\/wp-content\/uploads\/2014\/11\/5-300x199.jpg\" alt=\"La Coordinadora Nacional de Trabajadores de la Educaci\u00f3n aglutina a la mayor\u00eda del magisterio democr\u00e1tico, gremio afectado directamente por los ataques a los normalistas.\" width=\"300\" height=\"199\" srcset=\"https:\/\/www.americas.org\/wp-content\/uploads\/2014\/11\/5-300x199.jpg 300w, https:\/\/www.americas.org\/wp-content\/uploads\/2014\/11\/5-1024x680.jpg 1024w\" sizes=\"auto, (max-width: 300px) 100vw, 300px\" \/><\/a><\/p>\n<p style=\"text-align: center;\">La Coordinadora Nacional de Trabajadores de la Educaci\u00f3n aglutina a la mayor\u00eda del magisterio democr\u00e1tico, gremio afectado directamente por los ataques a los normalistas.<\/p>\n<p><a href=\"https:\/\/www.americas.org\/wp-content\/uploads\/2014\/11\/6.jpg\"><img loading=\"lazy\" decoding=\"async\" class=\"aligncenter wp-image-13407 size-medium\" src=\"https:\/\/www.americas.org\/wp-content\/uploads\/2014\/11\/6-300x192.jpg\" alt=\"Un equipo de dibujantes y dise\u00f1adores gr\u00e1ficos elabor\u00f3 los retratos de los j\u00f3venes desaparecidos.\" width=\"300\" height=\"192\" srcset=\"https:\/\/www.americas.org\/wp-content\/uploads\/2014\/11\/6-300x192.jpg 300w, https:\/\/www.americas.org\/wp-content\/uploads\/2014\/11\/6-1024x658.jpg 1024w\" sizes=\"auto, (max-width: 300px) 100vw, 300px\" \/><\/a><\/p>\n<p style=\"text-align: center;\">Un equipo de dibujantes y dise\u00f1adores gr\u00e1ficos elabor\u00f3 los retratos de los j\u00f3venes desaparecidos.<\/p>\n<p><a href=\"https:\/\/www.americas.org\/wp-content\/uploads\/2014\/11\/7.jpg\"><img loading=\"lazy\" decoding=\"async\" class=\"aligncenter wp-image-13408 size-medium\" src=\"https:\/\/www.americas.org\/wp-content\/uploads\/2014\/11\/7-300x194.jpg\" alt=\"Las im\u00e1genes de sus rostros presiden el grito colectivo de justicia y no a la impunidad.\" width=\"300\" height=\"194\" srcset=\"https:\/\/www.americas.org\/wp-content\/uploads\/2014\/11\/7-300x194.jpg 300w, https:\/\/www.americas.org\/wp-content\/uploads\/2014\/11\/7-1024x664.jpg 1024w\" sizes=\"auto, (max-width: 300px) 100vw, 300px\" \/><\/a><\/p>\n<p style=\"text-align: center;\">Las im\u00e1genes de sus rostros presiden el grito colectivo de justicia y no a la impunidad.<\/p>\n<p><a href=\"https:\/\/www.americas.org\/wp-content\/uploads\/2014\/11\/8.jpg\"><img loading=\"lazy\" decoding=\"async\" class=\"aligncenter wp-image-13409 size-medium\" src=\"https:\/\/www.americas.org\/wp-content\/uploads\/2014\/11\/8-300x188.jpg\" alt=\"No debemos perder la capacidad humana, ciudadana, de reaccionar ante las injusticias. \" width=\"300\" height=\"188\" srcset=\"https:\/\/www.americas.org\/wp-content\/uploads\/2014\/11\/8-300x188.jpg 300w, https:\/\/www.americas.org\/wp-content\/uploads\/2014\/11\/8-1024x644.jpg 1024w\" sizes=\"auto, (max-width: 300px) 100vw, 300px\" \/><\/a><\/p>\n<p style=\"text-align: center;\">No debemos perder la capacidad humana, ciudadana, de reaccionar ante las injusticias.<\/p>\n<p><a href=\"https:\/\/www.americas.org\/wp-content\/uploads\/2014\/11\/9.jpg\"><img loading=\"lazy\" decoding=\"async\" class=\"aligncenter wp-image-13410 size-medium\" src=\"https:\/\/www.americas.org\/wp-content\/uploads\/2014\/11\/9-300x198.jpg\" alt=\"Quiz\u00e1s lleg\u00f3 la hora del paro nacional, de la desobediencia civil, de no ver m\u00e1s Televisa, no consumir en centros comerciales sino en tianguis y abarrotes, no pagar impuestos\u2026 hasta cambiar las pol\u00edticas dominantes en el pa\u00eds.\" width=\"300\" height=\"198\" srcset=\"https:\/\/www.americas.org\/wp-content\/uploads\/2014\/11\/9-300x198.jpg 300w, https:\/\/www.americas.org\/wp-content\/uploads\/2014\/11\/9-1024x677.jpg 1024w\" sizes=\"auto, (max-width: 300px) 100vw, 300px\" \/><\/a><\/p>\n<p style=\"text-align: center;\">Quiz\u00e1s lleg\u00f3 la hora del paro nacional, de la desobediencia civil, de no ver m\u00e1s Televisa, no consumir en centros comerciales sino en tianguis y abarrotes, no pagar impuestos\u2026 hasta cambiar las pol\u00edticas dominantes en el pa\u00eds.<\/p>\n<p><a href=\"https:\/\/www.americas.org\/wp-content\/uploads\/2014\/11\/10.jpg\"><img loading=\"lazy\" decoding=\"async\" class=\"aligncenter wp-image-13411 size-medium\" src=\"https:\/\/www.americas.org\/wp-content\/uploads\/2014\/11\/10-300x192.jpg\" alt=\"La solidaridad normalista es obligada. Todo el sistema de formaci\u00f3n de docentes est\u00e1 siendo agraviado por la imposici\u00f3n de planes y programas orientados a la privatizaci\u00f3n y degradaci\u00f3n de la ense\u00f1anza y por el abandono del estado de sus obligaciones en educaci\u00f3n p\u00fablica.\" width=\"300\" height=\"192\" srcset=\"https:\/\/www.americas.org\/wp-content\/uploads\/2014\/11\/10-300x192.jpg 300w, https:\/\/www.americas.org\/wp-content\/uploads\/2014\/11\/10-1024x656.jpg 1024w\" sizes=\"auto, (max-width: 300px) 100vw, 300px\" \/><\/a><\/p>\n<p style=\"text-align: center;\">La solidaridad normalista es obligada. Todo el sistema de formaci\u00f3n de docentes est\u00e1 siendo agraviado por la imposici\u00f3n de planes y programas orientados a la privatizaci\u00f3n y degradaci\u00f3n de la ense\u00f1anza y por el abandono del estado de sus obligaciones en educaci\u00f3n p\u00fablica.<\/p>\n<p><a href=\"https:\/\/www.americas.org\/wp-content\/uploads\/2014\/11\/11.jpg\"><img loading=\"lazy\" decoding=\"async\" class=\"aligncenter wp-image-13412 size-medium\" src=\"https:\/\/www.americas.org\/wp-content\/uploads\/2014\/11\/11-300x186.jpg\" alt=\"Ayotzinapa est\u00e1 generando una confluencia de movimientos sociales.\" width=\"300\" height=\"186\" srcset=\"https:\/\/www.americas.org\/wp-content\/uploads\/2014\/11\/11-300x186.jpg 300w, https:\/\/www.americas.org\/wp-content\/uploads\/2014\/11\/11-1024x636.jpg 1024w\" sizes=\"auto, (max-width: 300px) 100vw, 300px\" \/><\/a><\/p>\n<p style=\"text-align: center;\">Ayotzinapa est\u00e1 generando una confluencia de movimientos sociales.<\/p>\n<p><a href=\"https:\/\/www.americas.org\/wp-content\/uploads\/2014\/11\/12.jpg\"><img loading=\"lazy\" decoding=\"async\" class=\"aligncenter wp-image-13413 size-medium\" src=\"https:\/\/www.americas.org\/wp-content\/uploads\/2014\/11\/12-300x191.jpg\" alt=\"S\u00f3lo el pueblo puede salvar al pueblo y s\u00f3lo el pueblo organizado puede salvar a la naci\u00f3n, dijo el cl\u00e1sico.\" width=\"300\" height=\"191\" srcset=\"https:\/\/www.americas.org\/wp-content\/uploads\/2014\/11\/12-300x191.jpg 300w, https:\/\/www.americas.org\/wp-content\/uploads\/2014\/11\/12-1024x655.jpg 1024w\" sizes=\"auto, (max-width: 300px) 100vw, 300px\" \/><\/a><\/p>\n<p style=\"text-align: center;\">S\u00f3lo el pueblo puede salvar al pueblo y s\u00f3lo el pueblo organizado puede salvar a la naci\u00f3n, dijo el cl\u00e1sico.<\/p>\n<p><a href=\"https:\/\/www.americas.org\/wp-content\/uploads\/2014\/11\/13.jpg\"><img loading=\"lazy\" decoding=\"async\" class=\"aligncenter wp-image-13414 size-medium\" src=\"https:\/\/www.americas.org\/wp-content\/uploads\/2014\/11\/13-300x203.jpg\" alt=\"De estudiante a estudiante: si no tenemos nada, no hay nada que perder.\" width=\"300\" height=\"203\" srcset=\"https:\/\/www.americas.org\/wp-content\/uploads\/2014\/11\/13-300x203.jpg 300w, https:\/\/www.americas.org\/wp-content\/uploads\/2014\/11\/13-1024x694.jpg 1024w\" sizes=\"auto, (max-width: 300px) 100vw, 300px\" \/><\/a><\/p>\n<p style=\"text-align: center;\">De estudiante a estudiante: si no tenemos nada, no hay nada que perder.<\/p>\n<p><a href=\"https:\/\/www.americas.org\/wp-content\/uploads\/2014\/11\/14.jpg\"><img loading=\"lazy\" decoding=\"async\" class=\"aligncenter wp-image-13415 size-medium\" src=\"https:\/\/www.americas.org\/wp-content\/uploads\/2014\/11\/14-300x200.jpg\" alt=\"La careta del revolucionario ingl\u00e9s Guido Fawkes, popularizada por los activistas anti sistema.\" width=\"300\" height=\"200\" srcset=\"https:\/\/www.americas.org\/wp-content\/uploads\/2014\/11\/14-300x200.jpg 300w, https:\/\/www.americas.org\/wp-content\/uploads\/2014\/11\/14-1024x683.jpg 1024w\" sizes=\"auto, (max-width: 300px) 100vw, 300px\" \/><\/a><\/p>\n<p style=\"text-align: center;\">La careta del revolucionario ingl\u00e9s Guido Fawkes, popularizada por los activistas anti sistema.<\/p>\n<p><a href=\"https:\/\/www.americas.org\/wp-content\/uploads\/2014\/11\/15.jpg\"><img loading=\"lazy\" decoding=\"async\" class=\"aligncenter wp-image-13416 size-medium\" src=\"https:\/\/www.americas.org\/wp-content\/uploads\/2014\/11\/15-300x186.jpg\" alt=\"J\u00f3venes inspirados por el EZLN.\" width=\"300\" height=\"186\" srcset=\"https:\/\/www.americas.org\/wp-content\/uploads\/2014\/11\/15-300x186.jpg 300w, https:\/\/www.americas.org\/wp-content\/uploads\/2014\/11\/15-1024x636.jpg 1024w\" sizes=\"auto, (max-width: 300px) 100vw, 300px\" \/><\/a><\/p>\n<p style=\"text-align: center;\">J\u00f3venes inspirados por el EZLN.<\/p>\n<p><a href=\"https:\/\/www.americas.org\/wp-content\/uploads\/2014\/11\/16.jpg\"><img loading=\"lazy\" decoding=\"async\" class=\"aligncenter wp-image-13417 size-medium\" src=\"https:\/\/www.americas.org\/wp-content\/uploads\/2014\/11\/16-300x197.jpg\" alt=\"Del contingente del Centro para la Investigaci\u00f3n y la Docencia Econ\u00f3mica surge una certeza compartida por el grueso de los manifestantes: \u201cFue el estado\u201d.\" width=\"300\" height=\"197\" srcset=\"https:\/\/www.americas.org\/wp-content\/uploads\/2014\/11\/16-300x197.jpg 300w, https:\/\/www.americas.org\/wp-content\/uploads\/2014\/11\/16-1024x673.jpg 1024w\" sizes=\"auto, (max-width: 300px) 100vw, 300px\" \/><\/a><\/p>\n<p style=\"text-align: center;\">Del contingente del Centro para la Investigaci\u00f3n y la Docencia Econ\u00f3mica surge una certeza compartida por el grueso de los manifestantes: \u201cFue el estado\u201d.<\/p>\n<p><a href=\"https:\/\/www.americas.org\/wp-content\/uploads\/2014\/11\/17.jpg\"><img loading=\"lazy\" decoding=\"async\" class=\"aligncenter wp-image-13418 size-medium\" src=\"https:\/\/www.americas.org\/wp-content\/uploads\/2014\/11\/17-300x194.jpg\" alt=\"Facultad de Econom\u00eda de la UNAM: fue el estado. \" width=\"300\" height=\"194\" srcset=\"https:\/\/www.americas.org\/wp-content\/uploads\/2014\/11\/17-300x194.jpg 300w, https:\/\/www.americas.org\/wp-content\/uploads\/2014\/11\/17-1024x662.jpg 1024w\" sizes=\"auto, (max-width: 300px) 100vw, 300px\" \/><\/a><\/p>\n<p style=\"text-align: center;\">Facultad de Econom\u00eda de la UNAM: Fue el estado.<\/p>\n<p><a href=\"https:\/\/www.americas.org\/wp-content\/uploads\/2014\/11\/20.jpg\"><img loading=\"lazy\" decoding=\"async\" class=\"aligncenter wp-image-13421 size-medium\" src=\"https:\/\/www.americas.org\/wp-content\/uploads\/2014\/11\/20-300x196.jpg\" alt=\"El estado narco se impone por la pasividad de la sociedad aterrorizada.\" width=\"300\" height=\"196\" srcset=\"https:\/\/www.americas.org\/wp-content\/uploads\/2014\/11\/20-300x196.jpg 300w, https:\/\/www.americas.org\/wp-content\/uploads\/2014\/11\/20-1024x672.jpg 1024w\" sizes=\"auto, (max-width: 300px) 100vw, 300px\" \/><\/a><\/p>\n<p style=\"text-align: center;\">El estado narco se impone por la pasividad de la sociedad aterrorizada.<\/p>\n<p><a href=\"https:\/\/www.americas.org\/wp-content\/uploads\/2014\/11\/21.jpg\"><img loading=\"lazy\" decoding=\"async\" class=\"aligncenter wp-image-13422 size-medium\" src=\"https:\/\/www.americas.org\/wp-content\/uploads\/2014\/11\/21-300x195.jpg\" alt=\"La demanda de tiempos de la guerra sucia y de la lucha de Rosario Ibarra de Piedra y el Frente Nacional Contra la Represi\u00f3n sigue viva.\" width=\"300\" height=\"195\" srcset=\"https:\/\/www.americas.org\/wp-content\/uploads\/2014\/11\/21-300x195.jpg 300w, https:\/\/www.americas.org\/wp-content\/uploads\/2014\/11\/21-1024x668.jpg 1024w\" sizes=\"auto, (max-width: 300px) 100vw, 300px\" \/><\/a><\/p>\n<p style=\"text-align: center;\">La demanda de tiempos de la guerra sucia y de la lucha de Rosario Ibarra de Piedra y el Frente Nacional Contra la Represi\u00f3n sigue viva.<\/p>\n<p style=\"text-align: center;\">\u00a0<a href=\"https:\/\/www.americas.org\/wp-content\/uploads\/2014\/11\/22.jpg\"><img loading=\"lazy\" decoding=\"async\" class=\"aligncenter size-medium wp-image-13423\" src=\"https:\/\/www.americas.org\/wp-content\/uploads\/2014\/11\/22-300x189.jpg\" alt=\"22\" width=\"300\" height=\"189\" srcset=\"https:\/\/www.americas.org\/wp-content\/uploads\/2014\/11\/22-300x189.jpg 300w, https:\/\/www.americas.org\/wp-content\/uploads\/2014\/11\/22-1024x647.jpg 1024w\" sizes=\"auto, (max-width: 300px) 100vw, 300px\" \/><\/a><\/p>\n<p style=\"text-align: center;\">Mujeres a la vanguardia.<\/p>\n<p>&nbsp;<\/p>\n<p><a href=\"https:\/\/www.americas.org\/wp-content\/uploads\/2014\/11\/18.jpg\"><img loading=\"lazy\" decoding=\"async\" class=\"aligncenter size-medium wp-image-13419\" src=\"https:\/\/www.americas.org\/wp-content\/uploads\/2014\/11\/18-300x189.jpg\" alt=\"18\" width=\"300\" height=\"189\" srcset=\"https:\/\/www.americas.org\/wp-content\/uploads\/2014\/11\/18-300x189.jpg 300w, https:\/\/www.americas.org\/wp-content\/uploads\/2014\/11\/18-1024x646.jpg 1024w\" sizes=\"auto, (max-width: 300px) 100vw, 300px\" \/><\/a><\/p>\n<p style=\"text-align: center;\">&#8220;Porque el color de la sangre jam\u00e1s se olvida\u2026\u201d<\/p>\n<p><a href=\"https:\/\/www.americas.org\/wp-content\/uploads\/2014\/11\/19.jpg\"><img loading=\"lazy\" decoding=\"async\" class=\"aligncenter wp-image-13420 size-medium\" src=\"https:\/\/www.americas.org\/wp-content\/uploads\/2014\/11\/19-300x204.jpg\" alt=\"El paro estudiantil involucr\u00f3 a m\u00e1s de 80 instituciones educativas y gener\u00f3 movilizaciones en 22 estados del pa\u00eds.\" width=\"300\" height=\"204\" srcset=\"https:\/\/www.americas.org\/wp-content\/uploads\/2014\/11\/19-300x204.jpg 300w, https:\/\/www.americas.org\/wp-content\/uploads\/2014\/11\/19-1024x696.jpg 1024w\" sizes=\"auto, (max-width: 300px) 100vw, 300px\" \/><\/a><\/p>\n<p style=\"text-align: center;\">El paro estudiantil involucr\u00f3 a m\u00e1s de 80 instituciones educativas y gener\u00f3 movilizaciones en 22 estados del pa\u00eds.<\/p>\n<p><a href=\"https:\/\/www.americas.org\/wp-content\/uploads\/2014\/11\/23.jpg\"><img loading=\"lazy\" decoding=\"async\" class=\"aligncenter wp-image-13424 size-medium\" src=\"https:\/\/www.americas.org\/wp-content\/uploads\/2014\/11\/23-300x198.jpg\" alt=\"El aerosol atraviesa la figura del profesor Lucio Caba\u00f1as Barrientos, c\u00e9lebre egresado de Ayotzinapa.\" width=\"300\" height=\"198\" srcset=\"https:\/\/www.americas.org\/wp-content\/uploads\/2014\/11\/23-300x198.jpg 300w, https:\/\/www.americas.org\/wp-content\/uploads\/2014\/11\/23-1024x677.jpg 1024w\" sizes=\"auto, (max-width: 300px) 100vw, 300px\" \/><\/a><\/p>\n<p style=\"text-align: center;\">El aerosol atraviesa la figura del profesor Lucio Caba\u00f1as Barrientos, c\u00e9lebre egresado de Ayotzinapa.<\/p>\n<p><a href=\"https:\/\/www.americas.org\/wp-content\/uploads\/2014\/11\/24.jpg\"><img loading=\"lazy\" decoding=\"async\" class=\"aligncenter wp-image-13425 size-medium\" src=\"https:\/\/www.americas.org\/wp-content\/uploads\/2014\/11\/24-300x198.jpg\" alt=\"C\u00e9sar Manuel Gonz\u00e1les Hern\u00e1ndez, no est\u00e1s solo, una mano amiga acaricia tu frente.\" width=\"300\" height=\"198\" srcset=\"https:\/\/www.americas.org\/wp-content\/uploads\/2014\/11\/24-300x198.jpg 300w, https:\/\/www.americas.org\/wp-content\/uploads\/2014\/11\/24-1024x678.jpg 1024w\" sizes=\"auto, (max-width: 300px) 100vw, 300px\" \/><\/a><\/p>\n<p style=\"text-align: center;\">C\u00e9sar Manuel Gonz\u00e1les Hern\u00e1ndez, no est\u00e1s solo, una mano amiga acaricia tu frente.<\/p>\n<p><a href=\"https:\/\/www.americas.org\/wp-content\/uploads\/2014\/11\/25.jpg\"><img loading=\"lazy\" decoding=\"async\" class=\"aligncenter wp-image-13426 size-medium\" src=\"https:\/\/www.americas.org\/wp-content\/uploads\/2014\/11\/25-300x199.jpg\" alt=\"\u201cNo le temo a la represi\u00f3n del gobierno, le temo al silencio del pueblo\u201d: Frente Popular Francisco Villa.\" width=\"300\" height=\"199\" srcset=\"https:\/\/www.americas.org\/wp-content\/uploads\/2014\/11\/25-300x199.jpg 300w, https:\/\/www.americas.org\/wp-content\/uploads\/2014\/11\/25-1024x681.jpg 1024w\" sizes=\"auto, (max-width: 300px) 100vw, 300px\" \/><\/a><\/p>\n<p style=\"text-align: center;\">\u201cNo le temo a la represi\u00f3n del gobierno, le temo al silencio del pueblo\u201d: Frente Popular Francisco Villa.<\/p>\n<p><a href=\"https:\/\/www.americas.org\/wp-content\/uploads\/2014\/11\/26.jpg\"><img loading=\"lazy\" decoding=\"async\" class=\"aligncenter wp-image-13427 size-medium\" src=\"https:\/\/www.americas.org\/wp-content\/uploads\/2014\/11\/26-300x199.jpg\" alt=\"El hecho es que mucha gente tiene miedo.\" width=\"300\" height=\"199\" srcset=\"https:\/\/www.americas.org\/wp-content\/uploads\/2014\/11\/26-300x199.jpg 300w, https:\/\/www.americas.org\/wp-content\/uploads\/2014\/11\/26-1024x680.jpg 1024w\" sizes=\"auto, (max-width: 300px) 100vw, 300px\" \/><\/a><\/p>\n<p style=\"text-align: center;\">El hecho es que mucha gente tiene miedo.<\/p>\n<p><a href=\"https:\/\/www.americas.org\/wp-content\/uploads\/2014\/11\/27.jpg\"><img loading=\"lazy\" decoding=\"async\" class=\"aligncenter wp-image-13428 size-medium\" src=\"https:\/\/www.americas.org\/wp-content\/uploads\/2014\/11\/27-300x191.jpg\" alt=\"65 trabajadores mineros en Pasta de Conchos, 49 ni\u00f1os en la guarder\u00eda ABC, 52 adultos en el casino Royale, 17 estudiantes en Ciudad Ju\u00e1rez, 72 migrantes, Atenco, 22 j\u00f3venes en Tlatlaya\u2026 y Ayotzinapa. \u00bf\u00c9ste ser\u00e1 por fin el punto de inflexi\u00f3n?\" width=\"300\" height=\"191\" srcset=\"https:\/\/www.americas.org\/wp-content\/uploads\/2014\/11\/27-300x191.jpg 300w, https:\/\/www.americas.org\/wp-content\/uploads\/2014\/11\/27-1024x654.jpg 1024w\" sizes=\"auto, (max-width: 300px) 100vw, 300px\" \/><\/a><\/p>\n<p style=\"text-align: center;\">65 trabajadores mineros en Pasta de Conchos, 49 ni\u00f1os en la guarder\u00eda ABC, 52 adultos en el casino Royale, 17 estudiantes en Ciudad Ju\u00e1rez, 72 migrantes, Atenco, 22 j\u00f3venes en Tlatlaya\u2026 y Ayotzinapa. \u00bf\u00c9ste ser\u00e1 por fin el punto de inflexi\u00f3n?<\/p>\n<p><a href=\"https:\/\/www.americas.org\/wp-content\/uploads\/2014\/11\/28.jpg\"><img loading=\"lazy\" decoding=\"async\" class=\"aligncenter wp-image-13429 size-medium\" src=\"https:\/\/www.americas.org\/wp-content\/uploads\/2014\/11\/28-300x187.jpg\" alt=\"Los asesinos deben estar en la c\u00e1rcel.\" width=\"300\" height=\"187\" srcset=\"https:\/\/www.americas.org\/wp-content\/uploads\/2014\/11\/28-300x187.jpg 300w, https:\/\/www.americas.org\/wp-content\/uploads\/2014\/11\/28-1024x640.jpg 1024w\" sizes=\"auto, (max-width: 300px) 100vw, 300px\" \/><\/a><\/p>\n<p style=\"text-align: center;\">Los asesinos deben estar en la c\u00e1rcel.<\/p>\n<p><a href=\"https:\/\/www.americas.org\/wp-content\/uploads\/2014\/11\/29.jpg\"><img loading=\"lazy\" decoding=\"async\" class=\"aligncenter wp-image-13430 size-medium\" src=\"https:\/\/www.americas.org\/wp-content\/uploads\/2014\/11\/29-300x198.jpg\" alt=\"Tambi\u00e9n march\u00f3 Mohandas Karamchand Gandhi, ese \u201cfaquir medio desnudo que anda a grandes zancadas\u201d, como lo defini\u00f3 despectivamente Churchill. M\u00e9xico atraviesa una fase de imposici\u00f3n de leyes y pol\u00edticas injustas, las que seg\u00fan el libertador indio hay que desobedecer.\" width=\"300\" height=\"198\" srcset=\"https:\/\/www.americas.org\/wp-content\/uploads\/2014\/11\/29-300x198.jpg 300w, https:\/\/www.americas.org\/wp-content\/uploads\/2014\/11\/29-1024x678.jpg 1024w\" sizes=\"auto, (max-width: 300px) 100vw, 300px\" \/><\/a><\/p>\n<p style=\"text-align: center;\">Tambi\u00e9n march\u00f3 Mohandas Karamchand Gandhi, ese \u201cfaquir medio desnudo que anda a grandes zancadas\u201d, como lo defini\u00f3 despectivamente Churchill. M\u00e9xico atraviesa una fase de imposici\u00f3n de leyes y pol\u00edticas injustas, las que seg\u00fan el libertador indio hay que desobedecer.<\/p>\n<p><a href=\"https:\/\/www.americas.org\/wp-content\/uploads\/2014\/11\/30.jpg\"><img loading=\"lazy\" decoding=\"async\" class=\"aligncenter wp-image-13431 size-medium\" src=\"https:\/\/www.americas.org\/wp-content\/uploads\/2014\/11\/30-300x206.jpg\" alt=\"En un crimen de estado, el responsable es el jefe de estado, quien adem\u00e1s en este caso ha dado sobradas muestras de negligencia e incapacidad para enfrentar los problemas del pa\u00eds, y sus decisiones contrarias al sentir nacional est\u00e1n empeorando las condiciones de vida de la mayor\u00eda.\" width=\"300\" height=\"206\" srcset=\"https:\/\/www.americas.org\/wp-content\/uploads\/2014\/11\/30-300x206.jpg 300w, https:\/\/www.americas.org\/wp-content\/uploads\/2014\/11\/30-1024x705.jpg 1024w\" sizes=\"auto, (max-width: 300px) 100vw, 300px\" \/><\/a><\/p>\n<p style=\"text-align: center;\">En un crimen de estado, el responsable es el jefe de estado, quien adem\u00e1s en este caso ha dado sobradas muestras de negligencia e incapacidad para enfrentar los problemas del pa\u00eds, y sus decisiones contrarias al sentir nacional est\u00e1n empeorando las condiciones de vida de la mayor\u00eda.<\/p>\n<p><a href=\"https:\/\/www.americas.org\/wp-content\/uploads\/2014\/11\/31.jpg\"><img loading=\"lazy\" decoding=\"async\" class=\"aligncenter wp-image-13432 size-medium\" src=\"https:\/\/www.americas.org\/wp-content\/uploads\/2014\/11\/31-194x300.jpg\" alt=\"No estamos completos, nos faltan 43 y miles m\u00e1s. \" width=\"194\" height=\"300\" srcset=\"https:\/\/www.americas.org\/wp-content\/uploads\/2014\/11\/31-194x300.jpg 194w, https:\/\/www.americas.org\/wp-content\/uploads\/2014\/11\/31-665x1024.jpg 665w\" sizes=\"auto, (max-width: 194px) 100vw, 194px\" \/><\/a><\/p>\n<p style=\"text-align: center;\">No estamos completos, nos faltan 43 y miles m\u00e1s.<\/p>\n<p><a href=\"https:\/\/www.americas.org\/wp-content\/uploads\/2014\/11\/32.jpg\"><img loading=\"lazy\" decoding=\"async\" class=\"aligncenter wp-image-13433 size-medium\" src=\"https:\/\/www.americas.org\/wp-content\/uploads\/2014\/11\/32-300x198.jpg\" alt=\"\u201cNos quitaron tanto, que nos quitaron el miedo\u201d.\" width=\"300\" height=\"198\" srcset=\"https:\/\/www.americas.org\/wp-content\/uploads\/2014\/11\/32-300x198.jpg 300w, https:\/\/www.americas.org\/wp-content\/uploads\/2014\/11\/32-1024x678.jpg 1024w\" sizes=\"auto, (max-width: 300px) 100vw, 300px\" \/><\/a><\/p>\n<p style=\"text-align: center;\">\u201cNos quitaron tanto, que nos quitaron el miedo\u201d.<\/p>\n<p><a href=\"https:\/\/www.americas.org\/wp-content\/uploads\/2014\/11\/33.jpg\"><img loading=\"lazy\" decoding=\"async\" class=\"aligncenter wp-image-13434 size-medium\" src=\"https:\/\/www.americas.org\/wp-content\/uploads\/2014\/11\/33-198x300.jpg\" alt=\"La continuidad transexenal de una guerra est\u00fapida, cocinada en el centro del imperio. \" width=\"198\" height=\"300\" srcset=\"https:\/\/www.americas.org\/wp-content\/uploads\/2014\/11\/33-198x300.jpg 198w, https:\/\/www.americas.org\/wp-content\/uploads\/2014\/11\/33-677x1024.jpg 677w, https:\/\/www.americas.org\/wp-content\/uploads\/2014\/11\/33.jpg 1630w\" sizes=\"auto, (max-width: 198px) 100vw, 198px\" \/><\/a><\/p>\n<p style=\"text-align: center;\">La continuidad transexenal de una guerra est\u00fapida, cocinada en el centro del imperio.<\/p>\n<p><a href=\"https:\/\/www.americas.org\/wp-content\/uploads\/2014\/11\/34.jpg\"><img loading=\"lazy\" decoding=\"async\" class=\"aligncenter wp-image-13435 size-medium\" src=\"https:\/\/www.americas.org\/wp-content\/uploads\/2014\/11\/34-198x300.jpg\" alt=\"Las siguientes v\u00edctimas pueden ser el de la imagen reflejada y el del otro lado del espejo.\" width=\"198\" height=\"300\" srcset=\"https:\/\/www.americas.org\/wp-content\/uploads\/2014\/11\/34-198x300.jpg 198w, https:\/\/www.americas.org\/wp-content\/uploads\/2014\/11\/34-676x1024.jpg 676w, https:\/\/www.americas.org\/wp-content\/uploads\/2014\/11\/34.jpg 1878w\" sizes=\"auto, (max-width: 198px) 100vw, 198px\" \/><\/a><\/p>\n<p style=\"text-align: center;\">Las siguientes v\u00edctimas pueden ser el de la imagen reflejada y el del otro lado del espejo.<\/p>\n<p><a href=\"https:\/\/www.americas.org\/wp-content\/uploads\/2014\/11\/35.jpg\"><img loading=\"lazy\" decoding=\"async\" class=\"aligncenter wp-image-13436 size-medium\" src=\"https:\/\/www.americas.org\/wp-content\/uploads\/2014\/11\/35-300x191.jpg\" alt=\"El enemigo en casa, en el trabajo, en la plaza.\" width=\"300\" height=\"191\" srcset=\"https:\/\/www.americas.org\/wp-content\/uploads\/2014\/11\/35-300x191.jpg 300w, https:\/\/www.americas.org\/wp-content\/uploads\/2014\/11\/35-1024x655.jpg 1024w\" sizes=\"auto, (max-width: 300px) 100vw, 300px\" \/><\/a><\/p>\n<p style=\"text-align: center;\">El silencio: enemigo en casa, en el trabajo, en la plaza.<\/p>\n<p><a href=\"https:\/\/www.americas.org\/wp-content\/uploads\/2014\/11\/36.jpg\"><img loading=\"lazy\" decoding=\"async\" class=\"aligncenter wp-image-13437 size-medium\" src=\"https:\/\/www.americas.org\/wp-content\/uploads\/2014\/11\/36-300x190.jpg\" alt=\"Hay una guerra en M\u00e9xico y no es contra el narco. Es de ricos contra pobres. Del gobierno contra la sociedad. De hombres contra mujeres. De polic\u00edas contra estudiantes. \" width=\"300\" height=\"190\" srcset=\"https:\/\/www.americas.org\/wp-content\/uploads\/2014\/11\/36-300x190.jpg 300w, https:\/\/www.americas.org\/wp-content\/uploads\/2014\/11\/36-1024x649.jpg 1024w\" sizes=\"auto, (max-width: 300px) 100vw, 300px\" \/><\/a><\/p>\n<p style=\"text-align: center;\">Hay una guerra en M\u00e9xico y no es contra el narco. Es de ricos contra pobres. Del gobierno contra la sociedad. De hombres contra mujeres. De polic\u00edas contra estudiantes.<\/p>\n<p><a href=\"https:\/\/www.americas.org\/wp-content\/uploads\/2014\/11\/37.jpg\"><img loading=\"lazy\" decoding=\"async\" class=\"aligncenter wp-image-13438 size-medium\" src=\"https:\/\/www.americas.org\/wp-content\/uploads\/2014\/11\/37-300x206.jpg\" alt=\"El gobierno mexicano miente incluso cuando dice la verdad.\" width=\"300\" height=\"206\" srcset=\"https:\/\/www.americas.org\/wp-content\/uploads\/2014\/11\/37-300x206.jpg 300w, https:\/\/www.americas.org\/wp-content\/uploads\/2014\/11\/37-1024x705.jpg 1024w\" sizes=\"auto, (max-width: 300px) 100vw, 300px\" \/><\/a><\/p>\n<p style=\"text-align: center;\">El gobierno mexicano miente incluso cuando dice la verdad.<\/p>\n<p><a href=\"https:\/\/www.americas.org\/wp-content\/uploads\/2014\/11\/38.jpg\"><img loading=\"lazy\" decoding=\"async\" class=\"aligncenter wp-image-13439 size-medium\" src=\"https:\/\/www.americas.org\/wp-content\/uploads\/2014\/11\/38-300x218.jpg\" alt=\"El grito.\" width=\"300\" height=\"218\" srcset=\"https:\/\/www.americas.org\/wp-content\/uploads\/2014\/11\/38-300x218.jpg 300w, https:\/\/www.americas.org\/wp-content\/uploads\/2014\/11\/38-1024x744.jpg 1024w\" sizes=\"auto, (max-width: 300px) 100vw, 300px\" \/><\/a><\/p>\n<p style=\"text-align: center;\">El grito.<\/p>\n<p><a href=\"https:\/\/www.americas.org\/wp-content\/uploads\/2014\/11\/39.jpg\"><img loading=\"lazy\" decoding=\"async\" class=\"aligncenter wp-image-13440 size-medium\" src=\"https:\/\/www.americas.org\/wp-content\/uploads\/2014\/11\/39-300x209.jpg\" alt=\"La guerra del estado contra los j\u00f3venes.\" width=\"300\" height=\"209\" srcset=\"https:\/\/www.americas.org\/wp-content\/uploads\/2014\/11\/39-300x209.jpg 300w, https:\/\/www.americas.org\/wp-content\/uploads\/2014\/11\/39-1024x714.jpg 1024w\" sizes=\"auto, (max-width: 300px) 100vw, 300px\" \/><\/a><\/p>\n<p style=\"text-align: center;\">La guerra del estado contra los j\u00f3venes.<\/p>\n<p><a href=\"https:\/\/www.americas.org\/wp-content\/uploads\/2014\/11\/40.jpg\"><img loading=\"lazy\" decoding=\"async\" class=\"aligncenter wp-image-13441 size-medium\" src=\"https:\/\/www.americas.org\/wp-content\/uploads\/2014\/11\/40-208x300.jpg\" alt=\"Una demanda cada vez m\u00e1s proferida: EPN, renuncia.\" width=\"208\" height=\"300\" srcset=\"https:\/\/www.americas.org\/wp-content\/uploads\/2014\/11\/40-208x300.jpg 208w, https:\/\/www.americas.org\/wp-content\/uploads\/2014\/11\/40-711x1024.jpg 711w\" sizes=\"auto, (max-width: 208px) 100vw, 208px\" \/><\/a><\/p>\n<p style=\"text-align: center;\">Una demanda cada vez m\u00e1s proferida: EPN, renuncia.<\/p>\n<p><a href=\"https:\/\/www.americas.org\/wp-content\/uploads\/2014\/11\/41.jpg\"><img loading=\"lazy\" decoding=\"async\" class=\"aligncenter wp-image-13442 size-medium\" src=\"https:\/\/www.americas.org\/wp-content\/uploads\/2014\/11\/41-300x210.jpg\" alt=\"Contra la versi\u00f3n oficial de la responsabilidad exclusiva de polic\u00edas municipales y narcos.\" width=\"300\" height=\"210\" srcset=\"https:\/\/www.americas.org\/wp-content\/uploads\/2014\/11\/41-300x210.jpg 300w, https:\/\/www.americas.org\/wp-content\/uploads\/2014\/11\/41-1024x717.jpg 1024w\" sizes=\"auto, (max-width: 300px) 100vw, 300px\" \/><\/a><\/p>\n<p style=\"text-align: center;\">Contra la versi\u00f3n oficial de la responsabilidad exclusiva de polic\u00edas municipales y narcos.<\/p>\n<p><a href=\"https:\/\/www.americas.org\/wp-content\/uploads\/2014\/11\/42.jpg\"><img loading=\"lazy\" decoding=\"async\" class=\"aligncenter wp-image-13443 size-medium\" src=\"https:\/\/www.americas.org\/wp-content\/uploads\/2014\/11\/42-180x300.jpg\" alt=\"En muchos \u00e1mbitos de la vida nacional desapareci\u00f3 la frontera entre pol\u00edtica y delito: es la sicilianizaci\u00f3n del estado, el gobierno mafioso de que hablaba Federico Campbell.\" width=\"180\" height=\"300\" srcset=\"https:\/\/www.americas.org\/wp-content\/uploads\/2014\/11\/42-180x300.jpg 180w, https:\/\/www.americas.org\/wp-content\/uploads\/2014\/11\/42-615x1024.jpg 615w, https:\/\/www.americas.org\/wp-content\/uploads\/2014\/11\/42.jpg 1906w\" sizes=\"auto, (max-width: 180px) 100vw, 180px\" \/><\/a><\/p>\n<p style=\"text-align: center;\">En muchos \u00e1mbitos de la vida nacional desapareci\u00f3 la frontera entre pol\u00edtica y delito: es la sicilianizaci\u00f3n del estado, el gobierno mafioso de que hablaba Federico Campbell.<\/p>\n<p><a href=\"https:\/\/www.americas.org\/wp-content\/uploads\/2014\/11\/43.jpg\"><img loading=\"lazy\" decoding=\"async\" class=\"aligncenter wp-image-13444 size-medium\" src=\"https:\/\/www.americas.org\/wp-content\/uploads\/2014\/11\/43-300x193.jpg\" alt=\"La respuesta est\u00e1 en el viento.\" width=\"300\" height=\"193\" srcset=\"https:\/\/www.americas.org\/wp-content\/uploads\/2014\/11\/43-300x193.jpg 300w, https:\/\/www.americas.org\/wp-content\/uploads\/2014\/11\/43-1024x661.jpg 1024w\" sizes=\"auto, (max-width: 300px) 100vw, 300px\" \/><\/a><\/p>\n<p style=\"text-align: center;\">La respuesta est\u00e1 en el viento.<\/p>\n","protected":false},"excerpt":{"rendered":"<p>El crimen de Ayotzinapa a todos nos disminuye. Y la indignaci\u00f3n crece. El 5 de noviembre se llev\u00f3 a cabo en la Ciudad de M\u00e9xico la jornada de acci\u00f3n global, una de las manifestaciones m\u00e1s concurridas de los tiempos recientes, integrada fundamentalmente por j\u00f3venes.<\/p>\n","protected":false},"author":258,"featured_media":13402,"comment_status":"open","ping_status":"open","sticky":false,"template":"","format":"standard","meta":{"inline_featured_image":false,"footnotes":""},"categories":[4884,4916,4914],"tags":[5114,4958],"coauthors":[],"class_list":["post-13451","post","type-post","status-publish","format-standard","has-post-thumbnail","hentry","category-democracia","category-derechos-humanos","category-paz-y-seguridad","tag-ayotzinapa","tag-mexico"],"_links":{"self":[{"href":"https:\/\/www.americas.org\/es\/wp-json\/wp\/v2\/posts\/13451","targetHints":{"allow":["GET"]}}],"collection":[{"href":"https:\/\/www.americas.org\/es\/wp-json\/wp\/v2\/posts"}],"about":[{"href":"https:\/\/www.americas.org\/es\/wp-json\/wp\/v2\/types\/post"}],"author":[{"embeddable":true,"href":"https:\/\/www.americas.org\/es\/wp-json\/wp\/v2\/users\/258"}],"replies":[{"embeddable":true,"href":"https:\/\/www.americas.org\/es\/wp-json\/wp\/v2\/comments?post=13451"}],"version-history":[{"count":1,"href":"https:\/\/www.americas.org\/es\/wp-json\/wp\/v2\/posts\/13451\/revisions"}],"predecessor-version":[{"id":13472,"href":"https:\/\/www.americas.org\/es\/wp-json\/wp\/v2\/posts\/13451\/revisions\/13472"}],"wp:featuredmedia":[{"embeddable":true,"href":"https:\/\/www.americas.org\/es\/wp-json\/wp\/v2\/media\/13402"}],"wp:attachment":[{"href":"https:\/\/www.americas.org\/es\/wp-json\/wp\/v2\/media?parent=13451"}],"wp:term":[{"taxonomy":"category","embeddable":true,"href":"https:\/\/www.americas.org\/es\/wp-json\/wp\/v2\/categories?post=13451"},{"taxonomy":"post_tag","embeddable":true,"href":"https:\/\/www.americas.org\/es\/wp-json\/wp\/v2\/tags?post=13451"},{"taxonomy":"author","embeddable":true,"href":"https:\/\/www.americas.org\/es\/wp-json\/wp\/v2\/coauthors?post=13451"}],"curies":[{"name":"wp","href":"https:\/\/api.w.org\/{rel}","templated":true}]}}