{"id":13492,"date":"2014-11-22T20:11:31","date_gmt":"2014-11-23T01:11:31","guid":{"rendered":"http:\/\/www.cipamericas.org\/?p=13492"},"modified":"2014-11-22T20:11:31","modified_gmt":"2014-11-23T01:11:31","slug":"salvadorenos-buscan-a-sus-hijos-perdidos-en-la-guerra-de-los-80s","status":"publish","type":"post","link":"https:\/\/www.americas.org\/es\/salvadorenos-buscan-a-sus-hijos-perdidos-en-la-guerra-de-los-80s\/","title":{"rendered":"Salvadore\u00f1os buscan a sus hijos perdidos en la guerra de los 80s"},"content":{"rendered":"<p><a href=\"https:\/\/www.americas.org\/wp-content\/uploads\/2014\/11\/242525.jpg\"><img loading=\"lazy\" decoding=\"async\" class=\"alignleft size-medium wp-image-13493\" src=\"https:\/\/www.americas.org\/wp-content\/uploads\/2014\/11\/242525-300x201.jpg\" alt=\"242525\" width=\"300\" height=\"201\" srcset=\"https:\/\/www.americas.org\/wp-content\/uploads\/2014\/11\/242525-300x201.jpg 300w, https:\/\/www.americas.org\/wp-content\/uploads\/2014\/11\/242525.jpg 448w\" sizes=\"auto, (max-width: 300px) 100vw, 300px\" \/><\/a>La guerra civil que vivi\u00f3 El Salvador en la d\u00e9cada de los 80 no solo dej\u00f3 muertos y destrucci\u00f3n el pa\u00eds, tambi\u00e9n hizo que muchos ni\u00f1os salvadore\u00f1os fueran entregados en adopci\u00f3n a familias extranjeras para salvar sus vidas. Ahora, una campa\u00f1a de reunificaci\u00f3n les ha dado la oportunidad de que estos se reencuentren con sus familias biol\u00f3gicas.<\/p>\n<p>La Asociaci\u00f3n Preb\u00fasqueda que se encarga de reunir a los j\u00f3venes que desaparecieron por razones forzadas durante el conflicto armado que vivi\u00f3 el pa\u00eds centroamericano, tiene 934 denuncias de padres que buscan a sus hijos fuera de las fronteras salvadore\u00f1as.<\/p>\n<p>Desde hace varios meses, la Asociaci\u00f3n Preb\u00fasqueda que se encarga de reunir a j\u00f3venes salvadore\u00f1os que fueron obligados por la guerra a alejarse de sus familias est\u00e1 trabajando en una campa\u00f1a para encontrar a los hijos desaparecidos por la guerra.<\/p>\n<p>\u201cLa idea es invitar a los j\u00f3venes que viven en el extranjero y en El Salvador, que tienen dudas sobres sus or\u00edgenes o su identidad a que se acerquen, ya que en los \u00faltimos meses muchos j\u00f3venes nos escriben en las redes sociales porque quieren reunirse con sus verdaderos padres\u201d, explica Felix Mel\u00e9ndez, vocero de Preb\u00fasqueda.<\/p>\n<p>La idea de lanzar una campa\u00f1a para encontrar a los salvadore\u00f1os que salieron del pa\u00eds de forma forzada durante la guerra surgi\u00f3 tambi\u00e9n por la creciente demanda de denuncias para b\u00fasqueda y de mensajes de muchas personas que quieren reencontrarse con sus familias.<\/p>\n<p>\u201cQuiero saber qui\u00e9n soy, de d\u00f3nde vengo y qui\u00e9nes son mi padres\u2026\u201d a menudo estas son las razones que mueven a muchos salvadore\u00f1os que buscan reencontrarse con sus or\u00edgenes y que contactan a la asociaci\u00f3n.<\/p>\n<p>Patrick, es uno de ellos. \u00c9l espero m\u00e1s de 30 a\u00f1os para reencontrarse con su pa\u00eds, con su familia\u2026 con sus padres, lleg\u00f3 desde Francia en septiembre pasado para conocer a su madre biol\u00f3gica.<\/p>\n<p>Seg\u00fan dijo a su llegada al pa\u00eds, siempre supo que no pertenec\u00eda a aquel pa\u00eds que lo vio crecer y la espinita que ten\u00eda en su coraz\u00f3n sobre sus or\u00edgenes lo motiv\u00f3 a hacerse una prueba de ADN y luego ponerse en contacto con Preb\u00fasqueda.<\/p>\n<p>Su madre, Mar\u00eda Corina, esper\u00f3 tanto tiempo este momento despu\u00e9s de haber tenido en sus brazos solo seis horas a su hijo reci\u00e9n nacido. Entre llantos y abrazos Mar\u00eda solo puede pedirle perd\u00f3n a su hijo, mientras que Patrick responde \u201cno hay nada que perdonar\u201d.<\/p>\n<p>Mar\u00eda explica que debido a los enfrentamientos armados y a las persecuciones de campesinos durante la guerra tuvo que dar a luz a su hijo en un cueva en Suchitoto, un municipio ubicado al norte de la capital salvadore\u00f1a. La mujer le dice a su hijo que \u00e9l le fue arrebatado y que nunca quiso apartarse de \u00e9l.<\/p>\n<p>Patrick es uno de los 244 salvadore\u00f1os que han podido reencontrarse con sus familias biol\u00f3gicas en El Salvador, \u00e9l es parte de los 38 j\u00f3venes que han sido encontrados en Europa. Otros 29 residen en Estados Unidos y el resto 169 fueron encontrados en Guatemala, Honduras y Belice.<\/p>\n<p>Pero no todos quieren reencontrarse con sus padres, seg\u00fan los datos de la asociaci\u00f3n, 93 casos de j\u00f3venes que han sido localizados no quieren saber nada de sus familias en El Salvador y hay otra parte de las personas localizadas que quieren reencontrarse con sus ra\u00edces en el pa\u00eds pero no tienen recursos para hacerlo.<\/p>\n<p>De todos los casos encontrados, 55 ni\u00f1os no pueden reunirse con sus padres, porque murieron durante el conflicto armado. Sus cuerpos fueron encontrados en fosas comunes y en sitios donde ocurrieron algunas masacres ordenas por el ej\u00e9rcito salvadore\u00f1o.<\/p>\n<p>Con la creaci\u00f3n de Preb\u00fasqueda en 1994, muchos padres y familias se acercaron para pedir ayuda para encontrar a sus hijos. Seg\u00fan los voceros de la organizaci\u00f3n cada a\u00f1o se reciben m\u00e1s denuncias.<\/p>\n<p>Luego de recibir una denuncia se inicia un proceso de investigaci\u00f3n y cuando se confirma que han localizado a un joven, se realizan las pruebas de ADN. Despu\u00e9s, los padres y los j\u00f3venes reciben atenci\u00f3n psicol\u00f3gica y son preparados para el momento del reencuentro.<\/p>\n<p>Preb\u00fasqueda espera lanzar completamente la campa\u00f1a dirigida especialmente a los j\u00f3venes que viven fuera de El Salvador y que saben o tienen dudas sobre su identidad o sus or\u00edgenes, a finales de noviembre de este a\u00f1o.<\/p>\n<p>Aunque hay planes para lograr reunificar y encontrar a los hijos de los salvadore\u00f1os perdidos en la guerra, no hay un registro nacional que permite tener un dato certero de cu\u00e1ntos ni\u00f1os fueron arrebatados de los brazos de sus padres durante el conflicto armado.<\/p>\n<p>Carmen Rodriguez es<\/p>\n<p><span lang=\"ES-SV\">* En la foto , Patrick, uno de los casos de reunificaci\u00f3n familiar.<br \/>\n<\/span><\/p>\n","protected":false},"excerpt":{"rendered":"<p>La guerra civil que vivi\u00f3 El Salvador en la d\u00e9cada de los 80 no solo dej\u00f3 muertos y destrucci\u00f3n el pa\u00eds, tambi\u00e9n hizo que muchos ni\u00f1os salvadore\u00f1os fueran entregados en adopci\u00f3n a familias extranjeras para salvar sus vidas. Ahora, una campa\u00f1a de reunificaci\u00f3n les ha dado la oportunidad de que estos se reencuentren con sus familias biol\u00f3gicas.<\/p>\n","protected":false},"author":373,"featured_media":13493,"comment_status":"open","ping_status":"open","sticky":false,"template":"","format":"standard","meta":{"inline_featured_image":false,"footnotes":""},"categories":[4884],"tags":[4922],"coauthors":[],"class_list":["post-13492","post","type-post","status-publish","format-standard","has-post-thumbnail","hentry","category-democracia","tag-centroamerica"],"_links":{"self":[{"href":"https:\/\/www.americas.org\/es\/wp-json\/wp\/v2\/posts\/13492","targetHints":{"allow":["GET"]}}],"collection":[{"href":"https:\/\/www.americas.org\/es\/wp-json\/wp\/v2\/posts"}],"about":[{"href":"https:\/\/www.americas.org\/es\/wp-json\/wp\/v2\/types\/post"}],"author":[{"embeddable":true,"href":"https:\/\/www.americas.org\/es\/wp-json\/wp\/v2\/users\/373"}],"replies":[{"embeddable":true,"href":"https:\/\/www.americas.org\/es\/wp-json\/wp\/v2\/comments?post=13492"}],"version-history":[{"count":1,"href":"https:\/\/www.americas.org\/es\/wp-json\/wp\/v2\/posts\/13492\/revisions"}],"predecessor-version":[{"id":13594,"href":"https:\/\/www.americas.org\/es\/wp-json\/wp\/v2\/posts\/13492\/revisions\/13594"}],"wp:featuredmedia":[{"embeddable":true,"href":"https:\/\/www.americas.org\/es\/wp-json\/wp\/v2\/media\/13493"}],"wp:attachment":[{"href":"https:\/\/www.americas.org\/es\/wp-json\/wp\/v2\/media?parent=13492"}],"wp:term":[{"taxonomy":"category","embeddable":true,"href":"https:\/\/www.americas.org\/es\/wp-json\/wp\/v2\/categories?post=13492"},{"taxonomy":"post_tag","embeddable":true,"href":"https:\/\/www.americas.org\/es\/wp-json\/wp\/v2\/tags?post=13492"},{"taxonomy":"author","embeddable":true,"href":"https:\/\/www.americas.org\/es\/wp-json\/wp\/v2\/coauthors?post=13492"}],"curies":[{"name":"wp","href":"https:\/\/api.w.org\/{rel}","templated":true}]}}