{"id":13875,"date":"2014-12-08T13:17:40","date_gmt":"2014-12-08T18:17:40","guid":{"rendered":"http:\/\/www.cipamericas.org\/?p=13875"},"modified":"2014-12-10T11:29:59","modified_gmt":"2014-12-10T16:29:59","slug":"arranca-cumbre-alterna-sobre-cambio-climatico","status":"publish","type":"post","link":"https:\/\/www.americas.org\/es\/arranca-cumbre-alterna-sobre-cambio-climatico\/","title":{"rendered":"Arranca cumbre alterna sobre cambio clim\u00e1tico"},"content":{"rendered":"<p><img loading=\"lazy\" decoding=\"async\" class=\"alignleft size-medium wp-image-13877\" src=\"https:\/\/www.americas.org\/wp-content\/uploads\/2014\/12\/10308083_1576832715882576_7972694125472457797_n-300x225.jpg\" alt=\"10308083_1576832715882576_7972694125472457797_n\" width=\"300\" height=\"225\" srcset=\"https:\/\/www.americas.org\/wp-content\/uploads\/2014\/12\/10308083_1576832715882576_7972694125472457797_n-300x225.jpg 300w, https:\/\/www.americas.org\/wp-content\/uploads\/2014\/12\/10308083_1576832715882576_7972694125472457797_n.jpg 800w\" sizes=\"auto, (max-width: 300px) 100vw, 300px\" \/>Hoy inicia la Cumbre de los Pueblos frente al Cambio Clim\u00e1tico, tras una semana de deliberaciones de la Conferencia de las Partes de la Convenci\u00f3n Marco de Naciones Unidas sobre Cambio Clim\u00e1tico (COP20) que han convertido a esta ciudad en capital global de la crisis del clima causada por el incremento de las emisiones industriales de gases de efecto invernadero (GEI).<\/p>\n<p>La COP tiene un car\u00e1cter intergubernamental mientras que la cumbre alterna re\u00fane a representantes de comunidades, movimientos sociales y organizaciones de la sociedad civil preocupados por la falta de entendimiento entre los gobiernos para frenar las emisiones de GEI.<\/p>\n<p>La Cumbre de los Pueblos se desarrolla en forma paralela a la COP desde 2009, cuando las negociaciones entre los gobiernos entraron en crisis al no poder materializar un acuerdo que sustituyera al Protocolo de Kioto.<\/p>\n<p>Esta cumbre tendr\u00e1 la presencia de organizaciones de mujeres, campesinos, ind\u00edgenas y activistas de todos los continentes y la participaci\u00f3n masiva de movimientos de los pa\u00edses del Cono Sur de Am\u00e9rica. Ser\u00e1 inaugurada a las 5 de la tarde con intervenciones de la alcaldesa de Lima, el alcalde de Bogot\u00e1 y dirigentes de movimientos campesinos, sindicales y juveniles, pero las exposiciones, conferencias, talleres y conversatorios, entre otras actividades, inician por la ma\u00f1ana en el Parque de la Exposici\u00f3n, en pleno centro hist\u00f3rico de la capital peruana.<\/p>\n<p>Como parte de las actividades de la cumbre, ha sido convocada la Marcha de los Pueblos el 10 de diciembre, D\u00eda Internacional de los Derechos Humanos. Con esta fecha la ONU conmemora el aniversario de la aprobaci\u00f3n de su\u00a0 Declaraci\u00f3n Universal realizada en 1948.<\/p>\n<p>Esta vez la cumbre ha convocado al mundo a movilizarse por el derecho de todos los sistemas vivos a prevalecer en el planeta a pesar de las actividades depredadoras capitalistas. La movilizaci\u00f3n global busca demoler la influencia de las corporaciones trasnacionales en las negociaciones sobre el clima.<\/p>\n<p>La cumbre ha sido precedida por encuentros como el de Mujeres por la Justicia Clim\u00e1tica en Defensa de la Madre Tierra, realizado en junio en esta ciudad.<\/p>\n<p>Con dedicatoria a la COP20 que re\u00fane a 190 gobiernos con el reto de alcanzar consensos vinculantes que ser\u00edan firmados en Par\u00eds el a\u00f1o pr\u00f3ximo, las integrantes de la Federaci\u00f3n Nacional de Mujeres Campesinas, Artesanas, Ind\u00edgenas, Nativas y Asalariadas del Per\u00fa (FENMUCARINAP), la Confederaci\u00f3n Nacional Agraria (CNA) y la Confederaci\u00f3n Campesina del Per\u00fa (CCP) se reconocieron como guardianas de la biodiversidad y denunciaron que la crisis del clima es consecuencia del orden mundial patriarcal y un modelo productivo de consumo mercantilista y depredador.<\/p>\n<p>Demandaron acceso a la tierra, al agua y al territorio, una presencia activa en los espacios de decisi\u00f3n pol\u00edtica en todos los niveles y reconocimiento a sus aportaciones en todos los \u00e1mbitos de las actividades familiares, comunitarias y sociales.<\/p>\n<p>Las mujeres como v\u00edctimas ocultas de la crisis clim\u00e1tica est\u00e1 previsto como uno de los tremas fundamentales de la cumbre.<\/p>\n<p>La V\u00eda Campesina, movimiento que conjunta millones de campesinos y campesinas de m\u00e1s de 90 pa\u00edses de todos los continentes, en su posicionamiento dado a conocer hace unos d\u00edas sostuvo que ya es tiempo de cambiar en forma radical e modelo industrial de producir, comerciar y consumir alimentos y productos agropecuarios.<\/p>\n<p><img loading=\"lazy\" decoding=\"async\" class=\"alignright size-medium wp-image-13881\" src=\"https:\/\/www.americas.org\/wp-content\/uploads\/2014\/12\/cop20_cumbrepueblos_chico-300x225.jpg\" alt=\"cop20_cumbrepueblos_chico\" width=\"300\" height=\"225\" srcset=\"https:\/\/www.americas.org\/wp-content\/uploads\/2014\/12\/cop20_cumbrepueblos_chico-300x225.jpg 300w, https:\/\/www.americas.org\/wp-content\/uploads\/2014\/12\/cop20_cumbrepueblos_chico.jpg 500w\" sizes=\"auto, (max-width: 300px) 100vw, 300px\" \/>La organizaci\u00f3n global de peque\u00f1os productores consider\u00f3 que la agricultura campesina a peque\u00f1a escala y el consumo local de alimentos va a revertir la devastaci\u00f3n actual y a sustentar a millones de familias, provocando un descenso de la temperatura global al disminuir las emisiones de carbono a la atm\u00f3sfera.<\/p>\n<p>Seg\u00fan La V\u00eda Campesina, la agricultura industrial es una de las principales causas del cambio clim\u00e1tico al transportar alimentos por todo el planeta, al imponer la mecanizaci\u00f3n y uso de agrot\u00f3xicos derivados del petr\u00f3leo y al promover la deforestaci\u00f3n y el monocultivo destruyendo la biodiversidad y su capacidad para absorber carbono.<\/p>\n<p>La V\u00eda Campesina exigi\u00f3 el desmantelamiento completo de los agro negocios que est\u00e1n despojando a los productores de sus tierras y generando desastres ambientales, el reemplazo de la agricultura industrial por la agricultura familiar campesina sostenible, la prohibici\u00f3n de semillas transg\u00e9nicas y agrocombustibles pues no constituyen soluci\u00f3n alguna, as\u00ed como reducir en general el consumo de energ\u00eda y promover pol\u00edticas p\u00fablicas para la soberan\u00eda alimentaria.<\/p>\n<p>Fotos: cumbredelospuebloscop20 y cambioclimatico.org<\/p>\n<p><strong>M\u00e1s informaci\u00f3n:<\/strong><\/p>\n<p>Twitter: @cipamericas<\/p>\n<p>Facebook: CIP Americas Program<\/p>\n<p><a href=\"http:\/\/cumbrepuebloscop20.org\/es\/\">http:\/\/cumbrepuebloscop20.org\/es\/<\/a><\/p>\n<p><a href=\"http:\/\/viacampesina.org\/es\/\">http:\/\/viacampesina.org\/es\/<\/a><\/p>\n<p>&nbsp;<\/p>\n","protected":false},"excerpt":{"rendered":"<p>Hoy inicia la Cumbre de los Pueblos frente al Cambio Clim\u00e1tico, tras una semana de deliberaciones de la Conferencia de las Partes de la Convenci\u00f3n Marco de Naciones Unidas sobre Cambio Clim\u00e1tico (COP20) que han convertido a esta ciudad en capital global de la crisis del clima causada por el incremento de las emisiones de gases de efecto invernadero.<\/p>\n","protected":false},"author":258,"featured_media":13877,"comment_status":"open","ping_status":"open","sticky":false,"template":"","format":"standard","meta":{"inline_featured_image":false,"footnotes":""},"categories":[4918,4913,4915],"tags":[252],"coauthors":[],"class_list":["post-13875","post","type-post","status-publish","format-standard","has-post-thumbnail","hentry","category-feminismos","category-soberania-alimentaria","category-tierra","tag-sudamerica"],"_links":{"self":[{"href":"https:\/\/www.americas.org\/es\/wp-json\/wp\/v2\/posts\/13875","targetHints":{"allow":["GET"]}}],"collection":[{"href":"https:\/\/www.americas.org\/es\/wp-json\/wp\/v2\/posts"}],"about":[{"href":"https:\/\/www.americas.org\/es\/wp-json\/wp\/v2\/types\/post"}],"author":[{"embeddable":true,"href":"https:\/\/www.americas.org\/es\/wp-json\/wp\/v2\/users\/258"}],"replies":[{"embeddable":true,"href":"https:\/\/www.americas.org\/es\/wp-json\/wp\/v2\/comments?post=13875"}],"version-history":[{"count":1,"href":"https:\/\/www.americas.org\/es\/wp-json\/wp\/v2\/posts\/13875\/revisions"}],"predecessor-version":[{"id":13883,"href":"https:\/\/www.americas.org\/es\/wp-json\/wp\/v2\/posts\/13875\/revisions\/13883"}],"wp:featuredmedia":[{"embeddable":true,"href":"https:\/\/www.americas.org\/es\/wp-json\/wp\/v2\/media\/13877"}],"wp:attachment":[{"href":"https:\/\/www.americas.org\/es\/wp-json\/wp\/v2\/media?parent=13875"}],"wp:term":[{"taxonomy":"category","embeddable":true,"href":"https:\/\/www.americas.org\/es\/wp-json\/wp\/v2\/categories?post=13875"},{"taxonomy":"post_tag","embeddable":true,"href":"https:\/\/www.americas.org\/es\/wp-json\/wp\/v2\/tags?post=13875"},{"taxonomy":"author","embeddable":true,"href":"https:\/\/www.americas.org\/es\/wp-json\/wp\/v2\/coauthors?post=13875"}],"curies":[{"name":"wp","href":"https:\/\/api.w.org\/{rel}","templated":true}]}}