{"id":14185,"date":"2014-12-22T09:55:41","date_gmt":"2014-12-22T14:55:41","guid":{"rendered":"http:\/\/www.cipamericas.org\/?p=14185"},"modified":"2014-12-22T11:31:24","modified_gmt":"2014-12-22T16:31:24","slug":"cop20-otro-fracaso-de-las-negociaciones-climaticas","status":"publish","type":"post","link":"https:\/\/www.americas.org\/es\/cop20-otro-fracaso-de-las-negociaciones-climaticas\/","title":{"rendered":"COP20, otro fracaso de las negociaciones clim\u00e1ticas"},"content":{"rendered":"<p><img loading=\"lazy\" decoding=\"async\" class=\"alignleft wp-image-13937 size-medium\" src=\"https:\/\/www.americas.org\/wp-content\/uploads\/2014\/12\/DSC_7745-300x198.jpg\" alt=\"DSC_7745\" width=\"300\" height=\"198\" srcset=\"https:\/\/www.americas.org\/wp-content\/uploads\/2014\/12\/DSC_7745-300x198.jpg 300w, https:\/\/www.americas.org\/wp-content\/uploads\/2014\/12\/DSC_7745-1024x678.jpg 1024w\" sizes=\"auto, (max-width: 300px) 100vw, 300px\" \/>En Lima, durante dos semanas y 30 horas, se llevaron a cabo las negociaciones entre representantes gubernamentales de 195 pa\u00edses en la Conferencia de las Partes de la Convenci\u00f3n Marco de Naciones Unidas sobre Cambio Clim\u00e1tico (COP20). Paralelamente, durante cuatro d\u00edas, una gran diversidad de organizaciones sociales, movimientos y procesos de resistencia del Per\u00fa y del mundo realiz\u00f3 la Cumbre de los Pueblos Frente al Cambio Clim\u00e1tico.<\/p>\n<p>La COP20 cerr\u00f3 la madrugada del domingo 14 con la firma de un borrador<a href=\"http:\/\/unfccc.int\/files\/meetings\/lima_dec_2014\/application\/pdf\/auv_cop20_lima_call_for_climate_action.pdf\"><sup>1<\/sup><\/a> que contiene compromisos d\u00e9biles para instrumentar planes nacionales con el fin de frenar las emisiones de gases de efecto invernadero (GEI), el cual ser\u00e1 la base de un acuerdo global que sustituya el protocolo de Kioto en Par\u00eds el a\u00f1o pr\u00f3ximo.<\/p>\n<p>Enfrentada al fracaso inminente, la conferencia redujo al m\u00ednimo sus pretensiones y aprob\u00f3 de \u00faltima hora un texto con promesas voluntarias de reducci\u00f3n de emisiones que cada naci\u00f3n presentar\u00e1 hasta marzo.<\/p>\n<p>Por su parte, la Cumbre de los Pueblos cuestion\u00f3 en su Declaraci\u00f3n de Lima<a href=\"http:\/\/cumbrepuebloscop20.org\/es\/\"><sup>2<\/sup><\/a> la captura corporativa de la Convenci\u00f3n Marco de Naciones Unidas sobre Cambio Clim\u00e1tico, principal obst\u00e1culo para conseguir acuerdos que constituyan soluciones verdaderas a la crisis del clima:<\/p>\n<p>\u201cLas corporaciones transnacionales \u2018acompa\u00f1an\u2019 a los gobiernos en las negociaciones globales para acordar medidas que tienen por \u00fanico fin limpiar de responsabilidades a los pa\u00edses industrializados por sus emisiones de GEI y por ser los principales responsables del cambio clim\u00e1tico.\u201d<\/p>\n<p>En declaraciones al Programa de las Am\u00e9ricas, Pablo Sol\u00f3n, ex representante del gobierno boliviano en las negociaciones sobre cambio clim\u00e1tico, coincidi\u00f3 en lo anterior y explic\u00f3 el papel actual de las corporaciones en la Conferencia de las Partes:<\/p>\n<p>\u201cHoy d\u00eda, las trasnacionales est\u00e1n mejor armadas y organizadas en la COP20 en Lima en relaci\u00f3n a como estaban en Canc\u00fan, en 2010, y de lo que estaban en Copenhague, y ya para entonces estaban muy bien paradas\u201d.<\/p>\n<p>\u201cLa prueba clara es que en cuesti\u00f3n de mercados de carbono, la oposici\u00f3n ahora, adentro, es mucho menor que antes. Un negociador me dec\u00eda: la diferencia es que la mayor\u00eda de las trasnacionales han visto que ya no es bueno oponerse; hay que decir, m\u00e1s bien, \u2018nos sumamos al acuerdo pero para hacer negocios\u2019, por eso ahora tienen una actitud diferente: \u2018hag\u00e1moslo pero a nuestra manera, que consiste en acordar compromisos bajos que no nos afecten mucho y al mismo tiempo generamos m\u00e1s mecanismos de mercado de los cuales obtener m\u00e1s ganancias\u2019\u201d, se\u00f1al\u00f3 Sol\u00f3n.<\/p>\n<p>Por su parte, el legendario agrarista peruano Hugo Blanco dijo al Programa de las Am\u00e9ricas que en el marco de la COP20 \u201clos gobiernos no son m\u00e1s que sirvientes de las trasnacionales, son el verdadero gobierno mundial. Obama, Humala son viles empleados de ellas, as\u00ed como el poder judicial y la mayor\u00eda parlamentaria, las fiscal\u00edas y la gran prensa.\u201d<\/p>\n<p>\u201cLa \u00faltima vez que se pact\u00f3 la rebaja de emisiones de GEI fue en Kioto, pero como no firmaron los principales calentadores del mundo como China y Estados Unidos, entonces el acuerdo no cumpli\u00f3 su cometido\u201d, y Par\u00eds 2015 apunta a repetir la historia.<\/p>\n<p>\u201cAhora China y Estados Unidos ya se reunieron y pactaron, entonces nadie les puede imponer un acuerdo general como el que se pretende firmar el pr\u00f3ximo a\u00f1o, y as\u00ed no se puede esperar nada positivo\u201d de la COP20, expres\u00f3 Blanco.<\/p>\n<p>Los pueblos deben tomar en sus manos este problema, asegur\u00f3 quien por sus luchas por la tierra, a costa de represi\u00f3n, c\u00e1rcel y destierro, desencaden\u00f3 la reforma agraria peruana de los a\u00f1os sesenta. \u201cEsta Cumbre de los Pueblos representa un salto hist\u00f3rico porque gente de varios pa\u00edses que quiere defender a la Madre Tierra ha intercambiado conocimientos; yo que soy un viejo de 80 a\u00f1os he aprendido mucho ac\u00e1. As\u00ed, gente de otros pueblos ha aprendido acerca de la forma en que ha estado siendo atacada la naturaleza y c\u00f3mo luchar contra eso.\u201d<\/p>\n<p>Blanco considera que el cambio clim\u00e1tico es un s\u00edntoma de que el capitalismo global est\u00e1 en su crisis final, pero hay dos formas en que puede terminar: \u201cuna es que la humanidad recupere el poder y \u00e9sta sea la que gobierne; la otra es que el capitalismo acabe con todos nosotros y extinga a la especie humana en menos de cien a\u00f1os\u201d.<\/p>\n<p>En su declaraci\u00f3n final, la Cumbre de los Pueblos cuestion\u00f3 la estrategia del capital, que ha agudizado los procesos de privatizaci\u00f3n, mercantilizaci\u00f3n y <em>financierizaci\u00f3n<\/em> de la naturaleza, imponiendo los principios de la econom\u00eda verde, que presenta falsas soluciones a la crisis clim\u00e1tica.<\/p>\n<p>Enumer\u00f3 algunas de ellas: Mecanismos de Desarrollo Limpio (MDL), programa de Reducci\u00f3n de Emisiones por Deforestaci\u00f3n y Degradaci\u00f3n de los bosques (REDD), transg\u00e9nicos, agrocombustibles, geo ingenier\u00eda, megaproyectos hidroel\u00e9ctricos, centrales nucleares, fractura hidr\u00e1ulica (<em>fracking<\/em>) y agricultura clim\u00e1ticamente inteligente.<\/p>\n<p>\u201cLa estrategia del capital pasa tambi\u00e9n por lo que llamamos arquitectura de la impunidad de las corporaciones transnacionales y gobiernos, a trav\u00e9s de los tratados de libre comercio y protecci\u00f3n de inversiones, entre otros, que pretenden privatizar servicios esenciales como el agua, la educaci\u00f3n, salud y vivienda, y atentan contra los derechos humanos de trabajadores y de los pueblos.<\/p>\n<p>El pronunciamiento de la cumbre enfatiz\u00f3 la necesidad de que todas las alternativas a la crisis del clima deben incorporar la perspectiva feminista y promover una relaci\u00f3n m\u00e1s justa entre hombres y mujeres.<\/p>\n<p>Ruth Curruchich, de la organizaci\u00f3n CEIBA, parte de la Convergencia Nacional Maya Waqib\u00b4Kej que agrupa a la mayor\u00eda de las organizaciones ind\u00edgenas de Guatemala, dijo haber venido a la Cumbre porque es un espacio donde se puede manifestar el desacuerdo con las negociaciones de la COP20 y presentar al mundo alternativas reales para enfrentar el cambio clim\u00e1tico, que no violen los derechos de los pueblos y de la Madre Tierra.<\/p>\n<p>\u201cHe participado en las mesas relacionadas con mujer y cambio clim\u00e1tico para presentar las propuestas de las mujeres ind\u00edgenas, dar a conocer medidas que ya se est\u00e1n llevando a cabo, adem\u00e1s de conocer la realidad del Per\u00fa, que por lo visto, no est\u00e1 muy alejada de lo que pasa en Guatemala. Hemos venido a enterarnos tambi\u00e9n de c\u00f3mo se est\u00e1 manejando la transici\u00f3n energ\u00e9tica en otras partes del mundo y c\u00f3mo los pueblos est\u00e1n enfrentando las agresiones del sistema extractivista\u201d.<\/p>\n<p>Adem\u00e1s de la demanda reiterada de justicia clim\u00e1tica que implica el reconocimiento de la forma diferenciada en que los pa\u00edses han contribuido a generar la crisis clim\u00e1tica, con la que deber\u00e1n guardar correspondencia las aportaciones a la soluci\u00f3n, de entre la enorme riqueza de las aportaciones de los participantes, la cumbre plante\u00f3 en su declaraci\u00f3n una demanda concreta:<\/p>\n<p>\u201cExigimos que los pagos por servicios de la deuda externa e interna \u2014que ahogan a los pueblos y limitan la capacidad de los Estados para atender necesidades b\u00e1sicas de las poblaciones\u2014, se destinen a hacer frente a la crisis ambiental y clim\u00e1tica, porque de ello depende la sobrevivencia de la Humanidad y todas las especies vivas del planeta.\u201d<\/p>\n<p>En entrevista con el Programa de las Am\u00e9ricas, el f\u00edsico peruano Ramiro Valdivia Herrera, adem\u00e1s de criticar el lenguaje arbitrario y mercantilista de la COP20, propuso una autonom\u00eda energ\u00e9tica familiar como la mejor estrategia para reducir la vulnerabilidad social a riesgos clim\u00e1ticos, una soberan\u00eda energ\u00e9tica impulsada desde la familia y la comunidad.<\/p>\n<p>\u201cUna cosa fundamental que podemos hacer \u2014se\u00f1al\u00f3\u2014 es ir todos a la puerta de los bancos y decir: \u00a1financiamiento ecol\u00f3gico!, no verde, porque hay que decir las cosas con las palabras correctas. Financiamiento para termas solares que cuando termines de pagarla ya no tendr\u00e1s a nadie m\u00e1s a quien pagar. Igual con energ\u00eda fotovoltaica, e\u00f3lica, etc.\u201d<\/p>\n<p>Eduardo Gudynas, por su parte, despu\u00e9s de la presentaci\u00f3n de su libro \u201cCambio clim\u00e1tico y transiciones al buen vivir\u201d declar\u00f3 que el problema es que nuestra forma de vida est\u00e1 equivocada.<\/p>\n<p>Y para cambiar la forma de vida todas las personas tenemos un \u00e1mbito d\u00f3nde trabajar: desde una asociaci\u00f3n barrial o vecinal, un grupo de productores rurales, una organizaci\u00f3n ind\u00edgena, una comunidad; desde la academia, desde la militancia pol\u00edtica, desde cualquier lado se puede incentivar este cambio, lo que hay que saber es para d\u00f3nde.<\/p>\n<p>\u201cMe parece que est\u00e1 bastante claro \u2014sostiene Gudynas\u2014 que lo que entendemos por desarrollo y todos percibimos como crecimiento econ\u00f3mico, mayor consumo, un estilo de vida vinculado a cierto consumo material, esto ya no puede ser m\u00e1s el objetivo de nuestras vidas y el de la sociedad.\u201d<\/p>\n<p>Por eso retomamos la idea del Buen Vivir \u2014explica\u2014 y le damos mucha relevancia a ciertas cosmovisiones ind\u00edgenas que entienden que la buena vida no tiene nada que ver con el consumo, ni con lo que uno tiene sino con lo que uno es, con la vida en comunidad, con la armon\u00eda con los dem\u00e1s y con el medio ambiente.<\/p>\n<p>\u201cEse cambio tiene un mont\u00f3n de escenarios de trabajo y de militancia. La clave est\u00e1 en no dejarnos encandilar por el crecimiento del PIB, de cu\u00e1ntos autos m\u00e1s se venden, de cu\u00e1nto m\u00e1s exportamos\u2026 \u00e9se ya no es el futuro.\u201d<\/p>\n<p>En la Declaraci\u00f3n de Lima las organizaciones y movimientos presentes en la Cumbre expresaron que seguir\u00e1n articulando sus luchas en las movilizaciones y encuentros del a\u00f1o pr\u00f3ximo, con destino en Par\u00eds, donde se llevar\u00e1 a cabo la COP 21. \u201cDesde ya los movimientos sociales del mundo nos preparamos para dar continuidad a las luchas desde nuestros territorios en defensa de la vida, hasta que nuestras exigencias sean atendidas. \u00a1Seguiremos en lucha hasta <em>cambiar el sistema&#8230; no el clima<\/em>!\u201d<\/p>\n<p>M\u00e1s informaci\u00f3n:<\/p>\n<p>1.\u00a0<a href=\"http:\/\/unfccc.int\/files\/meetings\/lima_dec_2014\/application\/pdf\/auv_cop20_lima_call_for_climate_action.pdf\">http:\/\/unfccc.int\/files\/meetings\/lima_dec_2014\/application\/pdf\/auv_cop20_lima_call_for_climate_action.pdf<\/a><\/p>\n<p>2.\u00a0<a href=\"http:\/\/cumbrepuebloscop20.org\/es\/\">http:\/\/cumbrepuebloscop20.org\/es\/<\/a><\/p>\n<p>&nbsp;<\/p>\n","protected":false},"excerpt":{"rendered":"<p>En Lima, durante dos semanas y 30 horas, se llevaron a cabo las negociaciones entre representantes gubernamentales de 195 pa\u00edses en la Conferencia de las Partes de la Convenci\u00f3n Marco de Naciones Unidas sobre Cambio Clim\u00e1tico (COP20). Paralelamente, durante cuatro d\u00edas, una gran diversidad de organizaciones sociales, movimientos y procesos de resistencia del Per\u00fa y del mundo realiz\u00f3 la Cumbre de los Pueblos Frente al Cambio Clim\u00e1tico.<\/p>\n","protected":false},"author":258,"featured_media":13937,"comment_status":"open","ping_status":"open","sticky":false,"template":"","format":"standard","meta":{"inline_featured_image":false,"footnotes":""},"categories":[4915],"tags":[252],"coauthors":[],"class_list":["post-14185","post","type-post","status-publish","format-standard","has-post-thumbnail","hentry","category-tierra","tag-sudamerica"],"_links":{"self":[{"href":"https:\/\/www.americas.org\/es\/wp-json\/wp\/v2\/posts\/14185","targetHints":{"allow":["GET"]}}],"collection":[{"href":"https:\/\/www.americas.org\/es\/wp-json\/wp\/v2\/posts"}],"about":[{"href":"https:\/\/www.americas.org\/es\/wp-json\/wp\/v2\/types\/post"}],"author":[{"embeddable":true,"href":"https:\/\/www.americas.org\/es\/wp-json\/wp\/v2\/users\/258"}],"replies":[{"embeddable":true,"href":"https:\/\/www.americas.org\/es\/wp-json\/wp\/v2\/comments?post=14185"}],"version-history":[{"count":1,"href":"https:\/\/www.americas.org\/es\/wp-json\/wp\/v2\/posts\/14185\/revisions"}],"predecessor-version":[{"id":14187,"href":"https:\/\/www.americas.org\/es\/wp-json\/wp\/v2\/posts\/14185\/revisions\/14187"}],"wp:featuredmedia":[{"embeddable":true,"href":"https:\/\/www.americas.org\/es\/wp-json\/wp\/v2\/media\/13937"}],"wp:attachment":[{"href":"https:\/\/www.americas.org\/es\/wp-json\/wp\/v2\/media?parent=14185"}],"wp:term":[{"taxonomy":"category","embeddable":true,"href":"https:\/\/www.americas.org\/es\/wp-json\/wp\/v2\/categories?post=14185"},{"taxonomy":"post_tag","embeddable":true,"href":"https:\/\/www.americas.org\/es\/wp-json\/wp\/v2\/tags?post=14185"},{"taxonomy":"author","embeddable":true,"href":"https:\/\/www.americas.org\/es\/wp-json\/wp\/v2\/coauthors?post=14185"}],"curies":[{"name":"wp","href":"https:\/\/api.w.org\/{rel}","templated":true}]}}