{"id":14662,"date":"2015-03-11T16:46:20","date_gmt":"2015-03-11T21:46:20","guid":{"rendered":"http:\/\/www.cipamericas.org\/?p=14662"},"modified":"2015-04-20T22:15:48","modified_gmt":"2015-04-21T03:15:48","slug":"movilizacion-social-frena-privatizacion-del-agua","status":"publish","type":"post","link":"https:\/\/www.americas.org\/es\/movilizacion-social-frena-privatizacion-del-agua\/","title":{"rendered":"Movilizaci\u00f3n social frena privatizaci\u00f3n del agua"},"content":{"rendered":"<p><img loading=\"lazy\" decoding=\"async\" class=\"alignleft size-medium wp-image-14664\" src=\"https:\/\/www.americas.org\/wp-content\/uploads\/2015\/03\/agua-mexico1-300x237.jpg\" alt=\"agua-mexico1\" width=\"300\" height=\"237\" srcset=\"https:\/\/www.americas.org\/wp-content\/uploads\/2015\/03\/agua-mexico1-300x237.jpg 300w, https:\/\/www.americas.org\/wp-content\/uploads\/2015\/03\/agua-mexico1-1024x810.jpg 1024w, https:\/\/www.americas.org\/wp-content\/uploads\/2015\/03\/agua-mexico1.jpg 1063w\" sizes=\"auto, (max-width: 300px) 100vw, 300px\" \/>Recul\u00f3 el partido del gobierno (PRI, m\u00e1s sus aliados PAN, Verde y Panal) en la C\u00e1mara de Diputados federal: la garra privatizadora lanzada esta vez sobre el agua \u2014cuyo acceso es un derecho constitucional\u2014 tendr\u00e1 que esperar mejores tiempos, no electorales, de preferencia.<\/p>\n<p>Al informar que el debate del dictamen de nueva Ley General del Agua, programado para el martes 10, fue diferido indefinidamente, el talante ofensivo del diputado priista Manlio Fabio Beltrones desnud\u00f3 su contrariedad: calific\u00f3 de \u201clento aprendizaje\u201d a quienes advirtieron el car\u00e1cter regresivo de la iniciativa, y dej\u00f3 entrever que la suspensi\u00f3n del proceso de aprobaci\u00f3n legislativo busca evitar que \u201calgunos pol\u00edticos en campa\u00f1a quieran tomarlo como bandera\u201d.<\/p>\n<p>El hecho es que ante la inminencia de un nuevo atraco de dimensiones colosales, la reacci\u00f3n social fue inmediata. La Uni\u00f3n de Cient\u00edficos Comprometidos con la Sociedad (UCCS) exigi\u00f3 un debate p\u00fablico de la iniciativa y lanz\u00f3 un <a href=\"http:\/\/www.uccs.mx\/doc\/p\/la-ley-general-de-aguas_es\">manifiesto<\/a> que en pocas horas reuni\u00f3 m\u00e1s de diez mil firmas.<\/p>\n<p>Denunciaron la opacidad del proceso de discusi\u00f3n y aprobaci\u00f3n de la iniciativa y sus contenidos contrarios al Art\u00edculo 4\u00b0 Constitucional (\u201cToda persona tiene derecho al acceso, disposici\u00f3n y saneamiento de agua para consumo personal y dom\u00e9stico en forma suficiente, salubre, aceptable y asequible. El Estado garantizar\u00e1 este derecho\u201d) y se\u00f1alaron cuatro de los graves problemas de la propuesta de ley.<\/p>\n<ol>\n<li>Promueve la privatizaci\u00f3n del agua al considerarla principalmente un bien econ\u00f3mico y no un bien cultural y social. Acentuar\u00eda la desigualdad en el acceso al agua por el aumento de tarifas y comprometer\u00eda su disponibilidad para el funcionamiento de los ecosistemas.<\/li>\n<\/ol>\n<ol start=\"2\">\n<li>Promueve el desplazamiento de personas y la muerte de los r\u00edos al legalizar la pr\u00e1ctica de trasvasar el agua moviendo grandes vol\u00famenes de una cuenca a otra.<\/li>\n<\/ol>\n<ol start=\"3\">\n<li>Ampl\u00eda los m\u00e1rgenes para contaminar el agua al establecer un listado limitado de contaminantes que constantemente estar\u00eda desactualizado.<\/li>\n<\/ol>\n<ol start=\"4\">\n<li>Restringe, condiciona y sanciona los estudios, la investigaci\u00f3n cient\u00edfica y el monitoreo social.<\/li>\n<\/ol>\n<p>Los cient\u00edficos alertaron a la comunidad acad\u00e9mica y a la sociedad sobre el intento de aprobaci\u00f3n \u201cfast-track\u201d de la <a href=\"http:\/\/gaceta.diputados.gob.mx\/PDF\/62\/2015\/mar\/20150305-II.pdf\">iniciativa<\/a> de la Ley General de Aguas formulada por la Comisi\u00f3n Nacional del Agua, \u00f3rgano del gobierno federal, y presentada por los legisladores Kamel Athi\u00e9 Flores (PRI), Jos\u00e9 Antonio Rojo Garc\u00eda de Alba (PRI), Sergio Augusto Chan Lugo (PAN), y Gerardo Gaudiano Rovirosa (PRD).<\/p>\n<p>Al mismo tiempo, m\u00e1s de 30 organizaciones, movimientos e investigadores de instituciones acad\u00e9micas reunidas en el <a href=\"http:\/\/aguaparatodos.org.mx\/quienes-somos\/\">colectivo<\/a> Agua para Todos demandaron que sea considerada por los legisladores la propuesta ciudadana de Ley General de Aguas, presentada al Senado el 24 de febrero de este a\u00f1o.<\/p>\n<p>La iniciativa ciudadana fue promovida por una <a href=\"https:\/\/secure.avaaz.org\/es\/petition\/Congreso_de_la_Union_Mexico_Desechen_la_iniciativa_de_Ley_General_de_Aguas_fast_track_1\/?sapUUbb\">petici\u00f3n<\/a> a trav\u00e9s de AVAAZ que al momento de redactar esta nota llevaba cerca de 14 mil firmas exigiendo que el Congreso deseche la iniciativa privatizadora y entable \u201cun genuino di\u00e1logo para la concertaci\u00f3n de una Ley General de Aguas que permita a M\u00e9xico transitar a una gesti\u00f3n sustentable y equitativa, en pleno respeto de los derechos humanos\u201d.<\/p>\n<p>La iniciativa <a href=\"http:\/\/aguaparatodos.org.mx\/la-iniciativa-ciudadana-de-ley-general-de-aguas\/\">ciudadana<\/a> consta de 176 art\u00edculos y 19 transitorios que reglamentan las disposiciones constitucionales en materia de acceso al agua para consumo personal y dom\u00e9stico y definen \u201clas bases, apoyos y modalidades para el acceso y uso equitativo y sustentable de los recursos h\u00eddricos\u201d.<\/p>\n<p>Establece asimismo las facultades de la federaci\u00f3n, los estados y municipios, as\u00ed como la participaci\u00f3n ciudadana para: garantizar los derechos humanos al agua, a la alimentaci\u00f3n en relaci\u00f3n al agua y a un medio ambiente sano mediante la disponibilidad de agua suficiente y de calidad para los ecosistemas; garantizar el uso preferente del agua por parte de los pueblos ind\u00edgenas, as\u00ed como el respeto a sus formas de gobierno en relaci\u00f3n con el agua.<\/p>\n<p>Tambi\u00e9n dispone medidas para restaurar los flujos de aguas subterr\u00e1neas y superficiales; eliminar progresivamente la contaminaci\u00f3n as\u00ed como las actividades que destruyen o deterioran las cuencas y sus aguas subterr\u00e1neas, y acabar con la vulnerabilidad de la poblaci\u00f3n ante sequ\u00edas e inundaciones causadas por el manejo inadecuado de las cuencas.<\/p>\n<p>En cambio, la finalidad de la iniciativa promovida por el gobierno de Enrique Pe\u00f1a Nieto, llamada Ley Korenfeld por ser obra del director de la CONAGUA, David Korenfeld, es entregarle al sector privado la distribuci\u00f3n del l\u00edquido, lo cual elevar\u00e1 las tarifas, no ofrecer\u00e1 necesariamente un mejor servicio \u2014como indica la experiencia local y mundial\u2014 y favorecer\u00e1 el <em>fracking<\/em>. Esto \u00faltimo ha llevado a algunos <a href=\"http:\/\/www.proceso.com.mx\/?p=397471\">legisladores<\/a> opositores a considerar la iniciativa como consecuencia de la reforma energ\u00e9tica aprobada el a\u00f1o pasado.<\/p>\n<p>El fracking consume ingentes vol\u00famenes de agua. Se requieren entre 9 mil y 29 mil metros c\u00fabicos de agua para las operaciones de un solo pozo y frecuentemente los yacimientos de lutitas se encuentran en las zonas m\u00e1s \u00e1ridas con la consecuente presi\u00f3n sobre la sostenibilidad de los recursos h\u00eddricos, incluso en regiones de clima templado.<\/p>\n<p>La iniciativa oficial permite heredar las concesiones de agua, mantener su tr\u00e1fico, cambiar el t\u00e9rmino de \u201casignaci\u00f3n\u201d por el de \u201cconcesi\u00f3n\u201d, convertir en concesionario al empresario que construya un trasvase y obliga al gobierno a incorporar inversiones privadas en el manejo del agua.<\/p>\n<p>Adem\u00e1s, la reforma viola <a href=\"http:\/\/redaccion.nexos.com.mx\/?p=6839\">tratados<\/a> internacionales y contraviene el m\u00ednimo vital de agua potable de 100 litros diarios por persona recomendado por la Organizaci\u00f3n Mundial de la Salud, el cual la iniciativa reduce a la mitad, diciendo que el Estado s\u00f3lo garantizar\u00e1 50 litros por persona&#8211;a todas luces insuficientes para cumplir con las necesidades b\u00e1sicas de consumo e higiene personal.<\/p>\n<p>Preocupadas por la nueva arremetida contra derechos esenciales, las organizaciones integradas en la Convenci\u00f3n Nacional Campesina e Ind\u00edgena abordaron el tema y programaron movilizaciones para impedir la privatizaci\u00f3n del agua.<\/p>\n<p>Por su lado, los grupos parlamentarios de los partidos Movimiento Ciudadano, PRD, PT y Morena hab\u00edan amagado con tomar la tribuna del Congreso si fuera necesario para frenar la aprobaci\u00f3n del dictamen en el pleno legislativo.<\/p>\n<p>El proyecto de entrega del agua a intereses particulares arranc\u00f3 hace a\u00f1os. De acuerdo con el economista de la UNAM Eduardo <a href=\"http:\/\/www.sdpnoticias.com\/nacional\/2015\/03\/10\/ley-de-aguas-privatizaria-el-negocio-ya-concesionado-y-embotellado-de-los-particulares\">Esquivel<\/a>, existen dos tipos de concesionarios en M\u00e9xico, los peque\u00f1os y grandes agricultores y los grandes corporativos como Coca-Cola Femsa, Pepsico, Nestl\u00e9, entre otras empresas.<\/p>\n<p>\u201cDesde 1994 se han otorgado a 16 embotelladoras alrededor de 27 concesiones hidr\u00e1ulicas en 10 estados y sobre 15 r\u00edos: 5 en Aguascalientes, 2 en Zacatecas, 5 en Jalisco, 3 en Colima, 1 en Coahuila, 5 en Durango, 1 en Zacatecas, 1 en Guerrero y 1 en Morelia. La concesi\u00f3n m\u00e1s grande se otorg\u00f3 en el 2001 en el gobierno de Vicente Fox, a la Embotelladora de Cuernavaca por 1,353,000 metros c\u00fabicos de agua subterr\u00e1nea de la cuenca del R\u00edo Balsas\u201d, escribi\u00f3 recientemente.<\/p>\n<p>Hoy se evit\u00f3 temporalmente que los legisladores proclives al gobierno de Pe\u00f1a formalicen la privatizaci\u00f3n del agua que dar\u00eda manga ancha a las grandes empresas sobre el recurso, fijando tarifas y potenciando sus altas ganancias. Sin embargo, la amenaza sigue latente. La respuesta r\u00e1pida y masiva por parte de las organizaciones campesinas e ind\u00edgenas y de la ciudadan\u00eda por lo pronto ha dejado en claro que las medidas privatizadoras del actual gobierno tendr\u00e1n un costo pol\u00edtico cada vez m\u00e1s alto.<\/p>\n","protected":false},"excerpt":{"rendered":"<p>Recul\u00f3 el partido del gobierno (PRI, m\u00e1s sus aliados PAN, Verde y Panal) en la C\u00e1mara de Diputados federal: la garra privatizadora lanzada esta vez sobre el agua \u2014cuyo acceso es un derecho constitucional\u2014 tendr\u00e1 que esperar mejores tiempos, no electorales, de preferencia.<\/p>\n","protected":false},"author":258,"featured_media":14664,"comment_status":"open","ping_status":"open","sticky":false,"template":"","format":"standard","meta":{"inline_featured_image":false,"footnotes":""},"categories":[4913,4915],"tags":[4958,5071],"coauthors":[],"class_list":["post-14662","post","type-post","status-publish","format-standard","has-post-thumbnail","hentry","category-soberania-alimentaria","category-tierra","tag-mexico","tag-norteamerica"],"_links":{"self":[{"href":"https:\/\/www.americas.org\/es\/wp-json\/wp\/v2\/posts\/14662","targetHints":{"allow":["GET"]}}],"collection":[{"href":"https:\/\/www.americas.org\/es\/wp-json\/wp\/v2\/posts"}],"about":[{"href":"https:\/\/www.americas.org\/es\/wp-json\/wp\/v2\/types\/post"}],"author":[{"embeddable":true,"href":"https:\/\/www.americas.org\/es\/wp-json\/wp\/v2\/users\/258"}],"replies":[{"embeddable":true,"href":"https:\/\/www.americas.org\/es\/wp-json\/wp\/v2\/comments?post=14662"}],"version-history":[{"count":1,"href":"https:\/\/www.americas.org\/es\/wp-json\/wp\/v2\/posts\/14662\/revisions"}],"predecessor-version":[{"id":14666,"href":"https:\/\/www.americas.org\/es\/wp-json\/wp\/v2\/posts\/14662\/revisions\/14666"}],"wp:featuredmedia":[{"embeddable":true,"href":"https:\/\/www.americas.org\/es\/wp-json\/wp\/v2\/media\/14664"}],"wp:attachment":[{"href":"https:\/\/www.americas.org\/es\/wp-json\/wp\/v2\/media?parent=14662"}],"wp:term":[{"taxonomy":"category","embeddable":true,"href":"https:\/\/www.americas.org\/es\/wp-json\/wp\/v2\/categories?post=14662"},{"taxonomy":"post_tag","embeddable":true,"href":"https:\/\/www.americas.org\/es\/wp-json\/wp\/v2\/tags?post=14662"},{"taxonomy":"author","embeddable":true,"href":"https:\/\/www.americas.org\/es\/wp-json\/wp\/v2\/coauthors?post=14662"}],"curies":[{"name":"wp","href":"https:\/\/api.w.org\/{rel}","templated":true}]}}