{"id":15219,"date":"2015-06-18T10:07:30","date_gmt":"2015-06-18T15:07:30","guid":{"rendered":"http:\/\/www.cipamericas.org\/?p=15219"},"modified":"2015-06-29T07:08:30","modified_gmt":"2015-06-29T12:08:30","slug":"tlachinollan-accion-urgente-policia-federal-abre-fuego-en-contra-de-poblacion-de-tlapa-de-comonfort-despues-de-un-operativo-fallido","status":"publish","type":"post","link":"https:\/\/www.americas.org\/es\/tlachinollan-accion-urgente-policia-federal-abre-fuego-en-contra-de-poblacion-de-tlapa-de-comonfort-despues-de-un-operativo-fallido\/","title":{"rendered":"Policia federal abre fuego en Tlapa despu\u00e9s de operativo fallido"},"content":{"rendered":"<p>&nbsp;<\/p>\n<p><strong>HECHOS:<\/strong><\/p>\n<p><img loading=\"lazy\" decoding=\"async\" class=\" size-medium wp-image-15300 alignleft\" src=\"https:\/\/www.americas.org\/wp-content\/uploads\/2015\/06\/Firma-Accion-Urgente-en-L\u00ednea2-702x336-300x144.jpg\" alt=\"Firma-Accion-Urgente-en-L\u00ednea2-702x336\" width=\"300\" height=\"144\" srcset=\"https:\/\/www.americas.org\/wp-content\/uploads\/2015\/06\/Firma-Accion-Urgente-en-L\u00ednea2-702x336-300x144.jpg 300w, https:\/\/www.americas.org\/wp-content\/uploads\/2015\/06\/Firma-Accion-Urgente-en-L\u00ednea2-702x336.jpg 702w\" sizes=\"auto, (max-width: 300px) 100vw, 300px\" \/>El d\u00eda de hoy 7 de junio de 2015, en el marco de la jornada electoral, alrededor de las 14:30 hrs., dos patrullas con n\u00famero econ\u00f3mico 1699 y 1566 de la Polic\u00eda Federal (PF) con al menos 24 elementos allan\u00f3 arbitrariamente las oficinas de la Coordinadora Estatal de Trabajadores del Estado de Guerrero (CETEG) en la Ciudad de Tlapa de Comonfort, ubicada en la colonia Tepeyac a un costado de la Delegaci\u00f3n Regional de la Monta\u00f1a de Servicios Educativos de la Secretar\u00eda de Educaci\u00f3n de Guerrero (SEG), en el que detuvieron violentamente a un grupo de maestros; 6 hombres, entre ellos un menor de edad: Juan S\u00e1nchez Gaspar, Pablo Abad D\u00edaz, Juli\u00e1n Ayerdi Chavelas, Ra\u00fal Sierra de Jes\u00fas, Francisco Ortega Vicente, \u00c1ngel Basurto Ortega; 2 mujeres: Agustina Luna Mart\u00ednez y Herlinda Iturbide Pinz\u00f3n; sin ninguna orden de aprehensi\u00f3n.<\/p>\n<p>De manera particular el profesor Juan S\u00e1nchez Gaspar fue sustra\u00eddo de su domicilio ubicado a un costado del edificio de la CETEG, al cual la Polic\u00eda Federal irrumpi\u00f3 de manera arbitraria. Cabe se\u00f1alar que el profesor Juan S\u00e1nchez Gaspar es padre del docente Juan Leugu\u00edn S\u00e1nchez, quien fuera golpeado brutalmente por la Polic\u00eda Estatal, en coordinaci\u00f3n con grupos de personas armadas vinculadas con distintos partidos pol\u00edticos, el pasado viernes 5 de junio de 2015 en esta misma ciudad[1].<\/p>\n<p>Posterior a la detenci\u00f3n de los profesores, al menos 35 elementos de la Polic\u00eda Federal ingresaron nuevamente a bordo de tres patrullas a la colonia Tepeyac con el fin de catear las instalaciones de la CETEG y llevarse dos camionetas de la Coordinadora, para lo cual se apoyaron de dos gr\u00faas de tr\u00e1nsito estatal.<\/p>\n<p>Al ser testigos de la arbitrariedad de los hechos, diversos vecinos y vecinas de la colonia aleda\u00f1a, salieron a las calles y comenzaron a reclamar a los polic\u00edas sus actos. El altercado escal\u00f3 y ante la indignante imagen de la detenci\u00f3n arbitraria y el cateo de las oficinas de la CETEG, los pobladores de la colonia impidieron la salida al grupo de 35 Polic\u00edas Federales y advirtieron que no los dejar\u00edan ir, hasta que fueran liberados los detenidos y detenidas arbitrariamente, quienes estaban siendo trasladados por v\u00eda a\u00e9rea a la Ciudad de M\u00e9xico en un helic\u00f3ptero de la Marina.<\/p>\n<p>Como respuesta a la retenci\u00f3n, alrededor de las 15:30 hrs., la Polic\u00eda Federal despleg\u00f3 un aparatoso operativo en el que cientos de elementos mantuvieron asediada a la poblaci\u00f3n lo que gener\u00f3 un ambiente de tensi\u00f3n que se prolong\u00f3 hasta por dos horas. Esta situaci\u00f3n se pudo distender con la mediaci\u00f3n de Tlachinollan, a partir de la cual, la CETEG alcanz\u00f3 un acuerdo con las autoridades federales con el cual los detenidos y detenidas ser\u00edan trasladados a Tlapa de nueva cuenta y que los polic\u00edas ser\u00edan liberados una vez que el grupo de detenidos fueran entregados en la ciudad de Tlapa; acordando adem\u00e1s que el despliegue de las fuerzas de la Polic\u00eda Federal que se llevaba a cabo en distintas Colonias aleda\u00f1as de Tlapa retrocediera a unos dos kil\u00f3metros de d\u00f3nde estaban retenidos los Polic\u00edas, sobre la calle Heroico Colegio Militar, para evitar mayor confrontaci\u00f3n.<\/p>\n<p>Durante la espera, alrededor de las 18.30 hrs., los Polic\u00edas retenidos fueron ingresados a la Capilla de la Colonia Tepeyac con el objetivo de resguardarlos de grupos ajenos a la Colonia, para lo cual se les solicit\u00f3 que dejaran en la entrada sus toletes, escudos y cascos. Cabe resaltar que hasta ese momento, los Polic\u00edas no hab\u00edan sido desarmados y \u00fanicamente se solicit\u00f3 que se quitaran ese equipo. Dentro de la Capilla se encontraban, mujeres, j\u00f3venes y ni\u00f1os resguardando. En el marco de la mediaci\u00f3n, Tlachinollan acudi\u00f3 a la Capilla para constatar la integridad de los Polic\u00edas y para informar a las familias de las personas detenidas que sus familiares estar\u00edan de regreso en Tlapa, una vez que fueran llevados a Chilpancingo por v\u00eda a\u00e9rea y de ah\u00ed a Tlapa por v\u00eda terrestre.<\/p>\n<p>Sin embargo, alrededor de las 20 hrs., la Polic\u00eda Federal reactiv\u00f3 el operativo e incursion\u00f3 en la Colonia incumpliendo con los acuerdos logrados entre el Gobierno Federal y los profesores de la CETEG; durante el operativo se utilizaron armas de fuego, gases lacrim\u00f3genos y otros gases, lo que conllev\u00f3 al terror entre las familias que se encontraban a la espera de noticias sobre el regreso de sus familiares detenidos.<\/p>\n<p>Diversos testimonios dan cuenta de la posible participaci\u00f3n de elementos del Ej\u00e9rcito del 27 batall\u00f3n de infanter\u00eda con sede en Tlapa.<\/p>\n<p>Durante el operativo desplegado de manera desproporcionada por la Polic\u00eda Federal \u2013 de acuerdo a los testimonios recogidos \u2013, elementos de esta corporaci\u00f3n irrumpieron en las casas particulares amedrentando a las familias de la colonia Tepeyac con gases lacrim\u00f3genos, generando un n\u00famero indeterminado de heridos y personas en estado de <em>shock<\/em>.<\/p>\n<p>Al momento, se tiene informaci\u00f3n de al menos 4 personas heridas de gravedad y una persona asesinada por herida de bala: el joven Antonio Vivar D\u00edaz, estudiante del \u00faltimo a\u00f1o de la Licenciatura en Desarrollo Comunitario Integral, con especialidad en Sistemas Normativos de Pueblos Ind\u00edgenas en la Universidad Pedag\u00f3gica Nacional (UPN) en la Unidad 12-D de Tlapa de Comonfort, a quien le sobrevive un ni\u00f1o de 8 meses.<\/p>\n<p><strong>LLAMAMIENTO:<\/strong><\/p>\n<p>Cabe recordar que estos lamentables eventos se desarrollan en medio de una jornada electoral en Guerrero y otros estados como Oaxaca, Michoac\u00e1n y Chiapas, donde se despleg\u00f3 un alarmante n\u00famero de fuerzas de seguridad estatales y federales, as\u00ed como militares, que tal y como lo denunciamos hace unos d\u00edas, es clara se\u00f1al del retroceso autoritario que enfrenta la construcci\u00f3n de democracia en el pa\u00eds. De igual forma, los acontecimientos son un desenlace fat\u00eddico de una serie de eventos que hab\u00edan sido denunciados por organizaciones de la sociedad civil, como los ocurridos el viernes 5 de junio, cuando la polic\u00eda estatal reprimi\u00f3 a integrantes del Movimiento Popular Guerrerense (MPG) y de la Coordinadora Estatal de Trabajadores de la Educaci\u00f3n del Estado de Guerrero (CETEG) en la ciudad de Tlapa; adem\u00e1s, permiti\u00f3 y respald\u00f3 la acci\u00f3n violenta de grupos de personas armadas vinculadas con distintos partidos pol\u00edticos, que se enfrentaron contra los grupos sociales. Al momento se tiene registro de al menos dos personas gravemente heridas, una de ellas se encuentra hospitalizada.<\/p>\n<p>Adem\u00e1s, estos eventos se desarrollan a poco m\u00e1s de ocho meses en los que tres estudiantes de la Normal Rural \u201cRa\u00fal Isidro Burgos\u201d de Ayotzinapa fueran ejecutados y 43 m\u00e1s desaparecidos forzadamente a manos de polic\u00edas municipales de Iguala, en colusi\u00f3n con el crimen organizado; y a casi tres a\u00f1os y medio de que dos estudiantes de la misma Normal fueran ejecutados en la ciudad de Chilpancingo, luego de que fuerzas de seguridad federal y estatales \u2013 incluyendo la PF \u2013 abrieran fuego en un operativo fallido para disolver una manifestaci\u00f3n estudiantil.<\/p>\n<p>Ante ello, urgimos a la sociedad civil y a la comunidad internacional a exigir:<\/p>\n<ol>\n<li>Garantizar la integridad de la poblaci\u00f3n de Tlapa y de las personas detenidas por la Polic\u00eda Federal en las instalaciones de la CETEG.<\/li>\n<li>Llevar a cabo una investigaci\u00f3n independiente, expedita y eficiente de todos los hechos ocurridos el d\u00eda 7 de junio, con especial atenci\u00f3n a la ejecuci\u00f3n del joven Antonio Vivar D\u00edaz; as\u00ed como procesar a las autoridades responsables de la misma.<\/li>\n<li>Iniciar los procesos administrativos y judiciales contra autoridades Estatales y Federales que faltaron a su deber de prevenir razonablemente estas graves violaciones a los derechos humanos.<\/li>\n<li>Garantizar la atenci\u00f3n integral, m\u00e9dica y psicol\u00f3gica, de las personas lesionadas.<\/li>\n<li>Establecer la verdad y reparar integralmente los da\u00f1os a las v\u00edctimas y sus familiares.<\/li>\n<\/ol>\n<p>Enviar sus llamamientos a:<\/p>\n<p><strong>Lic. Miguel \u00c1ngel Osorio Chong<\/strong><\/p>\n<p>Secretario de Gobernaci\u00f3n.<\/p>\n<ol start=\"7300\">\n<li>Abraham Gonz\u00e1lez No.48, Col. Ju\u00e1rez, Del. Cuauht\u00e9moc\u00a0 C. P. 06600, M\u00e9xico, D. F. &#8211; Tel. (55) 5728-7400 \u00f3 7300. <a href=\"mailto:secretario@segob.gob.mx\"><strong>secretario@segob.gob.mx<\/strong><\/a><\/li>\n<\/ol>\n<p><strong>Mtra. Arely Gomez Gonz\u00e1lez<\/strong><\/p>\n<p>Procuradora General de la Rep\u00fablica<\/p>\n<p>Paseo de la Reforma 211-213, Piso 16<\/p>\n<p>Col. Cuauht\u00e9moc, Del. Cuauht\u00e9moc, C.P. 06500 M\u00e9xico D. F.<\/p>\n<p>Tel: (52.55) 53460000 ext. 0108<\/p>\n<p>Fax: (52.55) 5346.0928<\/p>\n<p>Correo: <a href=\"mailto:ofproc@pgr.gob.mx\"><strong>ofproc@pgr.gob.mx<\/strong><\/a><\/p>\n<p><strong>Lic. Monte Alejandro Rubido Garc\u00eda<\/strong><\/p>\n<p>Comisionado Nacional de Seguridad<\/p>\n<p>Secretar\u00eda de Gobernaci\u00f3n.<\/p>\n<p>Av. Constituyentes #947 Col. Bel\u00e9n de las Flores, Del. \u00c1lvaro Obreg\u00f3n<\/p>\n<p>Distrito Federal CP. 01110 Tel. (55)1103 6000<\/p>\n<p>Correo:<\/p>\n<p><strong>Lic. Rogelio Ortega Mart\u00ednez<\/strong><\/p>\n<p>Gobernador del Estado de Guerrero, Palacio de Gobierno, Edificio Centro 2do. Piso, Col. Ciudad de los Servicios, C.P. 39074 Chilpancingo, Guerrero, M\u00e9xico, Fax: +52 747 471 9956,<\/p>\n<p><strong>Lic. David Cienfuegos Salgado<\/strong><\/p>\n<p>Secretario de Gobierno del Estado de Guerrero Palacio de Gobierno, Edificio Norte, 2\u00ba Piso., Boulevard Lic. Ren\u00e9 Ju\u00e1rez Cisneros No. 62. Col. Cd, de los Servicios, C.P. 39074, Chilpancingo, Gro. Tel: <a href=\"tel:%28747%29%20471%209803\">(747) 471 9803<\/a>, 471 9804, 471 9806 <a href=\"mailto:contacto@guerrero.gob.mx\">contacto@guerrero.gob.mx<\/a>, <a href=\"mailto:secretariageneral@guerrero.gob.mx\"><strong>secretariageneral@guerrero.gob.mx<\/strong><\/a><\/p>\n<p><strong>Miguel \u00c1ngel God\u00ednez Mu\u00f1oz<\/strong><\/p>\n<p>Fiscal General del Estado de Guerrero<\/p>\n<p>Fiscal\u00eda General del Estado de Guerrero<\/p>\n<p>Boulevard Ren\u00e9 Ju\u00e1rez Cisneros S\/N, esquina calle Juan Jim\u00e9nez S\u00e1nchez<\/p>\n<p>Col. El Potrerito, C.P. 39098, Chilpancingo, Guerrero.<\/p>\n<p>Tel. 01 747 494 29 99<\/p>\n<p><a href=\"mailto:pgj@guerrero.gob.mx\">pgj@guerrero.gob.mx<\/a><\/p>\n<p><strong>Dr. Luis Ra\u00fal Gonz\u00e1lez P\u00e9rez<\/strong><\/p>\n<p>Presidente de la Comisi\u00f3n Nacional de Derechos Humanos Edificio \u201cH\u00e9ctor Fix Zamudio\u201d, Blvd. Adolfo L\u00f3pez Mateos 1922, 6\u00b0 piso, Col. Tlacopac San \u00c1ngel, Del. \u00c1lvaro Obreg\u00f3n, C.P. 01040, M\u00e9xico, D.F. Tels. y fax (55) 56 81 81 25 y 54 90 74 00 <a href=\"mailto:correo@cndh.org.mx\">correo@cndh.org.mx<\/a>, <a href=\"mailto:presidencia@cndh.org.mx\"><strong>presidencia@cndh.org.mx<\/strong><\/a><\/p>\n<p><strong>Lic. Ram\u00f3n Navarrete Magdaleno<\/strong><\/p>\n<p>Presidente de la Comisi\u00f3n de Defensa de los Derechos Humanos del Estado de Guerrero (Coddehum) Avda. Ju\u00e1rez, Esq. Galo Sober\u00f3n y Parra Col. Centro, 39000, Chilpancingo, Guerrero, M\u00e9xico. Tel\u00e9fono: (+52) (01) 747 471 21 90 Fax: (+52) (01) 747 471 2190 E-mail: <a href=\"mailto:coddehum@prodigy.net.mx\">coddehum@prodigy.net.mx<\/a><\/p>\n<p><strong>Javier Hern\u00e1ndez Valencia<\/strong><\/p>\n<p>Oficina del Alto Comisionado para las Naciones Unidas<\/p>\n<p>Alejandro Dumas No 165,Col. Polanco. Del. Miguel Hidalgo. C.P 11560, M\u00e9xico D.F.<\/p>\n<p>Tel: (52-55) 5061-6350; Fax: (52-55) 5061-6358<\/p>\n<p>Correo: <a href=\"mailto:quejasoacnudhmexico@ohchr.org\">quejasoacnudhmexico@ohchr.org<\/a>; <a href=\"mailto:oacnudh@ohchr.org\">oacnudh@ohchr.org<\/a><\/p>\n<p><strong>Dr. Emilio Alvarez Icaza<\/strong><\/p>\n<p>Secretario Ejecutivo de la Comisi\u00f3n Interamericana de Derechos Humanos<\/p>\n<p>1889 F Street, N.W. Washington, D.C., 20006 U.S.A.<\/p>\n<p>Tel: <a href=\"tel:202-458-6002\">202-458-6002<\/a> Fax: <a href=\"tel:202-458-3992\">202-458-3992<\/a><\/p>\n<p><a href=\"mailto:cidhoea@oas.org\">cidhoea@oas.org<\/a><\/p>\n","protected":false},"excerpt":{"rendered":"<p>El d\u00eda de hoy 7 de junio de 2015, en el marco de la jornada electoral, alrededor de las 14:30 hrs., dos patrullas con n\u00famero econ\u00f3mico 1699 y 1566 de la Polic\u00eda Federal (PF) con al menos 24 elementos allan\u00f3 arbitrariamente las oficinas de la Coordinadora Estatal de Trabajadores del Estado de Guerrero (CETEG) en la Ciudad de Tlapa de Comonfort, ubicada en la colonia Tepeyac a un costado de la Delegaci\u00f3n Regional de la Monta\u00f1a de Servicios Educativos de la Secretar\u00eda de Educaci\u00f3n de Guerrero (SEG).<\/p>\n","protected":false},"author":392,"featured_media":15300,"comment_status":"open","ping_status":"open","sticky":false,"template":"","format":"standard","meta":{"inline_featured_image":false,"footnotes":""},"categories":[],"tags":[],"coauthors":[],"class_list":["post-15219","post","type-post","status-publish","format-standard","has-post-thumbnail","hentry"],"_links":{"self":[{"href":"https:\/\/www.americas.org\/es\/wp-json\/wp\/v2\/posts\/15219","targetHints":{"allow":["GET"]}}],"collection":[{"href":"https:\/\/www.americas.org\/es\/wp-json\/wp\/v2\/posts"}],"about":[{"href":"https:\/\/www.americas.org\/es\/wp-json\/wp\/v2\/types\/post"}],"author":[{"embeddable":true,"href":"https:\/\/www.americas.org\/es\/wp-json\/wp\/v2\/users\/392"}],"replies":[{"embeddable":true,"href":"https:\/\/www.americas.org\/es\/wp-json\/wp\/v2\/comments?post=15219"}],"version-history":[{"count":1,"href":"https:\/\/www.americas.org\/es\/wp-json\/wp\/v2\/posts\/15219\/revisions"}],"predecessor-version":[{"id":15366,"href":"https:\/\/www.americas.org\/es\/wp-json\/wp\/v2\/posts\/15219\/revisions\/15366"}],"wp:featuredmedia":[{"embeddable":true,"href":"https:\/\/www.americas.org\/es\/wp-json\/wp\/v2\/media\/15300"}],"wp:attachment":[{"href":"https:\/\/www.americas.org\/es\/wp-json\/wp\/v2\/media?parent=15219"}],"wp:term":[{"taxonomy":"category","embeddable":true,"href":"https:\/\/www.americas.org\/es\/wp-json\/wp\/v2\/categories?post=15219"},{"taxonomy":"post_tag","embeddable":true,"href":"https:\/\/www.americas.org\/es\/wp-json\/wp\/v2\/tags?post=15219"},{"taxonomy":"author","embeddable":true,"href":"https:\/\/www.americas.org\/es\/wp-json\/wp\/v2\/coauthors?post=15219"}],"curies":[{"name":"wp","href":"https:\/\/api.w.org\/{rel}","templated":true}]}}