{"id":15505,"date":"2015-07-13T10:22:10","date_gmt":"2015-07-13T15:22:10","guid":{"rendered":"http:\/\/www.cipamericas.org\/?p=15505"},"modified":"2015-10-09T12:11:43","modified_gmt":"2015-10-09T17:11:43","slug":"el-valle-de-san-quintin-entre-el-abuso-laboral-y-la-movilizacion-de-los-jornaleros-2","status":"publish","type":"post","link":"https:\/\/www.americas.org\/es\/el-valle-de-san-quintin-entre-el-abuso-laboral-y-la-movilizacion-de-los-jornaleros-2\/","title":{"rendered":"El valle de San Quint\u00edn: entre el abuso laboral y la movilizaci\u00f3n de los jornaleros"},"content":{"rendered":"<p><em>\u201cEn [en el valle de] San Quint\u00edn nos tienen muriendo de hambre desde hace veinte a\u00f1os\u201d,<\/em><br \/>\nJavier Ram\u00edrez, Jornalero, marzo 2015<\/p>\n<p><em>\u201c\u2026. Lo que hay detr\u00e1s nuestro es el hambre, es el salario de hambre que recibimos\u201d,<\/em><br \/>\nFidel S\u00e1nchez, Jornalero, marzo 2015<\/p>\n<p><em>\u201cAqu\u00ed [en los campos del valle San Quint\u00edn] es peor, porque los ni\u00f1os tienen hambre, llegas y vendes todo lo que tienes porque no tienes ni un centavo; definitivamente aqu\u00ed es peor, porque llegas con promesas, ilusiones, y no pasa nada, te va peor, me da tristeza\u201d,<\/em> Juli\u00e1n de Jes\u00fas, Jornalero.<br \/>\nReportaje San Quint\u00edn, el valle de la explotaci\u00f3n laboral, junio 2014<\/p>\n<p><strong>El valle de los contrastes, entre la explotaci\u00f3n y la resistencia<\/strong><\/p>\n<figure id=\"attachment_15047\" aria-describedby=\"caption-attachment-15047\" style=\"width: 300px\" class=\"wp-caption alignleft\"><img loading=\"lazy\" decoding=\"async\" class=\"size-medium wp-image-15047\" src=\"https:\/\/www.americas.org\/wp-content\/uploads\/2015\/05\/DIRIGENCIA-300x200.jpeg\" alt=\"Photo: David Bacon\" width=\"300\" height=\"200\" srcset=\"https:\/\/www.americas.org\/wp-content\/uploads\/2015\/05\/DIRIGENCIA-300x200.jpeg 300w, https:\/\/www.americas.org\/wp-content\/uploads\/2015\/05\/DIRIGENCIA.jpeg 1024w\" sizes=\"auto, (max-width: 300px) 100vw, 300px\" \/><figcaption id=\"caption-attachment-15047\" class=\"wp-caption-text\">Photo: David Bacon<\/figcaption><\/figure>\n<p>El valle de San Quint\u00edn, uno de los lugares de M\u00e9xico con mayor producci\u00f3n agr\u00edcola mercantil destinada principalmente a la exportaci\u00f3n, es tambi\u00e9n uno de los sitios con las condiciones de trabajo m\u00e1s abusivas, antihigi\u00e9nicas y nocivas para los jornaleros. Desde este contexto, las recientes revueltas y movilizaciones de trabajadores agr\u00edcolas de marzo pasado en demanda de sus derechos laborales y de condiciones de trabajo justas no fueron improvisadas ni gratuitas, sino resultado de la injusticia. Tras dos fallidas mesas de negociaci\u00f3n en octubre de 2014 y enero 2015, estas acciones de los jornaleros organizados respondieron al desd\u00e9n y mutismo del soberbio sector patronal y a la indiferencia y falta de respuesta efectiva y voluntad pol\u00edtica de las autoridades estatales. Con esto, los trabajadores agr\u00edcolas, adem\u00e1s de exigir el cumplimiento de sus demandas, mostraron y denunciaron que hoy d\u00eda la explotaci\u00f3n laboral exacerbada es una realidad social aguda y vigente que padecen decenas de miles de personas en San Quint\u00edn.<\/p>\n<p>En este contexto, hablar actualmente de esclavitud no es una exageraci\u00f3n, sino, como han manifestado diversas organizaciones en pro y defensa de los jornaleros dentro de M\u00e9xico y en Estados Unidos,<a href=\"#_ftn1\" name=\"_ftnref1\">[1]<\/a> es una referencia clara a condiciones de explotaci\u00f3n laboral muy precisas: jornadas de aproximadamente 60 horas semanales, ausencia de contrato laboral, situaciones de trabajo nocivas (exposici\u00f3n a agroqu\u00edmicos, pesticidas, insolaci\u00f3n), explotaci\u00f3n infantil, acoso y abuso sexual a las mujeres, carencia de las prestaciones de ley, as\u00ed como ausencia de seguridad social y de servicios m\u00e9dicos.<a href=\"#_ftn2\" name=\"_ftnref2\">[2]<\/a><\/p>\n<p>Despu\u00e9s de meses de tensi\u00f3n, el jueves 14 de mayo, en una prolongada reuni\u00f3n entre los representantes de los jornales y las autoridades estatales y federales, se lleg\u00f3 a un acuerdo preliminar que, adem\u00e1s de un salario de 200 pesos por jornal, contempl\u00f3 proveer de seguridad social gratuita a los trabajadores, el establecimiento de programas de mejora de vivienda y la garant\u00eda del ejercicio de los derechos laborales y humanos de los jornaleros en los campos agr\u00edcolas.<a href=\"#_ftn3\" name=\"_ftnref3\">[3]<\/a> No obstante, nuevamente se he generado un impasse ante la reciente negativa de los due\u00f1os de los campos agr\u00edcolas de cumplir con estos acuerdos, principalmente el concerniente a proveer un salario diario de 200 pesos.<a href=\"#_ftn4\" name=\"_ftnref4\">[4]<\/a><\/p>\n<p><strong>Los jornaleros agr\u00edcolas, campesinos sin futuro y ciudadanos del olvido estatal<\/strong><\/p>\n<p>Gran parte de los jornaleros de San Quint\u00edn cargan historias de exclusi\u00f3n previas y son originarios de diversos estados del pa\u00eds, principalmente de las entidades del sur de M\u00e9xico, como Oaxaca y Guerrero, que cuentan con una alta poblaci\u00f3n \u00e9tnico-rural y presentan los niveles m\u00e1s altos de mortalidad infantil y materna, as\u00ed como una de las menores esperanza de vida y los indicadores m\u00e1s bajos de educaci\u00f3n e ingreso. No pocos de estos trabajadores agr\u00edcolas del sur pertenecen a diversos grupos ind\u00edgenas (mixtecos, triquis, zapotecos) y han tenido arduas y dif\u00edciles historias migratorias. Salieron huyendo de la miseria y en el norte encontraron pobreza, exclusi\u00f3n y explotaci\u00f3n.<br \/>\nEstos campesinos e ind\u00edgenas dejaron sus tierras natales en busca de mejores condiciones de vida y tratando de dejar atr\u00e1s las carencias hist\u00f3rico-estructurales de servicios sociales (salud, empleo, educaci\u00f3n) en sus localidades rurales de origen. Fueron y son los desheredados, los sujetos olvidados de manera sistem\u00e1tica y constante por el Estado. No obstante, a ra\u00edz de la pol\u00edtica neoliberal en el agro se agudizaron las crisis de las econom\u00edas campesinas y se desincentivaron los apoyos y est\u00edmulos a la peque\u00f1a producci\u00f3n agr\u00edcola, y estos desheredados vieron recrudecer sus ya de por s\u00ed precarias condiciones de existencia, increment\u00e1ndose los desplazamientos hacia el norte del pa\u00eds en aras de encontrar oportunidades de empleo. Tanto la imperiosa urgencia de salir para subsistir como su condici\u00f3n de migrantes pauperizados y en necesidad, han acentuado la vulnerabilidad de estos sujetos y es algo de lo que se han aprovechado a manos llenas los empresarios agr\u00edcolas del valle de San Quint\u00edn para incrementar sus ganancias.<\/p>\n<p><strong>San Quint\u00edn, agrio reflejo de una explotaci\u00f3n generalizada<\/strong><\/p>\n<p>En el contexto de M\u00e9xico con el decimoctavo pa\u00eds en el ranking mundial de la esclavitud,<a href=\"#_ftn5\" name=\"_ftnref5\">[5]<\/a> las condiciones de abuso y explotaci\u00f3n laboral que viven los jornaleros en San Quint\u00edn son s\u00f3lo una muestra de lo que sufren cerca de dos millones de trabajadores agr\u00edcolas en los campos agr\u00edcolas de dieciocho estados del pa\u00eds;<a href=\"#_ftn6\" name=\"_ftnref6\">[6]<\/a> la mayor\u00eda de estos jornaleros provienen de los estados m\u00e1s pobres de M\u00e9xico (Oaxaca, Guerrero, Chiapas).<br \/>\nNo obstante, el caso de San Quint\u00edn sirvi\u00f3 para mostrar la forma en que estos sistemas de explotaci\u00f3n, por un lado, descansan sobre las complejas relaciones entre empresarios agr\u00edcolas y pol\u00edticos estatales, y, por otra parte, c\u00f3mo se abusa de la imperiosa necesidad de laborar del jornalero para retribuir su trabajo con un raqu\u00edtico salario.<a href=\"#_ftn7\" name=\"_ftnref7\">[7]<\/a> Si estos trabajadores agr\u00edcolas pueden ser \u201cutilizados\u201d como mano de obra barata y desechable es, justamente, porque las instancias estatales no hacen que se respecte la ley federal del trabajo y, de facto, permiten condiciones laborales inhumanas e ilegales. Esta ausencia efectiva del cumplimiento de la ley se debe a que, en Baja California como probablemente en otros estados del pa\u00eds, varios de los empresarios agr\u00edcolas han sido y son funcionarios estatales y est\u00e1n directamente relacionados al poder pol\u00edtico. As\u00ed, en la medida en que el dinero que deber\u00eda recibir no llega al trabajador y se dirige a los empleadores, la ausencia del ejercicio de los derechos laborales de los jornaleros se traduce en fuertes ganancias econ\u00f3micas para estas \u00e9lites. El beneficio monetario derivado de esta explotaci\u00f3n va a los bolsillos de los propietarios de los campos, el hambre y los salarios de miseria son para los jornaleros; no en balde estos jornaleros son de los trabajadores peor pagados y m\u00e1s maltratados del pa\u00eds.<a href=\"#_ftn8\" name=\"_ftnref8\">[8]<\/a> De facto, la complicidad entre el Estado y los empresarios no s\u00f3lo promueve este estado de cosas, sino que, adem\u00e1s y por a\u00f1adidura, supone una condici\u00f3n de impunidad y fomenta la ilegalidad. Esto conduce a la lectura de que, en los hechos y allende de los discursos y las buenas intenciones, el Estado antepone los excesivos privilegios y prerrogativas de los empresarios a la aplicaci\u00f3n de la ley federal del trabajo y la defensa de los trabajadores desprotegidos y en situaci\u00f3n vulnerable.<\/p>\n<p><strong>La dignidad y los rostros de la resistencia<\/strong><\/p>\n<p>No obstante y pese al dr\u00e1stico escenario de las condiciones laborales en los campos agr\u00edcolas de San Quint\u00edn, los jornaleros no s\u00f3lo son personas que viven en carne propia una explotaci\u00f3n descarada, tambi\u00e9n son sujetos que tienen iniciativas y realizan acciones dirigidas a modificar sus ominosas situaciones de trabajo y de existencia. Desde hace meses, no s\u00f3lo fueron participes de un fallido proceso de negociaci\u00f3n con el Estado y el sector patronal, sino que tambi\u00e9n han mostrado, mediante diversas actividades e iniciativas, su capacidad de organizaci\u00f3n y acci\u00f3n social mediante varias medidas: di\u00e1logos con instituciones estatales, movilizaciones sociales y paros laborales (en marzo pasado), caravanas y recorridos por diversas localidades y ciudades de Baja California y el pa\u00eds para difundir su lucha y crear convergencias, visitas y encuentros con autoridades de otros estados del pa\u00eds (Gobierno del Distrito Federal) e instituciones del gobierno federal (Comisi\u00f3n Nacional de Derechos Humanos, Secretaria de Gobernaci\u00f3n), alianzas con grupos y organizaciones laborales y \u00e9tnicas de M\u00e9xico y Estados Unidos<a href=\"#_ftn9\" name=\"_ftnref9\">[9]<\/a> as\u00ed como con albergues de religiosos, colectivos y organizaciones de defensa de los derechos humanos y de los trabajadores. Mediante estas acciones han generado un amplio proceso de visibilizaci\u00f3n p\u00fablica y medi\u00e1tica de sus demandas y condiciones de trabajo y vida, as\u00ed mismo esto ha producido un amplio respaldo ciudadano y de la sociedad civil organizada.<\/p>\n<p><a href=\"#_ftnref1\" name=\"_ftn1\">[1]<\/a> <strong>\u201c<\/strong><strong>Valle de San Quint\u00edn un ejemplo de explotaci\u00f3n y abusos que ocurren en 18 estados del pa\u00eds\u201d. Red de Jornaleros Internos, <em>La Jornada,<\/em> 27 de marzo 2015.<\/strong><\/p>\n<p><a href=\"#_ftnref2\" name=\"_ftn2\">[2]<\/a> \u201cFrente ind\u00edgena binacional se solidariza con jornaleros de San Quint\u00edn\u201d, <strong><em>La Jornada,<\/em><\/strong><strong> 27 de marzo 2015.<\/strong><\/p>\n<p><a href=\"#_ftnref3\" name=\"_ftn3\">[3]<\/a> \u201cGanar\u00e1n jornaleros de San Quint\u00edn $ 200 diario\u201d, <em>La Jornada, <\/em>15 de mayo 2015.<\/p>\n<p><a href=\"#_ftnref4\" name=\"_ftn4\">[4]<\/a> \u201cPatrones rechazan para $200 al d\u00eda a jornalero de BC\u201d, <em>La Jornada, <\/em>16 de mayo 2015.<\/p>\n<p><a href=\"#_ftnref5\" name=\"_ftn5\">[5]<\/a> De acuerdo al \u00cdndice Global de Esclavitud, M\u00e9xico es primer pa\u00eds de Am\u00e9rica en este rubro y tiene al menos 266 mil personas que son v\u00edctimas de esclavitud, siendo los tres principales sectores donde se presentan estas pr\u00e1cticas el agr\u00edcola, el minero y el tur\u00edstico. \u201cEsclavitud a\u00fan en 2015: M\u00e9xico tiene el \u00edndice m\u00e1s alto en Am\u00e9rica Latina\u201d, <em>Animal Pol\u00edtico,<\/em> 30 de marzo del 2015.<\/p>\n<p><a href=\"#_ftnref6\" name=\"_ftn6\">[6]<\/a> De acuerdo a la Red de Jornalero Agr\u00edcola, los estados donde se presenta la explotaci\u00f3n de jornaleros agr\u00edcolas son Sinaloa, Sonora, Baja California, Baja California Sur, Chihuahua, Guanajuato, Zacatecas, Jalisco, Nayarit, Colima, San Luis Potos\u00ed, Quer\u00e9taro, Veracruz, Morelos, Hidalgo, Michoac\u00e1n, Estado de M\u00e9xico y Chiapas. \u201cEsclavitud a\u00fan en 2015: M\u00e9xico tiene el \u00edndice m\u00e1s alto en Am\u00e9rica Latina\u201d, <em>Animal Pol\u00edtico,<\/em> 30 de marzo del 2015.<\/p>\n<p><a href=\"#_ftnref7\" name=\"_ftn7\">[7]<\/a> \u201cJornaleros de San Quint\u00edn: entre la explotaci\u00f3n moderna y la resistencia social\u201d, <em>Contral\u00ednea, <\/em>12 de abril de 2015.<\/p>\n<p><a href=\"#_ftnref8\" name=\"_ftn8\">[8]<\/a> \u201cEsclavitud a\u00fan en 2015: M\u00e9xico tiene el \u00edndice m\u00e1s alto en Am\u00e9rica Latina\u201d, <em>Animal Pol\u00edtico,<\/em> 30 de marzo del 2015.<\/p>\n<p><a href=\"#_ftnref9\" name=\"_ftn9\">[9]<\/a> <strong>\u201c<\/strong><strong>Valle de San Quint\u00edn un ejemplo de explotaci\u00f3n y abusos que ocurren en 18 estados del pa\u00eds\u201d. Red de Jornaleros Internos, <em>La Jornada,<\/em> 27 de marzo 2015.<\/strong><\/p>\n<p><em>Guillermo Castillo es maestro y doctor en antropolog\u00eda por la UNAM, ha realizado proyectos de investigaci\u00f3n posdoctoral en antropolog\u00eda con l\u00edneas de trabajo en migraci\u00f3n nacional e internacional y procesos de movilidad geogr\u00e1fica de grupos ind\u00edgenas y campesinos en M\u00e9xico. Ha realizado trabajo de campo en el noroeste de Sonora y en suroeste de Chiapas.<\/em><\/p>\n","protected":false},"excerpt":{"rendered":"<p>El valle de San Quint\u00edn, uno de los lugares de M\u00e9xico con mayor producci\u00f3n agr\u00edcola mercantil destinada principalmente a la exportaci\u00f3n, es tambi\u00e9n uno de los sitios con las condiciones de trabajo m\u00e1s abusivas, antihigi\u00e9nicas y nocivas para los jornaleros.<\/p>\n","protected":false},"author":395,"featured_media":15047,"comment_status":"open","ping_status":"open","sticky":false,"template":"","format":"standard","meta":{"inline_featured_image":false,"footnotes":""},"categories":[4919],"tags":[4958],"coauthors":[],"class_list":["post-15505","post","type-post","status-publish","format-standard","has-post-thumbnail","hentry","category-migracion","tag-mexico"],"_links":{"self":[{"href":"https:\/\/www.americas.org\/es\/wp-json\/wp\/v2\/posts\/15505","targetHints":{"allow":["GET"]}}],"collection":[{"href":"https:\/\/www.americas.org\/es\/wp-json\/wp\/v2\/posts"}],"about":[{"href":"https:\/\/www.americas.org\/es\/wp-json\/wp\/v2\/types\/post"}],"author":[{"embeddable":true,"href":"https:\/\/www.americas.org\/es\/wp-json\/wp\/v2\/users\/395"}],"replies":[{"embeddable":true,"href":"https:\/\/www.americas.org\/es\/wp-json\/wp\/v2\/comments?post=15505"}],"version-history":[{"count":1,"href":"https:\/\/www.americas.org\/es\/wp-json\/wp\/v2\/posts\/15505\/revisions"}],"predecessor-version":[{"id":15508,"href":"https:\/\/www.americas.org\/es\/wp-json\/wp\/v2\/posts\/15505\/revisions\/15508"}],"wp:featuredmedia":[{"embeddable":true,"href":"https:\/\/www.americas.org\/es\/wp-json\/wp\/v2\/media\/15047"}],"wp:attachment":[{"href":"https:\/\/www.americas.org\/es\/wp-json\/wp\/v2\/media?parent=15505"}],"wp:term":[{"taxonomy":"category","embeddable":true,"href":"https:\/\/www.americas.org\/es\/wp-json\/wp\/v2\/categories?post=15505"},{"taxonomy":"post_tag","embeddable":true,"href":"https:\/\/www.americas.org\/es\/wp-json\/wp\/v2\/tags?post=15505"},{"taxonomy":"author","embeddable":true,"href":"https:\/\/www.americas.org\/es\/wp-json\/wp\/v2\/coauthors?post=15505"}],"curies":[{"name":"wp","href":"https:\/\/api.w.org\/{rel}","templated":true}]}}