{"id":15681,"date":"2015-08-03T10:56:43","date_gmt":"2015-08-03T15:56:43","guid":{"rendered":"http:\/\/www.cipamericas.org\/?p=15681"},"modified":"2015-10-09T12:10:46","modified_gmt":"2015-10-09T17:10:46","slug":"reforma-educativa-y-la-militarizacion-en-oaxaca","status":"publish","type":"post","link":"https:\/\/www.americas.org\/es\/reforma-educativa-y-la-militarizacion-en-oaxaca\/","title":{"rendered":"Reforma educativa y militarizaci\u00f3n en Oaxaca"},"content":{"rendered":"<p><img loading=\"lazy\" decoding=\"async\" class=\"alignleft size-medium wp-image-15690\" src=\"https:\/\/www.americas.org\/wp-content\/uploads\/2015\/08\/Oaxaca7-jul-27-300x200.jpg\" alt=\"Oaxaca7-jul-27\" width=\"300\" height=\"200\" srcset=\"https:\/\/www.americas.org\/wp-content\/uploads\/2015\/08\/Oaxaca7-jul-27-300x200.jpg 300w, https:\/\/www.americas.org\/wp-content\/uploads\/2015\/08\/Oaxaca7-jul-27-1024x683.jpg 1024w, https:\/\/www.americas.org\/wp-content\/uploads\/2015\/08\/Oaxaca7-jul-27.jpg 1296w\" sizes=\"auto, (max-width: 300px) 100vw, 300px\" \/><\/p>\n<p>Un Oaxaca ideal, de tranquilidad y de plena paz, alejada de problemas, bullicios y una nueva administraci\u00f3n en la educaci\u00f3n de Oaxaca, que llevar\u00e1 la felicidad a los ni\u00f1os de este estado. Es la imagen virtual de una nueva Oaxaca pintada por el gobierno de Gabino Cu\u00e9 en la guerra medi\u00e1tica que sostiene en los medios televisivos locales y en las redes sociales, desde que el Instituto Estatal de Educaci\u00f3n P\u00fablica de Oaxaca (IEEPO) fue tomado arbitrariamente por su gobierno. La toma, el 21 de julio&#8211;un d\u00eda despu\u00e9s del primer lunes de las festividades de la Guelaguetza\u2014fue acompa\u00f1ado por un operativo policiaco-militar.<\/p>\n<p>Esta imagen virtual, configurada en el espacio de la propaganda, parec\u00eda real con los festejos realizados en el Cerro del Fort\u00edn, donde el estado presentaba el show de la Guelaguetza para aquellos que pudieron pagar hasta mil pesos por boleto. No obstante, el operativo policiaco, distribuido en torno al Cerro del Fort\u00edn y en diversos puntos estrat\u00e9gicos de la ciudad, contrast\u00f3 con los trajes regionales que portaban las se\u00f1oras elegantemente de clase media que acud\u00edan a dicha festividad. La realidad virtual vendida por los medios de comunicaci\u00f3n alineados con el gobierno se desdibujaba con los nueve helic\u00f3pteros de la Polic\u00eda Federal que sobrevolaban la ciudad de Oaxaca para detectar una posible respuesta radical por parte de los profesores.<\/p>\n<p><img loading=\"lazy\" decoding=\"async\" class=\"alignright size-medium wp-image-15691\" src=\"https:\/\/www.americas.org\/wp-content\/uploads\/2015\/08\/Oaxaca5-jul-27-300x200.jpg\" alt=\"Oaxaca5-jul-27\" width=\"300\" height=\"200\" srcset=\"https:\/\/www.americas.org\/wp-content\/uploads\/2015\/08\/Oaxaca5-jul-27-300x200.jpg 300w, https:\/\/www.americas.org\/wp-content\/uploads\/2015\/08\/Oaxaca5-jul-27-1024x683.jpg 1024w, https:\/\/www.americas.org\/wp-content\/uploads\/2015\/08\/Oaxaca5-jul-27.jpg 1296w\" sizes=\"auto, (max-width: 300px) 100vw, 300px\" \/>El simple acto de descender las escaleras que conectan al Cerro del Fort\u00edn con la ciudad era suficiente para regresar al mundo real. En las calles militarizadas de la ciudad de Oaxaca, los profesores denunciaban otra realidad.<\/p>\n<p>La reestructuraci\u00f3n del IEEPO por parte del ejecutivo estatal, fue una maniobra pol\u00edtica y militar para garantizar por la fuerza la Reforma Educativa federal, orientada por la Organizaci\u00f3n para la Cooperaci\u00f3n y el Desarrollo Econ\u00f3micos (OCDE), con el llamado \u201cAcuerdo de Cooperaci\u00f3n OCDE-M\u00e9xico para Mejorar la Calidad de la Educaci\u00f3n en las Escuelas de M\u00e9xico\u201d.<\/p>\n<p>El acuerdo, entre otros puntos, defiende mayor participaci\u00f3n del sector privado en la educaci\u00f3n. Con la reestructuraci\u00f3n del IEEPO, publicado el pasado 20 de julio en el Peri\u00f3dico Oficial de Oaxaca, el objetivo por parte del Estado fue atraer a la rector\u00eda de este organismo que hasta antes del 21 de julio estaba en manos de la Secci\u00f3n 22, perteneciente a la Coordinadora Nacional de Trabajadores de la Educaci\u00f3n (CNTE), disidentes desde 1979 del Sindicato Nacional de Trabajadores de la Educaci\u00f3n (SNTE). Con ello, se integraron como parte de la junta directiva los titulares de las secretar\u00edas de Gobierno, Finanzas, Salud, Administraci\u00f3n, Desarrollo Social y Humano, y de las Culturas y Artes de Oaxaca. Mientras tanto el gobernador afirmaba que, \u201cel gobierno de Oaxaca recobra la rector\u00eda de la educaci\u00f3n, por el bien de la ni\u00f1ez oaxaque\u00f1a\u201d.<\/p>\n<p>La noticia lleg\u00f3 de golpe para los mas de 300 trabajadores que laboraban en esta instituci\u00f3n y para los 80 mil docentes pertenecientes a la secci\u00f3n 22, ya que sin previo aviso, el edificio fue tomado por un operativo policiaco que hasta el d\u00eda de hoy se mantiene resguardando las instalaciones. A esto se suma la cancelaci\u00f3n de las cuentas bancarias de la CNTE y el bloqueo de la se\u00f1al de su radiodifusora y mas de 32 ordenes de aprensi\u00f3n liberadas para los lideres sindicales de esta secci\u00f3n.<\/p>\n<p>\u201cEsto es una traici\u00f3n del gobierno estatal y federal a los logros de 35 a\u00f1os de lucha y no vamos a permitir que se laceren los derechos de los trabajadores de la educaci\u00f3n del IEEPO y de ning\u00fan otro trabajador perteneciente a la CNTE\u201d, dijo al Programa de las Am\u00e9ricas Rub\u00e9n Nu\u00f1es, secretario general de la secci\u00f3n 22. Al mismo tiempo exigi\u00f3 la inmediata aprobaci\u00f3n de la contrapropuesta a la reforma educativa, mejor conocida como <em>Plan para la Transformaci\u00f3n de la Educaci\u00f3n de Oaxaca<\/em> (PTEO), \u201cexigimos al gobierno del Estado y a la C\u00e1mara de diputados local, que de manera inmediata se legisle la iniciativa de ley que presentamos como alternativa a la reforma educativa, para construir la ley estatal de educaci\u00f3n publica de Oaxaca, porque fue un proyecto de consenso entre el gobierno de este estado, la legislatura local y el pueblo Oaxaque\u00f1o.<\/p>\n<p><img loading=\"lazy\" decoding=\"async\" class=\"alignleft size-medium wp-image-15703\" src=\"https:\/\/www.americas.org\/wp-content\/uploads\/2015\/08\/Oaxaca-27-jul2-300x200.jpg\" alt=\"Oaxaca-27-jul\" width=\"300\" height=\"200\" srcset=\"https:\/\/www.americas.org\/wp-content\/uploads\/2015\/08\/Oaxaca-27-jul2-300x200.jpg 300w, https:\/\/www.americas.org\/wp-content\/uploads\/2015\/08\/Oaxaca-27-jul2-1024x683.jpg 1024w, https:\/\/www.americas.org\/wp-content\/uploads\/2015\/08\/Oaxaca-27-jul2.jpg 1296w\" sizes=\"auto, (max-width: 300px) 100vw, 300px\" \/>La consigna de Estado por Gabino Cu\u00e9 ha sido no repetir la historia del a\u00f1o 2006 \u2013 conflicto que dur\u00f3 seis meses despu\u00e9s de una fuerte represi\u00f3n hacia los maestros de la Secci\u00f3n 22 quienes exig\u00edan mejores condiciones en las escuelas oaxaque\u00f1as y sueldos dignos. En el momento en que el gobernador hizo publica la restructuraci\u00f3n del IEEPO, los Polic\u00edas Federales y Estatales resguardaban la sede de esta instituci\u00f3n, de las radiodifusoras, del canal de televisi\u00f3n local y de las gasolineras. De la misma forma, se ocuparon los puntos tur\u00edsticos y petroleros por la Marina Nacional en la costa del pacifico.<\/p>\n<p>Tras la cancelaci\u00f3n de la cuenta bancaria que orden\u00f3 la Secretar\u00eda de Hacienda, la Secci\u00f3n 22 de la CNTE de Oaxaca acord\u00f3 obtener liquidez a trav\u00e9s de la cooperaci\u00f3n de $20 pesos de sus agremiados.<\/p>\n<p>Al quitar del control administrativo del IEEPO a la Secci\u00f3n 22 es un golpe directo para la CNTE, ya que 60% de sus agremiados se encuentran en el estado de Oaxaca. Esta Coordinadora cuenta con alrededor de 200 mil profesores de un total de 900 mil trabajadores de la educaci\u00f3n en todo M\u00e9xico. Esto provoc\u00f3 una respuesta inmediata no solo de la secci\u00f3n 22 de Oaxaca sino de los militantes de la CNTE en todo el pa\u00eds, contra la reestructuraci\u00f3n del IEEPO y contra la reforma educativa<\/p>\n<p>\u201cLa reforma educativa es una reforma laboral determinada por la OCDE que nos afecta como trabajadores de la educaci\u00f3n, pero que tambi\u00e9n afectar\u00e1 a los padres de familia y a sus hijos, porque es un modelo que busca privatizar la educaci\u00f3n. Es un modelo err\u00f3neo, as\u00ed como los m\u00e9todos y planes de estudio. Esta dise\u00f1ado para expulsar a los profesores para dar paso a una recontrataci\u00f3n por per\u00edodos, afectando los derechos mas fundamentales de los trabajadores\u201d, dijo para el programa de las Am\u00e9ricas la Maestra y directora Guadalupe Pedro Cortez del estado de Durango, de la escuela Francisco Villa que asisti\u00f3 a la primera mega manifestaci\u00f3n convocada por la secci\u00f3n 22 en Oaxaca, realizada al pasado 27 de julio de este a\u00f1o 2015.<\/p>\n<p><strong>Oaxaca: foco de resistencia<\/strong><\/p>\n<p><img loading=\"lazy\" decoding=\"async\" class=\" size-medium wp-image-15686 alignright\" src=\"https:\/\/www.americas.org\/wp-content\/uploads\/2015\/08\/Oaxaca1-27-jul-300x200.jpg\" alt=\"Oaxaca1-27-jul\" width=\"300\" height=\"200\" srcset=\"https:\/\/www.americas.org\/wp-content\/uploads\/2015\/08\/Oaxaca1-27-jul-300x200.jpg 300w, https:\/\/www.americas.org\/wp-content\/uploads\/2015\/08\/Oaxaca1-27-jul-1024x683.jpg 1024w, https:\/\/www.americas.org\/wp-content\/uploads\/2015\/08\/Oaxaca1-27-jul.jpg 1296w\" sizes=\"auto, (max-width: 300px) 100vw, 300px\" \/>Tras diversas acciones realizadas el 27 de julio de este a\u00f1o 2015, la secci\u00f3n 22 llam\u00f3 a la primera mega-manifestaci\u00f3n, rememorando las protestas del a\u00f1o 2006, donde mas de un mill\u00f3n de personas salieron a las calles. Mas de 20 mil profesores del estado de Oaxaca, as\u00ed como representantes de otros estados, nutrieron la manifestaci\u00f3n, proclamando que si golpean a Oaxaca golpean a todo el magisterio de M\u00e9xico.<\/p>\n<p>\u201cLa presencia de la polic\u00eda y el ejercito es una acci\u00f3n intimidatoria porque el gobierno sabe que Oaxaca es una de las secciones mas fuertes a nivel nacional y que repudia la pol\u00edtica entreguista del gobierno. Nuestra perspectiva es que el pueblo de Oaxaca se va a levantar y nosotros queremos participar con ellos para que sepan que Monterrey tambi\u00e9n esta en la lucha nacional\u201d, dijo el profesor Antonio Cota de la Secci\u00f3n 21 del estado Nuevo Le\u00f3n, que asisti\u00f3 junto con una comisi\u00f3n de su secci\u00f3n a la primera megamarcha.<\/p>\n<p>As\u00ed mismo, la secci\u00f3n 22 junto con representantes de m\u00e1s de 20 secciones pertenecientes a la CNTE argumentaron que en el caso de no haber una respuesta favorable a sus demandas, los profesores llevar\u00e1n adelante la convocatoria para la huelga nacional.<\/p>\n<p><strong>Captaci\u00f3n de lideres <\/strong><\/p>\n<p>\u201cEs muy com\u00fan que el gobierno coopte l\u00edderes de organizaciones sociales en Oaxaca, incluyendo a los l\u00edderes sindicales, donde llegan a un punto de negociaci\u00f3n. Es la forma de romper con los procesos de lucha, pero es ahora m\u00e1s que nunca que nosotros tenemos que estar con los ojos bien abiertos\u201d, dijo al Programa de las Am\u00e9ricas la profesora Patricia Bautista de la Secci\u00f3n 22.<\/p>\n<p>\u201cHasta el momento no han podido con Oaxaca y existe un gran inter\u00e9s por tomar el control de este estado, porque somos una basti\u00f3n de la resistencia contra la reforma educativa. Entonces la reestructuraci\u00f3n del IEEPO fue una estrategia muy bien armada para debilitar nuestra resistencia y es casi seguro que algunos l\u00edderes tienen algo que ver con esto. Pero mientras no haya una aceptaci\u00f3n por parte de las bases, simplemente no pasar\u00e1n, porque esta es nuestra fortaleza y no nuestros l\u00edderes\u201d, eval\u00faa la profesora.<\/p>\n<p><strong>El gobierno del cambio<\/strong><strong>\u00a0<\/strong><\/p>\n<p><img loading=\"lazy\" decoding=\"async\" class=\" size-medium wp-image-15687 alignleft\" src=\"https:\/\/www.americas.org\/wp-content\/uploads\/2015\/08\/Oaxaca2-Jul-27-300x200.jpg\" alt=\"Oaxaca2-Jul-27\" width=\"300\" height=\"200\" srcset=\"https:\/\/www.americas.org\/wp-content\/uploads\/2015\/08\/Oaxaca2-Jul-27-300x200.jpg 300w, https:\/\/www.americas.org\/wp-content\/uploads\/2015\/08\/Oaxaca2-Jul-27.jpg 648w\" sizes=\"auto, (max-width: 300px) 100vw, 300px\" \/>Parece ser que el \u201cGobierno del Cambio\u201d, como fue bautizada la administraci\u00f3n del se\u00f1or Gabino Cu\u00e9, actual gobernador de Oaxaca, comienza a reproducir momentos hist\u00f3ricos de violencia, mientras que olvida los momentos pol\u00edticos que le permitieron llegar al poder, como sus alianzas con organizaciones sociales y hasta con la misma secci\u00f3n 22.<\/p>\n<p>El estado de Oaxaca hab\u00eda sido gobernado por el Partido Revolucionario Institucional (PRI) por mas de 80 a\u00f1os (1925-2010). El legado del a\u00f1o 2006 fue un contexto de crisis, marcado por m\u00e1s de 27 asesinatos, cientos de detenidos y por una serie de violaciones a los derechos humanos de los manifestantes, provocados por la represi\u00f3n del entonces gobernador de Oaxaca, Ulises Ruiz Ortiz.<\/p>\n<p>Es en este contexto que la elite pol\u00edtica de Oaxaca, por medio de un coalici\u00f3n de partidos de \u201ccentro-izquierda\u201d \u2014Partido de Acci\u00f3n Nacional (PAN), de la Revoluci\u00f3n Democr\u00e1tica (PRD), del Trabajo (PT) y Convergencia-, aprovech\u00f3 para lanzar a Gabino Cu\u00e9 como candidato a gobernador.<\/p>\n<p>\u201cGabino Cu\u00e9 fue favorecido por el contexto de la resistencia del 2006 quien aprovech\u00f3 el momento de crisis de credibilidad en el PRI\u201d, dice Fernando Mart\u00ednez, ciudadano oaxaque\u00f1o que particip\u00f3 como consejero de la Asamblea Popular de los Pueblos de Oaxaca (APPO). Los profesores de la Secci\u00f3n 22 fueron un engrane fundamental para que Gabino Cu\u00e9 llegar\u00e1 al poder, asevera Mart\u00ednez para el Programa de las Am\u00e9ricas. \u201cTras una de las represiones mas fuertes de las \u00faltimas d\u00e9cadas, haciendo uso del llamado voto de castigo hacia el PRI, tambi\u00e9n la Secci\u00f3n 22 favoreci\u00f3 a Gabino Cu\u00e9 y parece que ya se le olvido\u201d.<\/p>\n<p>Este Gobernador tambi\u00e9n fue favorecido por el apoyo de diversas organizaciones sociales con la estrategia llamada \u201cTequio por el cambio\u201d, una estrategia que implic\u00f3 pedir el apoyo del pueblo oaxaque\u00f1o y de las organizaciones. A cambio de ese apoyo, diversas organizaciones obtuvieron un techo financiero para sus proyectos, o espacios dentro de la nueva estructura de poder que hasta el momento ocupan varios l\u00edderes sociales.<\/p>\n<p>\u201cMuchos oportunistas se aprovecharon del contexto de una lucha justa del pueblo oaxaque\u00f1o y actualmente fungen como diputados o senadores, los mismos que hoy respaldan la reforma educativa y la militarizaci\u00f3n de Oaxaca. Pero aun as\u00ed, sabemos que la lucha de las bases magisteriales es justa y el pueblo no le dar\u00e1 la espalda, aunque se avecine otro momento como el 2006. Porque vivimos un momento donde ya no creemos mas en ning\u00fan partido pol\u00edtico\u201d, afirm\u00f3 Mart\u00ednez.<\/p>\n<p><strong>Sin partidos pol\u00edticos<\/strong><\/p>\n<p><img loading=\"lazy\" decoding=\"async\" class=\" size-medium wp-image-15688 alignright\" src=\"https:\/\/www.americas.org\/wp-content\/uploads\/2015\/08\/Oaxaca3-jul-27-300x200.jpg\" alt=\"Oaxaca3-jul-27\" width=\"300\" height=\"200\" srcset=\"https:\/\/www.americas.org\/wp-content\/uploads\/2015\/08\/Oaxaca3-jul-27-300x200.jpg 300w, https:\/\/www.americas.org\/wp-content\/uploads\/2015\/08\/Oaxaca3-jul-27-1024x683.jpg 1024w, https:\/\/www.americas.org\/wp-content\/uploads\/2015\/08\/Oaxaca3-jul-27.jpg 1296w\" sizes=\"auto, (max-width: 300px) 100vw, 300px\" \/>Andr\u00e9s Manuel L\u00f3pez Obrador l\u00edder del partido Movimiento Regeneraci\u00f3n Nacional (Morena) no tard\u00f3 en pronunciarse a favor de la lucha magisterial y por una alianza con la secci\u00f3n 22 para las pr\u00f3xima elecciones por la presidencia en el a\u00f1o 2016. No obstante, la respuesta del l\u00edder magisterial de la secci\u00f3n 22 fue de rechazo. \u201cUno de los principios que hoy rige al gremio es no tener acercamiento con ning\u00fan partido pol\u00edtico\u201d, dijo el l\u00edder magisterial Rub\u00e9n N\u00fa\u00f1ez.<\/p>\n<p>\u201cLos se\u00f1ores del narco est\u00e1n en el poder y no est\u00e1n en los carteles. El cartel principal es el PRI, el PAN, el PRD y toda la bola de mafiosos que nos gobiernan. Hay una claridad en el sentido de que los partidos pol\u00edticos tienen que utilizar el enga\u00f1o, la fuerza, comprar el voto para seguir en el poder y de esa manera en todos los movimientos se est\u00e1 generalizando un \u00a1no! a los partidos pol\u00edticos. Porque va a llegar un momento en que los partidos pol\u00edticos van a quedar fuera y totalmente repudiados, porque no nos representan. El Pacto por M\u00e9xico es una muestra de ello. Se ponen de acuerdo PRI, PAN, PRD y aprueban todas la reformas estructurales, previamente acordado\u201d, sostuvo para el Programa de las Am\u00e9ricas, Antonio Cota, de la Secci\u00f3n 21 del estado Nuevo Le\u00f3n.<\/p>\n<p>En ese mismo sentido, el Ejercito Zapatista de Liberaci\u00f3n Nacional (EZLN) en un comunicado del 27 del julio de este a\u00f1o 2015, dirigido a los miembros de la Sexta Declaraci\u00f3n de la Selva Lacandona y a los alumnos que asistieron a la llamada escuelita, sostiene que hay que apoyar mutuamente la lucha del magisterio rebelde, presos pol\u00edticos, as\u00ed como por los estudiantes de Ayotzinapa ausentes.<\/p>\n<p><img loading=\"lazy\" decoding=\"async\" class=\" size-medium wp-image-15689 alignleft\" src=\"https:\/\/www.americas.org\/wp-content\/uploads\/2015\/08\/Oaxaca4-jul-27-300x200.jpg\" alt=\"Oaxaca4-jul-27\" width=\"300\" height=\"200\" srcset=\"https:\/\/www.americas.org\/wp-content\/uploads\/2015\/08\/Oaxaca4-jul-27-300x200.jpg 300w, https:\/\/www.americas.org\/wp-content\/uploads\/2015\/08\/Oaxaca4-jul-27-1024x683.jpg 1024w, https:\/\/www.americas.org\/wp-content\/uploads\/2015\/08\/Oaxaca4-jul-27.jpg 1296w\" sizes=\"auto, (max-width: 300px) 100vw, 300px\" \/>\u201cComo quiera, con todo y la escuelita, tenemos que seguir apoy\u00e1ndonos mutuamente y apoyando a quienes luchan por verdad y justicia, como el pueblo Nahua de Ostula que demanda justicia por el ataque que sufri\u00f3 y en el que fue asesinado por el ej\u00e9rcito federal el ni\u00f1o Edilberto Reyes Garc\u00eda; como el del pueblo Nahua de Ayotitl\u00e1n, atacado por guardias blancas y polic\u00edas al servicio de la trasnacional minera Ternium; como los familiares de los 43 ausentes de Ayotzinapa; como los familiares de l@s ni\u00f1@s de la Guarder\u00eda ABC (que no porque no salga la noticia es que ya no luchan por justicia); como los familiares de pres@s y desaparecid@s pol\u00edtic@s en todo el mundo; como el magisterio rebelde; como la Grecia de abajo y a la izquierda (\u2026)\u201d.<\/p>\n<p><strong>\u00a0<\/strong>Mientras tanto m\u00e1s de 70 organizaciones oaxaque\u00f1as, as\u00ed como comunidades ind\u00edgenas ya han comenzado a discutir sobre el respaldo hacia las secci\u00f3n 22 y de una posible represi\u00f3n por parte del Estado. Por otra parte, por lo menos <a href=\"http:\/\/educaoaxaca.org\/1694-comunicado-urgente-en-oaxaca-se-fragua-la-represi%C3%B3n-generalizada-a-la-secci%C3%B3n-22.html\">100 organizaciones<\/a> de derechos humanos de Oaxaca y a nivel nacional han pedido el retiro de las fuerzas policiacas y militares de esta entidad.<\/p>\n<p>De no ser as\u00ed, responsabilizan directamente a Gabino Cu\u00e9 y a Enrique Pe\u00f1a Nieto de las consecuencias. \u201cResponsabilizamos al Gobierno Federal y al Gobierno del Estado de los hechos que se desencadenen a ra\u00edz del proceso de militarizaci\u00f3n que vive Oaxaca\u201d.<\/p>\n<p>Fotos por Santiago Navarro F.<\/p>\n<p>&nbsp;<\/p>\n<p>&nbsp;<\/p>\n<p>&nbsp;<\/p>\n","protected":false},"excerpt":{"rendered":"<p>En el momento en que el gobernador hizo publica la restructuraci\u00f3n del IEEPO, los Polic\u00edas Federales y Estatales resguardaban la sede de esta instituci\u00f3n, de las radiodifusoras, del canal de televisi\u00f3n local y de las gasolineras, y  los puntos tur\u00edsticos y petroleros fueron ocupados por la Marina Nacional en la costa del pacifico. Los maestros organizados lo llaman &#8220;una traici\u00f3n&#8221;. <\/p>\n","protected":false},"author":362,"featured_media":15691,"comment_status":"open","ping_status":"open","sticky":false,"template":"","format":"standard","meta":{"inline_featured_image":false,"footnotes":""},"categories":[4884,4912],"tags":[4958,5046],"coauthors":[],"class_list":["post-15681","post","type-post","status-publish","format-standard","has-post-thumbnail","hentry","category-democracia","category-movimientos-sociales","tag-mexico","tag-mexico-north-america"],"_links":{"self":[{"href":"https:\/\/www.americas.org\/es\/wp-json\/wp\/v2\/posts\/15681","targetHints":{"allow":["GET"]}}],"collection":[{"href":"https:\/\/www.americas.org\/es\/wp-json\/wp\/v2\/posts"}],"about":[{"href":"https:\/\/www.americas.org\/es\/wp-json\/wp\/v2\/types\/post"}],"author":[{"embeddable":true,"href":"https:\/\/www.americas.org\/es\/wp-json\/wp\/v2\/users\/362"}],"replies":[{"embeddable":true,"href":"https:\/\/www.americas.org\/es\/wp-json\/wp\/v2\/comments?post=15681"}],"version-history":[{"count":1,"href":"https:\/\/www.americas.org\/es\/wp-json\/wp\/v2\/posts\/15681\/revisions"}],"predecessor-version":[{"id":15708,"href":"https:\/\/www.americas.org\/es\/wp-json\/wp\/v2\/posts\/15681\/revisions\/15708"}],"wp:featuredmedia":[{"embeddable":true,"href":"https:\/\/www.americas.org\/es\/wp-json\/wp\/v2\/media\/15691"}],"wp:attachment":[{"href":"https:\/\/www.americas.org\/es\/wp-json\/wp\/v2\/media?parent=15681"}],"wp:term":[{"taxonomy":"category","embeddable":true,"href":"https:\/\/www.americas.org\/es\/wp-json\/wp\/v2\/categories?post=15681"},{"taxonomy":"post_tag","embeddable":true,"href":"https:\/\/www.americas.org\/es\/wp-json\/wp\/v2\/tags?post=15681"},{"taxonomy":"author","embeddable":true,"href":"https:\/\/www.americas.org\/es\/wp-json\/wp\/v2\/coauthors?post=15681"}],"curies":[{"name":"wp","href":"https:\/\/api.w.org\/{rel}","templated":true}]}}