{"id":15771,"date":"2015-08-14T14:39:23","date_gmt":"2015-08-14T19:39:23","guid":{"rendered":"http:\/\/www.cipamericas.org\/?p=15771"},"modified":"2015-09-03T19:58:58","modified_gmt":"2015-09-04T00:58:58","slug":"guatemala-una-sociedad-post-conflicto","status":"publish","type":"post","link":"https:\/\/www.americas.org\/es\/guatemala-una-sociedad-post-conflicto\/","title":{"rendered":"Guatemala: una sociedad post conflicto"},"content":{"rendered":"<p><img loading=\"lazy\" decoding=\"async\" class=\"alignleft size-medium wp-image-15932\" src=\"https:\/\/www.americas.org\/wp-content\/uploads\/2015\/08\/guatemala-300x250.jpg\" alt=\"guatemala\" width=\"300\" height=\"250\" \/>La sociedad guatemalteca no puede entenderse fuera de las secuelas que dej\u00f3 la represi\u00f3n orquestada desde el Estado, en la cual las mujeres fueron consideradas bot\u00edn de guerra. Las violaciones a los derechos humanos de las mismas est\u00e1n documentadas en el Informe de Recuperaci\u00f3n de la Memoria Hist\u00f3rica (REMHI) y en otros documentos como los elaborados por el antrop\u00f3logo jesuita Ricardo Falla.<\/p>\n<p>Los 36 a\u00f1os del mal llamado conflicto armado interno, que Marta G. Gonz\u00e1lez Molina<a href=\"#_ftn1\" name=\"_ftnref1\">[1]<\/a> prefiere llamar \u201cla guerra de la verg\u00fcenza\u201d, se caracterizaron por las arbitrariedades cometidas desde el Estado por sucesivos presidentes, sumado a la desigual distribuci\u00f3n de las riquezas, que un grupo de j\u00f3venes idealistas pensaron que podr\u00eda revertirse a trav\u00e9s de la lucha guerrillera.<\/p>\n<p>Con el prop\u00f3sito de reprimir la lucha guerrillera, el Estado guatemalteco implement\u00f3 una pol\u00edtica de tierra arrasada que acab\u00f3 con las vida de miles de mujeres, hombres, ni\u00f1os y ancianos en las \u00e1reas rurales del pa\u00eds. Con una crueldad y de forma sistem\u00e1tica que puede ser tipificada como genocidio.<\/p>\n<p>La mayor parte de las v\u00edctimas del mal llamado \u201cconflicto armado interno\u201d, fueron mujeres y ni\u00f1os, poblaci\u00f3n civil desarmada.<\/p>\n<p>En una sociedad cuyas heridas no terminan de sanar, en las elecciones 2011 se eligi\u00f3 a un militar vinculado al genocidio y a la represi\u00f3n en la zona ixil, Otto P\u00e9rez Molina. Muchas personas sab\u00edamos que significaba un doloroso retroceso en un pa\u00eds post conflicto que transitaba dificultosamente hacia la democracia.<\/p>\n<p>As\u00ed las cosas, cuando la Comisi\u00f3n Internacional en Contra de la Impunidad, desenmascara una red de funcionarios y funcionarias del Estado que hab\u00eda estado usurp\u00e1ndolo para hacer negocios il\u00edcitos y enriquecerse a costa de las arcas nacionales, el desencanto fluy\u00f3. Las poblaci\u00f3n urbana que hab\u00eda votado por Otto P\u00e9rez Molina se volc\u00f3 a las calles en protestas ciudadanas y plantones frente al Palacio Nacional, pidi\u00e9ndole la renuncia, rasg\u00e1ndose las vestiduras y lament\u00e1ndose p\u00fablicamente de su mala elecci\u00f3n. Obviamente, se sumaron otras personas no necesariamente votantes del general repudiado.<\/p>\n<p>El Gobierno encabezado por el general retirado Otto P\u00e9rez Molina se acerca a su fin; las elecciones est\u00e1n convocadas para el 6 de septiembre en un clima de falta de credibilidad e incertidumbre. Con personas que abiertamente prefieren un golpe de estado a que se realice el proceso electoral, bajo la consigna \u201cen estas condiciones no queremos elecciones\u201d.<\/p>\n<p>Se trata de una ciudadan\u00eda que se mantuvo indiferente durante los 36 a\u00f1os de represi\u00f3n, genocidio y matanza indiscriminada, que ahora se arrepiente de sus pecados y se rasga las vestiduras en la plaza p\u00fablica, hace mea culpa y llora.<\/p>\n<p>Nos sentimos m\u00e1s al borde del precipicio que de las elecciones.<\/p>\n<p>Considero que las elecciones deben realizarse entre el ampl\u00edsimo men\u00fa de candidatos\/as, votando por el que mande nuestra buena o mala conciencia, como ya lo hicieron dos millones y medio de personas en el proceso anterior al elegir a P\u00e9rez Molina. Las malas decisiones siempre tienen consecuencias.<\/p>\n<p>Frente al nuevo Gobierno debemos ejercer la ciudadan\u00eda activa, la auditor\u00eda social y presionar para que el pa\u00eds camine en la direcci\u00f3n correcta, al menos que el funcionariado no vac\u00ede el erario p\u00fablico.<\/p>\n<p>La \u00fanica forma de enfrentar la crisis es con organizaci\u00f3n. Pero la organizaci\u00f3n no debe ser espont\u00e1nea, debe obedecer a principios, \u00e9tica y proyecto de Naci\u00f3n.<\/p>\n<p>Tal vez veamos la luz al final del t\u00fanel.<\/p>\n<p>Guatemala, 11 de agosto, 2015.<\/p>\n<p><strong>Notas:<\/strong><\/p>\n<p><a href=\"#_ftnref1\" name=\"_ftn1\">[1]<\/a> Guatemala: el martirio de una reina y la guerra de la verg\u00fcenza. Espa\u00f1a 2011.<\/p>\n<p><em>Walda Barrios-Klee es\u00a0Coordinadora del Programa de Estudios de G\u00e9nero y Feminismos de la\u00a0Facultad Latinoamericana de Ciencias Sociales, (FLACSO), sede acad\u00e9mica Guatemala y\u00a0integrante de la Asociaci\u00f3n de Mujeres para Estudios Feministas (AMEF).<\/em><\/p>\n<p><em>Foto: Mariana Toscano<\/em><\/p>\n","protected":false},"excerpt":{"rendered":"<p>El Gobierno encabezado por el general retirado Otto P\u00e9rez Molina se acerca a su fin; las elecciones est\u00e1n convocadas para el 6 de septiembre en un clima de falta de credibilidad e incertidumbre. Con personas que abiertamente prefieren un golpe de estado a que se realice el proceso electoral, bajo la consigna \u201cen estas condiciones no queremos elecciones\u201d.<\/p>\n","protected":false},"author":401,"featured_media":15932,"comment_status":"open","ping_status":"open","sticky":false,"template":"","format":"standard","meta":{"inline_featured_image":false,"footnotes":""},"categories":[4884,4912],"tags":[5034],"coauthors":[],"class_list":["post-15771","post","type-post","status-publish","format-standard","has-post-thumbnail","hentry","category-democracia","category-movimientos-sociales","tag-central-america"],"_links":{"self":[{"href":"https:\/\/www.americas.org\/es\/wp-json\/wp\/v2\/posts\/15771","targetHints":{"allow":["GET"]}}],"collection":[{"href":"https:\/\/www.americas.org\/es\/wp-json\/wp\/v2\/posts"}],"about":[{"href":"https:\/\/www.americas.org\/es\/wp-json\/wp\/v2\/types\/post"}],"author":[{"embeddable":true,"href":"https:\/\/www.americas.org\/es\/wp-json\/wp\/v2\/users\/401"}],"replies":[{"embeddable":true,"href":"https:\/\/www.americas.org\/es\/wp-json\/wp\/v2\/comments?post=15771"}],"version-history":[{"count":1,"href":"https:\/\/www.americas.org\/es\/wp-json\/wp\/v2\/posts\/15771\/revisions"}],"predecessor-version":[{"id":15940,"href":"https:\/\/www.americas.org\/es\/wp-json\/wp\/v2\/posts\/15771\/revisions\/15940"}],"wp:featuredmedia":[{"embeddable":true,"href":"https:\/\/www.americas.org\/es\/wp-json\/wp\/v2\/media\/15932"}],"wp:attachment":[{"href":"https:\/\/www.americas.org\/es\/wp-json\/wp\/v2\/media?parent=15771"}],"wp:term":[{"taxonomy":"category","embeddable":true,"href":"https:\/\/www.americas.org\/es\/wp-json\/wp\/v2\/categories?post=15771"},{"taxonomy":"post_tag","embeddable":true,"href":"https:\/\/www.americas.org\/es\/wp-json\/wp\/v2\/tags?post=15771"},{"taxonomy":"author","embeddable":true,"href":"https:\/\/www.americas.org\/es\/wp-json\/wp\/v2\/coauthors?post=15771"}],"curies":[{"name":"wp","href":"https:\/\/api.w.org\/{rel}","templated":true}]}}