{"id":16116,"date":"2015-09-04T08:55:54","date_gmt":"2015-09-04T13:55:54","guid":{"rendered":"http:\/\/www.cipamericas.org\/?p=16116"},"modified":"2015-09-18T13:02:10","modified_gmt":"2015-09-18T18:02:10","slug":"en-mexico-cazados-por-denunciar","status":"publish","type":"post","link":"https:\/\/www.americas.org\/es\/en-mexico-cazados-por-denunciar\/","title":{"rendered":"En M\u00e9xico, cazados por hablar"},"content":{"rendered":"<p><img loading=\"lazy\" decoding=\"async\" class=\"alignleft size-medium wp-image-15730\" src=\"https:\/\/www.americas.org\/wp-content\/uploads\/2015\/08\/Eneas-de-Troya-300x169.jpg\" alt=\"Eneas de Troya\" width=\"300\" height=\"169\" srcset=\"https:\/\/www.americas.org\/wp-content\/uploads\/2015\/08\/Eneas-de-Troya-300x169.jpg 300w, https:\/\/www.americas.org\/wp-content\/uploads\/2015\/08\/Eneas-de-Troya.jpg 722w\" sizes=\"auto, (max-width: 300px) 100vw, 300px\" \/>Al principio de este verano, Rub\u00e9n Espinosa sali\u00f3 del estado coste\u00f1o del Golfo de M\u00e9xico, Veracruz despu\u00e9s de recibir amenazas de muerte. Su trabajo como fotoperiodista lo hizo enemigo del gobernador del estado, quien preside sobre uno de los lugares m\u00e1s peligrosos del mundo para ser reportero.<\/p>\n<p>El 31 de julio, Espinosa fue encontrado golpeado y muerto a tiros en un apartamento de la Ciudad de M\u00e9xico.<\/p>\n<p>Ocho meses antes, Nadia Vera, una estudiante activista y trabajadora cultural, viendo valientemente al lente de la c\u00e1mara dijo al entrevistador que si algo le pasaba, el gobernador de Veracruz, Javier Duarte y su gabinete ser\u00edan los responsables. Tambi\u00e9n sali\u00f3 de Veracruz a la capital del pa\u00eds despu\u00e9s de haber sufrido ataques.<\/p>\n<p>En julio 31, Nadia Vera fue encontrada sexualmente abusada, torturada y asesinada, a balazos.<\/p>\n<p>Tres mujeres m\u00e1s fueron asesinadas ese mediod\u00eda, en el normalmente tranquilo barrio de clase media alta&#8211;una joven mexicana de 18 a\u00f1os llamada Yesenia Quiroz, una colombiana identificada solo como \u201cNicole\u201d y la trabajadora dom\u00e9stica llamada Alejandra. La prensa en general se refiere al caso como \u201cel asesinato de Rub\u00e9n Espinosa y cuatro mujeres,\u201d relegando a las v\u00edctimas con el anonimato a\u00fan en la muerte.<\/p>\n<p>En una reciente demostraci\u00f3n de periodistas y defensores de los derechos humanos, el pavor era palpable. Como comunicadores en M\u00e9xico, estamos enfurecidos e intensamente frustrados de como tantas personas de nuestro rango han sido asesinadas, desaparecidas o censuradas sin ninguna repercusi\u00f3n.<\/p>\n<p>Para muchos, incluyendo a m\u00ed, este crimen me llega. Por mucho tiempo, siempre que se me preguntaba si no ten\u00eda miedo de criticar abiertamente en M\u00e9xico, yo respond\u00eda que afortunadamente la Ciudad de M\u00e9xico es relativamente segura. Los carteles de las drogas y sus aliados del gobierno solo vigilan de cerca en \u00e1reas de m\u00e1s conflicto.<\/p>\n<p>El homicidio qu\u00edntuple en una esquina tranquila de la ciudad destrozo ese mito&#8211;y con eso lo que sobraba de nuestro deleite. Varios d\u00edas antes de su asesinato, Espinosa le dijo a amigos que un hombre se le acerco y le pregunto que si el era el fot\u00f3grafo que huyo de Veracruz. Cuando le dijo que si, el hombre le contesto, \u201cQuiero que sepas que aqu\u00ed estamos.\u201d<\/p>\n<p>Considerado un refugio, la Ciudad de M\u00e9xico se ha convertido en un lugar de caza, en un pa\u00eds de riesgo para periodistas en donde con frecuencia acaban reportando sobre los brutales asesinatos de sus colegas&#8211;y pregunt\u00e1ndose quien sigue.<\/p>\n<p><strong>Blancos<\/strong><\/p>\n<p>Rub\u00e9n Espinosa hab\u00eda fotografiado movimientos sociales en el estado de Veracruz por los \u00faltimos ocho a\u00f1os, incluyendo protestas de periodistas sobre el asesinato de Regina Mart\u00ednez en el 2012, una periodista y colega de Espinosa en la revista Proceso. Cubri\u00f3 las protestas contra la desaparici\u00f3n de los 43 normalistas de Ayotzinapa por la polic\u00eda local de Guerrero y los actos de represi\u00f3n por el gobierno del estado de Veracruz.<\/p>\n<p>Espinosa capto una foto de primera plana del Gobernador Duarte, gordo y portando una gorra de polic\u00eda, la cual apareci\u00f3 en la portada de Proceso a la par del encabezado: \u201cVeracruz, Estado sin Ley.\u201d Espinosa se dio cuenta que el gobernador estaba tan enfurecido por la foto que mando a sus agentes a obtener y destruir cuanta copia de la revista se encontraran. El reportero que mientras estaba tomando fotos del desalojo de los manifestantes, un agente del gobierno le dijo, \u201cM\u00e1s vale que dejes de tomar fotos o te va a pasar lo que a Regina.\u201d<\/p>\n<p>La Oficina del Procurador Especial por Cr\u00edmenes Contra la Libertad de Expresi\u00f3n reconoce que 102 periodistas han muerto desde el 2000 hasta el 2014.<\/p>\n<p>Sin embargo el procurador de la Ciudad de M\u00e9xico ni siquiera menciono las amenazas contra Nadia Vera, una activista y miembro de una organizaci\u00f3n estudiantil YoSoy132, como pista de investigaci\u00f3n sobre su asesinato. La Oficina del Alto Comisionado Para los Derechos Humanos de la ONU afirmo que Vera y las otras v\u00edctimas encontradas junto con Espinosa mostraron se\u00f1ales de tortura sexual. Los investigadores de la Ciudad de M\u00e9xico anunciaron que aplicar\u00edan los protocolos de investigaci\u00f3n por posibles feminicidios, pero no dijeron porque o confirmaron los reporte de violaci\u00f3n y tortura sexual.<\/p>\n<p>La invisibilidad de las mujeres en la prensa y los reportes oficiales han sido parcialmente compensados por los medios sociales. En las redes sociales, millones de posts y tuits colocaron a la luz las vidas de estas mujeres, y especialmente Nadia, su vida p\u00fablica y activismo pasado, en un campa\u00f1a improvisada que insiste que las vidas de esas mujeres tambi\u00e9n son importantes.<\/p>\n<p><strong>\u00bfSe<\/strong><strong>\u00f1ales de Encubrimiento?<\/strong><\/p>\n<p>Ahora, justo d\u00edas despu\u00e9s del comienzo\u00a0de la investigaci\u00f3n, con el pa\u00eds&#8211;especialmente los periodistas&#8211;titubeando por las noticias, ya existen se\u00f1ales de encubrimiento.<\/p>\n<p>En agosto 2, el Procurador General de la Ciudad de M\u00e9xico, Rodolfo R\u00edos dio una conferencia de prensa reportando sobre los avances en el caso. A pesar de que R\u00edos prometi\u00f3 continuar todas las l\u00edneas de investigaci\u00f3n, minimizo las posibilidades de que eso pudiera ser un crimen pol\u00edtico contra la libertad de expresi\u00f3n, alegando que Espinosa estaba desempleado.<\/p>\n<p>R\u00edos tambi\u00e9n menciono que el fotoperiodista llego a la Ciudad de M\u00e9xico buscando trabajo\u2014un sutil intento de adelantarse a la propia versi\u00f3n del periodista muerto que fue forzado a salir de Veracruz debido a la constante persecuci\u00f3n. La oficina del procurador coloco al frente que el principal motivo del crimen fue el robo, aun despu\u00e9s del tipo de ejecuci\u00f3n de tortura y muerte, y no ha llamado a nadie en el gobierno de Veracruz para presentar testimonio.<\/p>\n<p>Estas son se\u00f1ales de que el gobierno capitalino puede estar tratando de avasallar la investigaci\u00f3n, y eso ha enfurecido al p\u00fablico, especialmente a los periodistas. Las absurdas evidencias del procurador general de que Espinosa estaba desempleado al momento de su muerte, parece sugerir que su trabajo como periodista no era motivo, lo cual caus\u00f3 indignaci\u00f3n.<\/p>\n<p>En agosto 5, los investigadores anunciaron que arrestaron y estaba bajo interrogatorio un sospechoso basado a las muestras de huellas encontradas en el apartamento. A pesar de los avances aparentes, existe el temor de que el gobierno no tiene la intenci\u00f3n de realmente investigar un crimen que puede llegar directo hasta los m\u00e1s poderosos miembros del partido del presidente.<\/p>\n<p><strong>El Rol de los E.U.<\/strong><\/p>\n<p>La participaci\u00f3n del gobierno mexicano en el mismo crimen, o por lo menos en crear un clima que conlleve al crimen y falle en prevenirlo, de igual manera presenta graves preguntas a los pol\u00edticos en E.U. La organizaci\u00f3n de vigilancia Art\u00edculo 19 reporta que cerca de la mitad de las agresiones contra periodistas fueron llevadas a cabo por agentes estatales.<\/p>\n<p>Desde el 2008, el gobierno de los E.U.&#8211;por medio de la Iniciativa M\u00e9rida y de otras partes&#8211;han provisto como se ha proporcionada $3 mil millones de d\u00f3lares al gobierno mexicano para la guerra contra las drogas. Este es un periodo cuando los ataques a los defensores de los derechos humanos y periodistas ha escalado, y m\u00e1s de 100,000 personas han sido asesinadas por criminales al igual que fuerzas de seguridad.<\/p>\n<p>Una fracci\u00f3n de ese dinero ha sido para los mecanismos de protecci\u00f3n que han demostrado no tener valor. En lugar de ayudar, est\u00e1n sirviendo para apoyar la falsa idea de que M\u00e9xico es el bueno en la guerra contra el crimen organizado. Los casos de corrupci\u00f3n, complicidad, y abuso se amontonan semana por semana y han derrumbado esa promesa.<\/p>\n<p>Apoyando gobiernos abusivos y fuerzas de seguridad mientras se dice que apoyan a los periodistas y defensores de los derechos humanos, siendo atacados por ellos mismos, pretendiendo ayudar a la zorra mientras arman al cazador&#8211;es simplemente prolongar la caza. Los ciudadanos mexicanos que hablan son cazados, muy seguido por su propio gobierno. Ya es hora que el gobierno de los E.U. lo reconozca y que inmediatamente suspenda la Iniciativa M\u00e9rida.<\/p>\n<p>Hasta que no exista responsabilidad y justicia\u2014y haya un fin a los asesinatos de los que hablan con la verdad sobre lo que est\u00e1 pasando aqu\u00ed&#8212;mandar dinero de los contribuyentes americanos a las fuerzas de seguridad mexicanas es un vil enga\u00f1o hacia el afecto de los mexicanos y de los m\u00e1s altos principios de la pol\u00edtica extrajera de los E.U.<\/p>\n<p><strong><em>Laura Carlsen, <\/em><\/strong><em>Directora del CIP Programa de las American en la Ciudad de M\u00e9xico.<\/em><\/p>\n<p><em>Traducci\u00f3n en espa\u00f1ol, Elena Dur\u00e1n<\/em><\/p>\n","protected":false},"excerpt":{"rendered":"<p>Al principio de este verano, Rub\u00e9n Espinosa sali\u00f3 del estado coste\u00f1o del Golfo de M\u00e9xico, Veracruz despu\u00e9s de recibir amenazas de muerte. Su trabajo como fotoperiodista lo hicieron enemigo del gobernador del estado, quien preside sobre uno de los lugares m\u00e1s peligrosos del mundo para ser reportero.<\/p>\n","protected":false},"author":14,"featured_media":15730,"comment_status":"open","ping_status":"open","sticky":false,"template":"","format":"standard","meta":{"inline_featured_image":false,"footnotes":""},"categories":[],"tags":[],"coauthors":[],"class_list":["post-16116","post","type-post","status-publish","format-standard","has-post-thumbnail","hentry"],"_links":{"self":[{"href":"https:\/\/www.americas.org\/es\/wp-json\/wp\/v2\/posts\/16116","targetHints":{"allow":["GET"]}}],"collection":[{"href":"https:\/\/www.americas.org\/es\/wp-json\/wp\/v2\/posts"}],"about":[{"href":"https:\/\/www.americas.org\/es\/wp-json\/wp\/v2\/types\/post"}],"author":[{"embeddable":true,"href":"https:\/\/www.americas.org\/es\/wp-json\/wp\/v2\/users\/14"}],"replies":[{"embeddable":true,"href":"https:\/\/www.americas.org\/es\/wp-json\/wp\/v2\/comments?post=16116"}],"version-history":[{"count":1,"href":"https:\/\/www.americas.org\/es\/wp-json\/wp\/v2\/posts\/16116\/revisions"}],"predecessor-version":[{"id":16390,"href":"https:\/\/www.americas.org\/es\/wp-json\/wp\/v2\/posts\/16116\/revisions\/16390"}],"wp:featuredmedia":[{"embeddable":true,"href":"https:\/\/www.americas.org\/es\/wp-json\/wp\/v2\/media\/15730"}],"wp:attachment":[{"href":"https:\/\/www.americas.org\/es\/wp-json\/wp\/v2\/media?parent=16116"}],"wp:term":[{"taxonomy":"category","embeddable":true,"href":"https:\/\/www.americas.org\/es\/wp-json\/wp\/v2\/categories?post=16116"},{"taxonomy":"post_tag","embeddable":true,"href":"https:\/\/www.americas.org\/es\/wp-json\/wp\/v2\/tags?post=16116"},{"taxonomy":"author","embeddable":true,"href":"https:\/\/www.americas.org\/es\/wp-json\/wp\/v2\/coauthors?post=16116"}],"curies":[{"name":"wp","href":"https:\/\/api.w.org\/{rel}","templated":true}]}}