{"id":16147,"date":"2015-09-04T17:31:50","date_gmt":"2015-09-04T22:31:50","guid":{"rendered":"http:\/\/www.cipamericas.org\/?p=16147"},"modified":"2015-09-10T11:50:11","modified_gmt":"2015-09-10T16:50:11","slug":"esto-apenas-empieza","status":"publish","type":"post","link":"https:\/\/www.americas.org\/es\/esto-apenas-empieza\/","title":{"rendered":"\u201cEsto apenas empieza\u201d"},"content":{"rendered":"<p><img loading=\"lazy\" decoding=\"async\" class=\"alignright size-medium wp-image-16150\" src=\"https:\/\/www.americas.org\/wp-content\/uploads\/2015\/09\/guatemala-300x200.jpg\" alt=\"guatemala\" width=\"300\" height=\"200\" srcset=\"https:\/\/www.americas.org\/wp-content\/uploads\/2015\/09\/guatemala-300x200.jpg 300w, https:\/\/www.americas.org\/wp-content\/uploads\/2015\/09\/guatemala.jpg 1024w\" sizes=\"auto, (max-width: 300px) 100vw, 300px\" \/><\/p>\n<p><strong>Guatemala celebra la renuncia de Otto P\u00e9rez Molina<\/strong><\/p>\n<p>Hoy se materializa una fase importante de lo que miles de guatemaltecos y guatemaltecas han venido exigiendo desde el mes de abril, a ra\u00edz de que la Comisi\u00f3n Internacional contra la Impunidad (CICIG) y el Ministerio P\u00fablico (MP) develaran la participaci\u00f3n de altos funcionarios p\u00fablicos en la estructura de defraudaci\u00f3n aduanera conocida como \u201cLa L\u00ednea\u201d.<\/p>\n<p>La enorme presi\u00f3n social y otra conjunci\u00f3n de factores condujo primero a la orden de aprehensi\u00f3n y posterior hu\u00edda del secretario privado de la vicepresidenta Roxana Baldetti. Esto llev\u00f3 a la renuncia de \u00e9sta y poco tiempo despu\u00e9s, a su encarcelamiento. La presi\u00f3n multisectorial para que el titular del Ejecutivo, Otto P\u00e9rez Molina, asumiera la responsabilidad penal correspondiente, desemboc\u00f3 en la renuncia del mismo y en el inicio de un documentado proceso judicial en su contra.<\/p>\n<p>El inicio de las audiencias estuvo por tanto lleno de emociones para un amplio sector de la poblaci\u00f3n que, pese a las buenas noticias, no ha dejado de presionar en contra de la corrupci\u00f3n y a favor de reformas sustanciales en diversos \u00e1mbitos de la vida institucional y pol\u00edtica del pa\u00eds. Como dijo una mujer el 3 de septiembre en la plaza central, \u201cHoy apenas se inicia el proceso de la recuperaci\u00f3n del Estado de Guatemala que tome en cuenta a todos los sectores de la sociedad. Esto apenas empieza\u201d, recalc\u00f3<em>.<\/em><\/p>\n<p>La corrupci\u00f3n que hoy se devela ha sido conocida por d\u00e9cadas y su enquistamiento en el Estado se ha profundizado a lo largo de sucesivos gobiernos. Pero \u00bfqu\u00e9 es lo que se ha conjugado para hacer posible que algo de esta magnitud sucediera?<\/p>\n<p>Por un lado, pese a que la corrupci\u00f3n en los tres poderes del Estado&#8211;Ejecutivo, Legislativo y Judicia&#8211;ha facilitado al crimen organizado controlar el pa\u00eds desde el centro hasta el poder local, el descaro y el maltrato ejercido por altos funcionarios de este gobierno, y particularmente por la vicepresidenta, provoc\u00f3 la indignaci\u00f3n y el descontento de millares de personas e incluso de funcionarios y funcionarias del Estado. No s\u00f3lo robaban sino lo hac\u00edan descaradamente y presionaban a todos los niveles para sacar su tajada de los negocios turbios del Estado, con lo que se crearon las condiciones para una fuerte oposici\u00f3n a su gesti\u00f3n.<\/p>\n<p style=\"text-align: center;\"><strong>____________________________________________________________________<\/strong><\/p>\n<p style=\"text-align: center;\"><strong><em>El descaro y el maltrato ejercido por altos funcionarios de este gobierno provoc\u00f3 la indignaci\u00f3n y el descontento de millares de personas<\/em><\/strong><\/p>\n<p style=\"text-align: center;\"><strong>____________________________________________________________________<\/strong><\/p>\n<p>Este descaro y la revelaci\u00f3n de que Juan Carlos Monz\u00f3n, el secretario privado de la ex vicepresidenta, se hab\u00eda fugado cuando la acompa\u00f1aba a recibir un doctorado <em>honoris causa<\/em> en Corea del Sur, despertaron la indignaci\u00f3n de amplios sectores urbanos. A partir del 25 de abril, nueve d\u00edas despu\u00e9s de que la CICIG hiciera p\u00fablico el involucramiento de Monz\u00f3n y de que apresaran a 20 funcionarios de gobierno, incluyendo directores del ente encargado de la recaudaci\u00f3n tributaria y funcionarios del sistema judicial, muchos sectores de la sociedad se manifestaron s\u00e1bado a s\u00e1bado en la plaza central de Guatemala, llegando a reunir hasta a 70 mil personas en su momento m\u00e1s \u00e1lgido.<\/p>\n<p>A la convocatoria de j\u00f3venes de la Universidad Nacional y otros por las redes sociales, se unieron por primera vez en la historia, las universidades privadas, organizaciones de mujeres, organizaciones ind\u00edgenas y, aunque tard\u00edamente, el sector privado, bajo la consigna de pedir la renuncia del presidente y terminar con la corrupci\u00f3n. A estas voces se unieron las de sectores diversos en los principales departamentos de Guatemala. Esta diversidad no pudo ser deso\u00edda (a diferencia de las muchas manifestaciones que mujeres, organizaciones ind\u00edgenas y campesinas han venido realizando por a\u00f1os).<\/p>\n<p>En ese contexto, la CICIG fue asumiendo mayor protagonismo y respald\u00f3 abiertamente a la Fiscal General, respaldo que se hizo cada vez m\u00e1s evidente gracias a los medios de comunicaci\u00f3n y que fue acompa\u00f1ado de apariciones del embajador de EEUU exigiendo el fin de la corrupci\u00f3n e insistiendo a la vez en el mantenimiento de la institucionalidad ante el temor de un desbordamiento social. Es importante destacar el papel que los Estados Unidos han tenido en el af\u00e1n de propiciar un clima favorable al impulso del programa de la Alianza para la Prosperidad que ha sido anunciado para los tres pa\u00edses del tri\u00e1ngulo norte centroamericano.<\/p>\n<p>Esta agenda com\u00fan multisectorial sin precedentes, empieza a mostrar sus fisuras en la medida en que los distintos sectores evidencian sus intereses. Esta tensi\u00f3n se hizo palpable cuando algunas organizaciones campesinas bloquearon carreteras demandando las reformas a la ley electoral y el Comit\u00e9 de Asociaciones Agr\u00edcolas, Comerciales, Industriales y Financieras (CACIF), m\u00e1ximo \u00f3rgano que aglutina a las distintas c\u00e1maras del sector privado, antepuso un antejuicio en contra de dichas organizaciones.<\/p>\n<p>El d\u00eda de hoy esta crisis hist\u00f3ricamente acumulada se expres\u00f3 finalmente bajo la gran presi\u00f3n ejercida. En las \u00faltimas horas del 2 de septiembre, Otto P\u00e9rez Molina, despu\u00e9s de resistirse a las crecientes demandas de que renunciara finalmente notific\u00f3 su renuncia. En horas de la ma\u00f1ana del d\u00eda siguiente asisti\u00f3 a la primera audiencia de lectura de cargos luego de lo cual el juez decidir\u00e1 si le da tr\u00e1mite a un juicio formal en su contra, lo cual parece probable.<\/p>\n<p>El Congreso conoci\u00f3 y acept\u00f3 su renuncia y casi inmediatamente se nombr\u00f3 a su sucesor, el hasta entonces vicepresidente Alejandro Maldonado Aguirre, que ejercer\u00e1 hasta el 14 de enero pr\u00f3ximo cuando asumir\u00e1 la nueva administraci\u00f3n designada formalmente este domingo 6 de septiembre en elecciones generales para escoger adem\u00e1s diputaciones y alcald\u00edas.<\/p>\n<p>El nuevo titular ha preparado una terna de tres acad\u00e9micos conservadores que en las pr\u00f3xmas horas presentar\u00e1 al Congreso para ocupar la Vicepresidencia durante este per\u00edodo de transici\u00f3n hasta que asuma el nuevo gobierno. El perfil de la terna es m\u00e1s acad\u00e9mico que de trayectoria pol\u00edtica, a excepci\u00f3n de Raquel Zelaya, analista y participante de diversas iniciativas sociales y conocida tambi\u00e9n por sus nexos con el Opus Dei.<\/p>\n<p>Pese a que varios sectores han pedido reiteradamente que no se lleven a cabo elecciones (<em>En estas condiciones no queremos elecciones<\/em>, es su consigna), y que se cancele el registro del partido LIDER, hasta hace poco puntero en los censos electorales. Esta demanda de cancelaci\u00f3n se basa en que de acuerdo con el Tribunal Supremo Electoral, ese partido excedi\u00f3 por mucho el techo de gastos publicitarios de campa\u00f1a y seg\u00fan se\u00f1alamientos de la CICIG y el MP, su candidato vicepresidencial que fue director del Banco de Guatemala (estatal) est\u00e1 involucrado en hechos de corrupci\u00f3n y de lavado de dinero.<\/p>\n<p>Con el desprestigio del sistema pol\u00edtico, el llamado a abstenerse y al voto nulo es significativo y de todas formas las opciones con posibilidades de ganar son del abanico de derecha o vinculados a militares y con acusaciones de nexos obscuros. En ese sentido ni siquiera Sandra Torres, exesposa del presidente anterior Alvaro Colom y fundadora del partido Uni\u00f3n Nacional de la Esperanza que se presenta como social-dem\u00f3crata, se salva de estos se\u00f1alamientos.<\/p>\n<p>En este escenario, lo m\u00e1s importante es que amplios sectores de la sociedad guatemalteca se expresaron y rompieron el silencio que por d\u00e9cadas ha dominado la participaci\u00f3n de la poblaci\u00f3n. Este silencio ha nacido del miedo, la opresi\u00f3n y la represi\u00f3n de sucesivos gobiernos militares (Zury R\u00edos es quiz\u00e1s quien m\u00e1s claramente expresa estos v\u00ednculos por ser hija de Efra\u00edn R\u00edos Montt, procesado por genocidio), am\u00e9n de la marginaci\u00f3n vivida por las mayor\u00edas y particularmente por los pueblos ind\u00edgenas, en una sociedad y un Estado estructuralmente racista y por lo mismo, profundamente dividido por la desigualdad.<\/p>\n<p style=\"text-align: center;\"><strong>______________________________________________________________________<\/strong><\/p>\n<p style=\"text-align: center;\"><strong><em>Lo m\u00e1s importante es que amplios sectores de la sociedad guatemalteca se expresaron y rompieron el silencio que por d\u00e9cadas ha dominado la participaci\u00f3n de la poblaci\u00f3n<\/em><\/strong><\/p>\n<p style=\"text-align: center;\"><strong>______________________________________________________________________<\/strong><\/p>\n<p>Este proceso ha reunido, por ejemplo, a autoridades ind\u00edgenas con estudiantes, a estudiantes de universidades privadas y la universidad nacional, a mujeres de distintos sectores y organizaciones, entre otros muchos, as\u00ed como a un amplio sector de poblaci\u00f3n que por primera vez se manifiesta y responde a las convocatorias para pronunciarse. Estas din\u00e1micas han penetrado en las voluntades de mucha gente y sobre todo han hecho tomar conciencia de su propio poder para lograr cambios. Cualquier cosa que suceda en el escenario pol\u00edtico en los pr\u00f3ximos meses, y sea cual sea el perfil del nuevo gobierno, los funcionarios y la empresa privada saben que la vigilancia ciudadana estar\u00e1 presente, y que la impunidad con que se ha actuado no podr\u00e1 continuar sin provocar importantes fisuras y enfrentar presiones en el futuro.<\/p>\n<p>Las profundas reformas que el Estado requiere para enfrentar la impunidad y la corrupci\u00f3n constituyen el reto m\u00e1s importante para el gobierno de transici\u00f3n como base y presi\u00f3n para el pr\u00f3ximo gobierno, que incluyen la depuraci\u00f3n del organismo judicial, la ley de servicio civil para garantizar la idoneidad de la funci\u00f3n p\u00fablica y la Ley electoral y de partidos pol\u00edticos que no se logr\u00f3 aprobar antes de las elecciones y que por lo tanto no ser\u00eda efectiva hasta las elecciones pr\u00f3ximas, pero sentar\u00e1n bases para evitar que los diputados que ahora buscan ser reelegidos (y que constituyen aproximadamente un tercio de los diputados actuales) act\u00faen con mayor cautela ante la inminencia de que su per\u00edodo llega a t\u00e9rmino.<\/p>\n<p>Pero el enquistamiento estructural del crimen organizado en el Estado requerir\u00e1 del concurso de muchos factores y actores, incluyendo un sostenido papel de la CICIG en la investigaci\u00f3n y denuncia, la continuidad de una actuaci\u00f3n decidida del Ministerio P\u00fablico, incluyendo su propia depuraci\u00f3n, y el concurso de la sociedad para la vigilancia permanente. Los cambios de fondo que el pa\u00eds demanda para enfrentar la desigualdad social, el creciente saqueo de los recursos naturales, la participaci\u00f3n activa de los Pueblos Ind\u00edgenas, entre otros, probablemente generen confrontaciones entre los sectores hoy unidos alrededor de la coyuntura, pero los rostros de las alianzas y de las fuerzas sociales, as\u00ed como la evidencia de la necesidad de cambios de fondo han cambiado ya el rostro del pa\u00eds.<\/p>\n<p style=\"text-align: center;\"><strong>___________________________________________________________<\/strong><\/p>\n<p style=\"text-align: center;\"><em><strong>La sociedad guatemalteca se siente orgullosa de sus logros y esto hay que celebrarlo<\/strong> <\/em><\/p>\n<p style=\"text-align: center;\">_________________________________________________________________<\/p>\n<p>La sociedad guatemalteca se siente orgullosa de sus logros y esto hay que celebrarlo. El impacto de la conciencia de su propio poder seguramente fortalecer\u00e1 esa misma noci\u00f3n en los otros pueblos de la regi\u00f3n que enfrentan procesos similares, particularmente en Honduras. El papel de la CICIG en todo este proceso y en sus resultados coyunturales ha sido evidente y oxigena las cr\u00edticas que la intervenci\u00f3n de la comunidad internacional tiene en la lucha contra la corrupci\u00f3n y la impunidad. Su credibilidad depende tambi\u00e9n de la continuidad y coherencia de su accionar.<\/p>\n<p>Falta ver si los Estados Unidos y los poderes econ\u00f3micos nacionales y transnacionales toman conciencia de la imposibilidad de continuar explotando los recursos y abonando as\u00ed a profundizar las desigualdades sin poner en riesgo la estabilidad pol\u00edtica de las sociedades. Ah\u00ed reside el reto mayor en este mundo globalizado.<\/p>\n<p><em>Ren\u00e9 Otoniel Mart\u00ednez, guatemalteco, es escritor y periodista.\u00a0<\/em><\/p>\n","protected":false},"excerpt":{"rendered":"<p>\u00bfQu\u00e9 es lo que se ha conjugado para hacer posible que algo de esta magnitud sucediera?<\/p>\n","protected":false},"author":406,"featured_media":16150,"comment_status":"open","ping_status":"open","sticky":false,"template":"","format":"standard","meta":{"inline_featured_image":false,"footnotes":""},"categories":[],"tags":[],"coauthors":[],"class_list":["post-16147","post","type-post","status-publish","format-standard","has-post-thumbnail","hentry"],"_links":{"self":[{"href":"https:\/\/www.americas.org\/es\/wp-json\/wp\/v2\/posts\/16147","targetHints":{"allow":["GET"]}}],"collection":[{"href":"https:\/\/www.americas.org\/es\/wp-json\/wp\/v2\/posts"}],"about":[{"href":"https:\/\/www.americas.org\/es\/wp-json\/wp\/v2\/types\/post"}],"author":[{"embeddable":true,"href":"https:\/\/www.americas.org\/es\/wp-json\/wp\/v2\/users\/406"}],"replies":[{"embeddable":true,"href":"https:\/\/www.americas.org\/es\/wp-json\/wp\/v2\/comments?post=16147"}],"version-history":[{"count":1,"href":"https:\/\/www.americas.org\/es\/wp-json\/wp\/v2\/posts\/16147\/revisions"}],"predecessor-version":[{"id":16235,"href":"https:\/\/www.americas.org\/es\/wp-json\/wp\/v2\/posts\/16147\/revisions\/16235"}],"wp:featuredmedia":[{"embeddable":true,"href":"https:\/\/www.americas.org\/es\/wp-json\/wp\/v2\/media\/16150"}],"wp:attachment":[{"href":"https:\/\/www.americas.org\/es\/wp-json\/wp\/v2\/media?parent=16147"}],"wp:term":[{"taxonomy":"category","embeddable":true,"href":"https:\/\/www.americas.org\/es\/wp-json\/wp\/v2\/categories?post=16147"},{"taxonomy":"post_tag","embeddable":true,"href":"https:\/\/www.americas.org\/es\/wp-json\/wp\/v2\/tags?post=16147"},{"taxonomy":"author","embeddable":true,"href":"https:\/\/www.americas.org\/es\/wp-json\/wp\/v2\/coauthors?post=16147"}],"curies":[{"name":"wp","href":"https:\/\/api.w.org\/{rel}","templated":true}]}}