{"id":17189,"date":"2015-10-20T12:49:53","date_gmt":"2015-10-20T17:49:53","guid":{"rendered":"http:\/\/www.cipamericas.org\/?p=17189"},"modified":"2015-12-02T11:41:41","modified_gmt":"2015-12-02T16:41:41","slug":"guatemala-en-visperas-de-la-2a-vuelta-electoral","status":"publish","type":"post","link":"https:\/\/www.americas.org\/es\/guatemala-en-visperas-de-la-2a-vuelta-electoral\/","title":{"rendered":"Guatemala: en v\u00edsperas de la 2\u00aa vuelta electoral  \u00a0"},"content":{"rendered":"<p><img loading=\"lazy\" decoding=\"async\" class=\"size-medium wp-image-17191 alignleft\" src=\"https:\/\/www.americas.org\/wp-content\/uploads\/2015\/10\/image55e79f63e5e753.64948144-300x180.jpg\" alt=\"image55e79f63e5e753.64948144\" width=\"300\" height=\"180\" srcset=\"https:\/\/www.americas.org\/wp-content\/uploads\/2015\/10\/image55e79f63e5e753.64948144-300x180.jpg 300w, https:\/\/www.americas.org\/wp-content\/uploads\/2015\/10\/image55e79f63e5e753.64948144-1024x616.jpg 1024w, https:\/\/www.americas.org\/wp-content\/uploads\/2015\/10\/image55e79f63e5e753.64948144.jpg 1637w\" sizes=\"auto, (max-width: 300px) 100vw, 300px\" \/>Me da un gusto personal escribir en un 20 de octubre, porque me considero heredera de esa tradici\u00f3n libertaria que derroc\u00f3 en Guatemala en 1944 a la dictadura de Jorge Ubico.<\/p>\n<p>Posteriormente, se sucedieron los dos gobiernos de la Revoluci\u00f3n, Juan Jos\u00e9 Ar\u00e9valo y Jacobo \u00c1rbenz Guzm\u00e1n, per\u00edodo que se ha llamado en la historia nacional como \u201clos diez a\u00f1os de primavera en el pa\u00eds de la eterna dictadura\u201d.<\/p>\n<p>Mi padre (Waldemar Barrios Klee) trabaj\u00f3 en el Departamento Agrario Nacional (DAN), y fue uno de los asesores de la frustrada Reforma Agraria que hubiera llevado al pa\u00eds por otros derroteros de modernizaci\u00f3n.<\/p>\n<p>Mi madre, primera mujer egresada de la Facultad de Humanidades, fundada como consecuencia de la misma Revoluci\u00f3n fue directora del Instituto para Se\u00f1oritas Bel\u00e9n. En esa \u00e9poca los servicios p\u00fablicos de salud y educaci\u00f3n eran de calidad. Se estableci\u00f3 el C\u00f3digo de trabajo y la seguridad social, que antes no exist\u00edan en el pa\u00eds. Adem\u00e1s de concederse en 1945 el voto para las mujeres alfabetas en medio de un enconado debate que se puede leer en la Hemeroteca Nacional.<\/p>\n<p>Desafortunadamente eran los tiempos de la guerra fr\u00eda y la idea del mundo polar entre comunistas y anti comunistas, idea que prevalece a\u00fan en Guatemala entre las gentes conservadoras que no han conseguido evolucionar.<\/p>\n<p>Dejando de lado estas remembranzas de octubre, estamos en la v\u00edspera de la segunda vuelta electoral entre dos candidatos que seg\u00fan la opini\u00f3n generalizada ambos no convencen de manera definitiva. Sin embargo, nos tocar\u00e1 el 25 de octubre acudir a las urnas y mantener la vigilancia ciudadana y la auditor\u00eda social, sobre la persona que resulte electa y su estructura partidaria.<\/p>\n<p>Se enfrentan Sandra Torres, candidata por la Uni\u00f3n Nacional de la Esperanza (UNE) de corte social dem\u00f3crata, que ya hicieron gobierno y Jimmy Morales, por un partido fundado por militares. Morales es un comediante apreciado popularmente por su programa en televisi\u00f3n Moralejas, que caracteriza a personas a partir de estereotipos, pero que busca a la manera de las f\u00e1bulas, dejar una lecci\u00f3n moral. Su propuesta pol\u00edtica se centra b\u00e1sicamente en la oferta de honradez y el cese de la corrupci\u00f3n.<\/p>\n<p>Torres ha centrado su campa\u00f1a en las transferencias monetarias condicionadas que durante el Gobierno de la Uni\u00f3n de la Esperanza (UNE: 2007-2011) tuvieron buena recepci\u00f3n entre la poblaci\u00f3n; adem\u00e1s del Programa Escuelas Abiertas que fue un aliciente para j\u00f3venes marginales y en situaci\u00f3n de riesgo.<\/p>\n<p>Estos programas se enfocan en poblaci\u00f3n en situaci\u00f3n de vulnerabilidad, y aunque durante el gobierno de la UNE se realizaron campa\u00f1as de empadronamiento y se aleccion\u00f3 a las mujeres sobre sus derechos ciudadanos y la participaci\u00f3n electoral, situaci\u00f3n que fue criticada en su momento bajo la acusaci\u00f3n de clientelismo pol\u00edtico, no es seguro que esta poblaci\u00f3n participe del proceso electoral y acuda a votar.<\/p>\n<p>Por otra parte, si bien las personas que admiran el programa Moralejas se ubicar\u00edan en una situaci\u00f3n social semejante a la mayor\u00eda de partidarios\/as de Sandra, se encuentran entre la clase media baja urbana y rural, que posiblemente acudan a las urnas.<\/p>\n<p>\u00bfQu\u00e9 sector social inclinar\u00e1 la balanza? Esa es la gran inc\u00f3gnita que se despejar\u00e1 el 25 de octubre. Aunque hay quienes vaticinan que habr\u00e1 ausentismo en las urnas.<\/p>\n<p>Una serie de circunstancias no previstas nos llevaron hasta este inesperado balotaje: La ca\u00edda del binomio presidencial al descubrirse la trama de corrupci\u00f3n que hab\u00edan montado para saquear los recursos estatales y llevar los importes de los impuestos a su propio pecunio personal, y las manifestaciones ciudadanas que dieron una cierta cohesi\u00f3n en contra de ciertos pol\u00edticos, entre ellos Manuel Baldiz\u00f3n, que hab\u00eda llegado a la segunda vuelta con Otto P\u00e9rez Molina en el proceso electoral 2011 y hab\u00eda sido considerado el favorito en las encuestas.<\/p>\n<p>Estamos a la expectativa de c\u00f3mo se comportar\u00e1 la ciudadan\u00eda en esta oportunidad. En la primera vuelta vot\u00f3 el 70% del padr\u00f3n, lo que se consider\u00f3 un \u00e9xito rotundo especialmente porque se hab\u00eda vaticinado por errados analistas el voto nulo o la abstenci\u00f3n. Ahora, predomina la cautela al opinar.<\/p>\n<p>Nos encontramos, apenas a unos d\u00edas que la realidad vuelva a hablar y se trace el futuro del pa\u00eds. Gane quien gane las elecciones, la ciudadan\u00eda ha tomado conciencia de la importancia de la participaci\u00f3n y si esta no se traduce en la votaci\u00f3n, estoy segura que lo har\u00e1n desde la auditor\u00eda social. La juventud que particip\u00f3 en las concentraciones ciudadanas de los s\u00e1bados, actualmente se\u00f1alan que se convertir\u00e1n en auditores y fiscalizadores del gobierno que resulte electo. Ojal\u00e1.<\/p>\n<p>Octubre ha sido un mes muy querido en Guatemala. Se considera el mes de la Revoluci\u00f3n de 1944 que consigui\u00f3 derrocar a la dictadura de Jorge Ubico, los dos Gobiernos de la Revoluci\u00f3n hab\u00edan encaminado al pa\u00eds por la senda de la modernizaci\u00f3n y los cambios, que lamentablemente se vieron truncadas por la intervenci\u00f3n norteamericana en tiempos de Guerra Fr\u00eda.<\/p>\n<p>El 20 de octubre se conmemora con una marcha multitudinaria que evoca los logros y pide cambios.<\/p>\n<p>Ahora octubre marcar\u00e1 el destino que depara al pa\u00eds, esperando que la ciudadan\u00eda continu\u00e9 jugando el papel que le corresponde en una efectiva democracia.<\/p>\n","protected":false},"excerpt":{"rendered":"<p>Una serie de circunstancias no previstas nos llevaron hasta este inesperado balotaje: La ca\u00edda del binomio presidencial al descubrirse la trama de corrupci\u00f3n, y las manifestaciones ciudadanas <\/p>\n","protected":false},"author":401,"featured_media":17191,"comment_status":"open","ping_status":"open","sticky":false,"template":"","format":"standard","meta":{"inline_featured_image":false,"footnotes":""},"categories":[4884],"tags":[5034],"coauthors":[],"class_list":["post-17189","post","type-post","status-publish","format-standard","has-post-thumbnail","hentry","category-democracia","tag-central-america"],"_links":{"self":[{"href":"https:\/\/www.americas.org\/es\/wp-json\/wp\/v2\/posts\/17189","targetHints":{"allow":["GET"]}}],"collection":[{"href":"https:\/\/www.americas.org\/es\/wp-json\/wp\/v2\/posts"}],"about":[{"href":"https:\/\/www.americas.org\/es\/wp-json\/wp\/v2\/types\/post"}],"author":[{"embeddable":true,"href":"https:\/\/www.americas.org\/es\/wp-json\/wp\/v2\/users\/401"}],"replies":[{"embeddable":true,"href":"https:\/\/www.americas.org\/es\/wp-json\/wp\/v2\/comments?post=17189"}],"version-history":[{"count":1,"href":"https:\/\/www.americas.org\/es\/wp-json\/wp\/v2\/posts\/17189\/revisions"}],"predecessor-version":[{"id":17198,"href":"https:\/\/www.americas.org\/es\/wp-json\/wp\/v2\/posts\/17189\/revisions\/17198"}],"wp:featuredmedia":[{"embeddable":true,"href":"https:\/\/www.americas.org\/es\/wp-json\/wp\/v2\/media\/17191"}],"wp:attachment":[{"href":"https:\/\/www.americas.org\/es\/wp-json\/wp\/v2\/media?parent=17189"}],"wp:term":[{"taxonomy":"category","embeddable":true,"href":"https:\/\/www.americas.org\/es\/wp-json\/wp\/v2\/categories?post=17189"},{"taxonomy":"post_tag","embeddable":true,"href":"https:\/\/www.americas.org\/es\/wp-json\/wp\/v2\/tags?post=17189"},{"taxonomy":"author","embeddable":true,"href":"https:\/\/www.americas.org\/es\/wp-json\/wp\/v2\/coauthors?post=17189"}],"curies":[{"name":"wp","href":"https:\/\/api.w.org\/{rel}","templated":true}]}}