{"id":17394,"date":"2015-11-13T15:33:07","date_gmt":"2015-11-13T20:33:07","guid":{"rendered":"http:\/\/www.cipamericas.org\/?p=17394"},"modified":"2015-12-02T11:22:07","modified_gmt":"2015-12-02T16:22:07","slug":"nuevo-filme-movimiento-por-justicia-del-barrio-en-la-conferencia-sobre-la-libertad-de-mujeres","status":"publish","type":"post","link":"https:\/\/www.americas.org\/es\/nuevo-filme-movimiento-por-justicia-del-barrio-en-la-conferencia-sobre-la-libertad-de-mujeres\/","title":{"rendered":"Nuevo filme: Movimiento por justicia del barrio en la Conferencia sobre la Libertad de Mujeres"},"content":{"rendered":"<p><img loading=\"lazy\" decoding=\"async\" class=\"alignright size-medium wp-image-17391\" src=\"https:\/\/www.americas.org\/wp-content\/uploads\/2015\/11\/maxresdefault-300x201.jpg\" alt=\"maxresdefault\" width=\"300\" height=\"201\" srcset=\"https:\/\/www.americas.org\/wp-content\/uploads\/2015\/11\/maxresdefault-300x201.jpg 300w, https:\/\/www.americas.org\/wp-content\/uploads\/2015\/11\/maxresdefault-1024x685.jpg 1024w\" sizes=\"auto, (max-width: 300px) 100vw, 300px\" \/>H\u00e1z clic aqu\u00ed para ver el filme:\u00a0<a href=\"https:\/\/www.youtube.com\/watch?v=Oz3l0049gJo\">Movimiento por justicia del barrio en la Conferencia sobre la Libertad de las Mujeres<\/a><\/p>\n<p><em>&#8220;Estamos construyendo un espacio donde los de abajo pueden reunirse para escuchar a los dem\u00e1s, aprender y compartir. Resistir y luchar, para crear un espacio en el que podemos existir&#8230; &#8220;.<\/em><\/p>\n<p>Este filme, titulado <strong>\u201cLas mujeres de El Barrio luchando por la libertad y contra el desplazamiento\u201d, <\/strong>fue presentado por Movimiento por Justicia del Barrio en la primera\u00a0<em>Conferencia sobre la Libertad de las Mujeres\u00a0<\/em>en la historia a escala mundial, completamente digital y\u00a0100% en l\u00ednea, que se celebr\u00f3 el 25 de octubre de 2015.<\/p>\n<p>El prop\u00f3sito de esta conferencia hist\u00f3rica fue\u00a0concentrar y amplificar a las voces \u00fanicas y las experiencias de las mujeres con escasa o nula representaci\u00f3n, mujeres de color (mujeres de las Razas Negras, Asiaticas, Latinas e Ind\u00edgenas) que han sido privadas de sus derechos, no s\u00f3lo por el patriarcado, sino tambi\u00e9n a trav\u00e9s de racismo y otras formas de opresi\u00f3n, y cuya naturaleza como mujeres se modela y se define a lo largo de esas intersecciones.<\/p>\n<p>M\u00e1s de 20 presentaciones de mujeres provenientes de los cinco continentes fueron elegidas para compartir su lucha en la conferencia despu\u00e9s de un riguroso proceso de selecci\u00f3n. La \u00fanica organizaci\u00f3n al nivel mundial que fue seleccionado para participar fue Movimiento por Justicia del Barrio, la organizaci\u00f3n comunitaria de migrantes que lucha por dignidad y en contra del desplazamiento en el este de Harlem en la ciudad de Nueva York.<\/p>\n<p>Este filme\u00a0destaca el papel de tres de las muchas mujeres migrantes Mexicanas que conducen a esta organizaci\u00f3n en su lucha por libertad y en contra del desplazamiento y el olvido. Mientras enfrentan a las empresas corporativas locales y transnacionales, las mujeres de Movimiento por Justicia del Barrio, durante esta presentaci\u00f3n, declararon su oposici\u00f3n a los nuevos planes de rezonificaci\u00f3n que les imponen los de arriba, los cuales amenazan con desplazar a las y los inmigrantes de bajos ingresos y a la gente de color de sus hogares en el este de Harlem. A medida que las mujeres de El Barrio luchan por libertad, asimismo est\u00e1n construyendo un mundo nuevo en el que quepan muchos mundos. \u00c9sta es la historia poderosamente ilustrativa de unas mujeres migrantes de color\u00a0que se unen y construyen una nueva cultura de resistencia en El Barrio.<\/p>\n<p>Feminista Jones, uno de los principales organizadores de la <em>Conferencia sobre la Libertad de las Mujeres<\/em>, se le pregunt\u00f3 por qu\u00e9 se eligi\u00f3 esta organizaci\u00f3n en particular. Ella respondi\u00f3:<\/p>\n<p>&#8220;Seleccionamos a Movimiento por Justicia del Barrio, porque nuestra misi\u00f3n fue destacar la labor que realizan las mujeres de color en todo el mundo. Cuando le\u00edmos sobre su lucha y vimos otro video corto de ellas, est\u00e1bamos tan inspiradas por el trabajo de las mujeres que aparecen. La <em>Conferencia sobre la Libertad de las Mujeres\u00a0<\/em> tuvo el honor de mostrar su compromiso con la justicia social en una plataforma tan global porque el trabajo que el Movimiento por Justicia del Barrio est\u00e1 haciendo es importante, poderosa, y es una fuente de inspiraci\u00f3n\u201d.<\/p>\n<p><strong>Haga clic aqu\u00ed para ver el filme:\u00a0<\/strong><a href=\"https:\/\/www.youtube.com\/watch?v=Oz3l0049gJo\">https:\/\/www.youtube.com\/watch?v=Oz3l0049gJo<\/a><\/p>\n<p><em>Fundada por\u00a0mujeres\u00a0migrantes de bajos recursos, Movimiento por Justicia del Barrio es una organizaci\u00f3n de base comunitaria, compuesta en su gran mayor\u00eda por\u00a0mujeres\u00a0que luchan por dignidad y en contra del desplazamiento en el Este de Harlem, Nueva York. Adherente a los principios de la autonom\u00eda y la auto-determinaci\u00f3n, Movimiento practica la democracia participativa y la horizontalidad al nivel comunitario.<\/em><\/p>\n","protected":false},"excerpt":{"rendered":"<p>Este filme, titulado \u201cLas mujeres de El Barrio luchando por la libertad y contra el desplazamiento\u201d, fue presentado por Movimiento por Justicia del Barrio en la primera Conferencia sobre la Libertad de las Mujeres en la historia a escala mundial, completamente digital y 100% en l\u00ednea, que se celebr\u00f3 el 25 de octubre de 2015.<\/p>\n","protected":false},"author":370,"featured_media":17391,"comment_status":"open","ping_status":"open","sticky":false,"template":"","format":"standard","meta":{"inline_featured_image":false,"footnotes":""},"categories":[4916,4912,4915],"tags":[],"coauthors":[],"class_list":["post-17394","post","type-post","status-publish","format-standard","has-post-thumbnail","hentry","category-derechos-humanos","category-movimientos-sociales","category-tierra"],"_links":{"self":[{"href":"https:\/\/www.americas.org\/es\/wp-json\/wp\/v2\/posts\/17394","targetHints":{"allow":["GET"]}}],"collection":[{"href":"https:\/\/www.americas.org\/es\/wp-json\/wp\/v2\/posts"}],"about":[{"href":"https:\/\/www.americas.org\/es\/wp-json\/wp\/v2\/types\/post"}],"author":[{"embeddable":true,"href":"https:\/\/www.americas.org\/es\/wp-json\/wp\/v2\/users\/370"}],"replies":[{"embeddable":true,"href":"https:\/\/www.americas.org\/es\/wp-json\/wp\/v2\/comments?post=17394"}],"version-history":[{"count":5,"href":"https:\/\/www.americas.org\/es\/wp-json\/wp\/v2\/posts\/17394\/revisions"}],"predecessor-version":[{"id":17413,"href":"https:\/\/www.americas.org\/es\/wp-json\/wp\/v2\/posts\/17394\/revisions\/17413"}],"wp:featuredmedia":[{"embeddable":true,"href":"https:\/\/www.americas.org\/es\/wp-json\/wp\/v2\/media\/17391"}],"wp:attachment":[{"href":"https:\/\/www.americas.org\/es\/wp-json\/wp\/v2\/media?parent=17394"}],"wp:term":[{"taxonomy":"category","embeddable":true,"href":"https:\/\/www.americas.org\/es\/wp-json\/wp\/v2\/categories?post=17394"},{"taxonomy":"post_tag","embeddable":true,"href":"https:\/\/www.americas.org\/es\/wp-json\/wp\/v2\/tags?post=17394"},{"taxonomy":"author","embeddable":true,"href":"https:\/\/www.americas.org\/es\/wp-json\/wp\/v2\/coauthors?post=17394"}],"curies":[{"name":"wp","href":"https:\/\/api.w.org\/{rel}","templated":true}]}}