{"id":17819,"date":"2015-12-08T18:04:14","date_gmt":"2015-12-08T23:04:14","guid":{"rendered":"http:\/\/www.cipamericas.org\/?p=17819"},"modified":"2015-12-11T13:33:17","modified_gmt":"2015-12-11T18:33:17","slug":"en-paris-activistas-desafian-inaccion-de-la-cop-y-proponen-soluciones","status":"publish","type":"post","link":"https:\/\/www.americas.org\/es\/en-paris-activistas-desafian-inaccion-de-la-cop-y-proponen-soluciones\/","title":{"rendered":"En Par\u00eds, activistas desaf\u00edan inacci\u00f3n de la COP y proponen soluciones"},"content":{"rendered":"<p>[metaslider id=17834]<\/p>\n<p>Plaza Juar\u00e9s en Montreuil, una ciudad peque\u00f1a al este de Par\u00eds, est\u00e1 llena de gente que baila, grita y carga sillas pesadas sobre sus cabezas. La procesi\u00f3n sale de la plaza, provocando el aplauso del p\u00fablico. Si tuviera suficiente tiempo para contar, las sillas ser\u00edan 196, todos \u201crequisados\u201d de bancos locales, para representar los 196 pa\u00edses presentes en las negociaciones COP21. El acci\u00f3n llama atenci\u00f3n a para\u00edsos fiscales, que son \u201cun calabozo de finanza global\u201d seg\u00fan los organizadores, y vincula la evasi\u00f3n de impuestos a la falta de entrega de compromisos de finanza clim\u00e1tica.<\/p>\n<p>Este fue uno de varios acciones e intervenciones creativas por la fin de semana en Montreuil, donde convinieron por el fin de semana el <a href=\"http:\/\/coalitionclimat21.org\/es\/cumbre-de-los-pueblos-por-el-clima\">Cumbre de los Pueblos por el Clima<\/a> y el Pueblo Mundial de Alternativas. Los eventos juntaron miles de personas de varios partes del mundo para discutir sobre soluciones clim\u00e1ticas de base.<\/p>\n<p><strong>Soluciones falsas denunciadas en la COP21<\/strong><\/p>\n<p>Mientras la COP21 toma lugar en un centro de conferencias de madera contrachapada detr\u00e1s de largas colas de seguridad, el Cumbre de los Pueblos por el Clima, organizado por las <em>Coalition Climat 21<\/em>, invit\u00f3 a sus asistentes con m\u00fasica, comida y arte. La COP21 tiene su propio espacio \u201c<a href=\"http:\/\/www.solutionscop21.org\/fr\/\">Solutions21<\/a>\u201d abierta al p\u00fablico, pero activistas lo han criticado por abastecer a las interesas corporativas, como el banco franc\u00e9s BNP Paribas, que finanza petr\u00f3leo, gas natural, carb\u00f3n y desarrollo nuclear.<\/p>\n<p>Un tarde reciente, representativas del sector privado vestidos en trajes poblaban el pabell\u00f3n Solutions21. Cuando una coalici\u00f3n de activistas hablaron sobre los impactos de fracking y otras tecnolog\u00edas promovidas en Solutions21, polic\u00edas vestidos de civil los desalojaron por la fuerza del espacio. <a href=\"http:\/\/newint.org\/live\/2015\/10\/27\/cop21\/\">Un video<\/a> que documenta el acci\u00f3n en The New Internationalist acerca 5 millones de vistas.<\/p>\n<p>Artistas con el grupo <a href=\"http:\/\/www.thisiscolossal.com\/2015\/11\/brandalism-fake-ads-paris\/\">Brandalism<\/a> han enfrentado el greenwashing de la COP21 por instalar sus propios \u201cpublicidades\u201d que se burlan de los patrocinadores corporativas de la COP21.<\/p>\n<p><strong>Soluciones de base compartidas en Montreuil<\/strong><\/p>\n<p>El Cumbre de los Pueblos por el Clima y el Pueblo Mundial de Alternativas son otra rama de las respuestas de organizadores a la influencia corporativa en la COP21 y la proscripci\u00f3n de protesta por parte de las autoridades francesas.<\/p>\n<p>La <em>Coalition Climat 21<\/em>, compuesto por 130 organizaciones, incluyendo sindicatos, ONGs de derechos humanos y grupos antiglobalizaci\u00f3n, organiz\u00f3 el Cumbre de los Pueblos por el Clima. La <em>Coalition<\/em> se form\u00f3 en 2014 para organizar para la COP de Par\u00eds. El Cumbre de los Pueblos inclu\u00eda mesas redondas, presentaciones de pel\u00edculas y talleres el s\u00e1bado y domingo.<\/p>\n<p>Alternatiba organiz\u00f3 el Pueblo de Alternativas, usando como modelo previos eventos en otros lugares en Europa y en las acercas de las COP. El Pueblo se divid\u00eda en temas de agricultura sostenible y de campesinos, reutilizaci\u00f3n y reciclaje, eco-construcci\u00f3n, econom\u00edas locales, comercio justo, educaci\u00f3n ambiental, eficiencia energ\u00e9tica y energ\u00eda renovable. Granjeros vend\u00edan productos ecol\u00f3gicos, artistas locales se expresaban a trav\u00e9s del rap, teatro y reggae, y organizaciones compart\u00edan informaci\u00f3n sobre sus actividades con los asistentes.<\/p>\n<p>En el Cumbre de Pueblos por el Clima, <a href=\"http:\/\/coalitionclimat21.org\/fr\/contenu\/le-sommet-citoyen-pour-le-climat\">docenas de talleres<\/a> hablaban de asuntos diversos, incluyendo acci\u00f3n directa para defender tierras de un aeropuerto en Notre-Dame-des-Landes, la lucha contra fracking en los EEUU y Am\u00e9rica Latina, y los efectos del cambio clim\u00e1tico para las mujeres. El an\u00e1lisis interseccional y sist\u00e9mico era enfatizado, y los participantes representaban diversos movimientos e historias.<\/p>\n<p>Los ponentes tambi\u00e9n se\u00f1alaron que varios activistas del sur global fueron negados visas para entrar en Francia para la COP despu\u00e9s de los ataques del 13 de noviembre.<\/p>\n<p>En una sesi\u00f3n sobre los migrantes de clima organizada por La V\u00eda Campesina, el movimiento campesino global, Eberto D\u00edaz de FENSUAGRO, un sindicato agr\u00edcola colombiano, enfatiz\u00f3 las ra\u00edces pol\u00edticas de la migraci\u00f3n. Dijo, \u201cnuestros pa\u00edses en Am\u00e9rica latina no son pobres. Han sido empobrecidos. Eso causa la migraci\u00f3n&#8221;.\u00a0Despu\u00e9s en la mesa redonda, un hombre indocumentado senegal\u00e9s explic\u00f3 c\u00f3mo sequ\u00edas y la imposici\u00f3n de plantaciones de arroz en lugar de agricultura de subsistencia lo forz\u00f3 a migrar a Francia.<\/p>\n<p>A pesar de la prohibici\u00f3n de las manifestaciones y la militarizaci\u00f3n de la conferencia, los eventos el pasado fin de semana en Montreuil se vislumbraba c\u00f3mo parecer\u00eda una COP verdaderamente representante de la juventud, el sur global, los pueblos ind\u00edgenas y las mujeres.<\/p>\n<p><strong><em>Enviado desde Par\u00eds<\/em><\/strong><em>. Martha Pskowski es periodista independiente que informa sobre la cumbre\u00a0del clima de Par\u00eds\u00a0COP21, en Par\u00eds para el Programa de las Am\u00e9ricas. Es colaboradora del Programa de las Am\u00e9ricas<\/em><em>\u00a0<a href=\"https:\/\/www.americas.org\/es\/\">www.americas.org\/es\/<\/a><\/em><em>. Esta nota forma parte de la serie \u201cCr\u00f3nicas de la COP\u201d.<\/em><\/p>\n<p><em>Traducci\u00f3n por Sim\u00f3n Schatzberg<\/em><\/p>\n<p><strong>Para M\u00e1s Informaci\u00f3n:<\/strong><\/p>\n<p><strong>Cr\u00f3nicas de la COP<\/strong><br \/>\n<a href=\"https:\/\/www.americas.org\/es\/archives\/category\/cronicas-de-la-cop\"> https:\/\/www.americas.org\/es\/archives\/category\/cronicas-de-la-cop<\/a><\/p>\n","protected":false},"excerpt":{"rendered":"<p>Este fue uno de varios acciones e intervenciones creativas por la fin de semana en Montreuil, donde convinieron por el fin de semana el Cumbre de los Pueblos por el Clima y el Pueblo Mundial de Alternativas. <\/p>\n","protected":false},"author":358,"featured_media":17809,"comment_status":"open","ping_status":"open","sticky":false,"template":"","format":"standard","meta":{"inline_featured_image":false,"footnotes":""},"categories":[5094,4913,4915],"tags":[],"coauthors":[],"class_list":["post-17819","post","type-post","status-publish","format-standard","has-post-thumbnail","hentry","category-medio-ambiente","category-soberania-alimentaria","category-tierra"],"_links":{"self":[{"href":"https:\/\/www.americas.org\/es\/wp-json\/wp\/v2\/posts\/17819","targetHints":{"allow":["GET"]}}],"collection":[{"href":"https:\/\/www.americas.org\/es\/wp-json\/wp\/v2\/posts"}],"about":[{"href":"https:\/\/www.americas.org\/es\/wp-json\/wp\/v2\/types\/post"}],"author":[{"embeddable":true,"href":"https:\/\/www.americas.org\/es\/wp-json\/wp\/v2\/users\/358"}],"replies":[{"embeddable":true,"href":"https:\/\/www.americas.org\/es\/wp-json\/wp\/v2\/comments?post=17819"}],"version-history":[{"count":6,"href":"https:\/\/www.americas.org\/es\/wp-json\/wp\/v2\/posts\/17819\/revisions"}],"predecessor-version":[{"id":17982,"href":"https:\/\/www.americas.org\/es\/wp-json\/wp\/v2\/posts\/17819\/revisions\/17982"}],"wp:featuredmedia":[{"embeddable":true,"href":"https:\/\/www.americas.org\/es\/wp-json\/wp\/v2\/media\/17809"}],"wp:attachment":[{"href":"https:\/\/www.americas.org\/es\/wp-json\/wp\/v2\/media?parent=17819"}],"wp:term":[{"taxonomy":"category","embeddable":true,"href":"https:\/\/www.americas.org\/es\/wp-json\/wp\/v2\/categories?post=17819"},{"taxonomy":"post_tag","embeddable":true,"href":"https:\/\/www.americas.org\/es\/wp-json\/wp\/v2\/tags?post=17819"},{"taxonomy":"author","embeddable":true,"href":"https:\/\/www.americas.org\/es\/wp-json\/wp\/v2\/coauthors?post=17819"}],"curies":[{"name":"wp","href":"https:\/\/api.w.org\/{rel}","templated":true}]}}