{"id":18546,"date":"2016-03-20T23:29:10","date_gmt":"2016-03-21T04:29:10","guid":{"rendered":"http:\/\/www.cipamericas.org\/?p=18546"},"modified":"2016-04-29T10:54:39","modified_gmt":"2016-04-29T15:54:39","slug":"san-quintin-nada-ha-cambiado","status":"publish","type":"post","link":"https:\/\/www.americas.org\/es\/san-quintin-nada-ha-cambiado\/","title":{"rendered":"San Quint\u00edn: Nada ha cambiado"},"content":{"rendered":"<p><em><img loading=\"lazy\" decoding=\"async\" class=\"alignleft size-medium wp-image-18552\" src=\"https:\/\/www.americas.org\/wp-content\/uploads\/2016\/03\/IMG-20160308-WA00041-300x225.jpg\" alt=\"IMG-20160308-WA0004(1)\" width=\"300\" height=\"225\" srcset=\"https:\/\/www.americas.org\/wp-content\/uploads\/2016\/03\/IMG-20160308-WA00041-300x225.jpg 300w, https:\/\/www.americas.org\/wp-content\/uploads\/2016\/03\/IMG-20160308-WA00041-768x576.jpg 768w, https:\/\/www.americas.org\/wp-content\/uploads\/2016\/03\/IMG-20160308-WA00041-1024x768.jpg 1024w, https:\/\/www.americas.org\/wp-content\/uploads\/2016\/03\/IMG-20160308-WA00041.jpg 1600w\" sizes=\"auto, (max-width: 300px) 100vw, 300px\" \/>A un a\u00f1o de que los jornaleros del Valle de San Quint\u00edn tomaron la carretera transpen\u00ednsular para reclamar aumento salarial y seguridad, nada ha cambiado. El trato en los surcos sigue igual coinciden mujeres activistas, aunque el gobierno del estado lo niega. <\/em><\/p>\n<p>En la madrugada del 17 de marzo, los trabajadores de los campos agr\u00edcolas dejaron sus herramientas de trabajo para declararse en huelga. El bloqueo se extendi\u00f3 a 128 kil\u00f3metros de la principal v\u00eda de la pen\u00ednsula de las dos Baja California.<\/p>\n<p>El pliego petitorio que los jornaleros dieron a conocer hace un a\u00f1o era sencillo: incremento salarial a 200 pesos como salario por jornadas de 8 horas; afiliaci\u00f3n al seguro social; sindicato propio; aguinaldos, vacaciones, bonos, reparto de utilidades; cese al acoso sexual; y acabar con el trabajo infantil. Sin embargo, el gobierno respondi\u00f3 con represi\u00f3n y hostigamiento en contra de los campesinos y sus l\u00edderes. Desde el primer d\u00eda el gobierno del Estado us\u00f3 la fuerza p\u00fablica para desalojar el Centro de gobierno de San Quint\u00edn. Luego en la noche, polic\u00edas federales y estatales, apoyados por el Ej\u00e9rcito mexicano, desbloquearon la carretera, con un saldo de 299 detenidos y un sinn\u00famero de heridos.<\/p>\n<p>Con la megamarcha del 10 abril las empresas agr\u00edcolas accedieron a un raqu\u00edtico incremento salarial de 15 por ciento, pero a cambio se agregaron m\u00e1s tareas a la jornada. De 45 botes de pepino de la jornada antes del incremento pasaron a 60; de 35 botes de jitomate subi\u00f3 a 50; de cuatro surcos, salt\u00f3 a seis.<\/p>\n<p>Despu\u00e9s de esa marcha los l\u00edderes del entonces Alianza de Organizaciones Nacional, Estatal y Municipal por la Justicia Social viajaron a la ciudad de M\u00e9xico para exponer su demanda. Se reunieron con senadores y senadores, y lo hicieron tambi\u00e9n con la Comisi\u00f3n Nacional de Derechos Humanos (CNDH), la Secretar\u00eda de Gobernaci\u00f3n (Segob) y organizaciones sociales.<\/p>\n<p>A su regreso, organizaron otra marcha que parti\u00f3 de la colonia Vicente Guerrero hasta el Centro de Gobierno de San Quint\u00edn, el 24 de abril. La caminata de 20 kil\u00f3metros no fue suficiente para que el subsecretario de Gobernaci\u00f3n, Luis Enrique Miranda, acudiera a la mesa de trabajo con los jornaleros.<\/p>\n<p>Apenas pasaron dos semanas cuando la polic\u00eda estatal incursion\u00f3 en Loma de San Ram\u00f3n, disparando en c<img loading=\"lazy\" decoding=\"async\" class=\"alignright size-medium wp-image-18556\" src=\"https:\/\/www.americas.org\/wp-content\/uploads\/2016\/03\/20160315_1637041-300x180.jpg\" alt=\"20160315_163704(1)\" width=\"300\" height=\"180\" srcset=\"https:\/\/www.americas.org\/wp-content\/uploads\/2016\/03\/20160315_1637041-300x180.jpg 300w, https:\/\/www.americas.org\/wp-content\/uploads\/2016\/03\/20160315_1637041-768x461.jpg 768w, https:\/\/www.americas.org\/wp-content\/uploads\/2016\/03\/20160315_1637041-1024x614.jpg 1024w\" sizes=\"auto, (max-width: 300px) 100vw, 300px\" \/>ontra de los colonos de San Juan Copala, conocido tambi\u00e9n como la Triqui. En la agresi\u00f3n m\u00e1s de cien personas resultaron heridos de gravedad por el uso de balas de goma y de alto calibre.<\/p>\n<p>En tanto, el movimiento se dividi\u00f3 en dos sindicatos para disputar el contrato colectivo. Ambos dicen representar los verdaderos jornaleros. Mientras la divisi\u00f3n se ahonda, la Confederaci\u00f3n de Trabajadores de M\u00e9xico (CTM) aprovecha el momento para quedarse con la afiliaci\u00f3n de los nuevos trabajadores y las empresas promueven la campa\u00f1a de comercio justo para certificar sus productos.<\/p>\n<p style=\"text-align: center;\">********************<\/p>\n<p>Lucila Hern\u00e1ndez dice que no hay avance y que las condiciones laborales de hace un a\u00f1o no ha cambiado mucho.<\/p>\n<p>\u201cHasta ahora, el margen de avance creo, es de apenas un tres por ciento, Lo que s\u00ed cambi\u00f3 fue el aumento salarial de un quince por ciento. Rancho Los Pinos pagaba 120 pesos ahora es de 150; antes Berri-mex daba 130 y ahora a 226 pesos. Sin embargo, incrementaron la carga de la jornada, los surcos, los botes de jitomate; en el empaque la historia es la misma, ahora deben de poner dos etiquetas manualmente a cada caja\u201d.<\/p>\n<p>Agrega, \u201cEn realidad no hay avance. El supuesto aumento no se refleja en la cotizaci\u00f3n al Instituto Mexicano de Seguro Social (IMSS). Hasta el d\u00eda de hoy todav\u00eda la gente sigue cotizando con 70 pesos\u201d.<\/p>\n<p>Las prestaciones al IMSS es otro pendiente. Las empresas s\u00f3lo afilian a sus trabajadores por tres d\u00edas, despu\u00e9s se les da de baja. Los jornaleros dicen que los ranchos no quieren asumir su responsabilidad y el gobierno hace que no ve.<\/p>\n<p>Con 30 a\u00f1os en los surcos, Lucila habla de las empresas que reiteradamente maltratan a sus trabajadores pero que no han sido sancionados, y si los hubo no recay\u00f3 en Rancho Los Pinos.<\/p>\n<p><img loading=\"lazy\" decoding=\"async\" class=\"alignleft size-medium wp-image-18554\" src=\"https:\/\/www.americas.org\/wp-content\/uploads\/2016\/03\/20150422_1904201-300x180.jpg\" alt=\"20150422_190420(1)\" width=\"300\" height=\"180\" srcset=\"https:\/\/www.americas.org\/wp-content\/uploads\/2016\/03\/20150422_1904201-300x180.jpg 300w, https:\/\/www.americas.org\/wp-content\/uploads\/2016\/03\/20150422_1904201-768x461.jpg 768w, https:\/\/www.americas.org\/wp-content\/uploads\/2016\/03\/20150422_1904201-1024x614.jpg 1024w\" sizes=\"auto, (max-width: 300px) 100vw, 300px\" \/>\u201cLa sorpresa que nos llevamos es que sancionaron al m\u00e1s peque\u00f1o productor. El que tiene una tablita de nopal, de cebolla, de calabaza, el que siembra para su familia. Fueron los que m\u00e1s sufrieron las represi\u00f3n porque en su momento apoyaron el movimiento\u201d.<\/p>\n<p>La activista dice que las transnacionales como Berri-mex, Los Pinos, Santa M\u00f3nica, San Vicente Camal\u00fa, Racho Seco y San Marcos no fueron sancionados. Estas empresas quedaron exentos de revisi\u00f3n en seguridad social, el agua, y la salubridad.<\/p>\n<p>La pol\u00edtica excluyente en contra de los peque\u00f1os productores no qued\u00f3 ah\u00ed, sino que arreci\u00f3 tambi\u00e9n en contra de los jornaleros. Los surcos pasaron a ser s\u00f3lo para los que no salieron a gritar el 17 de marzo. Ahora les exigen m\u00e1s, ya no es tan f\u00e1cil faltar. Persona mayor de 60 a\u00f1os ya no puede trabajar en la cosecha.<\/p>\n<p>A Lucila no se le queda de otra que hablar de la fractura que sufri\u00f3 el movimiento: \u201cTuvimos una separaci\u00f3n. Est\u00e1bamos todos juntos, exig\u00edamos lo mismo, en una misma voz, pero algo pas\u00f3 y fue ah\u00ed donde nos separamos. Ahora hay dos sindicatos de jornaleros. El gobierno se la jug\u00f3 y le sali\u00f3 bien la jugada. No sabemos hasta donde vamos a llegar ni que m\u00e1s vamos a lograr. La alianza lanza al boicot internacional en contra de Driscoll\u2019s. Nosotros seguimos construyendo desde abajo\u201d.<\/p>\n<p>\u201cComo movimiento, a pesar del rompimiento que se dio a ra\u00edz de que los jornaleros de lado Sur reclamaron su inclusi\u00f3n en la mesa de trabajo que en ese entonces lo integraban s\u00f3lo los de la parte Norte, tambi\u00e9n hay algo que nos salva&#8211;ahora la gente es m\u00e1s consciente de sus derechos y empiezan a organizarse. Eso s\u00ed cuenta mucho, porque antes era muy dif\u00edcil generar una protesta en el Valle de San Quint\u00edn,\u201d sostiene Lucila.<\/p>\n<p><img loading=\"lazy\" decoding=\"async\" class=\"alignleft size-medium wp-image-18557\" src=\"https:\/\/www.americas.org\/wp-content\/uploads\/2016\/03\/20150424_0759341-300x180.jpg\" alt=\"20150424_075934(1)\" width=\"300\" height=\"180\" srcset=\"https:\/\/www.americas.org\/wp-content\/uploads\/2016\/03\/20150424_0759341-300x180.jpg 300w, https:\/\/www.americas.org\/wp-content\/uploads\/2016\/03\/20150424_0759341-768x461.jpg 768w, https:\/\/www.americas.org\/wp-content\/uploads\/2016\/03\/20150424_0759341-1024x614.jpg 1024w\" sizes=\"auto, (max-width: 300px) 100vw, 300px\" \/>Gloria Gracida coincide con Lucila. \u201cLo que se ha logrado es que la gente haya reaccionado, que la gente sepa que son seres humanos y que tienen derechos. Cuando a nosotros nos dicen, \u2018ya ven, en tal rancho ya paralizamos el trabajo y pedimos un aumento y si nos lo dieron, no los necesitamos a ustedes\u2019, y yo digo \u2018huy que bueno que ustedes lo hagan\u2019, y esa es una de las cosas m\u00e1s importantes que se ha logrado. Tambi\u00e9n se logr\u00f3 que ahora ni\u00f1os y j\u00f3venes est\u00e9n creciendo con una mentalidad diferente, que est\u00e9n con palabras nuevas en su vocabulario: marcha, o protesta, huelga, derecho por ejemplo. Eso es algo muy importante en cuanto a, digamos, de manera subjetiva\u201d.<\/p>\n<p>Con una maestr\u00eda por la Universidad Iberoamericana, Gracida dice que el logro m\u00e1s importante es la creaci\u00f3n del Sindicato Independiente Nacional Democr\u00e1tico de Jornaleros Agr\u00edcolas (SINDJA). \u201cEs una de las victorias m\u00e1s grande porque se forma desde los surcos, la gente que sale del campo y que dicen \u2018yo voy a representar a mi gente como si fuera yo mismo, y eso nunca hab\u00eda existido, siempre hab\u00edan existido los sindicatos charros con compromisos con el gobierno con los empresarios incluso, y que el trabajador no importaba\u201d.<\/p>\n<p>La tambi\u00e9n profesora de telesecundaria celebra los dos sindicatos a pesar de sus m\u00e9todos distintos. Dice que deben de ser fuerte en los campos para que los empresarios est\u00e9n ahora m\u00e1s preocupados, al grado de implementar programas que pretenden beneficiar a los jornaleros con el llamado comercio justo.<\/p>\n<p>Reitera que la carga de trabajo aument\u00f3 casi a la proporci\u00f3n del quince por ciento del salario. \u201cEso no sale a la luz, y bueno, los maltratos contin\u00faan en los campos. Por ejemplo Rancho Los Pinos. Muchos preguntan \u00bfpor qu\u00e9 no atacar directamente a Los Pinos?\u2019. Nosotros les decimos que este movimiento no lo hacemos nosotros, lo tienen que hacer la gente desde adentro, pero \u00bfc\u00f3mo lo van a hacer si est\u00e1n encarcelados? Ellos tienen que darse cuenta de la situaci\u00f3n. El problema no es sencillo porque la empresa esta coludida con el gobierno\u201d.<\/p>\n<p>En el Valle de San Quint\u00edn los empresarios del campo crearon el Consejo Agr\u00edcola, donde participan ranchos con los historiales m\u00e1s oscuros en la regi\u00f3n, como Berri-mex o Driscoll\u2019s. Desde el Consejo, dise\u00f1an estrategias para desactivar el movimiento.<\/p>\n<p><img loading=\"lazy\" decoding=\"async\" class=\"alignright size-medium wp-image-18555\" src=\"https:\/\/www.americas.org\/wp-content\/uploads\/2016\/03\/20150422_1905081-300x180.jpg\" alt=\"20150422_190508(1)\" width=\"300\" height=\"180\" srcset=\"https:\/\/www.americas.org\/wp-content\/uploads\/2016\/03\/20150422_1905081-300x180.jpg 300w, https:\/\/www.americas.org\/wp-content\/uploads\/2016\/03\/20150422_1905081-768x461.jpg 768w, https:\/\/www.americas.org\/wp-content\/uploads\/2016\/03\/20150422_1905081-1024x614.jpg 1024w\" sizes=\"auto, (max-width: 300px) 100vw, 300px\" \/>De las 200 denuncias an\u00f3nimas hechas por las jornaleras en contra de los mayordomos por despidos injustificados y acoso sexual la mayor parte viene desde los surcos de Los Pinos, Racho Seco, y Rancho Juanito, Santa M\u00f3nica; De Rancho Juanito las quejas son por acosos en los surcos.<\/p>\n<p>Desde que surgi\u00f3 el movimiento de los jornaleros, el gobierno del estado de Baja California Norte reaccion\u00f3 con una campa\u00f1a de decir que en el Valle todo se arregl\u00f3. Tan es as\u00ed que dispuso sin reparo una estrategia de medios de comunicaci\u00f3n para decir que todo est\u00e1 resuelto. Es m\u00e1s, se pase\u00f3 con los l\u00edderes priistas de la CTM con quienes se tomaron fotos en los campos, en el Rancho Los Pinos donde posaron con las jornaleras que viven en las cuarter\u00edas el Vergel. Con el daba por cerrado un cap\u00edtulo m\u00e1s de la lucha de los campesinos.<\/p>\n<p>Gloria Gracia retoma la conversaci\u00f3n: \u201cEl gobierno federal, nom\u00e1s vino a burlarse de nosotros. Le apost\u00f3 al desgaste del movimiento, las reuniones se fueron postergando, hasta este momento se han negado incluso a contestar llamadas telef\u00f3nicas vilmente. Se esconden de la problem\u00e1tica y no hay respuesta. Por eso sabemos que debemos continuar luchando y atacar directamente a los empresarios, es detener el medio de producci\u00f3n.<\/p>\n<p>\u201cEntonces esperamos en esta marcha, nos quiera hacer ver otra vez como que nosotros somos los delincuentes, porque eso nos ha hecho ver y cualquier situaci\u00f3n que se d\u00e9 es por la incompetencia del gobierno de dar respuesta a estas demandas a los trabajadores\u201d.<\/p>\n<p>Durante el movimiento de los jornaleros se ha descubierto que los empresarios registran varios campamentos en San Quint\u00edn, y que en mucho de los casos son utilizados como bodegas para guardar sus qu\u00edmicos. \u201cHay campamentos que no se conocen, al de San Vicente nos toc\u00f3 entrar. Despu\u00e9s de una hora de camino llegamos, lo que encontramos fueron unas pipas grande. Estaba todo feo, la pipa, la cambiaron porque estaba muy mal y que de ah\u00ed tomaban agua. La gente de estos campamentos no conoce la realidad. Lo mismo con El Vergel\u201d.<\/p>\n<p>Sin embargo, la delegada de la Secretar\u00eda de Trabajo y Previsi\u00f3n Social (STyPS), Guadalupe Barraza Chiquete, dijo cu\u00e1ndo se les pregunt\u00f3 sobre el conflicto entre jornaleros y empresarios agr\u00edcola, que las denuncias en contra de los campos agr\u00edcolas en San Quint\u00edn son elevadas de \u201cmanera directa o en la Procuradur\u00eda del Trabajo o bien an\u00f3nima\u2026 cuando hay quejas acudimos de inmediato para saber que est\u00e1 sucediendo. Estamos muy cerca de la comunidad, es una de las instrucciones que tenemos del gobernador Francisco de la Madrid\u201d.<\/p>\n<p>La funcionaria reconoce que las denuncias est\u00e1n cargados hacia Berri-mex, Los Pinos, Los Mendoza, aunque se dijo agradecida con los due\u00f1os de estos ranchos porque le han permitido entrar para ver las condiciones en las que trabaja con la gente.<\/p>\n<p><img loading=\"lazy\" decoding=\"async\" class=\"alignleft size-medium wp-image-18555\" src=\"https:\/\/www.americas.org\/wp-content\/uploads\/2016\/03\/20150422_1905081-300x180.jpg\" alt=\"20150422_190508(1)\" width=\"300\" height=\"180\" srcset=\"https:\/\/www.americas.org\/wp-content\/uploads\/2016\/03\/20150422_1905081-300x180.jpg 300w, https:\/\/www.americas.org\/wp-content\/uploads\/2016\/03\/20150422_1905081-768x461.jpg 768w, https:\/\/www.americas.org\/wp-content\/uploads\/2016\/03\/20150422_1905081-1024x614.jpg 1024w\" sizes=\"auto, (max-width: 300px) 100vw, 300px\" \/>Por su parte Margarita Amalia Cruz Cruz, de la Casa de la Mujer Ind\u00edgena, dice que desde 2013 ven\u00edan trabajando sobre la situaci\u00f3n de explotaci\u00f3n en el Valle. \u201cNosotras ya mir\u00e1bamos venir este movimiento, as\u00ed de fuerte por la situaci\u00f3n de c\u00f3mo se vive en el valle, lo que ha estado pasando es en contra de los jornaleros y jornaleras\u201d.<\/p>\n<p>Agrega, \u201cMuchas de las demandas son de la misma comunidad, de las jornaleras y jornaleros. Nosotras estuvimos dando atenci\u00f3n y formamos parte de la cuesti\u00f3n laboral que se hizo. Siempre mantuvimos las puertas abiertas, no anduvimos en la marcha como Asociaci\u00f3n Civil (A.C), pero de manera personal s\u00ed acudimos al llamado de los compa\u00f1eros. Miramos las demandas que ellos hac\u00edan, muchas de ella son justas\u201d.<\/p>\n<p>Entrevistada en la Casa en la colonia Ricardo Flores Mag\u00f3n, Margarita sostiene que se tiene que hacer justicia por todas las violaciones a los derechos laborales e incumplimiento que se hacen en el campo, por parte de las empresa y el gobierno.<\/p>\n<p>\u201cLo que te puedo decir es que, el 94% de las mujeres que vienen aqu\u00ed a la asociaci\u00f3n a recibir cualquier tipo de atenci\u00f3n que les brindamos, son jornaleras. Desde luego que tenemos registros de violencia, as\u00ed como de servicio m\u00e9dico. La mayor\u00eda tienen seguro popular, que como bien lo sabemos no te da ninguna prestaci\u00f3n solo atenci\u00f3n m\u00e9dica\u201d.<\/p>\n<p style=\"text-align: center;\">*************************<\/p>\n<p>Ac\u00e1, el precio de la comida es cara. Un jornalero que gana 150 pesos diario apenas le alcanzar\u00e1 para dos raciones al d\u00eda. Un platillo cuesta 75 pesos; un taco de carne a 18 pesos, un refresco a 10 y una botella de agua se vende en 10 pesos.<\/p>\n<p>A lo largo de 128 kil\u00f3metros, hay una sola calle pavimentada, de ah\u00ed, todas est\u00e1n encharcadas o empolvadas cuando no llueve. As\u00ed las cosas en el Valle de San Quint\u00edn al cumplir un a\u00f1o de lucha de los jornaleros. Todo sigue igual en las condiciones de vivienda y servicios como drenaje, agua potable y servicios m\u00e9dicos.<\/p>\n","protected":false},"excerpt":{"rendered":"<p>A un a\u00f1o de que los jornaleros del Valle de San Quint\u00edn tomaron la carretera transpen\u00ednsular para reclamar aumento salarial y seguridad, nada ha cambiado. El trato en los surcos sigue igual coinciden mujeres activistas, aunque el gobierno del estado lo niega. <\/p>\n","protected":false},"author":396,"featured_media":18552,"comment_status":"open","ping_status":"open","sticky":false,"template":"","format":"standard","meta":{"inline_featured_image":false,"footnotes":""},"categories":[4916,4912],"tags":[],"coauthors":[],"class_list":["post-18546","post","type-post","status-publish","format-standard","has-post-thumbnail","hentry","category-derechos-humanos","category-movimientos-sociales"],"_links":{"self":[{"href":"https:\/\/www.americas.org\/es\/wp-json\/wp\/v2\/posts\/18546","targetHints":{"allow":["GET"]}}],"collection":[{"href":"https:\/\/www.americas.org\/es\/wp-json\/wp\/v2\/posts"}],"about":[{"href":"https:\/\/www.americas.org\/es\/wp-json\/wp\/v2\/types\/post"}],"author":[{"embeddable":true,"href":"https:\/\/www.americas.org\/es\/wp-json\/wp\/v2\/users\/396"}],"replies":[{"embeddable":true,"href":"https:\/\/www.americas.org\/es\/wp-json\/wp\/v2\/comments?post=18546"}],"version-history":[{"count":1,"href":"https:\/\/www.americas.org\/es\/wp-json\/wp\/v2\/posts\/18546\/revisions"}],"predecessor-version":[{"id":18558,"href":"https:\/\/www.americas.org\/es\/wp-json\/wp\/v2\/posts\/18546\/revisions\/18558"}],"wp:featuredmedia":[{"embeddable":true,"href":"https:\/\/www.americas.org\/es\/wp-json\/wp\/v2\/media\/18552"}],"wp:attachment":[{"href":"https:\/\/www.americas.org\/es\/wp-json\/wp\/v2\/media?parent=18546"}],"wp:term":[{"taxonomy":"category","embeddable":true,"href":"https:\/\/www.americas.org\/es\/wp-json\/wp\/v2\/categories?post=18546"},{"taxonomy":"post_tag","embeddable":true,"href":"https:\/\/www.americas.org\/es\/wp-json\/wp\/v2\/tags?post=18546"},{"taxonomy":"author","embeddable":true,"href":"https:\/\/www.americas.org\/es\/wp-json\/wp\/v2\/coauthors?post=18546"}],"curies":[{"name":"wp","href":"https:\/\/api.w.org\/{rel}","templated":true}]}}