{"id":18983,"date":"2016-07-14T14:34:35","date_gmt":"2016-07-14T19:34:35","guid":{"rendered":"http:\/\/www.cipamericas.org\/?p=18983"},"modified":"2016-07-26T17:28:52","modified_gmt":"2016-07-26T22:28:52","slug":"el-salvador-en-emergencia-por-crisis-de-agua","status":"publish","type":"post","link":"https:\/\/www.americas.org\/es\/el-salvador-en-emergencia-por-crisis-de-agua\/","title":{"rendered":"El Salvador en emergencia por crisis de agua"},"content":{"rendered":"<div>\n<div>\n<div>\n<p><img loading=\"lazy\" decoding=\"async\" class=\"alignleft size-medium wp-image-18985\" src=\"https:\/\/www.americas.org\/wp-content\/uploads\/2016\/07\/Chile-dolares-Salvador-afectados-sequia_897220540_9865606_667x375-300x169.jpg\" alt=\"Chile-dolares-Salvador-afectados-sequia_897220540_9865606_667x375\" width=\"300\" height=\"169\" srcset=\"https:\/\/www.americas.org\/wp-content\/uploads\/2016\/07\/Chile-dolares-Salvador-afectados-sequia_897220540_9865606_667x375-300x169.jpg 300w, https:\/\/www.americas.org\/wp-content\/uploads\/2016\/07\/Chile-dolares-Salvador-afectados-sequia_897220540_9865606_667x375.jpg 667w\" sizes=\"auto, (max-width: 300px) 100vw, 300px\" \/>Durante los \u00faltimos meses El Salvador, pa\u00eds m\u00e1s peque\u00f1o de Centro America, ha sido reconocido por la cantidad de homicidios y la violencia entre pandillas. Pero a este problema los salvadore\u00f1os suman otro: el gobierno declar\u00f3 emergencia nacional porque el pa\u00eds entr\u00f3 en crisis por falta de agua.<\/p>\n<\/div>\n<div>&#8220;He autorizado al presidente de ANDA (Administraci\u00f3n Nacional de Acueductos y Alcantarillados) para que declare emergencia. En los pr\u00f3ximos d\u00edas convocar\u00e9 al Consejo de ministros para que se apruebe el plan h\u00eddrico elaborado luego de meses de consulta con el Ministerio de Medio Ambiente&#8221;, dijo en conferencia nacional el presidente Salvador S\u00e1nchez Cer\u00e9n.<\/div>\n<div><\/div>\n<p>El cambio clim\u00e1tico est\u00e1 pasando su factura a Centroam\u00e9rica. El fen\u00f3meno El Ni\u00f1o, producto de este, ha provocado la peor sequ\u00eda en la regi\u00f3n centroamericana y seg\u00fan la Organizaci\u00f3n de las Naciones Unidas (ONU) esta afecta a 4.2 millones de familias campesinas y pobres de los pa\u00edses centroamericanos.<\/p>\n<\/div>\n<div>\n<p>Guatemala, El Salvador, Honduras, Nicaragua, el norte de Costa Rica y Panam\u00e1, forman parte del corredor seco de Centroam\u00e9rica, la zona m\u00e1s afectada por El Ni\u00f1o. Su poblaci\u00f3n est\u00e1 formada por 41 millones de habitantes; 15 millones de estas personas no tienen acceso a agua potable y saneamiento.<\/p>\n<\/div>\n<div>La sequ\u00edlla provocada por el Ni\u00f1o ha afectado los cultivos, impactado en la alimentaci\u00f3n de las poblaciones m\u00e1s pobres de la regi\u00f3n centroamericana y ahora sus consecuencias amenazan con agravar la escaces del agua y por ende afectar el acceso de las poblaciones a este recurso.<\/div>\n<div>El problema del agua no es nuevo en el pa\u00eds, durante los \u00faltimos 30 a\u00f1os ning\u00fan gobierno tom\u00f3 medidas para evitar llegar a esta crisis. El pa\u00eds pierde el 90% del agua que podr\u00eda recolectarse de las lluvias porque el suelo no tiene la capacidad de permeabildad debido a la deforestaci\u00f3n y la urbanizaci\u00f3n desmedida de la capital.<\/div>\n<div>\n<p>&#8220;La gente tiene que acostumbrarse a vivir con este crisis, es una realidad&#8221;, dijo el presidente de ANDA, Marco Fort\u00edn en una entrevista de televisi\u00f3n luego que el presidente declarara la emergencia.<\/p>\n<\/div>\n<div>\n<p>Los datos oficiales indican que la producci\u00f3n de agua ha disminuido significativamente en los \u00faltimos meses y que las zonas m\u00e1s afectadas est\u00e1n en el \u00e1rea metropolitana de la capital, ya que ah\u00ed se concentra la mayor parte de la poblaci\u00f3n. El presidente de ANDA dijo que las tuber\u00edas que abastecen a esta parte del pa\u00eds tienen m\u00e1s de 40 a\u00f1os sin ser cambiadas, lo que empeora a\u00fan m\u00e1s el problema.<\/p>\n<\/div>\n<div>La ministra de Medio Ambiente, Lina Pohl, dijo que solo el 5% del agua superficial del pa\u00eds est\u00e1 calificada como &#8220;buena&#8221; o de consumo para las personas. El resto, es decir el 95%, no puede ser consumida por sus altos niveles de contaminaci\u00f3n.<\/div>\n<div><\/div>\n<div>\n<p>La crisis de agua en El Salvador, un pa\u00eds con poco m\u00e1s de seis millones de habitantes, no solo se debe a la falta de inversi\u00f3n en planes de prevenci\u00f3n o de reparaci\u00f3n de las tuber\u00edas. El secretario para Asuntos de Vulnerabilidad del pa\u00eds, Jorge Mel\u00e9ndez, dijo al Programa de las Am\u00e9ricas que la escacez de agua tambi\u00e9n se debe a que el los \u00faltimos cuatro a\u00f1os el pa\u00eds ha tenido lluvias por debajo del promedio normal, debido al fen\u00f3meno El Ni\u00f1o.<\/p>\n<\/div>\n<div>\n<p>El problema del agua se agrava a\u00fan m\u00e1s porque el pa\u00eds no tiene una ley general de agua. El documento de ley tiene m\u00e1s de tres a\u00f1os de estar en estudio. Cuando se pensaba que iba a ser llevado a votaci\u00f3n a principios de este a\u00f1o para su aprobaci\u00f3n, los diputados lo enviaron nuevamente a estudio porque no logran ponerse de acuerdo con el contenido que se refiere a la eficiente gesti\u00f3n del recurso. Hasta ahora no ha sido incluido en la agenda de discusiones o estudios del parlamento.<\/p>\n<\/div>\n<div>Pese a que la crisis de agua empez\u00f3 a golpear a varios pa\u00edses centroamericanos desde 2010, El Salvador ha sido el \u00faltimo en decretar la emergencia nacional por el impacto del cambio clim\u00e1tico y la falta de agua en la capital salvadore\u00f1a.<\/div>\n<p><b><br \/>\n<\/b><\/p>\n<\/div>\n<div><b>Se empeoran condiciones de vida<br \/>\n<\/b><\/div>\n<div>\n<p>&nbsp;<\/p>\n<div><b><br \/>\n<\/b>En Guatemala el gobierno declar\u00f3 emergencia nacional por la crisis de agua provocada por la sequ\u00eda en 2014. El gobierno hondure\u00f1o lo hizo en 2015, al igual que el gobierno de Panam\u00e1.<\/div>\n<div><\/div>\n<div>\n<p>Para los salvadore\u00f1os la crisis de agua no es reciente. Desde hace m\u00e1s de un a\u00f1o, residentes y vecinos de varios poblados de la zona metropolitana de la capital han salido a tomarse las calles para protestar por la falta de agua.<\/p>\n<\/div>\n<div>\n<p>En muchos de estos barrios populosos la factura del servicio de agua llega cada mes, pero el tiempo en el que las personas reciben agua en sus casas se reduce a dos horas por d\u00eda en el mejor de los casos. En otros lugares, la gente asegura que tienen semanas sin recibir ni una gota de agua.<\/p>\n<\/div>\n<div>\n<p>Vladimir Campos dijo al Programa de las Am\u00e9ricas que en su casa, situada en la zona metropolitana de San Salvador, solo reciben agua potable durante una hora al d\u00eda. &#8220;A las dos de la ma\u00f1ana empieza a llegar. Nosotros nos turnamos para llenar recipientes y tener para usar durante el d\u00eda y a veces hay d\u00edas que no cae entonces nos quedamos sin nada&#8221;, dijo.<\/p>\n<\/div>\n<div>En otras colonias, las personas no ven ni una gota de agua, pero a\u00fan deben pagar.<\/div>\n<div><\/div>\n<div>&#8220;No tenemos agua, ni en el d\u00eda, ni en la noche y el recibo ah\u00ed llega todos los meses. Y cuando la recibimos, despu\u00e9s de tiempo, llega tan sucia que no se puede ni usar para lavar los trastos&#8221;, dijo Lilian Andrade.<\/div>\n<div><\/div>\n<div>\n<p>Otras personas que prefieren buscar por sus medios abastecerse de agua, aseguran que deben pagar entre uno o dos d\u00f3lares por cada barril de agua. Estas personas contratan pipas que llegan a las colonias una o dos veces por semana para vender agua.<\/p>\n<\/div>\n<div>\n<p>Exequiel Ezcurra, director y profesor de Ecolog\u00eda del Instituto para M\u00e9xico y Estados Unidos de la Universidad de California, explic\u00f3 recientemente en un simposio sobre sustentabilidad ambiental que el desabastecimineto de agua en algunas zonas de M\u00e9xico ha propiciado la migraci\u00f3n de personas hacia Estados Unidos.<\/p>\n<\/div>\n<div>\n<p>&#8220;Ha habido un cambio profund\u00edsimo en el origen geogr\u00e1fico de los migrantes, y si uno les pregunta, casi siempre son razones ambientales, vinculadas con el deterioro de la calidad de vida y casi siempre vinculadas con el deterior en el abastecimiento del agua&#8221;, dijo Ezcurra.<\/p>\n<\/div>\n<div>\n<p>Aunque hasta hoy no hay un estudio en El Salvador que afirme que la migraci\u00f3n tambi\u00e9n est\u00e1 relacionada a la falta de acceso al agua o al deteriro ambiental, las zonas afectadas por la escasez de agua como San Bartolo, Soyapango, Apopa, poblados en el departamento de La Paz, son las mismas zonas que han tenido los m\u00e1s altos \u00edndices de violencia en el pa\u00eds.<\/p>\n<\/div>\n<div>\n<p><b>Medidas ante la crisis<\/b><\/p>\n<\/div>\n<div>\n<p>El presidente de ANDA dijo que la instituci\u00f3n necesita al menos 259 millones de d\u00f3lares para renovar todo el sistema de tuber\u00edas que abastece a la capital salvadore\u00f1a. Para aliviar la crisis el gobierno utilizar\u00e1 3.5 millones de d\u00f3lares para comprar y alquilar equipos de bombeo, camiones de abastecimiento de agua y perforaci\u00f3n de pozos.<\/p>\n<p>Adem\u00e1s, el gobierno ha recomendado a las familias recolectar y manejar el agua lluvia, reparar los grifos o fugas en los hogares y mantener un plan de ahorro del agua para mantener la cantidad necesaria de agua en el hogar para las necesidades b\u00e1sicas.<\/p>\n<\/div>\n<div>\n<p>El Ministerio de Medio Ambiente propone iniciar un proyecto que a largo plazo mejorar\u00e1 el abastecimiento y el acceso al agua y est\u00e1 basada en la descontaminaci\u00f3n del r\u00edo Alcehuate, uno de los r\u00edos m\u00e1s grandes del pa\u00eds que est\u00e1 contaminado desde 1950.<\/p>\n<\/div>\n<div>\n<p>El plan de Medio Ambiente contempla la construcci\u00f3n de dos plantas de tratamiento residual de agua y plan de concientizaci\u00f3n para los pobladores que viven en los alrededores del r\u00edo y para las empresas que hasta hoy tiran sus desechos en las cuencas del Alcehuate.<\/p>\n<\/div>\n<div>\n<p>&#8220;Ya hemos identificado cu\u00e1les son los tramos del r\u00edo donde vierten los desechos y se contaminan las aguas. Hemos identificado que en uno de estos tramos tres empresas provocan el 70% de la contaminaci\u00f3n&#8221;, dijo la ministra en conferencia de prensa.<\/p>\n<\/div>\n<div>\n<p>La organizaci\u00f3n no gubernamental Foro del Agua, reaccion\u00f3 ante las medidas anunciadas por el gobierno. De acuerdo a lo expresado en un comunicado de prensa, el Foro del Agua considera que la declaratoria de emergencia es solo un indicador de la gravedad del problema, pero considera importante que se tomen medidas de atenci\u00f3n directa a las familias m\u00e1s afectadas.<\/p>\n<\/div>\n<div>\n<p>&#8220;Como punto inportante se debe reanudar la discuci\u00f3n sobre la ley de agua para su pronta aprobaci\u00f3n. Las zonas m\u00e1s vulnerables y pobres del pa\u00eds est\u00e1n sufriendo las consecuencias por la crisis de agua, la sequ\u00eda y la falta de un marco regulatorio que defina c\u00f3mo debe ser la gesti\u00f3n del agua en nuestro pa\u00eds&#8221;, dijo Karen Ram\u00edrez, representante del Foro del Agua.<\/p>\n<\/div>\n<div>Y es que pese a que la ONU emiti\u00f3 una resoluci\u00f3n que reconoce el acceso al agua como un derecho humano en 2010, El Salvador aun no ha tomado medidas para garantizar ese derecho a sus ciudadanos y mientras no se apruebe la ley general de agua, los expertos consideran que la crisis, lejos de resolverse, ir\u00e1 agrav\u00e1ndose poco a poco.<\/div>\n<\/div>\n","protected":false},"excerpt":{"rendered":"<p>El gobierno de El Salvador declar\u00f3 emergencia nacional porque el pa\u00eds entr\u00f3 en crisis por falta de agua.<\/p>\n","protected":false},"author":373,"featured_media":18985,"comment_status":"open","ping_status":"open","sticky":false,"template":"","format":"standard","meta":{"inline_featured_image":false,"footnotes":""},"categories":[5094,4915],"tags":[4922],"coauthors":[],"class_list":["post-18983","post","type-post","status-publish","format-standard","has-post-thumbnail","hentry","category-medio-ambiente","category-tierra","tag-centroamerica"],"_links":{"self":[{"href":"https:\/\/www.americas.org\/es\/wp-json\/wp\/v2\/posts\/18983","targetHints":{"allow":["GET"]}}],"collection":[{"href":"https:\/\/www.americas.org\/es\/wp-json\/wp\/v2\/posts"}],"about":[{"href":"https:\/\/www.americas.org\/es\/wp-json\/wp\/v2\/types\/post"}],"author":[{"embeddable":true,"href":"https:\/\/www.americas.org\/es\/wp-json\/wp\/v2\/users\/373"}],"replies":[{"embeddable":true,"href":"https:\/\/www.americas.org\/es\/wp-json\/wp\/v2\/comments?post=18983"}],"version-history":[{"count":2,"href":"https:\/\/www.americas.org\/es\/wp-json\/wp\/v2\/posts\/18983\/revisions"}],"predecessor-version":[{"id":19010,"href":"https:\/\/www.americas.org\/es\/wp-json\/wp\/v2\/posts\/18983\/revisions\/19010"}],"wp:featuredmedia":[{"embeddable":true,"href":"https:\/\/www.americas.org\/es\/wp-json\/wp\/v2\/media\/18985"}],"wp:attachment":[{"href":"https:\/\/www.americas.org\/es\/wp-json\/wp\/v2\/media?parent=18983"}],"wp:term":[{"taxonomy":"category","embeddable":true,"href":"https:\/\/www.americas.org\/es\/wp-json\/wp\/v2\/categories?post=18983"},{"taxonomy":"post_tag","embeddable":true,"href":"https:\/\/www.americas.org\/es\/wp-json\/wp\/v2\/tags?post=18983"},{"taxonomy":"author","embeddable":true,"href":"https:\/\/www.americas.org\/es\/wp-json\/wp\/v2\/coauthors?post=18983"}],"curies":[{"name":"wp","href":"https:\/\/api.w.org\/{rel}","templated":true}]}}