{"id":19233,"date":"2016-10-20T13:07:32","date_gmt":"2016-10-20T18:07:32","guid":{"rendered":"http:\/\/www.cipamericas.org\/?p=19233"},"modified":"2016-11-04T16:19:58","modified_gmt":"2016-11-04T21:19:58","slug":"como-se-mide-la-violencia-de-genero-en-america-latina","status":"publish","type":"post","link":"https:\/\/www.americas.org\/es\/como-se-mide-la-violencia-de-genero-en-america-latina\/","title":{"rendered":"\u00bfC\u00f3mo se mide la violencia de g\u00e9nero en Am\u00e9rica Latina?"},"content":{"rendered":"<p><em><img loading=\"lazy\" decoding=\"async\" class=\"alignleft size-medium wp-image-19234\" src=\"https:\/\/www.americas.org\/wp-content\/uploads\/2016\/10\/Femicidios1-300x256.jpg\" alt=\"femicidios1\" width=\"300\" height=\"256\" \/>Nota: Ayer en todo Am\u00e9rica Latina la gente se manifest\u00f3 en contra de la violencia contra las mujeres. La convocatoria esta vez naci\u00f3 en Argentina tras el feminicidio de Luc\u00eda P\u00e9rez, de 16 a\u00f1os, que fue violada y asesinada el 8 de octubre. En este art\u00edculo, el Programa de las Am\u00e9ricas analiza los datos que dan cuenta solo parcialmente de las verdaderas dimensiones del problema en el continente. Las fotos son de la movilizaci\u00f3n en la Ciudad de M\u00e9xico, <\/em>Cortes\u00eda de <a href=\"https:\/\/desinformemonos.org\/\">desinformemonos<\/a><em>.<\/em><\/p>\n<p>\u201cSi mi vida no importa, produzcan sin m\u00ed\u201d. Con ese lema naci\u00f3, desde Argentina, la convocatoria al primer paro de mujeres nacional. La idea se extendi\u00f3 r\u00e1pidamente a varios pa\u00edses de Latinoam\u00e9rica y mujeres de Honduras, M\u00e9xico, Chile, Bolivia, Uruguay, entre otras, llamaron a movilizarse.<\/p>\n<p>Si bien en los \u00faltimos a\u00f1os la violencia de g\u00e9nero empez\u00f3 a ocupar m\u00e1s espacio dentro de la agenda p\u00fablica todav\u00eda hay muchas dificultades para lograr&#8211;como se estableci\u00f3 en la Convenci\u00f3n de Bel\u00e9m do Par\u00e1 en 1994&#8211; \u201cprevenir, sancionar y erradicar toda forma de violencia contra la mujer\u201d. Entre ellas, la falta de datos uniformes: \u00bfC\u00f3mo se mide la violencia de g\u00e9nero en Am\u00e9rica Latina?<\/p>\n<p>Todav\u00eda no existe un criterio com\u00fan sobre c\u00f3mo medir el fen\u00f3meno y cada pa\u00eds tiene distintos modos de concebirlo y registrarlo. Adem\u00e1s, en cada zona el organismo encargado de relevar la informaci\u00f3n es diferente. El Observatorio de Igualdad de G\u00e9nero de Am\u00e9rica Latina y el Caribe, de CEPAL, re\u00fane los principales datos de la regi\u00f3n en cada uno de sus informes anuales. La entidad se cre\u00f3 tras la d\u00e9cima Conferencia Regional sobre la Mujer de Am\u00e9rica Latina y el Caribe (Ecuador, 2007).<\/p>\n<p>En sus resultados se puede ver la diversidad de instituciones: en <a href=\"https:\/\/www.poder-judicial.go.cr\/planificacion\/\">Costa Rica<\/a> se obtienen los datos de la Secci\u00f3n de Estad\u00edstica del Departamento de Planificaci\u00f3n Poder Judicial; en <a href=\"http:\/\/www.ministeriointerior.gob.ec\/2014-54-de-casos-de-muertes-violentas-en-mujeres-fueron-femicidios\/\">Ecuador<\/a> usan los del Ministerio del Interior. En El Salvador la Fiscal\u00eda General de la Rep\u00fablica es la encargada, en Guatemala, el Ministerio P\u00fablico. En Honduras le toca al Instituto Universitario en Democracia, Paz y Seguridad, la Universidad Nacional Aut\u00f3noma de Honduras y el Observatorio de Muertes Violentas de Mujeres y Femicidios. En Nicaragua la Comisar\u00eda de la Mujer de la Polic\u00eda Nacional da la informaci\u00f3n, en Paraguay lo hace la Polic\u00eda Nacional y del Ministerio de la Mujer. En <a href=\"https:\/\/www.minterior.gub.uy\/images\/pdf\/20141.pdf\">Uruguay<\/a>, el Observatorio Violencia y Criminalidad del Ministerio del Interior, en Per\u00fa el Ministerio P\u00fablico y en Argentina, la Corte Suprema de Justicia de la Naci\u00f3n.<\/p>\n<p>Pero si miramos hacia adentro de cada uno de los pa\u00edses, encontraremos m\u00e1s de una instituci\u00f3n midiendo los datos a la vez. Y no es raro encontrar desacuerdos entre los organismos oficiales y las organizaciones de la sociedad civil. El caso de Argentina resulta gr\u00e1fico: si bien a fin del a\u00f1o pasado la Corte Suprema de Justicia de la Naci\u00f3n present\u00f3 el Registro Nacional de Femicidios, hasta entonces los datos m\u00e1s fiables llegaban de manos de una organizaci\u00f3n civil. Desde el Observatorio de Femicidios Adriana Marisel Zambrano, coordinado por La Casa del Encuentro, se dedicaban a monitorear los medios y as\u00ed registrar todos los casos que calificaban como femicidios. Seg\u00fan ellas, <strong>desde 2008 hasta 2015, hubo 2,094 femicidios, <\/strong>dejando sin madre a 2,518 hijas e hijos.<\/p>\n<p>El a\u00f1o pasado, el Consejo Nacional de las Mujeres, que depende de Presidencia de la Naci\u00f3n, present\u00f3 el Registro \u00danico de Casos de Violencia Contra la Mujer, en base a 50 mil registros. Algunos de los resultados fueron que <strong>el 50 por ciento de las violencias las ejercen las parejas y el 33 por ciento los ex<\/strong>, que la mayor\u00eda de las v\u00edctimas tienen entre <strong>30 y 39 a\u00f1os<\/strong>, conviven con sus agresores y dependen econ\u00f3micamente de ellos. La creaci\u00f3n de este organismo se enmarc\u00f3 en la ley 26.485, sancionada en 2009 con el objetivo de dar \u201cprotecci\u00f3n integral para prevenir, sancionar y erradicar la violencia contra las mujeres\u201d.<\/p>\n<p>No fue casual que ambos registros (el del ejecutivo y el judicial) se presentaran en 2015, el a\u00f1o en que el movimiento Ni Una Menos llen\u00f3 las plazas de todo el pa\u00eds. Se calcula que ese 3 de junio unas 200 mil personas se manifestaron repudiando la violencia de g\u00e9nero en Argentina. Aquella vez, fue tras el femicidio de la santafecina Chiara P\u00e1ez, una adolescente de 14 a\u00f1os que apareci\u00f3 enterrada en el patio de la casa de su novio, en un pozo de 80 cent\u00edmetros de profundidad. El paro de hoy fue motorizado tras el cruento femicidio de Luc\u00eda P\u00e9rez, una joven de 16. Cuando el s\u00e1bado 8 de octubre su cuerpo lleg\u00f3 a la salita sanitaria, ya estaba muerta: la hab\u00edan violado y empalado.<\/p>\n<p>Algunas historias se hacen m\u00e1s conocidas que otras. Pero todas y cada una de las<strong> 40 chilenas, 14 costarricenses, 97 ecuatorianas, 217 guatemaltecas, 531 hondure\u00f1as, 36 nicarag\u00fcenses, 90 peruanas o 24 uruguayas<\/strong> ten\u00edan una. Los datos son los del informe del Observatorio de CEPAL, en 2014, los \u00faltimos disponibles. \u201cAl menos 1.678 mujeres fueron asesinadas en 2014 por razones de g\u00e9nero en 17 pa\u00edses de la regi\u00f3n\u201d, advirtieron desde el organismo.<\/p>\n<p>Las mujeres se convocaron en el Obelisco de Buenos Aires y en casi 100 plazas de otros puntos de <img loading=\"lazy\" decoding=\"async\" class=\"size-medium wp-image-19235 alignright\" src=\"https:\/\/www.americas.org\/wp-content\/uploads\/2016\/10\/Femicidios2-300x171.jpg\" alt=\"femicidios2\" width=\"300\" height=\"171\" srcset=\"https:\/\/www.americas.org\/wp-content\/uploads\/2016\/10\/Femicidios2-300x171.jpg 300w, https:\/\/www.americas.org\/wp-content\/uploads\/2016\/10\/Femicidios2-768x438.jpg 768w, https:\/\/www.americas.org\/wp-content\/uploads\/2016\/10\/Femicidios2.jpg 960w\" sizes=\"auto, (max-width: 300px) 100vw, 300px\" \/>Argentina. Tambi\u00e9n en Palacio de Gobierno de Mexicali, en Guadalajara, el Monumento a la Revoluci\u00f3n del DF, el Parque Central de Ciudad de Guatemala, Antofagasta y Plaza de Armas en Chile, La Paz, Bolivia, en Plaza del Entrevero de Uruguay y en Tegucigalpa, entre otras decenas de puntos. \u00bfPor qu\u00e9 un paro? Algunos datos que difunde el colectivo Ni Una Menos responde esa pregunta: \u201cSi el desempleo promedio en Argentina es del 9,3 por ciento, para las mujeres es del 10,5\u201d y \u201cEl 76% del trabajo dom\u00e9stico no remunerado lo hacen las mujeres\u201d.<\/p>\n<p>Mientras tanto, Montevideo se prepara para ser sede de la XIII Conferencia Regional sobre la Mujer de Am\u00e9rica Latina y el Caribe, del 25 al 28 de octubre. El foco de la reuni\u00f3n estar\u00e1 puesta en \u201cla integraci\u00f3n de la mujer en el desarrollo al desarrollo sostenible con igualdad de g\u00e9nero\u201d. El documento que presentar\u00e1n arroja algunos datos regionales consistentes:<\/p>\n<p>I. \u201cLa sobrerrepresentaci\u00f3n de las mujeres entre las personas en situaci\u00f3n de pobreza, la falta de ingresos propios y suficientes, la sobrecarga de trabajo no remunerado, las brechas de participaci\u00f3n econ\u00f3mica y las tasas de desempleo sistem\u00e1ticamente superiores a las de los hombres evidencian que a\u00fan quedan por enfrentar importantes desaf\u00edos para que hombres y mujeres vivan en condiciones de igualdad y gocen de manera plena de sus derechos. De este modo, en pa\u00edses donde los niveles de pobreza superan el 40% de los hogares, el \u00edndice de feminidad fluct\u00faa entre 100 y 109 mujeres por cada 100 hombres\u201d<\/p>\n<p>II. \u201cLos ingresos de las mujeres medidos en l\u00edneas de pobreza son marcadamente inferiores a los masculinos. Mientras que casi una de cada cuatro mujeres no llega a tener ingresos equivalentes a una l\u00ednea de pobreza, la proporci\u00f3n entre los hombres es de casi uno de cada diez (9,8%)\u201d<\/p>\n<p>III. \u201cLas mujeres realizan entre el 71% y el 86% del total de trabajo no remunerado que demandan los hogares, dependiendo del pa\u00eds. En todos los pa\u00edses de la regi\u00f3n con informaci\u00f3n disponible, las mujeres en hogares pobres tienen una mayor carga de trabajo no remunerado\u201d<\/p>\n<p>Por \u00faltimo, CEPAL concluye algo que habr\u00e1 que debatir en las calles: \u201cLas estrategias de superaci\u00f3n de la pobreza por s\u00ed solas no mejoran las condiciones de vida de las mujeres\u201d.<\/p>\n<p>&nbsp;<\/p>\n<p><em>Julia Muriel Dominzain es periodista con sede en Buenos Aires.<\/em> Es<em> analista del Programa de las Am\u00e9ricas <a href=\"https:\/\/www.americas.org\/es\/\">https:\/\/www.americas.org\/es\/<\/a>.<\/em><\/p>\n","protected":false},"excerpt":{"rendered":"<p>\u201cSi mi vida no importa, produzcan sin m\u00ed\u201d. Con ese lema naci\u00f3, desde Argentina, la convocatoria al primer paro de mujeres nacional. La idea se extendi\u00f3 r\u00e1pidamente a varios pa\u00edses de Latinoam\u00e9rica y mujeres de Honduras, M\u00e9xico, Chile, Bolivia, Uruguay, entre otras, llamaron a movilizarse.<\/p>\n","protected":false},"author":428,"featured_media":19234,"comment_status":"open","ping_status":"open","sticky":false,"template":"","format":"standard","meta":{"inline_featured_image":false,"footnotes":""},"categories":[4884,4916,4918,4912],"tags":[4922],"coauthors":[],"class_list":["post-19233","post","type-post","status-publish","format-standard","has-post-thumbnail","hentry","category-democracia","category-derechos-humanos","category-feminismos","category-movimientos-sociales","tag-centroamerica"],"_links":{"self":[{"href":"https:\/\/www.americas.org\/es\/wp-json\/wp\/v2\/posts\/19233","targetHints":{"allow":["GET"]}}],"collection":[{"href":"https:\/\/www.americas.org\/es\/wp-json\/wp\/v2\/posts"}],"about":[{"href":"https:\/\/www.americas.org\/es\/wp-json\/wp\/v2\/types\/post"}],"author":[{"embeddable":true,"href":"https:\/\/www.americas.org\/es\/wp-json\/wp\/v2\/users\/428"}],"replies":[{"embeddable":true,"href":"https:\/\/www.americas.org\/es\/wp-json\/wp\/v2\/comments?post=19233"}],"version-history":[{"count":5,"href":"https:\/\/www.americas.org\/es\/wp-json\/wp\/v2\/posts\/19233\/revisions"}],"predecessor-version":[{"id":19242,"href":"https:\/\/www.americas.org\/es\/wp-json\/wp\/v2\/posts\/19233\/revisions\/19242"}],"wp:featuredmedia":[{"embeddable":true,"href":"https:\/\/www.americas.org\/es\/wp-json\/wp\/v2\/media\/19234"}],"wp:attachment":[{"href":"https:\/\/www.americas.org\/es\/wp-json\/wp\/v2\/media?parent=19233"}],"wp:term":[{"taxonomy":"category","embeddable":true,"href":"https:\/\/www.americas.org\/es\/wp-json\/wp\/v2\/categories?post=19233"},{"taxonomy":"post_tag","embeddable":true,"href":"https:\/\/www.americas.org\/es\/wp-json\/wp\/v2\/tags?post=19233"},{"taxonomy":"author","embeddable":true,"href":"https:\/\/www.americas.org\/es\/wp-json\/wp\/v2\/coauthors?post=19233"}],"curies":[{"name":"wp","href":"https:\/\/api.w.org\/{rel}","templated":true}]}}