{"id":19261,"date":"2016-11-03T11:18:31","date_gmt":"2016-11-03T16:18:31","guid":{"rendered":"http:\/\/www.cipamericas.org\/?p=19261"},"modified":"2016-11-22T15:53:07","modified_gmt":"2016-11-22T20:53:07","slug":"tierras-en-honduras-un-tema-de-seguridad-nacional-para-estado-unidos","status":"publish","type":"post","link":"https:\/\/www.americas.org\/es\/tierras-en-honduras-un-tema-de-seguridad-nacional-para-estado-unidos\/","title":{"rendered":"Tierras en Honduras, un tema de seguridad nacional para Estado Unidos"},"content":{"rendered":"<figure id=\"attachment_19267\" aria-describedby=\"caption-attachment-19267\" style=\"width: 300px\" class=\"wp-caption alignleft\"><img loading=\"lazy\" decoding=\"async\" class=\"size-medium wp-image-19267\" src=\"https:\/\/www.americas.org\/wp-content\/uploads\/2016\/11\/Honduras_PalmaMonocultivo-2-1-300x225.jpg\" alt=\"31 de mayo del 2014. Vista a\u00e9rea de una peque\u00f1a parte de los monocultivos de palma africana que se expanden por el caribe hondure\u00f1o debido a intereses de empresarios corrutos como Miguel Facuss\u00e9. http:\/\/caravanaclimatica.org\/\" width=\"300\" height=\"225\" srcset=\"https:\/\/www.americas.org\/wp-content\/uploads\/2016\/11\/Honduras_PalmaMonocultivo-2-1-300x225.jpg 300w, https:\/\/www.americas.org\/wp-content\/uploads\/2016\/11\/Honduras_PalmaMonocultivo-2-1-768x576.jpg 768w, https:\/\/www.americas.org\/wp-content\/uploads\/2016\/11\/Honduras_PalmaMonocultivo-2-1.jpg 800w\" sizes=\"auto, (max-width: 300px) 100vw, 300px\" \/><figcaption id=\"caption-attachment-19267\" class=\"wp-caption-text\">31 de mayo del 2014. Vista a\u00e9rea de una peque\u00f1a parte de los monocultivos de palma africana que se expanden por el caribe hondure\u00f1o debido a intereses de empresarios corrutos como Miguel Facuss\u00e9. http:\/\/caravanaclimatica.org\/<\/figcaption><\/figure>\n<p>El d\u00eda 18 de octubre del 2016 diversas organizaciones no gubernamentales reconoc\u00edan \u00a0la gran lucha que ha sostenido la coordinadora de la Organizaci\u00f3n Fraternal Negra Hondure\u00f1a (OFRANEH), Miriam Miranda, galardonada en la primera edici\u00f3n del premio ambiental Carlos Escaleras por la defensa y protecci\u00f3n de territorios ancestrales de este pa\u00eds centroamericano. El mismo d\u00eda, Honduras se vest\u00eda de luto. En Tocoa, principal ciudad del departamento de Col\u00f3n donde se vive uno de los principales conflictos por tierra en Honduras, disparos de bala arrebataban la vida a los luchadores sociales Jos\u00e9 \u00c1ngel Flores y Silmer Dionisio George, presidente y dirigente del Movimiento Unificado Campesino del Agu\u00e1n (MUCA), respectivamente.<\/p>\n<p>Reconocer en vida las acciones de los luchadores sociales y ambientales es una de las tareas que se ha propuesto el Equipo de Reflexi\u00f3n, Investigaci\u00f3n y Comunicaci\u00f3n (ERIC), la Fundaci\u00f3n San Alonzo Rodr\u00edguez, Radio Progreso y el Centro de Derechos de Mujeres mediante el premio Carlos Escaleras. En un pa\u00eds como Honduras donde la cifra de asesinatos de activistas ha rebasado los 200 desde el golpe militar en 2009, distintas organizaciones lanzaron su campa\u00f1a \u201cDefender sin Miedo: Tu vida, la m\u00eda, nuestra casa com\u00fan\u201d, enmarcado en la entrega del galard\u00f3n para Mirian Miranda por sus m\u00e1s de 30 a\u00f1os de lucha.<\/p>\n<p>El premio Carlos Escaleras nace en memoria del ambientalista hondure\u00f1o asesinado en 1997 por sostener una lucha contra el emporio del empresario Miguel Facuss\u00e9 Barjum quien pretend\u00eda instalar una planta extractora de aceite de palma africana que terminar\u00eda contaminando el rio Guapinol, cauce que abastece de agua a varias comunidades de la regi\u00f3n. El empresario Facuss\u00e9 muri\u00f3 en 2015, heredando una amplia gama de sectores econ\u00f3micos controlados por su familia a partir de la fundaci\u00f3n de la f\u00e1brica Qu\u00edmicas Dinant, centrada en los sectores de alimentos, la agricultura industrial como la palma africana, biodiesel, biog\u00e1s y productos de limpieza.<\/p>\n<p><strong>Muerte anunciada<\/strong><\/p>\n<p>El MUCA, mediante un comunicado publicado el 21 de octubre de este a\u00f1o, denunci\u00f3 que el Comando de Operaciones de los Estados Unidos ha estado entrenando a grupos paramilitares que ahora est\u00e1n asesinando a sus l\u00edderes, gracias a la conformaci\u00f3n de \u201cescuadrones de la muerte\u201d. La organizaci\u00f3n social precisa que las operaciones se vienen llevando a cabo desde el a\u00f1o 2010 en la base militar de R\u00edo Claro, departamento de Trujillo, y que desde entonces se ha dado entrenamiento a unidades de fuerzas especiales de Honduras, en colaboraci\u00f3n \u201ccon altos mandos militares\u201d.<\/p>\n<p>*******************<\/p>\n<p>El MUCA denunci\u00f3 que el Comando de Operaciones de los Estados Unidos ha entrenado a grupos paramilitares que ahora est\u00e1n asesinando a sus l\u00edderes<\/p>\n<p>El 5 de diciembre del 2014 la Comisi\u00f3n Interamericana de Derechos Humanos (CIDH), exhort\u00f3 al gobierno de Honduras para que implementara las medidas cautelares concedidas a varios l\u00edderes campesinos del Bajo Agu\u00e1n. Para este prop\u00f3sito se deleg\u00f3 a Sagrario Prudott, funcionaria de la secretar\u00eda de Seguridad. Sin embargo, hasta la fecha no se ha hecho nada para detener los cr\u00edmenes contra campesinos.<\/p>\n<p><strong>Desarrollo y asesinatos<\/strong><\/p>\n<figure id=\"attachment_19266\" aria-describedby=\"caption-attachment-19266\" style=\"width: 300px\" class=\"wp-caption alignright\"><img loading=\"lazy\" decoding=\"async\" class=\"size-medium wp-image-19266\" src=\"https:\/\/www.americas.org\/wp-content\/uploads\/2016\/11\/Honduras_Agua\u0301n-1-300x200.jpg\" alt=\"18 octubre 2016. Tocoa, Col\u00f3n. Campesinxs del Valle del Agu\u00e1n realizan protesta por el 19\u00b0 aniversario del asesinato del activista ambiental Carlos Escalera por \u00f3rdenes del terrateniente Miguel Facuss\u00e9. Carlos se opon\u00eda a la instalaci\u00f3n de una refineria de aceite de palma en la regi\u00f3n lo que provoc\u00f3 la persecuci\u00f3n y el posterior asesinato a manos del empresario due\u00f1o de la corporaci\u00f3n Dinant. Actualmente el caso contin\u00faa en la impunidad y al mismo tiempo m\u00e1s de 133 campesinxs han sido asesinadxs a causa del conflicto agrario promovido por la ley de &quot;modernizaci\u00f3n de tierras agr\u00edcolas&quot; avalada por el Banco Mundial en beneficio de los terratenientes de la regi\u00f3n. El mismo d\u00eda de la movilizaci\u00f3n fueron asesinados el presidente del Movimiento Unificado Campesino del Agu\u00e1n junto con un acompa\u00f1ante.\" width=\"300\" height=\"200\" srcset=\"https:\/\/www.americas.org\/wp-content\/uploads\/2016\/11\/Honduras_Agua\u0301n-1-300x200.jpg 300w, https:\/\/www.americas.org\/wp-content\/uploads\/2016\/11\/Honduras_Agua\u0301n-1-768x512.jpg 768w, https:\/\/www.americas.org\/wp-content\/uploads\/2016\/11\/Honduras_Agua\u0301n-1-1024x683.jpg 1024w, https:\/\/www.americas.org\/wp-content\/uploads\/2016\/11\/Honduras_Agua\u0301n-1.jpg 1072w\" sizes=\"auto, (max-width: 300px) 100vw, 300px\" \/><figcaption id=\"caption-attachment-19266\" class=\"wp-caption-text\">18 octubre 2016. Tocoa, Col\u00f3n. Campesinxs del Valle del Agu\u00e1n realizan protesta por el 19\u00b0 aniversario del asesinato del activista ambiental Carlos Escalera por \u00f3rdenes del terrateniente Miguel Facuss\u00e9. Carlos se opon\u00eda a la instalaci\u00f3n de una refineria de aceite de palma en la regi\u00f3n lo que provoc\u00f3 la persecuci\u00f3n y el posterior asesinato a manos del empresario due\u00f1o de la corporaci\u00f3n Dinant. Actualmente el caso contin\u00faa en la impunidad y al mismo tiempo m\u00e1s de 133 campesinxs han sido asesinadxs a causa del conflicto agrario promovido por la ley de &#8220;modernizaci\u00f3n de tierras agr\u00edcolas&#8221; avalada por el Banco Mundial en beneficio de los terratenientes de la regi\u00f3n. El mismo d\u00eda de la movilizaci\u00f3n fueron asesinados el presidente del Movimiento Unificado Campesino del Agu\u00e1n junto con un acompa\u00f1ante.<\/figcaption><\/figure>\n<p>La situaci\u00f3n de violencia generada en el Bajo Agu\u00e1n es producto de un problema estructural derivado de la concentraci\u00f3n de las tierras en pocas manos.<\/p>\n<p>\u201cHemos sufrido permanente persecuci\u00f3n y hemos sufrido diversos atentados, pero continuamos en la lucha siguiendo el legado de Carlos Escaleras\u201d, remarc\u00f3 Esli Vanegas de la Coordinadora de Organizaciones del Aguan (COPA) durante una protesta realizada el d\u00eda 18 de octubre en las calles de Tocoa para recordar el asesinato del activista.<\/p>\n<p>La concentraci\u00f3n de tierras en Agu\u00e1n empeor\u00f3 despu\u00e9s de 1992 tras la aprobaci\u00f3n de la Ley de Modernizaci\u00f3n Agr\u00edcola. Dictada por el Banco Mundial, junto a un paquete de pol\u00edticas de ajuste estructural, la ley redujo los apoyos a los productores agr\u00edcolas locales y a su vez increment\u00f3 el respaldo al sector de exportaciones, pero sobre todo permiti\u00f3 vender tierras colectivas a inversores privados. Esto ha aumentado las luchas territoriales con muestras extremas de represi\u00f3n por parte de empresas aliadas al estado hondure\u00f1o.<\/p>\n<p>El MUCA surgi\u00f3 en 2001 e integra alrededor de 3,500 familias campesinas que demandan la devoluci\u00f3n de sus tierras para fines de Reforma Agraria. \u201cNosotros estamos pidiendo la devoluci\u00f3n de nuestras tierras, porque les fueron robadas a nuestros padres por medio del Banco Mundial, quien apoy\u00f3 la Modernizaci\u00f3n Agr\u00edcola\u201d, dijo Jaime Adel\u00ed Cabrera, Coordinador de la Plataforma Agraria de la Zona del Agu\u00e1n.<\/p>\n<p>La Ley de Modernizaci\u00f3n Agr\u00edcola fue un estrategia del gobierno para favorecer a las principales empresas que producen palma africana, quienes acapararon las tierras en tres grandes terratenientes agroindustriales: la familia Facuss\u00e9 de la Corporaci\u00f3n DINANT, Ren\u00e9 Morales del Grupo Agropalma y Reinaldo Canales, de origen salvadore\u00f1o, detall\u00f3 Vanegas.<\/p>\n<p>Al acaparamiento de tierras para el cultivo de la palma africana se suma la ganader\u00eda intensiva, los proyectos mineros, presas hidroel\u00e9ctricas y complejos tur\u00edsticos que han desplazado a comunidades enteras en diversas regiones de Honduras. No s\u00f3lo se ha utilizado la Ley de la Modernizaci\u00f3n Agr\u00edcola, sino tambi\u00e9n el enga\u00f1o, la fuerza p\u00fablica y grupos de sicarios.<\/p>\n<p>\u201cEl Banco Mundial apoy\u00f3 la Modernizaci\u00f3n Agr\u00edcola y los pr\u00e9stamos que est\u00e1 dando a las grandes corporaciones est\u00e1n siendo utilizados para contratar sicarios que asesinan a los l\u00edderes sociales. Esos pr\u00e9stamos tambi\u00e9n son para pagar al ej\u00e9rcito\u201d, agrega Adel\u00ed.<\/p>\n<p>\u201cDesde que el Banco Mundial concedi\u00f3 esos pr\u00e9stamos a los terratenientes nosotros hemos vivido en la pobreza. Los pa\u00edses que est\u00e1n comprando aceite y biodiesel est\u00e1n comprando sangre y muerte de los que han ca\u00eddo por defender sus tierras\u201d, sostuvo Santos Torres, del Movimiento Campesino Gregorio Ch\u00e1vez.<\/p>\n<p><strong>M\u00e1s muertes y amenazas<\/strong><\/p>\n<p><img loading=\"lazy\" decoding=\"async\" class=\"alignleft wp-image-19264\" src=\"https:\/\/www.americas.org\/wp-content\/uploads\/2016\/11\/MarchaBerta-11-300x200.jpg\" alt=\"marchaberta-11\" width=\"257\" height=\"171\" srcset=\"https:\/\/www.americas.org\/wp-content\/uploads\/2016\/11\/MarchaBerta-11-300x200.jpg 300w, https:\/\/www.americas.org\/wp-content\/uploads\/2016\/11\/MarchaBerta-11-768x512.jpg 768w, https:\/\/www.americas.org\/wp-content\/uploads\/2016\/11\/MarchaBerta-11-1024x683.jpg 1024w, https:\/\/www.americas.org\/wp-content\/uploads\/2016\/11\/MarchaBerta-11.jpg 1072w\" sizes=\"auto, (max-width: 257px) 100vw, 257px\" \/>Han pasado ya \u00a08 meses desde que el asesinato de la ambientalista Berta C\u00e1ceres, entonces coordinadora general del Consejo C\u00edvico de Organizaciones Populares e Ind\u00edgenas de Honduras (COPINH), caus\u00f3 un gran impacto a nivel mundial. C\u00e1ceres fue galardonada con el Premio Medioambiental Goldman y se destac\u00f3 por la lucha para detener la construcci\u00f3n del proyecto hidroel\u00e9ctrico Agua Zarca, de la empresa DESA (Desarrollos Energ\u00e9ticos S.A.) con financiamiento de bancos europeos (FMO y FINNFUND, de Holanda y Finlandia respectivamente) y el Banco Mundial.<\/p>\n<p>Mientras los \u00f3rganos encargados de impartir justicia en Honduras se jactan de haber sufrido el robo del expediente de su caso, <a href=\"https:\/\/www.opendemocracy.net\/5050\/laura-carlsen\/honduras-battle-to-protect-women-human-rights-defenders\">miembros del COPINH contin\u00faan recibiendo amenazas de muerte<\/a> por mantener la lucha contra megaproyectos hidroel\u00e9ctricos, mineros, e\u00f3licos, REDD+ y las ciudades modelo.<\/p>\n<p>Tomas G\u00f3mez Membre\u00f1o, Coordinador General del COPINH, responsabiliza a las empresas y los bancos que han financiado los megaproyectos de las agresiones contra la organizaci\u00f3n lenca.<\/p>\n<p>\u201cEn mi caso he sufrido alrededor de siete atentados. Es principalmente por que quieren debilitar a los movimientos sociales en el pa\u00eds. Los mismos entes del Estado como la polic\u00eda y el ejercito son los que nos vigilan todos nuestro movimientos\u201d, agrega Membre\u00f1o.<\/p>\n<p>Despu\u00e9s del asesinato de C\u00e1ceres, otros dos l\u00edderes del COPINH fueron asesinados: Lesbia Yaneth Urqu\u00eda, qui\u00e9n luchaba contra la privatizaci\u00f3n del agua mediante proyectos de energ\u00eda en La Paz, y Nelson Garc\u00eda, asesinado en R\u00edo Lindo dos semanas despu\u00e9s de C\u00e1ceres. LINK TO ROMPEVIENTE ON HONDURAS<\/p>\n<p>A pesar de los asesinatos contra el COPINH, sus miembros est\u00e1n en un proceso de reorganizaci\u00f3n y prepar\u00e1ndose continuamente para seguir su lucha para expulsar los megaproyectos en el territorio ind\u00edgena Lenca. \u201cNosotros como pueblos Lencas no dibujamos las fronteras, fue la colonizaci\u00f3n quienes han querido dividir el Abya Yala &#8211; nombre de Am\u00e9rica antes de la colonizaci\u00f3n- y nosotros somos un mismo pueblo, no hay pa\u00edses y debemos de apostarle por este rumbo, con nuestras propias propuestas contra el saqueo, el despojo y la criminalizaci\u00f3n\u201d, a\u00f1ade Membre\u00f1o.<\/p>\n<p><strong>Seguridad Nacional<\/strong><\/p>\n<p>Honduras es un pa\u00eds geoestrat\u00e9gico y es un tema de seguridad nacional para los Estados Unidos quien desde los ochentas instal\u00f3 su primer base militar en Palmerola, bajo el argumento de contrarrestar el narcotr\u00e1fico. En 2015, tras la visita a Honduras del jefe del Comando Sur de Estados Unidos, John Nelly, se ampli\u00f3 su presencia militar con la creaci\u00f3n de la unidad especial en Honduras para \u201cmisiones de colaboraci\u00f3n\u201d.<\/p>\n<p>El Coordinador de Actas del COPINH, Jos\u00e9 L\u00f3pez, asegura que la gran mayor\u00eda de los proyectos vienen acompa\u00f1ados con un plan de seguridad. \u201cSon proyectos de muerte no solo porque est\u00e1n matando a la naturaleza, sino que tambi\u00e9n a los activistas y a los pueblos. Incluso porque hay proyectos para ampliar las bases militares estadounidenses en el territorio Lenca y en el resto de Honduras\u201d.<\/p>\n<p>Para el coordinador la militarizaci\u00f3n antecede la instalaci\u00f3n de megaproyectos. \u201cA estas alturas los pueblos ya sabemos que todos los proyectos, principalmente los del capital transnacional, vienen acompa\u00f1ados con un proyecto de seguridad que les permita implementar y ejecutar el saqueo de cualquier forma\u201d, recalc\u00f3 Jos\u00e9 L\u00f3pez.<\/p>\n<p>L\u00f3pez asegura que el ej\u00e9rcito hondure\u00f1o es asesorado por los Estados Unidos y se aplican estrategias de inteligencia para eliminar a l\u00edderes y activistas sociales y ambientales.<\/p>\n<p>\u201cEn toda comunidad donde existen estos proyectos est\u00e1 presente la USAID (Agencia de los Estados Unidos para el Desarrollo Internacional). Ellos llegan con estrategias a las comunidades, enga\u00f1ando a la gente, regalando semillas y regalando abonos. Prometen m\u00e1s apoyos, pero no es eso&#8211;su estrategia es desarticular los movimientos sociales, las luchas populares, para hacer espionaje y filtrar informaci\u00f3n de c\u00f3mo est\u00e1n constituidos los movimientos. <a href=\"https:\/\/copinh.org\/article\/copinh-denuncia-urgente-desa-agua-zarca-reimpulsa-\/\">La USAID est\u00e1 metido en el proyecto de Agua Zarca en Rio Blanco<\/a>. \u00bfQu\u00e9 nos da a entender? Que USAID estuvo asesorando a DESA y quiz\u00e1 dando fortalecimiento econ\u00f3mico, y est\u00e1 presente en todas las comunidades donde tiene presencia el COPINH y eso equivale a tener al gobierno de los Estados Unidos. Por un lado nos meten bases militares, por otro a los cuerpos de paz y otras series de espionajes. Esto se da en todos los pa\u00edses de Latinoam\u00e9rica\u201d, agrega L\u00f3pez.<\/p>\n<p><strong>Tri\u00e1ngulo Norte<\/strong><\/p>\n<p>El a\u00f1o 2015, el gobierno de los Estados Unidos aprob\u00f3 750 millones de d\u00f3lares para los pa\u00edses del Tri\u00e1ngulo Norte de Centroam\u00e9rica (PAPTN): El Salvador, Guatemala y Honduras.<\/p>\n<p>Entre las condiciones para liberar dichos fondos est\u00e1 el combate a la corrupci\u00f3n, incluyendo la investigaci\u00f3n y persecuci\u00f3n penal de funcionarios p\u00fablicos; combate a las redes criminales, el narcotr\u00e1fico y el crimen organizado; E investigar y procesar penalmente en sistemas civiles de justicia a miembros de las fuerzas militares y cuerpos policiales sobre quienes pesen acusaciones cre\u00edbles de violaciones a los derechos humanos.<\/p>\n<p>\u201cLos 700 millones para el Triangulo Norte no van a resolver la problem\u00e1tica o sacar de la pobreza a los pa\u00edses, m\u00e1s bi\u00e9n es para apoyar a las polic\u00edas y a los ej\u00e9rcitos. Nosotros decimos que es para apoyar m\u00e1s fuertemente la militarizaci\u00f3n de la regi\u00f3n.<\/p>\n<p>\u201cEs para asegurar que las empresas estadounidenses se puedan instalar con la protecci\u00f3n de los gobiernos y ese proyecto va a incrementar mas la migraci\u00f3n de las comunidades ind\u00edgenas y de la poblaci\u00f3n centroamericana y continuar\u00e1 m\u00e1s la represi\u00f3n, los presos y los asesinatos\u201d, finaliza G\u00f3mez Membre\u00f1o.<\/p>\n","protected":false},"excerpt":{"rendered":"<p>El d\u00eda 18 de octubre del 2016 diversas organizaciones no gubernamentales reconoc\u00edan  la gran lucha que ha sostenido la coordinadora de la Organizaci\u00f3n Fraternal Negra Hondure\u00f1a (OFRANEH), Miriam Miranda, galardonada en la primera edici\u00f3n del premio ambiental Carlos Escaleras por la defensa y protecci\u00f3n de territorios ancestrales de este pa\u00eds centroamericano.<\/p>\n","protected":false},"author":429,"featured_media":19268,"comment_status":"open","ping_status":"open","sticky":false,"template":"","format":"standard","meta":{"inline_featured_image":false,"footnotes":""},"categories":[4884,4916,4918,4912,4914,4915],"tags":[4922],"coauthors":[],"class_list":["post-19261","post","type-post","status-publish","format-standard","has-post-thumbnail","hentry","category-democracia","category-derechos-humanos","category-feminismos","category-movimientos-sociales","category-paz-y-seguridad","category-tierra","tag-centroamerica"],"_links":{"self":[{"href":"https:\/\/www.americas.org\/es\/wp-json\/wp\/v2\/posts\/19261","targetHints":{"allow":["GET"]}}],"collection":[{"href":"https:\/\/www.americas.org\/es\/wp-json\/wp\/v2\/posts"}],"about":[{"href":"https:\/\/www.americas.org\/es\/wp-json\/wp\/v2\/types\/post"}],"author":[{"embeddable":true,"href":"https:\/\/www.americas.org\/es\/wp-json\/wp\/v2\/users\/429"}],"replies":[{"embeddable":true,"href":"https:\/\/www.americas.org\/es\/wp-json\/wp\/v2\/comments?post=19261"}],"version-history":[{"count":4,"href":"https:\/\/www.americas.org\/es\/wp-json\/wp\/v2\/posts\/19261\/revisions"}],"predecessor-version":[{"id":19272,"href":"https:\/\/www.americas.org\/es\/wp-json\/wp\/v2\/posts\/19261\/revisions\/19272"}],"wp:featuredmedia":[{"embeddable":true,"href":"https:\/\/www.americas.org\/es\/wp-json\/wp\/v2\/media\/19268"}],"wp:attachment":[{"href":"https:\/\/www.americas.org\/es\/wp-json\/wp\/v2\/media?parent=19261"}],"wp:term":[{"taxonomy":"category","embeddable":true,"href":"https:\/\/www.americas.org\/es\/wp-json\/wp\/v2\/categories?post=19261"},{"taxonomy":"post_tag","embeddable":true,"href":"https:\/\/www.americas.org\/es\/wp-json\/wp\/v2\/tags?post=19261"},{"taxonomy":"author","embeddable":true,"href":"https:\/\/www.americas.org\/es\/wp-json\/wp\/v2\/coauthors?post=19261"}],"curies":[{"name":"wp","href":"https:\/\/api.w.org\/{rel}","templated":true}]}}