{"id":20182,"date":"2017-09-27T13:12:33","date_gmt":"2017-09-27T18:12:33","guid":{"rendered":"https:\/\/www.americas.org\/?p=20182"},"modified":"2018-09-27T09:36:07","modified_gmt":"2018-09-27T14:36:07","slug":"ayotzinapa-tres-anos-despues","status":"publish","type":"post","link":"https:\/\/www.americas.org\/es\/ayotzinapa-tres-anos-despues\/","title":{"rendered":"Ayotzinapa, tres a\u00f1os despu\u00e9s"},"content":{"rendered":"<p>Tres a\u00f1os despu\u00e9s de la desaparici\u00f3n forzada de 43 estudiantes de la escuela rural &#8220;Ra\u00fal Isidro Burgos&#8221; en Ayotzinapa, Guerrero sacudi\u00f3 la conciencia de una naci\u00f3n y revel\u00f3 la corrupci\u00f3n y la violencia de un estado criminal. Ocho d\u00edas desde que un poderoso terremoto golpe\u00f3 la ciudad de M\u00e9xico y sacudi\u00f3 a una sociedad en acci\u00f3n y una masiva solidaridad consigo misma. Los mexicanos marchan por la ciudad de M\u00e9xico en honor y luto. 26 de septiembre de 2017.<\/p>\n<p>[metaslider id=20157]<\/p>\n","protected":false},"excerpt":{"rendered":"<p>Ocho d\u00edas desde que un poderoso terremoto golpe\u00f3 la ciudad de M\u00e9xico y sacudi\u00f3 a una sociedad en acci\u00f3n y una masiva solidaridad consigo misma. Los mexicanos marchan por la ciudad de M\u00e9xico en honor y luto.<\/p>\n","protected":false},"author":269,"featured_media":20137,"comment_status":"closed","ping_status":"open","sticky":false,"template":"","format":"standard","meta":{"inline_featured_image":false,"footnotes":""},"categories":[4884,4916,4912],"tags":[5114,4958],"coauthors":[],"class_list":["post-20182","post","type-post","status-publish","format-standard","has-post-thumbnail","hentry","category-democracia","category-derechos-humanos","category-movimientos-sociales","tag-ayotzinapa","tag-mexico"],"_links":{"self":[{"href":"https:\/\/www.americas.org\/es\/wp-json\/wp\/v2\/posts\/20182","targetHints":{"allow":["GET"]}}],"collection":[{"href":"https:\/\/www.americas.org\/es\/wp-json\/wp\/v2\/posts"}],"about":[{"href":"https:\/\/www.americas.org\/es\/wp-json\/wp\/v2\/types\/post"}],"author":[{"embeddable":true,"href":"https:\/\/www.americas.org\/es\/wp-json\/wp\/v2\/users\/269"}],"replies":[{"embeddable":true,"href":"https:\/\/www.americas.org\/es\/wp-json\/wp\/v2\/comments?post=20182"}],"version-history":[{"count":1,"href":"https:\/\/www.americas.org\/es\/wp-json\/wp\/v2\/posts\/20182\/revisions"}],"predecessor-version":[{"id":20183,"href":"https:\/\/www.americas.org\/es\/wp-json\/wp\/v2\/posts\/20182\/revisions\/20183"}],"wp:featuredmedia":[{"embeddable":true,"href":"https:\/\/www.americas.org\/es\/wp-json\/wp\/v2\/media\/20137"}],"wp:attachment":[{"href":"https:\/\/www.americas.org\/es\/wp-json\/wp\/v2\/media?parent=20182"}],"wp:term":[{"taxonomy":"category","embeddable":true,"href":"https:\/\/www.americas.org\/es\/wp-json\/wp\/v2\/categories?post=20182"},{"taxonomy":"post_tag","embeddable":true,"href":"https:\/\/www.americas.org\/es\/wp-json\/wp\/v2\/tags?post=20182"},{"taxonomy":"author","embeddable":true,"href":"https:\/\/www.americas.org\/es\/wp-json\/wp\/v2\/coauthors?post=20182"}],"curies":[{"name":"wp","href":"https:\/\/api.w.org\/{rel}","templated":true}]}}