{"id":2237,"date":"2010-05-10T23:32:58","date_gmt":"2010-05-10T23:32:58","guid":{"rendered":"http:\/\/www.cipamericas.org\/?p=2237"},"modified":"2010-05-10T23:32:58","modified_gmt":"2010-05-10T23:32:58","slug":"la-nueva-guerra-sucia-en-mexico","status":"publish","type":"post","link":"https:\/\/www.americas.org\/es\/la-nueva-guerra-sucia-en-mexico\/","title":{"rendered":"La nueva guerra sucia en M\u00e9xico"},"content":{"rendered":"<p><a href=\"https:\/\/www.americas.org\/wp-content\/uploads\/2010\/04\/1878.jpg\"><img loading=\"lazy\" decoding=\"async\" class=\"aligncenter size-medium wp-image-2066\" title=\"1878\" src=\"https:\/\/www.americas.org\/wp-content\/uploads\/2010\/04\/1878-211x300.jpg\" alt=\"\" width=\"211\" height=\"300\" \/><\/a><\/p>\n<p><span style=\"font-family: Arial,Helvetica,sans-serif;\"><strong>Carlos  Montemayor rompi\u00f3 un tab\u00fa  pol\u00edtico. Como astuto analista social y autor  prol\u00edfico, sus novelas acerca de  los levantamientos de la guerrilla  izquierdista y la represi\u00f3n ejercida por el  Estado durante las d\u00e9cadas  de los 1960 y 1970 rescataron la memoria de la  guerra sucia del cesto  de basura de la historia. Aunque el gobierno mexicano a\u00fan  guarda como  secreto de estado los destinos de cientos de personas que sus  fuerzas  de seguridad hicieron desaparecer durante la guerra sucia, las   aportaciones literarias de Montemayor ayudaron a perforar el silencio  oficial  en una \u00e9poca en que las fuerzas populares luchaban por hacer de  M\u00e9xico un pa\u00eds  m\u00e1s democr\u00e1tico y justo.<\/strong><\/span><\/p>\n<p><span style=\"font-family: Arial,Helvetica,sans-serif;\"> La muerte  alcanz\u00f3 prematuramente a  Montemayor el 28 de febrero, de un a\u00f1o en que  M\u00e9xico conmemora el doble  aniversario de la Guerra de Independencia de  1810 y de la Revoluci\u00f3n de 1910,  acontecimientos que desataron  aspiraciones hist\u00f3ricas hasta entonces reprimidas  de tierra y libertad,  democracia e igualdad.<\/span><\/p>\n<p><span style=\"font-family: Arial,Helvetica,sans-serif;\"> Ir\u00f3nicamente, la  g<em>uerra sucia <\/em>que el intelectual  chihuahuense recre\u00f3 de tan  brillante suerte est\u00e1 de vuelta, justo a tiempo para  el a\u00f1o hist\u00f3rico  de M\u00e9xico. Desde Chiapas en el sur hasta Chihuahua en el  norte, las  desapariciones forzadas, asesinatos de activistas y pol\u00edticos,  ataques a  periodistas y otras violaciones de derechos humanos van en constante   ascenso.<\/span><\/p>\n<p><span style=\"font-family: Arial,Helvetica,sans-serif;\"> Si bien perduran  muchos elementos de  la primera guerra sucia, nuevos elementos avivan  las llamas de la segunda.  Mientras la Guerra Fr\u00eda de Washington era el  estandarte de la violencia  ejercida por el Estado durante el siglo  pasado, la llamada guerra antidrogas de  Washington es ahora la  cobertura ideol\u00f3gica de la represi\u00f3n actual.<\/span><\/p>\n<p><span style=\"font-family: Arial,Helvetica,sans-serif;\"> Muchas regiones  de M\u00e9xico est\u00e1n  inmersas en guerras de baja intensidad que coinciden  con una creciente  intolerancia de estado hacia los movimientos  laborales y sociales. Ejemplos de  ello son las golpizas infligidas por  miembros de la Polic\u00eda Federal a  trabajadores electricistas y los  permanentes operativos de contrainsurgencia  contra movimientos  guerrilleros de izquierda que vuelven a nacer.<\/span><\/p>\n<p><span style=\"font-family: Arial,Helvetica,sans-serif;\"> La madre del  movimiento de derechos  humanos en M\u00e9xico y fundadora del Comit\u00e9 Eureka,  la senadora mexicana Rosario  Ibarra de Piedra, compar\u00f3 los hechos  actuales con la guerra sucia de hace  d\u00e9cadas, cuando su joven hijo  Jes\u00fas fue detenido y desaparecido por las fuerzas  de seguridad  mexicanas.<\/span><\/p>\n<p><span style=\"font-family: Arial,Helvetica,sans-serif;\"> Ibarra opina que  la guerra antinarco  de Calder\u00f3n y la criminalizaci\u00f3n de la protesta  social est\u00e1n impulsando una  nueva guerra sucia. Durante un discurso en  la Ciudad de M\u00e9xico, la ya  legendaria defensora de los derechos humanos  convoc\u00f3 a los mexicanos de todos  los movimientos sociales a cerrar  filas y a defenderse mutuamente.<\/span><\/p>\n<p><span style=\"font-family: Arial,Helvetica,sans-serif;\"> &#8220;Exigimos el  compromiso y la  decisi\u00f3n de lucha para cambiar esta situaci\u00f3n&#8221;, dijo.  &#8220;Llamamos a que  nadie permanezca indiferente al dolor de tant\u00edsima  gente.&#8221;<\/span><\/p>\n<p><span style=\"font-family: Arial,Helvetica,sans-serif;\"> Suele ser  dif\u00edcil saber d\u00f3nde se  inicia un conflicto y concluye otro, o d\u00f3nde se  separan las tinieblas del bajo  mundo del sistema pol\u00edtico en la  superficie. En repetidas ocasiones miembros  antiguos o actuales de las  fuerzas de seguridad est\u00e1n implicados en actividades  criminales. Seg\u00fan  la agencia noticiosa Notimex, el Secretario de la Defensa,  Gral.  Guillermo Galv\u00e1n, admiti\u00f3 hace poco ante senadores el arresto en un  momento  u otro de 15,000 ex soldados.<\/span><\/p>\n<p><span style=\"font-family: Arial,Helvetica,sans-serif;\"> Un caso  ilustrativo est\u00e1 en el  sure\u00f1o estado de Guerrero, donde la  narcoviolencia, rebeliones, pleitos  pol\u00edticos de hace largo tiempo y  conflictos sociales hist\u00f3ricos se agitan en  una mezcla explosiva. Con  m\u00e1s de 600 personas a\u00fan desaparecidas desde la  represi\u00f3n estatal  durante los 1970s, Guerrero fue el epicentro de la primera  guerra  sucia. Hoy el estado cr\u00f3nicamente empobrecido es un frente estrat\u00e9gico   para la \u00faltima.<\/span><\/p>\n<h3><span style=\"font-family: Arial,Helvetica,sans-serif;\">Las playas  sangrientas del  para\u00edso<\/span><\/h3>\n<p><span style=\"font-family: Arial,Helvetica,sans-serif;\">Las \u00faltimas  batallas campales y  narco-ejecuciones en Acapulco y otras regiones del  estado dejaron 58 personas  muertas tan s\u00f3lo del 13 al 15 de marzo. No  obstante los asesinatos acumulados  ese fin de semana no son sino una  muestra del ba\u00f1o de sangre que se extiende  por todo Guerrero. La  violencia involucra a c\u00e1rteles del narco en competencia,  grupos  paramilitares, fuerzas de seguridad y varias organizaciones rebeldes   armadas, entre ellas el Ej\u00e9rcito Revolucionario del Pueblo Insurgente  (ERPI).<\/span><\/p>\n<p><span style=\"font-family: Arial,Helvetica,sans-serif;\"> En mayo de 2009,  el Comandante Ramiro  del ERPI dio una conferencia de prensa a  periodistas mexicanos donde revel\u00f3  a\u00f1os de choques entre las guerrillas  y los grupos &#8220;narco-paramilitares&#8221;.  Ramiro, con fama de tener  seguimiento popular, fue asesinado misteriosamente en  la remota  localidad de Palos Altos en noviembre del mismo a\u00f1o.<\/span><\/p>\n<p><span style=\"font-family: Arial,Helvetica,sans-serif;\"> Hercilia Castro,  activista por los  derechos humanos con la Red de Organizaciones no  Gubernamentales de Guerrero,  ayud\u00f3 a documentar los asesinatos de tres  hermanos en el pueblo monta\u00f1oso de  Puerto Las Ollas tambi\u00e9n en  noviembre pasado. Alejandro Garc\u00eda Cort\u00e9s, de 19  a\u00f1os, Bert\u00edn Garc\u00eda  Cort\u00e9s, de 18, y Rogelio Garc\u00eda Valdovinos, de 15, fueron  ultimados y  mostraban el cl\u00e1sico tiro de gracia.<\/span><\/p>\n<p><span style=\"font-family: Arial,Helvetica,sans-serif;\"> &#8220;Esto de verdad  me afect\u00f3 en lo  personal. Me conmovi\u00f3 el dolor de la madre que me dijo  c\u00f3mo encontr\u00f3 los  cuerpos de sus hijos&#8221;, cont\u00f3 Castro. &#8220;Los muchachos  eran la alegr\u00eda  de la comunidad, estaban entre los m\u00e1s vivos, \u00bfse fijan  c\u00f3mo siempre hay  alguien que sobresale?&#8221; Castro agreg\u00f3 que los  conflictos m\u00faltiples saturan  las comunidades aisladas en las altas  monta\u00f1as de Coyuca de Catal\u00e1n y Petatl\u00e1n:  las tierras para el cultivo  de drogas, los caminos para el contrabando y los  \u00e1rboles para madera  ilegal son art\u00edculos de alto valor codiciados por los  c\u00e1rteles apoyados  por los grupos paramilitares. Los pobladores, dijo Castro,  podr\u00edan  estorbar a fuerzas ambiciosas que buscan limpiar y tomar el control de   la regi\u00f3n.<\/span><\/p>\n<p><span style=\"font-family: Arial,Helvetica,sans-serif;\"> Puerto Las  Ollas, donde se llega por  caminos de tierra que se vuelven  infranqueables durante la temporada de  lluvias, es como muchas  comunidades rurales. No existe cl\u00ednica de salud, y s\u00f3lo  hay un maestro  que ense\u00f1e a estudiantes de todas las edades. Las incursiones de   soldados y grupos paramilitares hacen que los hombres tengan miedo de  cultivar  sus campos, cont\u00f3 Hercilia Castro, y agreg\u00f3 que la &#8220;miseria&#8221;  de la  poblaci\u00f3n es palpable.<\/span><\/p>\n<p><span style=\"font-family: Arial,Helvetica,sans-serif;\"> De acuerdo con  Human Rights Watch, a  escala nacional la Comisi\u00f3n de Derechos Humanos  mexicana, entre 2007 y finales  de 2009, recibi\u00f3 3,399 quejas contra el  ej\u00e9rcito por violaciones, homicidios,  detenciones arbitrarias y  tortura. En un informe reciente, la ONG se\u00f1al\u00f3 que en  un principio s\u00f3lo  se encontr\u00f3 culpables de delitos contra derechos humanos a  tres  elementos, entre ellos un soldado sentenciado a nueve meses de prisi\u00f3n  por  la muerte a balazos de un civil en un ret\u00e9n militar.<\/span><\/p>\n<p><span style=\"font-family: Arial,Helvetica,sans-serif;\"> El agudo  incremento en violaciones  de derechos humanos corre parejas con la  Iniciativa M\u00e9rida de 1,300 millones de  d\u00f3lares de E.U. que Washington  financia para dar capacitaci\u00f3n y equipamiento a  las fuerzas de  seguridad mexicanas y centroamericanas. Actualmente funcionarios   estadunidenses y mexicanos ya ponen los fundamentos para una Iniciativa  M\u00e9rida  2.<\/span><\/p>\n<h3><span style=\"font-family: Arial,Helvetica,sans-serif;\">La violencia  mancha  precampa\u00f1a electoral<\/span><\/h3>\n<p><span style=\"font-family: Arial,Helvetica,sans-serif;\">En los  preliminares hacia las  elecciones estatales de 2011, una nueva oleada  de asesinatos con tintes  pol\u00edticos estremece a Guerrero. En febrero  cuatro dirigentes del Partido de la  Revoluci\u00f3n Democr\u00e1tica (PRD) de  centro izquierda, fueron asesinados en  diferentes lugares del estado:  Jos\u00e9 Luis Sotelo, Santana Rayo Chamu, Claudio  Hern\u00e1ndez Palacios y  Antonio Bahena Nava. Citada por el peri\u00f3dico <em>El Sur<\/em> la ya antigua  dirigente del PRD  en Guerrero Rosario Herrera recalc\u00f3 que 28 l\u00edderes  de su partido han sido  muertos en Guerrero desde 2005. El a\u00f1o pasado el  coordinador del Congreso  Estatal de Guerrero Armando Chavarr\u00eda fue  asesinado antes de haber podido  lanzar su ampliamente esperada  candidatura para ser gobernador del estado.<\/span><\/p>\n<p><span style=\"font-family: Arial,Helvetica,sans-serif;\"> Desde su  fundaci\u00f3n en 1989, el PRD,  de centro izquierda, ha sido blanco  constante de la represi\u00f3n. Una de sus  fundadoras en Zihuatanejo,  Obdulia Balderas, record\u00f3 c\u00f3mo el gobierno estatal  reprimi\u00f3 al nuevo  partido de oposici\u00f3n cuando protest\u00f3 por un fraude electoral,  matando e  hiriendo a los manifestantes en los aeropuertos internacionales de   Acapulco y de Zihuatanejo.<\/span><\/p>\n<p><span style=\"font-family: Arial,Helvetica,sans-serif;\"> Al regresar de  una visita a la  Ciudad de M\u00e9xico, Balderas record\u00f3 haber visitado a  compa\u00f1eros del partido en  un hospital de Zihuatanejo. &#8220;Nunca hubo  justicia alguna&#8221;, relat\u00f3 la  maestra de escuela jubilada.<\/span><\/p>\n<p><span style=\"font-family: Arial,Helvetica,sans-serif;\"> Aunque la  primera ola de represi\u00f3n  contra el PRD tuvo motivos pol\u00edticos, las  razones para la \u00faltima ronda de  violencia contra miembros del partido  son menos claras, dice Balderas.<\/span><\/p>\n<p><span style=\"font-family: Arial,Helvetica,sans-serif;\"> Al mismo tiempo  que aumenta el  n\u00famero de v\u00edctimas miembros del PRD, los asesinatos y  desapariciones de m\u00e1s de  200 militantes del PRD en Guerrero,  especialmente durante los a\u00f1os formativos  de la organizaci\u00f3n pol\u00edtica  entre 1989 y 1996, contin\u00faan sin aclararse.<\/span><\/p>\n<p><span style=\"font-family: Arial,Helvetica,sans-serif;\"> Para  consternaci\u00f3n de los  guerrerenses, las violaciones de derechos humanos  se dispararon luego de que se  eligiera gobernador del estado a un  popular candidato pro-reformista apoyado  por el PRD, el ex alcalde de  Acapulco Zeferino Torreblanca Galindo. La  violencia se increment\u00f3  durante un per\u00edodo en que el PRD&#x2014;un partido que se  levant\u00f3 de las  cenizas de la guerra sucia bajo los estandartes de la justicia y  la  democracia&#x2014; ten\u00eda no s\u00f3lo la gubernatura, sino la legislatura y el  gobierno  de muchos municipios del estado.<\/span><\/p>\n<p><span style=\"font-family: Arial,Helvetica,sans-serif;\"> &#8220;Esto representa  un retroceso a  las guerras sucias de los 1970s&#8221;, coment\u00f3 Hercilia  Castro. &#8220;Es una  probadita para la opini\u00f3n p\u00fablica de c\u00f3mo Guerrero es  el ejemplo de la eterna  guerra sucia, de c\u00f3mo tiene lugar la represi\u00f3n.  Es una muestra de lo que  estamos atravesando en todo el pa\u00eds.&#8221;<\/span><\/p>\n<p><span style=\"font-family: Arial,Helvetica,sans-serif;\"> Se han  vinculado muchas de estas muertes  con las guerras del bajo mundo, pero  entre las v\u00edctimas se encuentran  ciudadanos de todas clases. Una  organizaci\u00f3n de base, el Comit\u00e9 de Parientes y  Amigos de los  Secuestrados, Desaparecidos y Asesinados, se form\u00f3 para presionar  por  que se haga justicia.<\/span><\/p>\n<p><span style=\"font-family: Arial,Helvetica,sans-serif;\"> En el tercer  aniversario de la  desaparici\u00f3n de Jorge Gabriel Cer\u00f3n, estudiante de  arquitectura y activista  comunitario que fue secuestrado por un comando  armado en marzo de 2007, este  comit\u00e9 ciudadano emiti\u00f3 un manifiesto.<\/span><\/p>\n<p><span style=\"font-family: Arial,Helvetica,sans-serif;\"> &#8220;Hemos recalcado  c\u00f3mo el  llamado crimen organizado forma parte del Estado, de la  empresa privada y de la  clase pol\u00edtica, quien en \u00faltimo an\u00e1lisis es  responsable de la inseguridad  p\u00fablica, la corrupci\u00f3n, el terror y la  impunidad en la cual vive la ciudadan\u00eda  en general, y de la cual Jorge  Cer\u00f3n, su familia y todos nosotros hemos sido  v\u00edctimas.&#8221;<\/span><\/p>\n<p><span style=\"font-family: Arial,Helvetica,sans-serif;\"> Capacitados  originalmente por el  ej\u00e9rcito mexicano en la d\u00e9cada de 1990, los grupos  paramilitares tambi\u00e9n est\u00e1n  resurgiendo en el estado sure\u00f1o de  Chiapas, donde se han registrado ataques  recientes a comunidades pro  zapatistas y a otras organizaciones de oposici\u00f3n.<\/span><\/p>\n<p><span style=\"font-family: Arial,Helvetica,sans-serif;\"> La guerra sucia  se intensific\u00f3  despu\u00e9s de asumir el poder Felipe Calder\u00f3n a finales de  2006. Al a\u00f1o siguiente,  los dirigentes del Ej\u00e9rcito Popular  Revolucionario Edmundo Reyes y Gabriel Cruz  fueron arrestados y  desaparecieron en Oaxaca. No se les ha encontrado y se teme  que hayan  muerto. En 2008 dos l\u00edderes de la organizaci\u00f3n ind\u00edgena por el Futuro   de los Pueblos Mixtecos, Ra\u00fal Lucas Luc\u00eda y Manuel Ponce Rosas, fueron   secuestrados, se afirma que por polic\u00edas, y asesinados en Guerrero. A  fines del  a\u00f1o pasado Mariano Abarca, un prominente organizador contra  la miner\u00eda en  Chiapas, fue acribillado en la localidad de Chicomuselo,  donde los campesinos  hab\u00edan librado una batalla contra una mina de  barita manejada por la empresa  canadiense-mexicana Blackfire  Exploration Ltd.<\/span><\/p>\n<p><span style=\"font-family: Arial,Helvetica,sans-serif;\"> La recientes  desapariciones y  asesinatos de activistas siguieron muy de cerca el  fracas de la administraci\u00f3n  del ex presidente Vicente Fox de procesar  penalmente a funcionarios  gubernamentales, en particular el ex  presidente Luis Echeverr\u00eda, implicado en  los cr\u00edmenes de la guerra  sucia, y la disoluci\u00f3n por el gobierno de Calder\u00f3n de  la fiscal\u00eda  especial encargada de investigar la <em>guerra sucia.<\/em><\/span><\/p>\n<h3><span style=\"font-family: Arial,Helvetica,sans-serif;\">La guerra  antidrogas como tapadera<\/span><\/h3>\n<p><span style=\"font-family: Arial,Helvetica,sans-serif;\">La guerra contra  el narco es muy  conveniente como tapadera para la nueva represi\u00f3n. En  Ciudad Ju\u00e1rez y el estado  de Chihuahua, numerosos activistas han sido  asesinados o han desaparecido desde  2008, el a\u00f1o cuando estall\u00f3 una  guerra de competencia entre dos c\u00e1rteles y se  despach\u00f3 al ej\u00e9rcito  para, ostensiblemente, dominar la violencia.<\/span><\/p>\n<p><span style=\"font-family: Arial,Helvetica,sans-serif;\"> Entre otras  v\u00edctimas se encuentran  el activista antisecuestros y dirigente de la  comunidad mormona Benjamin  LeBaron, el l\u00edder campesino Armando  Villarreal Martha, el profesor  universitario Manuel Arroyo, la  activista por los derechos humanos Alicia  Sainz, el l\u00edder de vendedores  ambulantes G\u00e9minis Ochoa, y Josefina Reyes, ex  diputada por el PRD y  activa cr\u00edtica de la militarizaci\u00f3n. Nadie ha sido  arrestado ni  sentenciado por los cr\u00edmenes.<\/span><\/p>\n<p><span style=\"font-family: Arial,Helvetica,sans-serif;\"> El 2 de marzo  Ernesto R\u00e1bago Mart\u00ednez  fue asesinado en la Ciudad de Chihuahua.  Miembro de la Asociaci\u00f3n Civil  Bowerasa, R\u00e1bago ayudaba a defender a  ind\u00edgenas rar\u00e1muri implicados en una  lucha por tierras contra poderosos  intereses en la comunidad de Carichi. La  muerte de R\u00e1bago remat\u00f3 casi  un a\u00f1o de ataques contra dirigentes ind\u00edgenas y  defensores de Carichi.<\/span><\/p>\n<p><span style=\"font-family: Arial,Helvetica,sans-serif;\"> En respuesta al  homicidio de R\u00e1bago,  la organizaci\u00f3n de derechos humanos Cossydhac con  sede en la ciudad de  Chihuahua y el Centro de Derechos Humanos de las  Mujeres exigi\u00f3 que se ponga fin  a la criminalizaci\u00f3n de los activistas y  se de protecci\u00f3n a defensores de  derechos humanos que, afirmaron ambos  grupos, viven entre el &#8220;compromiso y  el riesgo.&#8221;<\/span><\/p>\n<p><span style=\"font-family: Arial,Helvetica,sans-serif;\"> Es m\u00e1s: la  carnicer\u00eda diaria de la  guerra contra el narco en Ciudad Ju\u00e1rez (que  suma cerca de 5,000 muertes desde  enero de 2008) obscurece y minimiza  temas como el conflicto por tierras entre  habitantes de hace largo  tiempo y los miembros de una de las influyentes  familias de la ciudad.  Atrapados en una batalla judicial, los pobladores de la  colonia Lomas  de Poleo han presentado repetidas quejas de agresiones de  guardias  armados de seguridad privada que operan en las mismas narices de la   polic\u00eda y el ej\u00e9rcito.<\/span><\/p>\n<p><span style=\"font-family: Arial,Helvetica,sans-serif;\"> Un informe  reciente del Alto  Comisionado para los Derechos Humanos de la ONU  document\u00f3 128 agresiones contra  defensores de derechos humanos y sus  familias entre el 1\u00b0 de enero de 2006 y el  31 de agosto de 2009. A  pesar de \u00f3rdenes de protecci\u00f3n emitidas por  funcionarios  gubernamentales, las agresiones contin\u00faan. En los \u00faltimos meses,  varias  organizaciones que defienden los derechos de los ind\u00edgenas en la regi\u00f3n   de La Monta\u00f1a de Guerrero han experimentado un patr\u00f3n de vigilancia,  invasiones  y entradas ilegales y hasta amenazas de muerte. El 18 de  marzo, la Comisi\u00f3n  Interamericana de Derechos Humanos (CIDH) emiti\u00f3 una  declaraci\u00f3n de alarma ante  los nuevos actos de hostigamiento y  amenazas de muerte contra miembros de la  Organizaci\u00f3n de los Pueblos  Ind\u00edgenas Me&#8217;phaa.<\/span><\/p>\n<p><span style=\"font-family: Arial,Helvetica,sans-serif;\"> Revelando que la  CIDH hab\u00eda sugerido  a varios de los activistas amenazados como  testigos en dos juicios  internacionales contra el estado mexicano, uno  de los cuales implica las  presuntas violaciones de dos mujeres  ind\u00edgenas por soldados mexicanos en  Guerrero en 2002, el organismo  oficial de derechos humanos de la Organizaci\u00f3n  de los Estados  Americanos record\u00f3 al gobierno mexicano que se hab\u00edan librado  \u00f3rdenes  de protecci\u00f3n para los activistas de Me&#8217;phaa y que el gobierno tiene la   obligaci\u00f3n de proteger a los defensores.<\/span><\/p>\n<p><span style=\"font-family: Arial,Helvetica,sans-serif;\"> &#8220;La Comisi\u00f3n  recuerda tambi\u00e9n que  el trabajo de los defensores de derechos humanos  es cr\u00edtico para la  construcci\u00f3n de una sociedad democr\u00e1tica s\u00f3lida y  duradera, y desempe\u00f1an un  papel principal en el proceso para  implementar plenamente el estado de derecho  y fortalecer la  democracia&#8221;, declar\u00f3 la CIDH.<\/span><\/p>\n<h3><span style=\"font-family: Arial,Helvetica,sans-serif;\">El compromiso  con los derechos  humanos est\u00e1 puesto a prueba<\/span><\/h3>\n<p><span style=\"font-family: Arial,Helvetica,sans-serif;\">Casi a diario,  defensores de  derechos humanos nacionales e internacionales denuncian  el deterioro del  panorama de los derechos humanos en M\u00e9xico. Desde que  inici\u00f3 el a\u00f1o, una  marejada de recomendaciones e informes cr\u00edticos se  ha dejado venir de Amnist\u00eda  Internacional, Human Rights Watch, el  Comit\u00e9 de Derechos Humanos de las  Naciones Unidas, el Departamento de  Estado de E.U., miembros del Parlamento  Europeo, y muchas otras  entidades.<\/span><\/p>\n<p><span style=\"font-family: Arial,Helvetica,sans-serif;\"> La respuesta de  la administraci\u00f3n de  Calder\u00f3n ha sido contradictoria. Aunque algunos  funcionarios reconocen sin  dificultad los problemas, la defensividad y  el fingimiento en declaraciones  pol\u00edticas a\u00fan son reacciones  autom\u00e1ticas. Al contradecir el \u00faltimo informe del  Departamento de  Estado de E.U. el General Brigadier Benito Medina Herrera  rechaz\u00f3 la  noci\u00f3n de que las fuerzas armadas violan derechos humanos, afirmando  a  Notimex que el personal militar recibe principios y capacitaci\u00f3n en  derechos  humanos desde los &#8220;m\u00e1s bajos niveles&#8221; hasta los generales de  mayor  rango.<\/span><\/p>\n<p><span style=\"font-family: Arial,Helvetica,sans-serif;\"> Quiz\u00e1 la prueba  de fuego del  compromiso real de M\u00e9xico con las normas internacionales  de derechos humanos  ser\u00e1 la respuesta del gobierno de Calder\u00f3n a una  resoluci\u00f3n hist\u00f3rica tomada en  2009 por la Corte Interamericana de  Derechos Humanos de la Organizaci\u00f3n de  Estados Americanos.<\/span><\/p>\n<p><span style=\"font-family: Arial,Helvetica,sans-serif;\"> En una sentencia  vinculante  publicada en diciembre pasado, la Corte hizo responsable al  Estado Mexicano por  la desaparici\u00f3n en 1974 de Rosendo Radilla, ex  alcalde de Atoyac de \u00c1lvarez,  Guerrero, durante la primera guerra  sucia. En presencia de su hijo peque\u00f1o,  Radilla fue &#8220;levantado&#8221; por  soldados mexicanos en un ret\u00e9n y nunca se  le volvi\u00f3 a ver.<\/span><\/p>\n<p><span style=\"font-family: Arial,Helvetica,sans-serif;\"> La Corte orden\u00f3  al Estado Mexicano  esclarecer la desaparici\u00f3n de Radilla, reformar el  c\u00f3digo de justicia militar que  protege a los soldados de ser procesados  por delitos civiles, compensar a los  familiares los da\u00f1os causados y  publicar la sentencia entera en el diario  oficial gubernamental y en  una publicaci\u00f3n de circulaci\u00f3n nacional.<\/span><\/p>\n<p><span style=\"font-family: Arial,Helvetica,sans-serif;\"> El gobierno  federal tambi\u00e9n tendr\u00e1  que realizar una ceremonia p\u00fablica en donde  reconozca su culpabilidad en la  desaparici\u00f3n de Radilla, y erigir una  placa en su memoria en Atoyac de \u00c1lvarez.<\/span><\/p>\n<p><span style=\"font-family: Arial,Helvetica,sans-serif;\"> La hija de  Radilla, Tita, es  vicepresidenta de la Asociaci\u00f3n de Familiares de  Arrestados, Desaparecidos y  V\u00edctimas de Violaciones de Derechos Humanos  en M\u00e9xico (AFADEM), grupo que ha  trabajado infatigablemente por  d\u00e9cadas exigiendo justicia para Radilla y otras  v\u00edctimas de la guerra  sucia. Junto con la ONG Comisi\u00f3n Mexicana para la Defensa  y Promoci\u00f3n  de los Derechos Humanos (CMDPDH), cuyos abogados llevaron el caso   Radilla a nivel internacional, la AFADEM aplaudi\u00f3 la resoluci\u00f3n de la  Corte  como una reivindicaci\u00f3n de su lucha y un paso positivo hacia el  fin de la  impunidad institucional en cr\u00edmenes contra los derechos  humanos.<\/span><\/p>\n<p><span style=\"font-family: Arial,Helvetica,sans-serif;\"> La Corte  concedi\u00f3 a M\u00e9xico un a\u00f1o  para presentar un informe en donde se detalle  el progreso en el cumplimiento de  la sentencia. Aun cuando el gobierno  mexicano subi\u00f3 la sentencia al sitio web  de la Procuradur\u00eda General de  la Rep\u00fablica, ha sido lento en cumplir otros  aspectos de la sentencia,  declar\u00f3 el director jur\u00eddico de la CMDPDH, Humberto  Guerrero. Lo m\u00e1s  importante, dijo, es que sus parientes siguen sin conocer el  destino de  Radilla.<\/span><\/p>\n<p><span style=\"font-family: Arial,Helvetica,sans-serif;\"> De acuerdo con  Humberto Guerrero, el  Comit\u00e9 de Derechos Humanos de la ONU abord\u00f3 el  caso Radilla en una reuni\u00f3n en  Nueva York hace poco. El fiscal militar  de M\u00e9xico, que asisti\u00f3 a la sesi\u00f3n,  dijo a los miembros del Comit\u00e9 que  las fuerzas armadas estaban trabajando para  modificar el c\u00f3digo de  justicia militar &#8220;en un momento oportuno&#8221;,  concluy\u00f3 Guerrero.<\/span><\/p>\n<p><span style=\"font-family: Arial,Helvetica,sans-serif;\"> El cumplimiento  de la sentencia en  el caso Radilla, agreg\u00f3, determinar\u00e1 si el gobierno  mexicano refuerza o no el &#8220;mensaje  de impunidad&#8221; que predomina en el  pa\u00eds.<\/span><\/p>\n<p><span style=\"font-family: Arial,Helvetica,sans-serif;\"> &#8220;El  incumplimiento de la  sentencia implica que M\u00e9xico no tiene la voluntad  de confrontar su pasado  autoritario&#8221;, acus\u00f3 Guerrero. &#8220;M\u00e9xico tiene una  nueva oportunidad.  Tuvo una oportunidad en 2000 con Fox y el fiscal  especial, y ahora la tiene con  este caso.&#8221;<\/span><\/p>\n<p><span style=\"font-family: Arial,Helvetica,sans-serif;\"> <em>Kent Paterson es un periodista independiente que cubre la  parte sudoccidental de Estados Unidos y M\u00e9xico y Am\u00e9rica Latina. Es  analista para el Programa de las Am\u00e9ricas en <a href=\"http:\/\/www.ircamericas.org\/\">www.ircamericas.org<\/a>.<\/p>\n<p><\/em><\/span><\/p>\n<p><span style=\"font-family: Arial,Helvetica,sans-serif;\">Para usar este  art\u00edculo, favor de contactar a <a href=\"mailto:americas@ciponline.org\">americas@ciponline.org<\/a>.<\/span><\/p>\n<p><span style=\"font-family: Arial,Helvetica,sans-serif;\"><\/p>\n<h3>Para mayor informaci\u00f3n<\/h3>\n<p><span>CIDH expresa alarma por amenazas  contra l\u00edderes ind\u00edgenas en guerrero, M\u00e9xico:<br \/>\n<a href=\"http:\/\/www.cidh.oas.org\/Comunicados\/Spanish\/2010\/32-10sp.htm\">http:\/\/www.cidh.oas.org\/Comunicados\/Spanish\/2010\/32-10sp.htm<\/a><\/p>\n<p>Ciudad Ju\u00e1rez desciende a otro c\u00edrculo del infierno<br \/>\n<a href=\"http:\/\/www.ircamericas.org\/esp\/6680\">http:\/\/www.ircamericas.org\/esp\/6680<\/a><\/p>\n<p>Un abecedario del Plan M\u00e9xico<br \/>\n<a href=\"http:\/\/www.ircamericas.org\/esp\/5251\">http:\/\/www.ircamericas.org\/esp\/5251<\/a><\/p>\n<p><\/span><\/p>\n<p><\/span><\/p>\n","protected":false},"excerpt":{"rendered":"<p>Carlos Montemayor rompi\u00f3 un tab\u00fa pol\u00edtico. Como astuto analista social y autor prol\u00edfico, sus novelas acerca de los levantamientos de la guerrilla izquierdista y la represi\u00f3n ejercida por el Estado durante las d\u00e9cadas de los 1960 y 1970 rescataron la memoria de la guerra sucia del cesto de basura de la historia. Aunque el gobierno [&hellip;]<\/p>\n","protected":false},"author":1,"featured_media":0,"comment_status":"open","ping_status":"open","sticky":false,"template":"","format":"standard","meta":{"inline_featured_image":false,"footnotes":""},"categories":[4919],"tags":[],"coauthors":[],"class_list":["post-2237","post","type-post","status-publish","format-standard","hentry","category-migracion"],"_links":{"self":[{"href":"https:\/\/www.americas.org\/es\/wp-json\/wp\/v2\/posts\/2237","targetHints":{"allow":["GET"]}}],"collection":[{"href":"https:\/\/www.americas.org\/es\/wp-json\/wp\/v2\/posts"}],"about":[{"href":"https:\/\/www.americas.org\/es\/wp-json\/wp\/v2\/types\/post"}],"author":[{"embeddable":true,"href":"https:\/\/www.americas.org\/es\/wp-json\/wp\/v2\/users\/1"}],"replies":[{"embeddable":true,"href":"https:\/\/www.americas.org\/es\/wp-json\/wp\/v2\/comments?post=2237"}],"version-history":[{"count":0,"href":"https:\/\/www.americas.org\/es\/wp-json\/wp\/v2\/posts\/2237\/revisions"}],"wp:attachment":[{"href":"https:\/\/www.americas.org\/es\/wp-json\/wp\/v2\/media?parent=2237"}],"wp:term":[{"taxonomy":"category","embeddable":true,"href":"https:\/\/www.americas.org\/es\/wp-json\/wp\/v2\/categories?post=2237"},{"taxonomy":"post_tag","embeddable":true,"href":"https:\/\/www.americas.org\/es\/wp-json\/wp\/v2\/tags?post=2237"},{"taxonomy":"author","embeddable":true,"href":"https:\/\/www.americas.org\/es\/wp-json\/wp\/v2\/coauthors?post=2237"}],"curies":[{"name":"wp","href":"https:\/\/api.w.org\/{rel}","templated":true}]}}