{"id":32774,"date":"2018-05-09T15:31:47","date_gmt":"2018-05-09T20:31:47","guid":{"rendered":"https:\/\/www.americas.org\/?p=32774\/"},"modified":"2018-05-21T14:48:08","modified_gmt":"2018-05-21T19:48:08","slug":"se-abre-plazo-para-apoyar-acuerdo-sobre-derechos-ambientales","status":"publish","type":"post","link":"https:\/\/www.americas.org\/es\/se-abre-plazo-para-apoyar-acuerdo-sobre-derechos-ambientales\/","title":{"rendered":"Se abre plazo para apoyar acuerdo sobre derechos ambientales"},"content":{"rendered":"<p><img loading=\"lazy\" decoding=\"async\" class=\"alignleft wp-image-32771\" src=\"https:\/\/www.americas.org\/wp-content\/uploads\/2018\/05\/panoramasocial2017_mex_675.jpg\" alt=\"\" width=\"437\" height=\"246\" \/>Van en aumento las amenazas a la naturaleza, as\u00ed como contra quienes protagonizan la defensa de los recursos naturales y derechos a la tierra. En este escenario quedan expuestos, incluso, las y los trabajadores de los medios de comunicaci\u00f3n cuyo deber es investigar tales hechos.<\/p>\n<p>La persecuci\u00f3n es realmente temeraria, de modo que no podemos depender de una garant\u00eda de seguridad del Estado. La fiscal\u00eda es in\u00fatil, dej\u00e1ndonos en una situaci\u00f3n de alto riesgo. Vivimos una etapa de impunidad y simulaci\u00f3n.<\/p>\n<p>M\u00e1s aun, los apologistas de los reg\u00edmenes de las Am\u00e9ricas tienden a criminalizar a las y los protagonistas de las luchas por la sustentabilidad comunitaria. Reprimen los esfuerzos en defensa del territorio de los intereses mineros, y de otros megaproyectos.<\/p>\n<p>Por lo tanto, demos la bienvenida al despegue en el hemisferio del Acuerdo Regional sobre el Acceso a la Informaci\u00f3n, la Participaci\u00f3n P\u00fablica y el Acceso a la Justicia en Asuntos Ambientales en Am\u00e9rica Latina y el Caribe.<\/p>\n<p>El puesto en marcha de este instrumento es una respuesta al Principio 10 de la Declaraci\u00f3n de R\u00edo sobre el Medio Ambiente y el Desarrollo (R\u00edo+20) de 2012.<\/p>\n<p>Involucra a Antigua y Barbuda, Argentina, Bahamas, Barbados, Belice, Bolivia, Brasil, Chile, Colombia, Costa Rica, Cuba, Dominica, Republica Dominicana, Ecuador, El Salvador, Granada, Guatemala, Guyana, Hait\u00ed, Honduras, Jamaica, M\u00e9xico, Nicaragua, Panam\u00e1, Paraguay, Per\u00fa, Saint Kitts and Nevis, Saint Lucia, Saint Vincent and The Grenadines, Surinam, Trinidad y Tobago, Uruguay, y Venezuela &#8212; todos en pl\u00e1ticas bajo la bandera de la ONU.<\/p>\n<p>El nombre del acuerdo describe perfectamente sus tres principales fines, solo que es muy largo. As\u00ed que, y como es de costumbre en el \u00e1mbito, le llaman por el lugar en donde fue adoptado el 4 de marzo de 2018, el distrito de Escaz\u00fa en San Jos\u00e9, Costa Rica.<\/p>\n<p>El \u00e9xito del Acuerdo de Escaz\u00fa consistir\u00eda en que tenga dientes: que los pa\u00edses suscriban sus t\u00e9rminos, mismos que son obligatorios as\u00ed como vinculantes, y que los gobiernos de estos pa\u00edses lo hagan suyo mediante leyes, reglas y normas nacionales respaldadas por sus entidades estatales con el financiamiento y la voluntad imperativos para hacerlo valer.<\/p>\n<p>Aunque lo anterior puede parecer una aspiraci\u00f3n ilusa e idealista, ya existe una convenci\u00f3n similar bajo la Comisi\u00f3n Econ\u00f3mica de las Naciones Unidas para Europa (UNECE, por sus siglas en ingl\u00e9s), conocida como el Convenio de Aarhus, con no menos de 70 casos sobre el cumplimiento de la justica ambiental registrados en los Estados parte, mismos que son advertencias a los dem\u00e1s integrantes.<\/p>\n<p>El Acuerdo de Escaz\u00fa abrir\u00e1 a la firma de los 33 pa\u00edses de Am\u00e9rica Latina y el Caribe el 27 de septiembre de 2018 en la Sede de las Naciones Unidas en Nueva York, estando a partir de ese momento sujeto a la ratificaci\u00f3n. Para entrar en vigor, requiere de once Estados parte.<\/p>\n<p>Por lo pronto, la Comisi\u00f3n Econ\u00f3mica para Am\u00e9rica Latina y el Caribe celebra eventos desde Santiago de Chile hasta Antigua y Barbuda, para explicar a funcionarios y sociedad civil la utilidad de la herramienta, esencial en gran parte para proteger a los defensores y comunicadores.<\/p>\n<p>Esta instancia regional de la ONU, mejor conocida como la CEPAL, acompa\u00f1a los eventos con la publicaci\u00f3n en l\u00ednea de un compendio de las leyes y marcos institucionales en la materia en distintos pa\u00edses de la regi\u00f3n, as\u00ed como ejemplos de buenas pr\u00e1cticas y temas emergentes bajo el Principio 10.<\/p>\n<p>\u201cEn un escenario global que acusa se\u00f1ales de inestabilidad del sistema econ\u00f3mico, creciente desigualdad, riesgos para la paz y la seguridad y una grave crisis ambiental, se hace evidente la insostenibilidad del estilo de desarrollo dominante,\u201d observa en el pr\u00f3logo la Secretaria Ejecutiva de la CEPAL Alicia B\u00e1rcena.<\/p>\n<p>Garantizar a todas las personas los derechos tema del acuerdo \u201ces un elemento central para combatir la desigualdad y avanzar hacia la sostenibilidad ambiental del desarrollo,\u201d dice.<\/p>\n<h3 style=\"text-align: left;\">El acceso a la informaci\u00f3n ambiental, otro derecho reconocido en el acuerdo<\/h3>\n<p>Adem\u00e1s de exigir a cada parte firmante extender a defensores agredidos recursos de reparaci\u00f3n por da\u00f1os, el nuevo convenio dice: \u201cCada parte deber\u00e1 garantizar el derecho del p\u00fablico de acceder a la informaci\u00f3n ambiental que est\u00e1 en su poder, bajo su control o custodia de acuerdo con el principio de m\u00e1xima publicidad\u201d.<\/p>\n<p>El componente crucial del acuerdo establece que: \u201cCada parte garantizar\u00e1, en la medida de los recursos disponibles, que las autoridades p\u00fablicas generen, recolecten, pongan a disposici\u00f3n del p\u00fablico y difundan la informaci\u00f3n ambiental relevante para sus funciones de manera sistem\u00e1tica, proactiva, oportuna, regular, accesible y comprensible, y que actualicen peri\u00f3dicamente esta informaci\u00f3n y alienten la desagregaci\u00f3n y descentralizaci\u00f3n de la informaci\u00f3n ambiental a nivel subnacional y local\u201d.<\/p>\n<p>M\u00e1s a\u00fan, obliga a \u201cpromover el acceso a la informaci\u00f3n ambiental que est\u00e9 en manos de entidades privadas, en particular aquella sobre sus operaciones y los posibles riesgos y efectos en la salud humana y el medio ambiente\u201d.<\/p>\n<p>Incluso, instruye de pasos espec\u00edficos como garantizar \u201cmecanismos de participaci\u00f3n del p\u00fablico en los procesos de toma de decisiones\u201d, y establecer \u201cun registro de emisiones y transferencia de contaminantes al aire, agua, suelo y subsuelo, y de materiales y residuos bajo su jurisdicci\u00f3n\u201d.<\/p>\n<p>La participaci\u00f3n de representantes gubernamentales en la redacci\u00f3n del pliego ha sido loable, sobre todo por parte de los pa\u00edses del Caribe en apuros dados los desastres naturales relacionados al cambio clim\u00e1tico. Sin embargo, no falta quien ponga peros.<\/p>\n<p>Por todo eso, y porque el proceso de establecer esta salvaguardia queda abierto al p\u00fablico, debemos participar en ello.<\/p>\n<p>Las organizaciones participantes en lograr el acuerdo ya iniciaron una serie de acciones para promover que M\u00e9xico lo firme y ratifique. En primer t\u00e9rmino, enviar\u00e1n una carta al Secretario de Relaciones Exteriores y al Secretario de Medio Ambiente y Recursos Naturales.<\/p>\n<p>Quien est\u00e1 de acuerdo en suscribir la carta debe avisar a Protecci\u00f3n Ambiental, por la direcci\u00f3n de emilio.plascencia@gmail.com, indicar si el apoyo es como persona u organizaci\u00f3n, y en su caso incluir su logotipo.<\/p>\n<p>Se recibe adhesiones hasta el pr\u00f3ximo viernes 11 de mayo para enviar la carta el lunes 14.<\/p>\n<p><em>\u00a0<\/em><\/p>\n<p><em><img loading=\"lazy\" decoding=\"async\" class=\"alignleft wp-image-6703\" src=\"https:\/\/www.americas.org\/wp-content\/uploads\/2010\/04\/photo.jpg\" alt=\"\" width=\"185\" height=\"185\" srcset=\"https:\/\/www.americas.org\/wp-content\/uploads\/2010\/04\/photo.jpg 200w, https:\/\/www.americas.org\/wp-content\/uploads\/2010\/04\/photo-150x150.jpg 150w\" sizes=\"auto, (max-width: 185px) 100vw, 185px\" \/>Talli Nauman es analista de asuntos ambientales y acceso a la informaci\u00f3n por el Programa de las Americas y codirectora de Periodismo para Elevar la Conciencia Ecol\u00f3gica con sede en Aguascalientes, M\u00e9xico<\/em>.<\/p>\n","protected":false},"excerpt":{"rendered":"<p>Van en aumento las amenazas a la naturaleza, as\u00ed como contra quienes protagonizan la defensa de los recursos naturales y derechos a la tierra. En este escenario quedan expuestos, incluso, las y los trabajadores de los medios de comunicaci\u00f3n cuyo deber es investigar tales hechos.<\/p>\n","protected":false},"author":13,"featured_media":32771,"comment_status":"closed","ping_status":"open","sticky":false,"template":"","format":"standard","meta":{"inline_featured_image":false,"footnotes":""},"categories":[4916],"tags":[5031],"coauthors":[],"class_list":["post-32774","post","type-post","status-publish","format-standard","has-post-thumbnail","hentry","category-derechos-humanos","tag-south-america"],"_links":{"self":[{"href":"https:\/\/www.americas.org\/es\/wp-json\/wp\/v2\/posts\/32774","targetHints":{"allow":["GET"]}}],"collection":[{"href":"https:\/\/www.americas.org\/es\/wp-json\/wp\/v2\/posts"}],"about":[{"href":"https:\/\/www.americas.org\/es\/wp-json\/wp\/v2\/types\/post"}],"author":[{"embeddable":true,"href":"https:\/\/www.americas.org\/es\/wp-json\/wp\/v2\/users\/13"}],"replies":[{"embeddable":true,"href":"https:\/\/www.americas.org\/es\/wp-json\/wp\/v2\/comments?post=32774"}],"version-history":[{"count":1,"href":"https:\/\/www.americas.org\/es\/wp-json\/wp\/v2\/posts\/32774\/revisions"}],"predecessor-version":[{"id":32775,"href":"https:\/\/www.americas.org\/es\/wp-json\/wp\/v2\/posts\/32774\/revisions\/32775"}],"wp:featuredmedia":[{"embeddable":true,"href":"https:\/\/www.americas.org\/es\/wp-json\/wp\/v2\/media\/32771"}],"wp:attachment":[{"href":"https:\/\/www.americas.org\/es\/wp-json\/wp\/v2\/media?parent=32774"}],"wp:term":[{"taxonomy":"category","embeddable":true,"href":"https:\/\/www.americas.org\/es\/wp-json\/wp\/v2\/categories?post=32774"},{"taxonomy":"post_tag","embeddable":true,"href":"https:\/\/www.americas.org\/es\/wp-json\/wp\/v2\/tags?post=32774"},{"taxonomy":"author","embeddable":true,"href":"https:\/\/www.americas.org\/es\/wp-json\/wp\/v2\/coauthors?post=32774"}],"curies":[{"name":"wp","href":"https:\/\/api.w.org\/{rel}","templated":true}]}}