{"id":36378,"date":"2018-07-09T14:33:48","date_gmt":"2018-07-09T19:33:48","guid":{"rendered":"https:\/\/www.americas.org\/?p=36378\/"},"modified":"2018-07-31T13:37:29","modified_gmt":"2018-07-31T18:37:29","slug":"en-mexico-el-deseo-de-una-democracia-real-al-poder","status":"publish","type":"post","link":"https:\/\/www.americas.org\/es\/en-mexico-el-deseo-de-una-democracia-real-al-poder\/","title":{"rendered":"En M\u00e9xico, el deseo de una democracia real al poder"},"content":{"rendered":"<p><img loading=\"lazy\" decoding=\"async\" class=\"alignleft size-full wp-image-36380\" src=\"https:\/\/www.americas.org\/wp-content\/uploads\/2018\/07\/photo-christophe-e1531164679735.jpg\" alt=\"\" width=\"350\" height=\"263\" \/>La palabra \u201chist\u00f3rica\u201d se usa muchas veces al exceso, pero s\u00ed es justa en el caso de la elecci\u00f3n de Andr\u00e9s L\u00f3pez Manuel Obrador a la presidencia de M\u00e9xico el 1 de julio de 2018. La amplia victoria del l\u00edder de la coalici\u00f3n &#8220;Juntos haremos historia&#8221; es hist\u00f3rica en muchos sentidos.<\/p>\n<p>Nunca un presidente mexicano ha sido elegido con tal resultado (53%, relegando a la coalici\u00f3n PAN\/PRD al 23% y al PRI a menos del 17%) y con dicha participaci\u00f3n (m\u00e1s de 56 millones de votantes) Su movimiento, en el coraz\u00f3n del cual est\u00e1 Morena (Movimiento de Regeneraci\u00f3n Nacional), gan\u00f3 4 de los 8 gubernaturas y la ciudad de M\u00e9xico. El nuevo presidente tambi\u00e9n tendr\u00e1 una c\u00f3moda mayor\u00eda parlamentaria.<\/p>\n<p>Una reorganizaci\u00f3n pol\u00edtica fundamental acaba de comenzar en M\u00e9xico, revelando el colapso de un sistema pol\u00edtico corrupto cuyos principales partidos han gobernado el pa\u00eds por d\u00e9cadas (Partido Revolucionario Institucional, Partido Acci\u00f3n Nacional, Partido Revoluci\u00f3n Democr\u00e1tica).<\/p>\n<p>La magnitud de la victoria de AMLO es tal que estos partidos tuvieron que reconocer de inmediato la derrota, lo que tambi\u00e9n es una novedad en la historia electoral mutilada de M\u00e9xico. Hacia mucho tiempo que no se hab\u00eda dado un proceso electoral libre y transparente (a pesar de la resistencia de la compra de votos) como el que acaba de tener lugar en el pa\u00eds.<\/p>\n<p>La victoria de AMLO, despu\u00e9s de dos intentos evitados por el fraude en 2006 y 2012, se debe en parte a un nuevo viento democr\u00e1tico que sopla, especialmente entre los j\u00f3venes que se movilizaron masivamente durante la campa\u00f1a y el voto.<\/p>\n<p>El voto por AMLO signific\u00f3 para muchos mexicanos y mexicanas la posibilidad de poner fin a un sistema pol\u00edtico podrido que ha llevado el pa\u00eds a volverse pr\u00e1cticamente ingobernable, al \u201cpoder de las mafias\u201d dentro del Estado, como dec\u00eda el nuevo presidente-electo durante la campa\u00f1a. &#8220;La corrupci\u00f3n se ha convertido en la funci\u00f3n principal del poder pol\u00edtico&#8221;, escribe AMLO en su libro programa &#8220;2018, La salida: decadencia y renacimiento de M\u00e9xico\u201d.<\/p>\n<p>Lo m\u00e1s dif\u00edcil va a empezar ahora para el l\u00edder originario del estado de Tabasco.<\/p>\n<p>El tr\u00e1fico de drogas, la violencia pol\u00edtica (especialmente en la pol\u00edtica local, donde el PRI y el PAN siguen gobernando), la existencia de un Estado profundo (los intereses de las fuerzas armadas y un aparato de seguridad deteriorado), h\u00edper-potencia de los poderes econ\u00f3micos y financieros, pobreza (46% de la poblaci\u00f3n), desigualdades, y la dependencia del modelo econ\u00f3mico y de desarrollo en las cadenas de producci\u00f3n y de valor de las multinacionales, especialmente estadounidenses..<\/p>\n<p><img loading=\"lazy\" decoding=\"async\" class=\"alignright size-full wp-image-36379\" src=\"https:\/\/www.americas.org\/wp-content\/uploads\/2018\/07\/photo-christophe-2-e1531164667478.jpg\" alt=\"\" width=\"350\" height=\"263\" \/>En estas condiciones, llegar al gobierno en M\u00e9xico no significa tener poder, sobretodo \u00a0cuando se trata de usarlo al servicio de la poblaci\u00f3n y el bien com\u00fan. El nuevo presidente electo ha indicado el sentido de su acci\u00f3n durante su primer discurso despu\u00e9s de la victoria: actuar\u00e1 para la &#8220;reconciliaci\u00f3n de la naci\u00f3n&#8221;. Tendr\u00e1 mucho que hacer y solo podr\u00e1 avanzar si su gobierno est\u00e1 empujado por un movimiento popular movilizado. Sin esta din\u00e1mica, no podr\u00e1 desafiar el poder de los intereses empe\u00f1ados a \u00a0obstaculizarlo.<\/p>\n<p>La buena noticia es que este l\u00edder y su movimiento no son ingenuos y saben a lo que se enfrentan. Han trabajado durante a\u00f1os para preparar y construir su estrategia y plan de acci\u00f3n para el gobierno, tomando en cuenta estos par\u00e1metros.<\/p>\n<p>\u00bfHasta d\u00f3nde estar\u00e1n dispuestos a ir y hasta d\u00f3nde podr\u00e1n ir?<\/p>\n<p>La elecci\u00f3n del 1 de julio de 2018 era la \u00faltima oportunidad para que M\u00e9xico no se convierta en un Estado fallido.<\/p>\n<p>Los mexicanos la aprovecharon. Ahora deben reconstruirlo y consolidar su soberan\u00eda en los niveles pol\u00edtico, econ\u00f3mico y geopol\u00edtico.<\/p>\n<p>Las primeras palabras del nuevo presidente electo a Donald Trump (los dos hombres hablaron el lunes 2 de julio) expresaron estas preocupaciones.<\/p>\n<p>Es en el 2019 que se podr\u00e1n observar los primeros actos del nuevo gobierno mexicano. Los pr\u00f3ximos meses en Am\u00e9rica Latina ser\u00e1n emocionantes.<\/p>\n<p>Christophe Ventura es investigador con el Instituto para las Relaciones Internacionales y Estrat\u00e9gicas, en Paris, Francia. Es autor del libro \u201cEl ascenso de un nuevo continente: la geopol\u00edtica de Am\u00e9rica Latina\u201d. Form\u00f3 parte de la Misi\u00f3n de Observaci\u00f3n Electoral 2018 de la Red Universitaria y Ciudadana por la Democracia.<\/p>\n<p><em>Fotos del autor, tomadas durante la Misi\u00f3n de Observaci\u00f3n Electoral de la RUCD en Ciudad de M\u00e9xico y Teotihuacan (junio\/julio de 2018).<\/em><\/p>\n","protected":false},"excerpt":{"rendered":"<p>La palabra \u201chist\u00f3rica\u201d s\u00ed es justa en el caso de la elecci\u00f3n de Andr\u00e9s L\u00f3pez Manuel Obrador a la presidencia de M\u00e9xico el 1 de julio de 2018. Sin embargo lo m\u00e1s dif\u00edcil va a empezar ahora para el l\u00edder originario del estado de Tabasco.<\/p>\n","protected":false},"author":459,"featured_media":36380,"comment_status":"closed","ping_status":"open","sticky":false,"template":"","format":"standard","meta":{"inline_featured_image":false,"footnotes":""},"categories":[4884,4916],"tags":[5046],"coauthors":[],"class_list":["post-36378","post","type-post","status-publish","format-standard","has-post-thumbnail","hentry","category-democracia","category-derechos-humanos","tag-mexico-north-america"],"_links":{"self":[{"href":"https:\/\/www.americas.org\/es\/wp-json\/wp\/v2\/posts\/36378","targetHints":{"allow":["GET"]}}],"collection":[{"href":"https:\/\/www.americas.org\/es\/wp-json\/wp\/v2\/posts"}],"about":[{"href":"https:\/\/www.americas.org\/es\/wp-json\/wp\/v2\/types\/post"}],"author":[{"embeddable":true,"href":"https:\/\/www.americas.org\/es\/wp-json\/wp\/v2\/users\/459"}],"replies":[{"embeddable":true,"href":"https:\/\/www.americas.org\/es\/wp-json\/wp\/v2\/comments?post=36378"}],"version-history":[{"count":2,"href":"https:\/\/www.americas.org\/es\/wp-json\/wp\/v2\/posts\/36378\/revisions"}],"predecessor-version":[{"id":36382,"href":"https:\/\/www.americas.org\/es\/wp-json\/wp\/v2\/posts\/36378\/revisions\/36382"}],"wp:featuredmedia":[{"embeddable":true,"href":"https:\/\/www.americas.org\/es\/wp-json\/wp\/v2\/media\/36380"}],"wp:attachment":[{"href":"https:\/\/www.americas.org\/es\/wp-json\/wp\/v2\/media?parent=36378"}],"wp:term":[{"taxonomy":"category","embeddable":true,"href":"https:\/\/www.americas.org\/es\/wp-json\/wp\/v2\/categories?post=36378"},{"taxonomy":"post_tag","embeddable":true,"href":"https:\/\/www.americas.org\/es\/wp-json\/wp\/v2\/tags?post=36378"},{"taxonomy":"author","embeddable":true,"href":"https:\/\/www.americas.org\/es\/wp-json\/wp\/v2\/coauthors?post=36378"}],"curies":[{"name":"wp","href":"https:\/\/api.w.org\/{rel}","templated":true}]}}