{"id":43862,"date":"2018-09-25T20:44:01","date_gmt":"2018-09-26T01:44:01","guid":{"rendered":"https:\/\/www.americas.org\/?p=43862\/"},"modified":"2018-10-19T09:24:14","modified_gmt":"2018-10-19T14:24:14","slug":"a-mi-hijo-lo-robaron-emiliano-navarrete","status":"publish","type":"post","link":"https:\/\/www.americas.org\/es\/a-mi-hijo-lo-robaron-emiliano-navarrete\/","title":{"rendered":"A mi hijo lo robaron: Emiliano Navarrete"},"content":{"rendered":"<p><img loading=\"lazy\" decoding=\"async\" class=\"alignleft size-full wp-image-43903\" src=\"https:\/\/www.americas.org\/wp-content\/uploads\/2018\/09\/Ayotzinapa-960x500-e1537926185867.jpg\" alt=\"\" width=\"350\" height=\"182\" \/>\u201c<em>Vivos se los llevaron, vivos los queremos<\/em>\u201d, grita don Emiliano Navarrete Victoriano en su recorrido por las calles de la ciudad de M\u00e9xico donde encontr\u00f3 el eco de los capitalinos que han salido a la calle para cobijarlos y decirle que no est\u00e1 s\u00f3lo.<\/p>\n<p>Desde el 26 de septiembre camina por las calles de Tixtla, Chilpancingo, Iguala, Acapulco, Distrito Federal\u2026 Ah\u00ed va, como con el alma en la boca, con la pregunta recurrente: d\u00f3nde estar\u00e1 su hijo, con otros 42 desaparecidos de Ayotzinapa. \u00c9l, junto a los padres de los otros 42 j\u00f3venes desaparecidos en Iguala, hace 48 meses.<\/p>\n<p>En una pl\u00e1tica con los reporteros, don Emiliano dijo: \u201cEs como una pesadilla para m\u00ed y mi esposa. Es una pesadilla que estamos viviendo y no nos podemos despertar de esto. Si estamos comiendo nos acordamos: estar\u00e1 comiendo, estar\u00e1 bebiendo, le dar\u00e1n agua\u201d.<\/p>\n<p>Agreg\u00f3: \u201c<em>Mi hijo fue raptado por unos uniformados que son polic\u00edas municipales de Iguala<\/em>\u201d.<\/p>\n<p>Jos\u00e9 \u00c1ngel Navarrete Gonz\u00e1lez es el estudiante m\u00e1s joven de los 43 desaparecidos, antes de que la polic\u00eda de Iguala se lo llevaran ten\u00eda 17 a\u00f1os. Desde que desapareci\u00f3 su pap\u00e1 no ha parado ni un d\u00eda en su b\u00fasqueda.<\/p>\n<p>El se\u00f1or Emiliano, en su andar tras las huellas de su hijo, ha hablado ante c\u00e1mara de televisi\u00f3n internacional y nacional; adem\u00e1s, visit\u00f3 en varias ocasiones los estudios de radio para hablar de su hijo y el desarrollo del movimiento por los 43 desaparecidos. Estuvo en el programaPrimera Emisi\u00f3n con Carmen Aristegui al d\u00eda siguiente de que se entrevistaron en los Pinos con Pe\u00f1a Nieto.<\/p>\n<p>Vive en Tixtla, pero se mud\u00f3 a la Normal de Ayotzinapa para acompa\u00f1ar a los pap\u00e1s de los otros 42 desaparecidos.<\/p>\n<p>Aprendi\u00f3 a hacer las actividades que su hijo realizaba en Ayotzinapa cuandoerapel\u00f3n, antes de que fuera detenido-desaparecido en Iguala, acudi\u00f3 a universidades de los Estados\u00a0 buscando concientizar a los universitarios para que se unan a la lucha por los 43 desaparecidos.<\/p>\n<p>A cuatro a\u00f1os de que Jos\u00e9 \u00c1ngel Navarrete Gonz\u00e1lez fue raptado, como lo dice Emiliano, el gobierno federal se ha negado abrir los cuarteles donde los padres de familias creen que pueden estar sus hijos. Se han topado con una f\u00e9rrea negativa e incluso han vivido represiones policiacas y militares.<\/p>\n<p>En la entrevista con Carmen Aristegui, don Emiliano dijo: \u201c<em>Yo ten\u00eda miedo de hablar, no sab\u00eda qu\u00e9 iba a decir. Sent\u00eda mucho dolor en mi pecho y como que todo me lo guardaba\u2026 No me gust\u00f3 cuando empec\u00e9 a ver que las autoridades nos enga\u00f1aban, sobre todo cuando ped\u00edamos que buscaran a nuestros hijos. Cuando pedimos ir a buscarlos y que ellos nos apoyaran, yo me anim\u00e9 y los acompa\u00f1\u00e9. Fuimos a las cuevas en Huitzuco, caminamos por varios cerros, buscamos en algunas iglesias, pero no encontramos nada<\/em>\u201d.<\/p>\n<p>Agrega: \u201c<em>Luego, corr\u00eda el rumor de que a los lugares donde ten\u00edamos planeado llegar hab\u00eda gente armada que nos impedir\u00eda entrar. Era para desanimarnos; sin embargo, fuimos y no nos pas\u00f3 nada. Lo malo es que el gobierno espera que nosotros le digamos d\u00f3nde tenemos que ir, y cu\u00e1ndo vamos, luego nos dicen que no pueden entrar a los lugares donde creemos que pueden estar nuestros hijos, como las iglesias, las bodegas y en algunas casas<\/em>\u201d.<\/p>\n","protected":false},"excerpt":{"rendered":"<p>Desde el 26 de septiembre don Emiliano Navarrete Victoriano camina por las calles de Tixtla, Chilpancingo, Iguala, Acapulco, Distrito Federal\u2026 Ah\u00ed va, como con el alma en la boca, con la pregunta recurrente: d\u00f3nde estar\u00e1 su hijo, con otros 42 desaparecidos de Ayotzinapa. <\/p>\n","protected":false},"author":396,"featured_media":43903,"comment_status":"closed","ping_status":"open","sticky":false,"template":"","format":"standard","meta":{"inline_featured_image":false,"footnotes":""},"categories":[4884,4916,4912],"tags":[4923,5115,4922,4958],"coauthors":[],"class_list":["post-43862","post","type-post","status-publish","format-standard","has-post-thumbnail","hentry","category-democracia","category-derechos-humanos","category-movimientos-sociales","tag-america-del-norte","tag-ayotzinapa-es","tag-centroamerica","tag-mexico"],"_links":{"self":[{"href":"https:\/\/www.americas.org\/es\/wp-json\/wp\/v2\/posts\/43862","targetHints":{"allow":["GET"]}}],"collection":[{"href":"https:\/\/www.americas.org\/es\/wp-json\/wp\/v2\/posts"}],"about":[{"href":"https:\/\/www.americas.org\/es\/wp-json\/wp\/v2\/types\/post"}],"author":[{"embeddable":true,"href":"https:\/\/www.americas.org\/es\/wp-json\/wp\/v2\/users\/396"}],"replies":[{"embeddable":true,"href":"https:\/\/www.americas.org\/es\/wp-json\/wp\/v2\/comments?post=43862"}],"version-history":[{"count":3,"href":"https:\/\/www.americas.org\/es\/wp-json\/wp\/v2\/posts\/43862\/revisions"}],"predecessor-version":[{"id":43905,"href":"https:\/\/www.americas.org\/es\/wp-json\/wp\/v2\/posts\/43862\/revisions\/43905"}],"wp:featuredmedia":[{"embeddable":true,"href":"https:\/\/www.americas.org\/es\/wp-json\/wp\/v2\/media\/43903"}],"wp:attachment":[{"href":"https:\/\/www.americas.org\/es\/wp-json\/wp\/v2\/media?parent=43862"}],"wp:term":[{"taxonomy":"category","embeddable":true,"href":"https:\/\/www.americas.org\/es\/wp-json\/wp\/v2\/categories?post=43862"},{"taxonomy":"post_tag","embeddable":true,"href":"https:\/\/www.americas.org\/es\/wp-json\/wp\/v2\/tags?post=43862"},{"taxonomy":"author","embeddable":true,"href":"https:\/\/www.americas.org\/es\/wp-json\/wp\/v2\/coauthors?post=43862"}],"curies":[{"name":"wp","href":"https:\/\/api.w.org\/{rel}","templated":true}]}}