{"id":43879,"date":"2018-09-25T20:44:59","date_gmt":"2018-09-26T01:44:59","guid":{"rendered":"https:\/\/www.americas.org\/?p=43879\/"},"modified":"2018-10-19T09:25:01","modified_gmt":"2018-10-19T14:25:01","slug":"romper-la-frontera-para-encontrar-justicia","status":"publish","type":"post","link":"https:\/\/www.americas.org\/es\/romper-la-frontera-para-encontrar-justicia\/","title":{"rendered":"Romper la frontera para encontrar justicia"},"content":{"rendered":"<p><img loading=\"lazy\" decoding=\"async\" class=\"alignleft size-full wp-image-43903\" src=\"https:\/\/www.americas.org\/wp-content\/uploads\/2018\/09\/Ayotzinapa-960x500-e1537926185867.jpg\" alt=\"\" width=\"350\" height=\"182\" \/>\u201c<em>Queremos justicia, queremos la verdad y vamos a exigir que nos devuelvan a nuestros hijos<\/em>\u201d, advirti\u00f3 do\u00f1a Hilda Legide\u00f1o Vargas antes de partir a Europa para reunirse con el Comit\u00e9 de Naciones Unidas contra las Desapariciones Forzadas,\u00a0de la Organizaci\u00f3n de las Naciones Unidas (ONU) en Ginebra.<\/p>\n<p>Antes de cruzar el oc\u00e9ano Atl\u00e1ntico, do\u00f1a Hilda Legide\u00f1o Vargas, lo m\u00e1s lejos que hab\u00eda viajado era Chilpancingo. Con la detenci\u00f3n y desaparici\u00f3n de su hijo Jorge Antonio Tizapa Legide\u00f1o, el 26 y 27 de septiembre, por la polic\u00eda municipal, ha tenido que viajar por tierra y aire para buscar a su hijo, sin saber d\u00f3nde encontrarlo.<\/p>\n<p>Madre de tres hijos, do\u00f1a Hilda, desde hacen 1460 d\u00edas no descansa: ha sorteado su andar entre espina y terracer\u00eda. En Chilapa recorri\u00f3 casa por casa preguntando por su hijo y en Iguala subi\u00f3 cerros, baj\u00f3 a las barrancas, camin\u00f3 entre montes, sin encontrar a Jose Antonio.<\/p>\n<p>En m\u00e1s de 47 meses de la detenci\u00f3n y desaparici\u00f3n de su hijo, se reuni\u00f3 en varias ocasiones con el ex procurador de la Rep\u00fablica, Jes\u00fas Murillo Karam; luego con el presidente Enrique Pe\u00f1a Nieto. En ningun encuentro encontr\u00f3 respuesta favorable. Lo m\u00e1s que escuch\u00f3 del ex funcionario fue que \u00e9steya estaba cansado.<\/p>\n<p>Pero ella no se detiene, sigue caminando, sigue gritando las mismas consignas de todos los padres de familias: \u201c<em>Porque vivos se los llevaron, vivos los queremos<\/em>\u201d.<\/p>\n<p>Para viajar a Ginebra tuvo que cerrar su casa en Tixtla, dej\u00f3 de elaborar sus cortinas de papel que vend\u00eda para sostener a sus otros tres hijos. Desde la ma\u00f1ana del s\u00e1bado 27 de septiembre se instal\u00f3 en la Normal de Ayotzinapa para dedicarse de tiempo completo a buscar a su hijo con el grupo de padres.<\/p>\n<p>En una reuni\u00f3n en el auditorio de usos m\u00faltiples de la Normal de Ayotzinapa, 15 d\u00edasdespu\u00e9s de la desaparici\u00f3n de su hijo,los dem\u00e1s padres y madres de los estudiantes desaparecidos, la eligieron a ella y a Don Bernab\u00e9\u00a0 para que ellos hablaranpor los 43 en el octavo periodo de sesiones del Comit\u00e9 de Naciones Unidas contra las Desapariciones Forzadas, los d\u00edas 2 y 3 de febrero de 2015 en Ginebra, Suiza.<\/p>\n<p>Mientras la seguridad del Aeropuerto Internacional de la Ciudad de M\u00e9xico Benito Ju\u00e1rez Garc\u00eda\u00a0registraban su equipaje, a los lados se escucharon gritos de apoyo de los viajeros que se solidarizaban con los pap\u00e1s de los 43: \u201c<em>\u00a1No est\u00e1n solos! \u00a1No est\u00e1n solos! \u00a1Ayotzinapa Vive! \u00a1La lucha sigue!<\/em>\u201d.<\/p>\n","protected":false},"excerpt":{"rendered":"<p>Antes de cruzar el oc\u00e9ano Atl\u00e1ntico, do\u00f1a Hilda Legide\u00f1o Vargas, lo m\u00e1s lejos que hab\u00eda viajado era Chilpancingo. Con la detenci\u00f3n y desaparici\u00f3n de su hijo Jorge Antonio Tizapa Legide\u00f1o, ha tenido que viajar por tierra y aire para buscarlo, sin saber d\u00f3nde encontrarlo.<br \/>\n\u201cQueremos justicia, queremos la verdad y vamos a exigir que nos devuelvan a nuestros hijos\u201d, advirti\u00f3  antes de partir a Europa para reunirse con el Comit\u00e9 de Naciones Unidas contra las Desapariciones Forzadas,\u00a0de la Organizaci\u00f3n de las Naciones Unidas (ONU) en Ginebra.<\/p>\n","protected":false},"author":396,"featured_media":43903,"comment_status":"closed","ping_status":"open","sticky":false,"template":"","format":"standard","meta":{"inline_featured_image":false,"footnotes":""},"categories":[4884,4916,4912],"tags":[4923,5115,4922,4958],"coauthors":[],"class_list":["post-43879","post","type-post","status-publish","format-standard","has-post-thumbnail","hentry","category-democracia","category-derechos-humanos","category-movimientos-sociales","tag-america-del-norte","tag-ayotzinapa-es","tag-centroamerica","tag-mexico"],"_links":{"self":[{"href":"https:\/\/www.americas.org\/es\/wp-json\/wp\/v2\/posts\/43879","targetHints":{"allow":["GET"]}}],"collection":[{"href":"https:\/\/www.americas.org\/es\/wp-json\/wp\/v2\/posts"}],"about":[{"href":"https:\/\/www.americas.org\/es\/wp-json\/wp\/v2\/types\/post"}],"author":[{"embeddable":true,"href":"https:\/\/www.americas.org\/es\/wp-json\/wp\/v2\/users\/396"}],"replies":[{"embeddable":true,"href":"https:\/\/www.americas.org\/es\/wp-json\/wp\/v2\/comments?post=43879"}],"version-history":[{"count":2,"href":"https:\/\/www.americas.org\/es\/wp-json\/wp\/v2\/posts\/43879\/revisions"}],"predecessor-version":[{"id":43907,"href":"https:\/\/www.americas.org\/es\/wp-json\/wp\/v2\/posts\/43879\/revisions\/43907"}],"wp:featuredmedia":[{"embeddable":true,"href":"https:\/\/www.americas.org\/es\/wp-json\/wp\/v2\/media\/43903"}],"wp:attachment":[{"href":"https:\/\/www.americas.org\/es\/wp-json\/wp\/v2\/media?parent=43879"}],"wp:term":[{"taxonomy":"category","embeddable":true,"href":"https:\/\/www.americas.org\/es\/wp-json\/wp\/v2\/categories?post=43879"},{"taxonomy":"post_tag","embeddable":true,"href":"https:\/\/www.americas.org\/es\/wp-json\/wp\/v2\/tags?post=43879"},{"taxonomy":"author","embeddable":true,"href":"https:\/\/www.americas.org\/es\/wp-json\/wp\/v2\/coauthors?post=43879"}],"curies":[{"name":"wp","href":"https:\/\/api.w.org\/{rel}","templated":true}]}}