{"id":4501,"date":"2011-05-10T10:19:36","date_gmt":"2011-05-10T15:19:36","guid":{"rendered":"http:\/\/www.cipamericas.org\/?p=4501"},"modified":"2011-05-17T00:53:48","modified_gmt":"2011-05-17T05:53:48","slug":"entrevistas-de-la-marcha-por-paz-con-justicia-y-dignidad-2","status":"publish","type":"post","link":"https:\/\/www.americas.org\/es\/entrevistas-de-la-marcha-por-paz-con-justicia-y-dignidad-2\/","title":{"rendered":"Entrevistas de la Marcha por Paz con Justicia y Dignidad"},"content":{"rendered":"<figure id=\"attachment_4518\" aria-describedby=\"caption-attachment-4518\" style=\"width: 300px\" class=\"wp-caption aligncenter\"><a href=\"https:\/\/www.americas.org\/wp-content\/uploads\/2011\/05\/Julianmainbanner.jpg\"><img loading=\"lazy\" decoding=\"async\" class=\"size-medium wp-image-4518\" title=\"Julianmainbanner\" src=\"https:\/\/www.americas.org\/wp-content\/uploads\/2011\/05\/Julianmainbanner-300x200.jpg\" alt=\"\" width=\"300\" height=\"200\" \/><\/a><figcaption id=\"caption-attachment-4518\" class=\"wp-caption-text\">La cabeza de la marcha cerca de Cuernavaca, Morelos.<\/figcaption><\/figure>\n<h1 style=\"text-align: left;\"><a href=\"https:\/\/www.americas.org\/wp-content\/uploads\/2011\/05\/LuisRodriguez.mp3\">Entrevista con Luis Rodriguez<\/a><\/h1>\n<p style=\"text-align: left;\">\n<figure id=\"attachment_4471\" aria-describedby=\"caption-attachment-4471\" style=\"width: 200px\" class=\"wp-caption aligncenter\"><a href=\"https:\/\/www.americas.org\/wp-content\/uploads\/2011\/05\/LuisRodriguez.jpg\"><img loading=\"lazy\" decoding=\"async\" class=\"size-medium wp-image-4471 \" title=\"LuisRodriguez\" src=\"https:\/\/www.americas.org\/wp-content\/uploads\/2011\/05\/LuisRodriguez-200x300.jpg\" alt=\"\" width=\"200\" height=\"300\" \/><\/a><figcaption id=\"caption-attachment-4471\" class=\"wp-caption-text\">Luis Rodriguez marchando cerca de Cuernavaca, Morelos. La hija de Rodriguez fue herida en una tiroteo en Ciudad Juarez.<\/figcaption><\/figure>\n<h1 style=\"text-align: left;\"><a href=\"http:\/\/americasprogram.podbean.com\/mf\/web\/izw244\/RaulVera.mp3\">Entrevista con Ra\u00fal Vera<\/a><\/h1>\n<figure id=\"attachment_4467\" aria-describedby=\"caption-attachment-4467\" style=\"width: 300px\" class=\"wp-caption aligncenter\"><a href=\"https:\/\/www.americas.org\/wp-content\/uploads\/2011\/05\/raulvera.jpg\"><img loading=\"lazy\" decoding=\"async\" class=\"size-medium wp-image-4467\" title=\"raulvera\" src=\"https:\/\/www.americas.org\/wp-content\/uploads\/2011\/05\/raulvera-300x200.jpg\" alt=\"\" width=\"300\" height=\"200\" \/><\/a><figcaption id=\"caption-attachment-4467\" class=\"wp-caption-text\">Ra\u00fal Vera, obispo de Saltillo, Coahuila, marchando cerca de la comunidad ind\u00edgena de Coajomulco, Morelos.<\/figcaption><\/figure>\n<h1 style=\"text-align: left;\"><a href=\"http:\/\/americasprogram.podbean.com\/mf\/web\/r75yv2\/JavierSicilia.mp3\">Entrevista con Javier Sicilia<\/a><\/h1>\n<figure id=\"attachment_4485\" aria-describedby=\"caption-attachment-4485\" style=\"width: 300px\" class=\"wp-caption aligncenter\"><a href=\"https:\/\/www.americas.org\/wp-content\/uploads\/2011\/05\/Sicilia.jpg\"><img loading=\"lazy\" decoding=\"async\" class=\"size-medium wp-image-4485\" title=\"Sicilia\" src=\"https:\/\/www.americas.org\/wp-content\/uploads\/2011\/05\/Sicilia-300x200.jpg\" alt=\"\" width=\"300\" height=\"200\" \/><\/a><figcaption id=\"caption-attachment-4485\" class=\"wp-caption-text\">Poeta Javier Sicilia, cuyo hijo fue asesinado en Cuernavaca, Morelos este marzo.<\/figcaption><\/figure>\n<h1><a href=\"http:\/\/americasprogram.podbean.com\/mf\/web\/v6w6dn\/JulianLebaron.mp3\">Entrevista con Juli\u00e1n LeBar\u00f3n<\/a><\/h1>\n<figure id=\"attachment_4486\" aria-describedby=\"caption-attachment-4486\" style=\"width: 300px\" class=\"wp-caption aligncenter\"><a href=\"https:\/\/www.americas.org\/wp-content\/uploads\/2011\/05\/lebaron.jpg\"><img loading=\"lazy\" decoding=\"async\" class=\"size-medium wp-image-4486\" title=\"lebaron\" src=\"https:\/\/www.americas.org\/wp-content\/uploads\/2011\/05\/lebaron-300x200.jpg\" alt=\"\" width=\"300\" height=\"200\" \/><\/a><figcaption id=\"caption-attachment-4486\" class=\"wp-caption-text\">Juli\u00e1n LeBar\u00f3n marchando al frente en la comunidad ind\u00edgena de Coajomulco, Morelos. En Galeana, Chihuahua, su famila ha sido blanco continuo de la violencia.<\/figcaption><\/figure>\n<p style=\"text-align: left;\">\n","protected":false},"excerpt":{"rendered":"<p>En estas entrevistas grabadas a lo largo de la Marcha por Paz con Justicia y Dignidad, Luis Rodriguez, Ra\u00fal Vera, Javier Sicilia, y Juli\u00e1n LeBar\u00f3n hablan sobre sus experiencias de la guerra contra las drogas en M\u00e9xico y la importancia de acci\u00f3n ciudadana en terminarla.<\/p>\n","protected":false},"author":263,"featured_media":0,"comment_status":"open","ping_status":"open","sticky":false,"template":"","format":"standard","meta":{"inline_featured_image":false,"footnotes":""},"categories":[4912],"tags":[],"coauthors":[],"class_list":["post-4501","post","type-post","status-publish","format-standard","hentry","category-movimientos-sociales"],"_links":{"self":[{"href":"https:\/\/www.americas.org\/es\/wp-json\/wp\/v2\/posts\/4501","targetHints":{"allow":["GET"]}}],"collection":[{"href":"https:\/\/www.americas.org\/es\/wp-json\/wp\/v2\/posts"}],"about":[{"href":"https:\/\/www.americas.org\/es\/wp-json\/wp\/v2\/types\/post"}],"author":[{"embeddable":true,"href":"https:\/\/www.americas.org\/es\/wp-json\/wp\/v2\/users\/263"}],"replies":[{"embeddable":true,"href":"https:\/\/www.americas.org\/es\/wp-json\/wp\/v2\/comments?post=4501"}],"version-history":[{"count":0,"href":"https:\/\/www.americas.org\/es\/wp-json\/wp\/v2\/posts\/4501\/revisions"}],"wp:attachment":[{"href":"https:\/\/www.americas.org\/es\/wp-json\/wp\/v2\/media?parent=4501"}],"wp:term":[{"taxonomy":"category","embeddable":true,"href":"https:\/\/www.americas.org\/es\/wp-json\/wp\/v2\/categories?post=4501"},{"taxonomy":"post_tag","embeddable":true,"href":"https:\/\/www.americas.org\/es\/wp-json\/wp\/v2\/tags?post=4501"},{"taxonomy":"author","embeddable":true,"href":"https:\/\/www.americas.org\/es\/wp-json\/wp\/v2\/coauthors?post=4501"}],"curies":[{"name":"wp","href":"https:\/\/api.w.org\/{rel}","templated":true}]}}