{"id":4793,"date":"2011-06-10T15:54:27","date_gmt":"2011-06-10T20:54:27","guid":{"rendered":"http:\/\/www.cipamericas.org\/?p=4793"},"modified":"2011-06-10T18:48:28","modified_gmt":"2011-06-10T23:48:28","slug":"caravana-por-la-paz-entrevista-con-jovenes-chihuahuenses","status":"publish","type":"post","link":"https:\/\/www.americas.org\/es\/caravana-por-la-paz-entrevista-con-jovenes-chihuahuenses\/","title":{"rendered":"Caravana por la Paz: entrevista por audio con jovenes chihuahuenses"},"content":{"rendered":"<figure id=\"attachment_4794\" aria-describedby=\"caption-attachment-4794\" style=\"width: 300px\" class=\"wp-caption alignnone\"><a href=\"https:\/\/www.americas.org\/wp-content\/uploads\/2011\/06\/JUAREZ-8.jpg\"><img loading=\"lazy\" decoding=\"async\" class=\"size-medium wp-image-4794   \" title=\"JUAREZ-8\" src=\"https:\/\/www.americas.org\/wp-content\/uploads\/2011\/06\/JUAREZ-8-300x200.jpg\" alt=\"\" width=\"300\" height=\"200\" \/><\/a><figcaption id=\"caption-attachment-4794\" class=\"wp-caption-text\">De la izquierda a derecha, jovenes de Chihuahua, Chihuahua Daniel Gonz\u00e1lez, Eduardo Gonz\u00e1lez, Yazm\u00edn Franco, y Yamiro Gonz\u00e1lez. Cr\u00e9dito: Murphy Woodhouse <\/figcaption><\/figure>\n<p style=\"text-align: left;\"><a href=\"http:\/\/americasprogram.podbean.com\/mf\/web\/h6qszz\/ALDAMA-CHIHUAHUA.mp3\">AUDIO ENTREVISTA CON JOVENES CHIHUAHENSES<\/a><\/p>\n","protected":false},"excerpt":{"rendered":"<p>Entrevista con jovenes chihuahuenses sobre la guerra contra la droga y como ha afectado a su comunidad. <\/p>\n","protected":false},"author":269,"featured_media":0,"comment_status":"open","ping_status":"open","sticky":false,"template":"","format":"standard","meta":{"inline_featured_image":false,"footnotes":""},"categories":[4916,4919,4912],"tags":[],"coauthors":[],"class_list":["post-4793","post","type-post","status-publish","format-standard","hentry","category-derechos-humanos","category-migracion","category-movimientos-sociales"],"_links":{"self":[{"href":"https:\/\/www.americas.org\/es\/wp-json\/wp\/v2\/posts\/4793","targetHints":{"allow":["GET"]}}],"collection":[{"href":"https:\/\/www.americas.org\/es\/wp-json\/wp\/v2\/posts"}],"about":[{"href":"https:\/\/www.americas.org\/es\/wp-json\/wp\/v2\/types\/post"}],"author":[{"embeddable":true,"href":"https:\/\/www.americas.org\/es\/wp-json\/wp\/v2\/users\/269"}],"replies":[{"embeddable":true,"href":"https:\/\/www.americas.org\/es\/wp-json\/wp\/v2\/comments?post=4793"}],"version-history":[{"count":0,"href":"https:\/\/www.americas.org\/es\/wp-json\/wp\/v2\/posts\/4793\/revisions"}],"wp:attachment":[{"href":"https:\/\/www.americas.org\/es\/wp-json\/wp\/v2\/media?parent=4793"}],"wp:term":[{"taxonomy":"category","embeddable":true,"href":"https:\/\/www.americas.org\/es\/wp-json\/wp\/v2\/categories?post=4793"},{"taxonomy":"post_tag","embeddable":true,"href":"https:\/\/www.americas.org\/es\/wp-json\/wp\/v2\/tags?post=4793"},{"taxonomy":"author","embeddable":true,"href":"https:\/\/www.americas.org\/es\/wp-json\/wp\/v2\/coauthors?post=4793"}],"curies":[{"name":"wp","href":"https:\/\/api.w.org\/{rel}","templated":true}]}}