{"id":51093,"date":"2019-02-15T16:53:58","date_gmt":"2019-02-15T21:53:58","guid":{"rendered":"https:\/\/www.americas.org\/?p=51093\/"},"modified":"2019-03-04T12:08:09","modified_gmt":"2019-03-04T17:08:09","slug":"la-brigada-de-busqueda-transformacion-desde-abajo","status":"publish","type":"post","link":"https:\/\/www.americas.org\/es\/la-brigada-de-busqueda-transformacion-desde-abajo\/","title":{"rendered":"La Brigada de B\u00fasqueda, transformaci\u00f3n desde abajo"},"content":{"rendered":"<p><img loading=\"lazy\" decoding=\"async\" class=\"alignleft size-full wp-image-51094\" src=\"https:\/\/www.americas.org\/wp-content\/uploads\/2019\/02\/cuarta-brigada--e1550267377271.jpg\" alt=\"\" width=\"350\" height=\"233\" \/>Las im\u00e1genes se han vuelto casi un clich\u00e9 \u2014el pico y la pala, las herramientas rudimentarias que se usan para buscar cuerpos enterrados sin un adi\u00f3s en campos dispersos por todo M\u00e9xico, el pa\u00eds convertido en una gran fosa clandestina.<\/p>\n<p>Pero las im\u00e1genes, las frases que se repiten y se gritan en foros y plazas \u2014\u00a1Hasta encontrarlos! \u00a1Vivos se los llevaron, vivos los queremos! \u00bfD\u00f3nde est\u00e1n, nuestros hijos, d\u00f3nde est\u00e1n? \u2014 tienen un poderoso significado para las familias que buscan a un ser querido desaparecido. Son signos de identidad y de lucha. Tambi\u00e9n son la prueba de que el dolor personal puede forjar uno de los movimientos sociales m\u00e1s importantes en el pa\u00eds hoy en d\u00eda.<\/p>\n<p>Las im\u00e1genes de la b\u00fasqueda ciudadana atraen porque tocan sensibilidades humanas muy profundas. Rompen el tab\u00fa de la muerte, buscando lo que la sociedad no quiere ver. Rechazan la ignominia de la sepultura oculta e indigna. Reivindican el dolor de la madre para exigir la verdad. Frente al intento por enterrar una realidad lacerante, excavan con las manos para sacar el consuelo del luto. Para muchos puede parecer poco consuelo, pero cuando la vida de un hijo, una hija, madre o hermano de repente queda suspendida en una macabra elipsis, es apremiante denegar el olvido y encontrar la certeza del luto.<\/p>\n<p>Entre el 18 de enero y el 1 de febrero, la 4ta Brigada Nacional de B\u00fasqueda se despleg\u00f3 en el estado de Guerrero. Compuesta por m\u00e1s de 180 personas, la mayor\u00eda familiares organizados en colectivos de 19 estados de la rep\u00fablica, la Brigada fue la m\u00e1s grande en la historia de esta forma de lucha que comenz\u00f3 a nivel nacional con la primera brigada en Amatl\u00e1n, Veracruz en 2016. Y el camino para llegar a las brigadas de b\u00fasqueda fue m\u00e1s largo, iniciando en las caravanas del Movimiento por la Paz y Justicia en 2011 y pasando por etapas marcadas por distintos tipos de movilizaciones, aprendizajes pol\u00edticos y personales, obst\u00e1culos, avances, errores y logros. En fin, la construcci\u00f3n de un aut\u00e9ntico movimiento social. Este movimiento est\u00e1 conformado por v\u00edctimas, cada una con su caso personal. Construye sobre la base de lo individual para socializar el dolor y la indignaci\u00f3n. Ha creado lo que ellos mismos llaman una familia, y lo que a todas luces es un esfuerzo colectivo que presenta un desaf\u00edo frontal al sistema de la muerte que padecemos. Las buscadoras (f\u00e1cilmente 70 por ciento de las personas que se dedican a este trabajo son mujeres) son rebeldes, son la vanguardia de la resistencia contra la deshumanizaci\u00f3n, signo de nuestros tiempos.<\/p>\n<p>En este sentido, la b\u00fasqueda implica mucho m\u00e1s que buscar cuerpos o restos para proceder a la identificaci\u00f3n y regresarlos a sus familias, aunque en un pa\u00eds que tiene reconocidas 40 mil personas desaparecidas, esta es una tarea important\u00edsima y sigue siendo el centro del trabajo. La 4ta Brigada ampli\u00f3 no s\u00f3lo el \u00e1mbito geogr\u00e1fico de la b\u00fasqueda, sino tambi\u00e9n el concepto. Agreg\u00f3 a los trabajos organizativos por primera vez\u00a0dos ejes m\u00e1s: de iglesias y de escuelas. Por cada d\u00eda que un equipo sali\u00f3 al monte con picos y palas, los otros salieron al pueblo con globos, cantos y palabras. Es parte de lo que llaman la reconstrucci\u00f3n del tejido social y la construcci\u00f3n de una cultura de paz. Implica romper el miedo para hablar abiertamente de la tragedia de las desapariciones y a la vez de la comunidad que queremos.<\/p>\n<p>Se celebra el hallazgo de un cad\u00e1ver porque este ser humano tendr\u00e1 la posibilidad de regresar a una familia que lo busca para pasar por los ritos que marcan la transici\u00f3n de vida a muerte. Tambi\u00e9n se siente de golpe el costo humano de la violencia de la guerra negada que vive M\u00e9xico. La 4ta Brigada encontr\u00f3 siete cuerpos y casi 100 restos \u00f3seos en fosas clandestinos en Las Terrazas, Chilpancingo, Iguala, Cocula y Tetelilla, Guerrero. En un lugar, hall\u00f3 restos en pozos que ya hab\u00edan sido procesados por el estado. Como ha hecho en m\u00faltiples ocasiones, la brigada denunci\u00f3 la negligencia e indiferencia de las autoridades.<\/p>\n<p>Muchas organizaciones aportaron a los trabajos de la Brigada, entre ellos grupos de apoyo psico-social, derechos humanos, paz, religiosos y especialistas en t\u00e9cnicas forenses y de b\u00fasqueda. Enlaces Nacionales, coalici\u00f3n nacional de colectivos de familiares fundada por Mar\u00eda Herrera, madre de cuatro hijos desaparecidos, y su familia, fue el principal en este caso con el Frente Guerrero por Nuestros Desaparecidos.<\/p>\n<p>Fue la primera Brigada en el sexenio de Andr\u00e9s Manuel L\u00f3pez Obrador y los integrantes notaron que \u201chubo muchos aciertos, pero muchos errores\u201d. Un d\u00eda el subsecretario de Derechos Humanos, Alejandro Encinas se sum\u00f3 a los trabajos de b\u00fasqueda en campo y se comprometi\u00f3 a restructurar los programas que, se\u00f1alan las v\u00edctimas, han sido costosas simulaciones. Por otro lado, hubo momentos cr\u00edticos en que las autoridades no cumplieron con sus compromisos. La brigada y los colectivos de familiares han reprobado al gobierno por la pol\u00edtica de guerra que desat\u00f3 la violencia, por el p\u00e9simo funcionamiento del sistema de justicia y por la re-victimizaci\u00f3n que enfrentan los familiares de desaparecidos. En gran parte, la formaci\u00f3n de un movimiento aut\u00f3nomo fue resultado del hartazgo frente a las gestiones interminables con tres niveles de gobierno ineptos, indiferentes y en muchos casos, c\u00f3mplices.<\/p>\n<p>El anuncio de nuevos programas para combatir la desaparici\u00f3n y llevar a cabo b\u00fasquedas efectivas abre una nueva fase de trabajo. Sin embargo, los colectivos tienen muy claro que el estado no puede suplir el trabajo que ellos mismos han desarrollado \u201cdesde las familias\u201d. Aunque las obligaciones deber\u00edan ser propiamente del estado, \u00e9ste no tiene la capacidad, los conocimientos y sobre todo el nivel de compromiso de los familiares.<\/p>\n<p>Y tambi\u00e9n porque el movimiento de familiares en b\u00fasqueda nunca ha buscado solamente restos humanos: busca una transformaci\u00f3n social. Una transformaci\u00f3n que humanice a la sociedad, esta sociedad tan descompuesta que miles y miles de personas yacen en fosas clandestinas y cada d\u00eda el n\u00famero crece.<\/p>\n<p>La 4ta brigada enfrenta este horror con los \u00fanicos instrumentos que tiene: la organizaci\u00f3n, la solidaridad, el amor y, s\u00ed, el pico y la pala.<\/p>\n<p>&nbsp;<\/p>\n<p>Publicado por <a href=\"https:\/\/desinformemonos.org\/la-brigada-de-busqueda-transformacion-desde-abajo\/\">Desinform\u00e9monos<\/a><\/p>\n","protected":false},"excerpt":{"rendered":"<p>Las im\u00e1genes se han vuelto casi un clich\u00e9 \u2014el pico y la pala, las herramientas rudimentarias que se usan para buscar cuerpos enterrados sin un adi\u00f3s en campos dispersos por todo M\u00e9xico, el pa\u00eds convertido en una gran fosa clandestina. Pero las im\u00e1genes, las frases que se repiten y se gritan en foros y plazas tienen un poderoso significado para las familias que buscan a un ser querido desaparecido.<\/p>\n","protected":false},"author":14,"featured_media":51094,"comment_status":"closed","ping_status":"open","sticky":false,"template":"","format":"standard","meta":{"inline_featured_image":false,"footnotes":""},"categories":[4884,4916,4914],"tags":[4923,4922,4958],"coauthors":[5128],"class_list":["post-51093","post","type-post","status-publish","format-standard","has-post-thumbnail","hentry","category-democracia","category-derechos-humanos","category-paz-y-seguridad","tag-america-del-norte","tag-centroamerica","tag-mexico"],"_links":{"self":[{"href":"https:\/\/www.americas.org\/es\/wp-json\/wp\/v2\/posts\/51093","targetHints":{"allow":["GET"]}}],"collection":[{"href":"https:\/\/www.americas.org\/es\/wp-json\/wp\/v2\/posts"}],"about":[{"href":"https:\/\/www.americas.org\/es\/wp-json\/wp\/v2\/types\/post"}],"author":[{"embeddable":true,"href":"https:\/\/www.americas.org\/es\/wp-json\/wp\/v2\/users\/14"}],"replies":[{"embeddable":true,"href":"https:\/\/www.americas.org\/es\/wp-json\/wp\/v2\/comments?post=51093"}],"version-history":[{"count":3,"href":"https:\/\/www.americas.org\/es\/wp-json\/wp\/v2\/posts\/51093\/revisions"}],"predecessor-version":[{"id":51110,"href":"https:\/\/www.americas.org\/es\/wp-json\/wp\/v2\/posts\/51093\/revisions\/51110"}],"wp:featuredmedia":[{"embeddable":true,"href":"https:\/\/www.americas.org\/es\/wp-json\/wp\/v2\/media\/51094"}],"wp:attachment":[{"href":"https:\/\/www.americas.org\/es\/wp-json\/wp\/v2\/media?parent=51093"}],"wp:term":[{"taxonomy":"category","embeddable":true,"href":"https:\/\/www.americas.org\/es\/wp-json\/wp\/v2\/categories?post=51093"},{"taxonomy":"post_tag","embeddable":true,"href":"https:\/\/www.americas.org\/es\/wp-json\/wp\/v2\/tags?post=51093"},{"taxonomy":"author","embeddable":true,"href":"https:\/\/www.americas.org\/es\/wp-json\/wp\/v2\/coauthors?post=51093"}],"curies":[{"name":"wp","href":"https:\/\/api.w.org\/{rel}","templated":true}]}}