{"id":51262,"date":"2019-04-08T11:58:56","date_gmt":"2019-04-08T16:58:56","guid":{"rendered":"https:\/\/www.americas.org\/?p=51262\/"},"modified":"2019-06-05T11:26:36","modified_gmt":"2019-06-05T16:26:36","slug":"militares-guatemaltecos-buscan-impunidad-por-crimenes-cometidos-durante-la-guerra","status":"publish","type":"post","link":"https:\/\/www.americas.org\/es\/militares-guatemaltecos-buscan-impunidad-por-crimenes-cometidos-durante-la-guerra\/","title":{"rendered":"Militares guatemaltecos buscan impunidad por cr\u00edmenes cometidos durante la guerra"},"content":{"rendered":"<p><img loading=\"lazy\" decoding=\"async\" class=\"alignleft size-full wp-image-51264\" src=\"https:\/\/www.americas.org\/wp-content\/uploads\/2019\/04\/ley-reconciliaci\u00f3n-e1554742512697.jpg\" alt=\"\" width=\"350\" height=\"263\" \/>Cuando se estudia Guatemala, una de las preguntas que surgen es \u00bfpor qu\u00e9 un pa\u00eds peque\u00f1o, con una extraordinaria riqueza y una diversidad \u00e9tnica \u00fanica en Centro Am\u00e9rica, que abriga a poco m\u00e1s de ocho millones de mujeres y hombres provenientes de 22 pueblos mayas, m\u00e1s el pueblo gar\u00edfuna y el xinca, con igual riqueza ling\u00fc\u00edstica, se debate en una profunda pobreza que se mantiene en aumento, expulsando a las mayor\u00edas j\u00f3venes a las ciudades y tambi\u00e9n a M\u00e9xico,\u00a0 Estados Unidos, Canad\u00e1 o a cualquier otro pa\u00eds que les permita vivir?<\/p>\n<p>Y \u00bfpor qu\u00e9 siendo los pueblos mayas la mayor\u00eda de la poblaci\u00f3n, no se organizan y colocan a un presidente que los represente y eligen a un Congreso con diputados probos para que construyan una Constituci\u00f3n que responda al rostro mayoritario del pa\u00eds, que es el que con su trabajo incrementa las pocas pero millonarias fortunas de la burgues\u00eda guatemalteca?<\/p>\n<p>Estas preguntas no tienen respuestas sencillas y para explicar las razones de la hist\u00f3rica opresi\u00f3n en la que viven las mayor\u00edas ind\u00edgenas hay que estudiar c\u00f3mo y qui\u00e9nes fundaron ese Estado-Naci\u00f3n y c\u00f3mo sus descendientes siguen hoy controlando el Estado hasta convertirse en la \u00e9lite m\u00e1s conservadora, racista, acaparadora, insaciable y extractiva de Am\u00e9rica Latina. Que con soberbia presume su riqueza mientras los organismos mundiales documentan como m\u00e1s del 50 por ciento de los ni\u00f1os ind\u00edgenas viven con desnutrici\u00f3n.<\/p>\n<p>Sin embargo, el control econ\u00f3mico, pol\u00edtico, cultural y social que posee la \u00e9lite no lo ha logrado sola; ha necesitado crear instituciones y burocracias serviles. Una de esas instituciones es el ej\u00e9rcito que, durante el \u00faltimo genocidio ejecutado de mediados de 1970 a finales de 1980, y financiado con impuestos de los pueblos estadounidense y guatemaltecos, se us\u00f3 para cuidar los intereses econ\u00f3micos de la burgues\u00eda, sin importar que eso implicara cometer genocidio, esclavitud sexual y dom\u00e9stica contra mujeres ind\u00edgenas, desde ni\u00f1as hasta ancianas, as\u00ed como cr\u00edmenes contra la humanidad.<\/p>\n<p>Hoy, esa \u00e9lite, junto al actual gobierno de Jimmy Morales no ha cesado en buscar que el Congreso de la Rep\u00fablica&#8211;otro de los pilares del sistema democr\u00e1tico, ahora convertido en una instituci\u00f3n al servicio de la impunidad&#8211;reforme la Ley de Reconciliaci\u00f3n Nacional para amnistiar a los militares que durante la guerra les cuidaron sus empresas, fincas y familias, sin importar el costo humano.<\/p>\n<p>\u00bfPor qu\u00e9 el gobierno, los militares y la elite buscan reformar esta ley? Porque desde antes de que se firmara la paz, en 1996, los sobrevivientes de la violencia genocida y del brutal aniquilamiento dirigido por el Estado a trav\u00e9s del ej\u00e9rcito, con persistencia han logrado avances significativos en el marco de la justicia transicional.<\/p>\n<p>Menciono brevemente algunos ejemplos. La lucha tenaz del Pueblo Ixil logr\u00f3 luego de m\u00e1s de tres lustros de lucha, que los tribunales nacionales condenaran en 2013 a 80 a\u00f1os de prisi\u00f3n al dictador Jos\u00e9 Efra\u00edn R\u00edos Montt por genocidio contra el Pueblo Ixil, aunque 10 d\u00edas despu\u00e9s la Corte de Constitucionalidad&#8211;instituci\u00f3n integrada por magistrados afines a los militares y a la \u00e9lite&#8211;anul\u00f3 la sentencia por supuestos \u201cerrores de procedimiento\u201d.<\/p>\n<p>Posteriormente, un grupo de 15 se\u00f1oras q\u2019eqchi\u2019 de las comunidades de Sepur Zarco, Izabal, quienes sobrevivieron la desaparici\u00f3n forzada o el asesinato de sus esposos y la esclavitud sexual y dom\u00e9stica, lograron que dos miembros del ej\u00e9rcito, fueran condenados cada uno, en 2016, a m\u00e1s de 100 a\u00f1os de prisi\u00f3n, por asesinato, violencia sexual, esclavitud dom\u00e9stica y delitos contra la humanidad.<\/p>\n<p>En el 2018, la familia Molina Theissen logr\u00f3 la condena de los miembros de la c\u00fapula militar que gobernaba Guatemala en la d\u00e9cada de 1980, por la desaparici\u00f3n forzada del hijo menor de la familia, quien era un ni\u00f1o cuando fue secuestrado en su casa, y por la detenci\u00f3n ilegal, violencia sexual y tortura en contra de una de las hijas, cuando era una adolescente. Los anteriores son algunos de los casos m\u00e1s conocidos, pero no son los \u00fanicos que han buscado hacer avanzar el sistema de justicia frente al genocidio y delitos contra la humanidad.<\/p>\n<p style=\"text-align: center;\">______________________________________________________________<\/p>\n<p>\u201c<em>La iniciativa 5377 representa un retroceso para los derechos de los sobrevivientes, incluyendo a los querellantes en casos que ahora est\u00e1n abiertos.<\/em><\/p>\n<p style=\"text-align: center;\">__________________________________________________________<\/p>\n<p>Frente a estos logros, una de las respuestas ha sido que el Congreso, ahora convertido en una instituci\u00f3n defensora de la impunidad, busca aprobar la iniciativa de ley (5377) que modificar\u00eda la Ley Nacional de Reconciliaci\u00f3n. De aprobarse esta iniciativa, que ya ha pasado en dos lecturas en el pleno del Congreso y solo falta una, significar\u00eda una amnist\u00eda para todos los casos de violaciones a los derechos humanos y cr\u00edmenes cometidos durante el conflicto armado interno que han sido juzgados y condenados en los tribunales de Guatemala.<\/p>\n<p>De acuerdo con la Alta Comisionada de Derechos Humanos, ACNUDH, Michelle Bachelet, \u201cLa aprobaci\u00f3n -de esta iniciativa- paralizar\u00eda las investigaciones en curso relacionadas con vulneraciones a las garant\u00edas fundamentales, y poseer\u00eda car\u00e1cter retroactivo y comportar\u00eda la puesta en libertad casi inmediata, en 24 horas, de personas condenadas y encarceladas \u2018por graves violaciones a los derechos humanos\u2019\u201d.<\/p>\n<p>La iniciativa 5377 representa un retroceso para los derechos de los sobrevivientes, incluyendo a los querellantes en casos que ahora est\u00e1n abiertos. Se tornar\u00eda, adem\u00e1s, en una violaci\u00f3n del derecho internacional y generar\u00eda represalias contra las v\u00edctimas, las y los sobrevivientes, los jueces que han juzgado estos delitos, los fiscales, los peritos que ha participado en los juicios y los integrantes de las organizaciones sociales que han promovido la justicia. Por esto, la sociedad civil guatemalteca y la Corte Interamericana de Derecho Humanos, CIDH, han expresado su rechazo a la iniciativa.<\/p>\n<p>El proceso de buscar amnist\u00eda, evidencia que las negociaciones de paz iniciadas a finales de la d\u00e9cada de 1980, se fraguaron en un contexto de pactos de elites econ\u00f3micas, pol\u00edticas y militares que dej\u00f3 inmunes a los altos mandos, pero que empez\u00f3 a desmoronarse cuando las luchas por justicia transicional comenzaron a alcanzar a los autores intelectuales de los cr\u00edmenes de guerra.<\/p>\n<p><img loading=\"lazy\" decoding=\"async\" class=\"alignright size-full wp-image-51263\" src=\"https:\/\/www.americas.org\/wp-content\/uploads\/2019\/04\/ley-de-reconciliacion--e1554742456320.jpg\" alt=\"\" width=\"350\" height=\"233\" \/><br \/>\nComo escribi\u00f3 la historiadora Mar\u00eda Aguilar: \u201cEl caso de Myrna Mack fue de los primeros en investigar a los autores intelectuales, aunque no logr\u00f3 demostrar la cadena de mando en los altos rangos. Sin embargo, esto s\u00ed, se logr\u00f3 en el juicio por genocidio contra Efra\u00edn R\u00edos Montt en el 2013. Por eso, el juicio por genocidio represent\u00f3 un parteaguas para la justicia transicional. No solo por la jurisprudencia que abri\u00f3, sino porque marc\u00f3 el momento en que los militares se reagruparon para organizar una nueva ofensiva en contra de los procesos de lucha por el respeto a los derechos humanos y el acceso a la justicia.\u201d\u00a0 (elPeri\u00f3dico Marzo 18, 2019)<\/p>\n<p>Hoy la batalla est\u00e1 en el Congreso, y los diputados al servicio de la impunidad, sin importar la violaci\u00f3n a los tratados internacionales, se est\u00e1n jugando todo para aprobar las modificaciones a la Ley Nacional de Reconciliaci\u00f3n y garantizar impunidad a militares, pol\u00edticos, magistrados, jueces y a la \u00e9lite de Guatemala, quienes viven con las manos manchadas de sangre.<\/p>\n","protected":false},"excerpt":{"rendered":"<p>Hoy la batalla est\u00e1 en el Congreso para aprobar las modificaciones a la Ley Nacional de Reconciliaci\u00f3n y garantizar impunidad a la \u00e9lite de Guatemala, quien vive con las manos manchadas de sangre.<\/p>\n","protected":false},"author":442,"featured_media":51263,"comment_status":"closed","ping_status":"open","sticky":false,"template":"","format":"standard","meta":{"inline_featured_image":false,"footnotes":""},"categories":[4884,4916],"tags":[4922,5553,5555,5556,5554],"coauthors":[5331],"class_list":["post-51262","post","type-post","status-publish","format-standard","has-post-thumbnail","hentry","category-democracia","category-derechos-humanos","tag-centroamerica","tag-guatemala","tag-impunidad","tag-iniciativa-5377","tag-ley-de-reconciliacion"],"_links":{"self":[{"href":"https:\/\/www.americas.org\/es\/wp-json\/wp\/v2\/posts\/51262","targetHints":{"allow":["GET"]}}],"collection":[{"href":"https:\/\/www.americas.org\/es\/wp-json\/wp\/v2\/posts"}],"about":[{"href":"https:\/\/www.americas.org\/es\/wp-json\/wp\/v2\/types\/post"}],"author":[{"embeddable":true,"href":"https:\/\/www.americas.org\/es\/wp-json\/wp\/v2\/users\/442"}],"replies":[{"embeddable":true,"href":"https:\/\/www.americas.org\/es\/wp-json\/wp\/v2\/comments?post=51262"}],"version-history":[{"count":3,"href":"https:\/\/www.americas.org\/es\/wp-json\/wp\/v2\/posts\/51262\/revisions"}],"predecessor-version":[{"id":51321,"href":"https:\/\/www.americas.org\/es\/wp-json\/wp\/v2\/posts\/51262\/revisions\/51321"}],"wp:featuredmedia":[{"embeddable":true,"href":"https:\/\/www.americas.org\/es\/wp-json\/wp\/v2\/media\/51263"}],"wp:attachment":[{"href":"https:\/\/www.americas.org\/es\/wp-json\/wp\/v2\/media?parent=51262"}],"wp:term":[{"taxonomy":"category","embeddable":true,"href":"https:\/\/www.americas.org\/es\/wp-json\/wp\/v2\/categories?post=51262"},{"taxonomy":"post_tag","embeddable":true,"href":"https:\/\/www.americas.org\/es\/wp-json\/wp\/v2\/tags?post=51262"},{"taxonomy":"author","embeddable":true,"href":"https:\/\/www.americas.org\/es\/wp-json\/wp\/v2\/coauthors?post=51262"}],"curies":[{"name":"wp","href":"https:\/\/api.w.org\/{rel}","templated":true}]}}