{"id":51458,"date":"2019-08-25T19:40:32","date_gmt":"2019-08-26T00:40:32","guid":{"rendered":"https:\/\/www.americas.org\/?p=51458\/"},"modified":"2020-02-24T09:50:12","modified_gmt":"2020-02-24T14:50:12","slug":"argentina-debacle-electoral-fracaso-financiero-y-camino-al-default","status":"publish","type":"post","link":"https:\/\/www.americas.org\/es\/argentina-debacle-electoral-fracaso-financiero-y-camino-al-default\/","title":{"rendered":"Argentina: Debacle electoral, fracaso financiero y camino al default"},"content":{"rendered":"<p><img loading=\"lazy\" decoding=\"async\" class=\"alignleft size-full wp-image-51459\" src=\"https:\/\/www.americas.org\/wp-content\/uploads\/2019\/08\/macri-o50l1j2lmo77r1seeihvnah6sqcnt4bxd9z5sjwiv0-e1566779898213.gif\" alt=\"\" width=\"600\" height=\"289\" \/>La aplastante derrota del presidente Macri en las elecciones primarias del 11 de agosto y el incumplimiento de todas las metas pactadas en el Acuerdo Stand-By acordado con el FMI, hace un a\u00f1o, han producido una situaci\u00f3n de zozobra econ\u00f3mica de impredecibles consecuencias sociales y pol\u00edticas en Argentina. Tal como lo se\u00f1al\u00e1ramos <a href=\"https:\/\/www.americas.org\/es\/argentina-y-el-fmi-un-amor-inviable\/\">en este sitio<\/a>, era imposible que el programa se cumpliera.<\/p>\n<p>La crisis ha dado lugar que, a la fecha, solamente se haya producido la renuncia del ministro de Hacienda, Nicol\u00e1s Dujovne, pero muchos dudan de que Macri pueda concluir su mandato previsto hasta el 10 de diciembre. Tales dudas no sorprenden. Desde 1928, ning\u00fan gobierno ajeno al peronismo ha podido concluir su mandato. En las nueve semanas que faltan para las elecciones presidenciales del 27 de octubre, la presi\u00f3n del descontento social podr\u00eda generar situaciones ya conocidas en Argentina, las cuales incluyen la salida forzada del presidente. El andamiaje de la estrategia electoral que arm\u00f3 Macri, con apoyo de los sectores financieros, se ha derrumbado despu\u00e9s de la debacle electoral (47% vs 32%) y su gobierno ha perdido legitimidad.<\/p>\n<p>Por otro lado, el peso de la deuda externa y la falta de acceso a cr\u00e9ditos externos han puesto a la Argentina en una situaci\u00f3n al borde del default y de la consiguiente renegociaci\u00f3n de su deuda. Seg\u00fan el candidato presidencial del Frente por el Cambio, Alberto Fern\u00e1ndez, quien super\u00f3 a Macri por una diferencia de 15 puntos en las elecciones primarias (PASO)<a href=\"#_edn1\" name=\"_ednref1\">[i]<\/a> del 11 de agosto, \u201chay una sola realidad incontrastable y es que la Argentina en estas condiciones no est\u00e1 pudiendo pagar las obligaciones que asumi\u00f3\u2026Tenemos que entender que estamos virtualmente en condiciones de default, y por eso los bonos argentinos valen lo que valen, porque el mundo se da cuenta que no se puede pagar\u201d.<a href=\"#_edn2\" name=\"_ednref2\">[ii]<\/a><\/p>\n<p>Inclusive el propio JP Morgan que mide el riesgo pa\u00eds ha advertido que \u201chay un aumento de las posibilidades de default y de alg\u00fan tipo de reestructuraci\u00f3n de deuda\u201d. Asimismo, las calificadoras de riesgo Fitch y S&amp;P le han bajado la nota de B a CCC, categor\u00eda para pa\u00edses con riesgos sustanciales.<\/p>\n<p>Otro riesgo que enfrenta el pa\u00eds es que la corrida cambiaria se convierta en una corrida bancaria debido a la fuerte ca\u00edda de los dep\u00f3sitos a plazo fijo, y la disminuci\u00f3n de los dep\u00f3sitos en d\u00f3lares en los bancos.<\/p>\n<p>El hecho de que estas elecciones hayan sido solo primarias las ha convertido en un chaleco de fuerza que impide lograr una soluci\u00f3n institucional v\u00eda amplios consensos. Si bien muy pocos dudan que Alberto Fern\u00e1ndez ser\u00e1 el pr\u00f3ximo presidente de Argentina, no es posible realizar un proceso de transici\u00f3n hasta que no sea electo presidente el pr\u00f3ximo 27 de octubre, siempre y cuando supere el 45% de los votos o supere por al menos 10 puntos porcentuales a su competidor m\u00e1s inmediato. De no ser as\u00ed, habr\u00eda que ir a una segunda vuelta prevista para el 24 de noviembre, que es la apuesta que hace Macri.<\/p>\n<p>El abrumador respaldo de la poblaci\u00f3n al Frente por el Cambio, marcar\u00e1 un nuevo giro en la pol\u00edtica econ\u00f3mica del pa\u00eds y un punto de inflexi\u00f3n en la alianza de gobiernos de derecha que se han venido consolidando en la regi\u00f3n. Pero en la espera, la ciudadan\u00eda sufrir\u00e1 las consecuencias del desgobierno de un presidente que ha perdido legitimidad y al que los medios de prensa locales e internacionales, as\u00ed como sus aliados del mundo financiero, empiezan a considerarlo como inepto para gobernar.<\/p>\n<p><strong>El inicio del gobierno de Macri y el fin del intervencionismo<\/strong><\/p>\n<p>En noviembre de 2015, en medio de bailes bajo un cielo cubierto de globos amarillos, Mauricio Macri fue declarado ganador de las elecciones presidenciales. Conclu\u00edan doce a\u00f1os de gobierno kirchnerista que hab\u00eda dejado agobiados a sectores medios y altos de la sociedad argentina, debido especialmente a los \u201cmalos modales\u201d, seg\u00fan ellos, de la pol\u00edtica econ\u00f3mica instrumentada a partir de 2011: l\u00edmites a la compra de moneda extranjera para evitar la fuga de capitales; obligatoriedad de liquidar en el pa\u00eds las divisas provenientes de las exportaciones; encajes de 30% a los capitales golondrina; restricci\u00f3n a las importaciones, entre otros. Estas medidas le permitieron al gobierno disponer de divisas sin tener que recurrir a los organismos internacionales ni al endeudamiento externo. Asimismo, mantuvieron una pol\u00edtica irracional de subsidios generalizados al transporte y a los servicios p\u00fablicos que Macri intent\u00f3 revertir.<\/p>\n<p>El nuevo presidente recibi\u00f3 un pa\u00eds con una fuerte distorsi\u00f3n de precios relativos, pero con bajo nivel de endeudamiento, menores niveles de inflaci\u00f3n, desempleo y pobreza que los registrados al final de su gobierno. Prueba de ello es que en las elecciones primarias de agosto de 2015, la ciudadan\u00eda le dio el triunfo a Daniel Scioli candidato del partido de la presidenta Cristina Kirchner con 38% de los votos frente al 30% de Macri. No obstante, durante las elecciones generales de noviembre, producto en parte de una indisimulada falta de respaldo de la presidenta Kirchner al candidato de su partido, prevaleci\u00f3 el discurso liberal de Macri, quien super\u00f3 a su contendor, en una segunda vuelta electoral, por apenas dos puntos porcentuales: 51,4% de votos, frente al 48,6% del oficialista\u00a0Daniel Scioli, del gobernante Frente para la Victoria.<\/p>\n<p>Apenas asumi\u00f3 el mando, Macri instaur\u00f3 un esquema de desregulaci\u00f3n y liberalizaci\u00f3n cambiaria, financiera y comercial. Para atraer a los capitales financieros, se elevaron las tasas de inter\u00e9s que castigaron a los sectores productivos y se inici\u00f3 un proceso acelerado e irresponsable de endeudamiento mediante la inundaci\u00f3n de bonos en el mercado, con la convicci\u00f3n de que estas medidas atraer\u00edan una lluvia de inversiones extranjeras.<\/p>\n<p>Pero salvo los especuladores financieros, atra\u00eddos por las altas tasas de inter\u00e9s pagadas por el gobierno para mantener bajo el tipo de cambio, y con ello contener la inflaci\u00f3n, las inversiones productivas no llegaron. Paralelamente, se produjo una salida creciente de divisas. Con el d\u00f3lar estable, los argentinos incrementaron sus gastos en turismo y las empresas extranjeras, el env\u00edo de utilidades y dividendos.<\/p>\n<p><strong>Macri acude al FMI<\/strong><\/p>\n<p>En 2018, el d\u00e9ficit de la cuenta corriente se acercaba al 6% del PBI, un signo muy preocupante en un escenario inflacionario. En un escenario de incremento de las tasas de inter\u00e9s en Estados Unidos, los inversores financieros empezaron a fugar capitales. La presi\u00f3n fue tan grande que, a fines de abril, el Banco Central, contraviniendo sus nuevos principios, tuvo que intervenir y vender m\u00e1s de 8 mil millones de d\u00f3lares de sus reservas en dos semanas, y subir las tasas de inter\u00e9s del 27 al 40% para sostener, sin \u00e9xito, el valor del peso.<\/p>\n<p>La suerte del gobierno de Macri ya estaba echada. Las necesidades de financiamiento para sostener la bicicleta financiera y el cierre de los cr\u00e9ditos internacionales para el pa\u00eds lo obligaron a negociar un Acuerdo Stand-by por tres a\u00f1os con el FMI por 57 mil millones de d\u00f3lares, que se firm\u00f3 en junio de ese a\u00f1o.<\/p>\n<p>Este no alcanz\u00f3 a revertir la desconfianza de los mercados y tan solo dos meses despu\u00e9s, el presidente declar\u00f3 que el pa\u00eds se encontraba en una situaci\u00f3n de emergencia por lo que este tuvo que renegociarse. A cambio de un adelanto de los fondos comprometidos para 2019 y 2020, el gobierno har\u00eda un ajuste fiscal mayor al 1.3% acordado inicialmente para 2019 para alcanzar un d\u00e9ficit fiscal cero<a name=\"_ednref3\"><\/a><a href=\"#_edn3\" name=\"_ednref3\">[iii]<\/a>.<\/p>\n<p><strong>El fracaso del Acuerdo con el FMI<\/strong><\/p>\n<p>Un a\u00f1o despu\u00e9s de la firma del Acuerdo con el FMI, las metas fiscales, inflacionarias y de crecimiento econ\u00f3mico han volado por los aires. El pr\u00e9stamo del FMI solo puso parches a la timba financiera en que se volvi\u00f3 a convertir la econom\u00eda argentina. El 90% del cr\u00e9dito previsto en el Acuerdo Stand by por 57 mil millones de d\u00f3lares, ya ha sido desembolsado y ser\u00e1 el pr\u00f3ximo gobierno que deber\u00e1 devolverlo a partir de 2022.<\/p>\n<p>Ning\u00fan indicador econ\u00f3mico y social ha mejorado en el gobierno de Macri, quien recibi\u00f3 una inflaci\u00f3n del 27% y la dejar\u00e1, con suerte, en 50%; recibi\u00f3 una tasa de inter\u00e9s de referencia de 38 puntos y la llev\u00f3 al r\u00e9cord mundial de m\u00e1s de 70%; el desempleo pas\u00f3 de 7 a 10%; el salario m\u00ednimo de 580 d\u00f3lares mensuales, el m\u00e1s alto de Am\u00e9rica del Sur, a 279 d\u00f3lares, pasando al s\u00e9ptimo lugar en el ranking de la regi\u00f3n. La cotizaci\u00f3n de la moneda pas\u00f3 de 15 a 55 pesos por d\u00f3lar, la pobreza pas\u00f3 de representar el 27% al 35%, y la indigencia del 4,5% al 8%, lo cual refleja el cierre de 23 mil empresas durante su gobierno. Adem\u00e1s, convirti\u00f3 a Argentina en el pa\u00eds m\u00e1s endeudado de la regi\u00f3n. La deuda externa equivale al 80% del PBI, 27 puntos porcentuales m\u00e1s que lo que Macri recibi\u00f3. Consecuentemente, el riesgo pa\u00eds se ha incrementado de un nivel de 487, puntos al inicio de su gobierno, a 1900, el segundo m\u00e1s alto del mundo despu\u00e9s de Venezuela.<\/p>\n<p>A pesar de la dram\u00e1tica situaci\u00f3n, pocos divulgaron estas cifras. Hizo falta la paliza ciudadana al gobierno en las elecciones primarias para que el periodismo, otrora defensor de Macri y cr\u00edticos ac\u00e9rrimos del kirchnerismo, reconocieran que \u201cno vieron la realidad\u201d.<\/p>\n<p><strong>El d\u00eda despu\u00e9s de las elecciones primarias (PASO)\u00a0 <\/strong><\/p>\n<p>La derrota electoral tuvo su correlato en la histeria de los mercados: El peso se devalu\u00f3 en m\u00e1s de 30%, la bolsa porte\u00f1a se desplom\u00f3 37%, la mayor p\u00e9rdida desde 2001, y el riesgo pa\u00eds borde\u00f3 los 2000 puntos, frente a la inercia del gobierno ante los acontecimientos. Esa irresponsable falta de reacci\u00f3n obedece a su estrategia electoral que le sirvi\u00f3 de sustento a su mensaje a la naci\u00f3n despu\u00e9s de estos sucesos econ\u00f3micos, en el que culp\u00f3 a los argentinos por haber votado al kirchnerismo. Alarm\u00f3 a la poblaci\u00f3n dici\u00e9ndoles que la disparada del d\u00f3lar y la ca\u00edda de las bolsas eran solo una muestra de lo que pod\u00eda pasar si ganara el Kirchnerismo.<\/p>\n<p>&#8220;Es tremendo lo que puede pasar&#8221;, declar\u00f3 Macri. Y dijo adem\u00e1s que &#8220;el problema que tenemos es que la alternativa no tiene credibilidad. El kirchnerismo deber\u00eda hacer autocr\u00edtica&#8221;. Concluy\u00f3 aleccionando a los votantes que \u201cel triunfo de alg\u00fan programa econ\u00f3mico distinto al suyo ser\u00eda visto por el mundo como el fin de la Argentina. Los argentinos debemos decidir si vamos al pasado, que nos lleva a lo que pas\u00f3 hoy&#8221;. Finalmente, inst\u00f3 a los votantes, a que \u201creflexionen antes de volver a votar lo mismo en octubre\u201d.<a href=\"#_edn4\" name=\"_ednref4\">[iv]<\/a><\/p>\n<p>Seg\u00fan el ex presidente del Banco Central, Mart\u00edn Redrado, &#8220;el\u00a0presidente Macri dijo el d\u00eda lunes\u00a0que el d\u00f3lar se vaya donde se tenga que ir de manera de que los argentinos\u00a0aprendan a qui\u00e9n votaron\u201d.<a href=\"#_edn5\" name=\"_ednref5\">[v]<\/a> Un oleaje incontenible de duras cr\u00edticas a la reacci\u00f3n presidencial de parte del periodismo, dio lugar al pedido de disculpas de Macri por haber juzgado el voto de los argentinos. Reconoci\u00f3 que muchos de quienes lo votaron \u201cse hartaron del ajuste sin fin\u201d.<\/p>\n<p>Este fue acompa\u00f1ado por un conjunto de medidas que intentan paliar la crisis econ\u00f3mica, y que por sus caracter\u00edsticas de subsidios y control de precios hasta diciembre, cuando termina su mandato, le dan la estocada final al acuerdo con el FMI. No obstante, a juicio de muchos analistas y del propio Alberto Fern\u00e1ndez, estas llegan tarde y no compensar\u00e1n las p\u00e9rdidas provocadas por la devaluaci\u00f3n que se dej\u00f3 correr. Los aumentos de precios en marcha no alcanzar\u00e1n siquiera para recuperar la p\u00e9rdida de poder adquisitivo.<\/p>\n<p><strong>La histeria de Bolsonaro y el cruce con Venezuela<\/strong><\/p>\n<p>No solo los mercados manifestaron su histeria. En un acto de incontinencia verbal, Jair Bolsonaro advirti\u00f3 que, de ganar Fern\u00e1ndez la presidencia en Argentina, podr\u00eda producirse un \u00e9xodo de ciudadanos de ese pa\u00eds hacia Brasil. \u201cSi esa izquierda vuelve a Argentina, podemos tener en R\u00edo Grande do Sul, un nuevo estado de Roraima (norte de Brasil fronterizo con Venezuela) y no queremos hermanos argentinos huyendo para aqu\u00ed&#8221;.<\/p>\n<p>Adem\u00e1s, adelant\u00f3 que la relaci\u00f3n con Alberto Fern\u00e1ndez ser\u00eda &#8220;conflictiva&#8221;, lo cual podr\u00eda impactar en el Mercosur y en el acuerdo comercial de ese bloque comercial con la Uni\u00f3n Europea.<a href=\"#_edn6\" name=\"_ednref6\">[vi]<\/a><\/p>\n<p>Continuando con su apoyo a Macri, al d\u00eda siguiente Bolsonaro agreg\u00f3 que \u201cArgentina se est\u00e1 hundiendo en el caos y comienza a seguir el rumbo de Venezuela, porque en las primarias los bandidos de izquierda comenzaron a volver al poder&#8221;. Ante los ataques de Bolsonaro, Fern\u00e1ndez calific\u00f3 al presidente brasile\u00f1o de &#8220;racista, mis\u00f3gino y violento&#8221; pero descart\u00f3 problemas a largo plazo entre los dos pa\u00edses.<\/p>\n<p>&#8220;Bolsonaro es una coyuntura en la vida de Brasil como Macri es una coyuntura en la vida de Argentina&#8221; dijo, y luego anunci\u00f3 que no le responder\u00eda m\u00e1s. \u201cLa unidad con Brasil es mucho m\u00e1s importante y creo que esto puede lastimar el v\u00ednculo que tenemos. Que diga lo que quiera. No me gustan los bravucones&#8221;, se\u00f1al\u00f3.<a href=\"#_edn7\" name=\"_ednref7\">[vii]<\/a><\/p>\n<p>Bolsonaro ha seguido \u201corando a Dios para que Argentina no retroceda\u201d. Pero la interferencia m\u00e1s grave en los asuntos internos, al referirse a las elecciones primarias en Argentina, fue se\u00f1alar que \u201cla libertad no tiene precio y estamos dispuestos a dar nuestras vidas por ella&#8221;, nada menos que en la Academia Militar de Agulhas Negras.<a href=\"#_edn8\" name=\"_ednref8\">[viii]<\/a><\/p>\n<p><strong>El Frente para el Cambio es m\u00e1s que el kirchnerismo<\/strong><\/p>\n<p>Si bien el kirchnerismo es una fuerza muy importante en el Frente por el Cambio, este es m\u00e1s abarcativo que la agrupaci\u00f3n pol\u00edtica de Cristina Fern\u00e1ndez. Sin la participaci\u00f3n de los otros movimientos pol\u00edticos en el Frente, hubiera sido imposible lograr esos resultados. Alberto Fern\u00e1ndez no es un politico con una trayectoria izquierdista.<\/p>\n<p>Abogado y profesor de derecho penal en la Universidad de Buenos Aires, inici\u00f3 su carrera pol\u00edtica como legislador para la ciudad de Buenos Aires, en el a\u00f1o 2000, de la mano de Domingo Cavallo, ex ministro de econom\u00eda de Carlos Menem. Si bien fue jefe de gabinete de N\u00e9stor y Cristina Kirchner desde 2003, a principios de 2008 se distanci\u00f3 de la ex presidenta y fund\u00f3 su propio Partido, desde el cual fue cr\u00edtico del gobierno. En 2013 se sum\u00f3 al Frente Renovador, que lidera Sergio Massa, y es en virtud de esa cercan\u00eda que Alberto Fern\u00e1ndez lo atrajo al Frente por el Cambio. Fern\u00e1ndez tiene una pr\u00e1ctica pol\u00edtica m\u00e1s tolerante y propensa al di\u00e1lgo, as\u00ed como una mayor disposici\u00f3n a formar consensos.<\/p>\n<p>Ello no significa que no tenga una postura ideol\u00f3gica clara. Ha sido tajante al afirmar que su mirada de pa\u00eds es absolutamente incompatible con la de Macri. Sus propuestas sobre c\u00f3mo solucionar los problemas de inflaci\u00f3n, por ejemplo, son diametralmente opuestas. Para Fern\u00e1ndez, Macri tuvo una mala lectura de c\u00f3mo combatir la inflaci\u00f3n pues pens\u00f3 que el problema inflacionario era netamente monetario. Pens\u00f3 que la restricci\u00f3n de la moneda, garantizar\u00eda el descenso del consumo porque si no hay dinero para comprar, bajar\u00eda la demanda, y por ende los precios. Eso, seg\u00fan Fern\u00e1ndez, solo funciona en los manuales que ellos estudian. Pero la realidad no funciona as\u00ed.<\/p>\n<p>El candidato del Frente para el Cambio considera que la soluci\u00f3n del problema inflacionario es muy parecida a la soluci\u00f3n del problema del consumo. En una sociedad que consume el 70 por ciento de lo que produce, si este se afecta, se impacta en la producci\u00f3n y en el empleo. Y cuando se afecta el \u00a0empleo se empuja a la gente a la pobreza. Por eso, lo \u00fanico que produjo Macri en cuatro a\u00f1os fueron casi cinco millones de pobres. La l\u00f3gica de Fern\u00e1ndez es aumentar el consumo.<a href=\"#_edn9\" name=\"_ednref9\">[ix]<\/a><\/p>\n<p>En pol\u00edtica exterior, Alberto Fernandez ha manifestado que Maduro lidera &#8220;un r\u00e9gimen autoritario&#8221; que &#8220;ha cometido excesos\u2026 Yo no soy Venezuela, nunca lo fui\u201d.<a href=\"#_edn10\" name=\"_ednref10\">[x]<\/a> \u00a0No son menores las declaraciones puesto que la respuesta del presidente de la Asamblea Nacional Constituyente de Venezuela, Diosdado Cabello, fue inmediata al decirle &#8220;que\u00a0no vaya a creer que lo eligieron porque es \u00e9l&#8221;, ya que es &#8220;un pueblo que le dice no al neoliberalismo y ojal\u00e1 no lo defrauden&#8221;.<a href=\"#_edn11\" name=\"_ednref11\">[xi]<\/a><\/p>\n<p>Alberto Fern\u00e1ndez,\u00a0ha anunciado que, de ganar las elecciones, se alinear\u00eda con la posici\u00f3n negociadora de M\u00e9xico y Uruguay sobre Venezuela\u00a0y que \u201cvalora mucho la propuesta que han hecho (los presidentes) L\u00f3pez Obrador y Tabar\u00e9 V\u00e1zquez que impulsan la v\u00eda del di\u00e1logo y la no intervenci\u00f3n para solucionar la crisis venezolana [\u2026] No estoy de acuerdo con todas estas propuestas que encolumnaron a parte de Am\u00e9rica Latina detr\u00e1s de Trump\u201d.<a href=\"#_edn12\" name=\"_ednref12\">[xii]<\/a><\/p>\n<p>Tampoco impulsar\u00e1 el acuerdo logrado entre la Uni\u00f3n Europea y el Mercosur, pues ha se\u00f1alado que este &#8220;no existe y nunca existi\u00f3. Lo que tenemos que ver es en qu\u00e9 consiste ese acuerdo, porque las pautas centrales parecen mostrar cosas desventajosas para Argentina&#8221;. Y sobre el presidente Trump, considera que \u201cno es un buen l\u00edder para el mundo, pero tal vez lo es para los americanos, porque protege mucho los intereses de Estados Unidos. Muchas veces, cuando proteges con tanto ah\u00ednco lo tuyo, te convert\u00eds en un enemigo para los dem\u00e1s&#8221;.<a href=\"#_edn13\" name=\"_ednref13\">[xiii]<\/a><\/p>\n<p>El triunfo de Alberto Fern\u00e1ndez en Argentina tendr\u00e1 un impacto en la regi\u00f3n y probablemente fortalecer\u00e1 la presencia del Partido de los Trabajadores (PT) en la arena pol\u00edtica de Brasil, as\u00ed como los resultados en las pr\u00f3ximas elecciones presidenciales que tendr\u00e1n lugar en octubre en Bolivia y en Uruguay. Su gobierno no ser\u00e1 un s\u00edmil del kirchnerismo. Pero Argentina volver\u00e1 a mirar su desarrollo con una l\u00f3gica productiva y una inserci\u00f3n internacional soberana.<\/p>\n<p>&nbsp;<\/p>\n<p><img loading=\"lazy\" decoding=\"async\" class=\"alignleft size-full wp-image-50942\" src=\"https:\/\/www.americas.org\/wp-content\/uploads\/2018\/12\/Ariela-foto--e1544718415262.jpg\" alt=\"\" width=\"150\" height=\"132\" \/><em>Ariela Ruiz Caro es economista por la Universidad Humboldt de Berl\u00edn con maestr\u00eda en procesos de integraci\u00f3n econ\u00f3mica por la Universidad de Buenos Aires. Consultora internacional en temas de comercio, integraci\u00f3n y recursos naturales en la CEPAL, Sistema Econ\u00f3mico Latinoamericano (SELA), Instituto para la Integraci\u00f3n de Am\u00e9rica Latina y el Caribe (INTAL), entre otros. Ha sido funcionaria de la Comunidad Andina entre 1985 y 1994 y asesora de la Comisi\u00f3n de Representantes Permanentes del MERCOSUR entre 2006 y 2008. Ha sido Agregada Econ\u00f3mica de la Embajada de Per\u00fa\u00a0en Argentina\u00a0entre 2010 y 2015. Es columnista del Programa de las Am\u00e9ricas.<\/em><\/p>\n<p><strong>NOTAS:<br \/>\n<\/strong><\/p>\n<p><a href=\"#_ednref1\" name=\"_edn1\">[i]<\/a> Elecciones primarias, abiertas, simult\u00e1neas y obligatorias (PASO)<\/p>\n<p><a href=\"#_ednref2\" name=\"_edn2\">[ii]<\/a> <a href=\"https:\/\/www.clarin.com\/politica\/alberto-fernandez-kirchnerismo-_0_E6f65sJyT.html\">https:\/\/www.clarin.com\/politica\/alberto-fernandez-kirchnerismo-_0_E6f65sJyT.html<\/a><\/p>\n<p><a href=\"#_ednref3\" name=\"_edn3\">[iii]<\/a> Deficit fiscal primario, sin contar el pago de intereses de la deuda.<\/p>\n<p><a href=\"#_ednref4\" name=\"_edn4\">[iv]<\/a> <a href=\"https:\/\/www.youtube.com\/watch?v=tRMshzrioMw\">https:\/\/www.youtube.com\/watch?v=tRMshzrioMw<\/a><\/p>\n<p><a href=\"#_ednref5\" name=\"_edn5\">[v]<\/a> <a href=\"https:\/\/www.clarin.com\/economia\/martin-redrado-presidente-dio-orden-dolar-vaya-ir-_0_KzipSFYco.html\">https:\/\/www.clarin.com\/economia\/martin-redrado-presidente-dio-orden-dolar-vaya-ir-_0_KzipSFYco.html<\/a><\/p>\n<p><a href=\"#_ednref6\" name=\"_edn6\">[vi]<\/a> \u00a0<a href=\"https:\/\/www.efe.com\/efe\/america\/politica\/bolsonaro-tilda-de-bandidos-izquierda-a-candidatos-opositores-argentinos\/20000035-4043302\">https:\/\/www.efe.com\/efe\/america\/politica\/bolsonaro-tilda-de-bandidos-izquierda-a-candidatos-opositores-argentinos\/20000035-4043302<\/a><\/p>\n<p><a href=\"#_ednref7\" name=\"_edn7\">[vii]<\/a> <a href=\"https:\/\/www.efe.com\/efe\/america\/politica\/bolsonaro-tilda-de-bandidos-izquierda-a-candidatos-opositores-argentinos\/20000035-4043302\">https:\/\/www.efe.com\/efe\/america\/politica\/bolsonaro-tilda-de-bandidos-izquierda-a-candidatos-opositores-argentinos\/20000035-4043302<\/a><\/p>\n<p><a href=\"#_ednref8\" name=\"_edn8\">[viii]<\/a> <a href=\"https:\/\/www.infobae.com\/america\/america-latina\/2019\/08\/17\/jair-bolsonaro-volvio-a-opinar-sobre-argentina-oremos-a-dios-para-que-no-retroceda\/\">https:\/\/www.infobae.com\/america\/america-latina\/2019\/08\/17\/jair-bolsonaro-volvio-a-opinar-sobre-argentina-oremos-a-dios-para-que-no-retroceda\/<\/a><\/p>\n<p><a href=\"#_ednref9\" name=\"_edn9\">[ix]<\/a> <a href=\"https:\/\/www.clarin.com\/politica\/alberto-fernandez-kirchnerismo-_0_E6f65sJyT.html\">https:\/\/www.clarin.com\/politica\/alberto-fernandez-kirchnerismo-_0_E6f65sJyT.html<\/a><\/p>\n<p><a href=\"#_ednref10\" name=\"_edn10\">[x]<\/a> <a href=\"https:\/\/www.infobae.com\/america\/america-latina\/2019\/08\/13\/alberto-fernandez-ganador-de-las-elecciones-primarias-en-argentina-jair-bolsonaro-es-un-misogino-un-racista\/\">https:\/\/www.infobae.com\/america\/america-latina\/2019\/08\/13\/alberto-fernandez-ganador-de-las-elecciones-primarias-en-argentina-jair-bolsonaro-es-un-misogino-un-racista\/<\/a><\/p>\n<p><a href=\"#_ednref11\" name=\"_edn11\">[xi]<\/a> <a href=\"https:\/\/www.infobae.com\/politica\/2019\/08\/13\/alberto-fernandez-a-75-dias-de-las-elecciones-no-estamos-preparando-una-economia-cerrada-y-con-cepo\/\">https:\/\/www.infobae.com\/politica\/2019\/08\/13\/alberto-fernandez-a-75-dias-de-las-elecciones-no-estamos-preparando-una-economia-cerrada-y-con-cepo\/<\/a><\/p>\n<p><a href=\"#_ednref12\" name=\"_edn12\">[xii]<\/a> <a href=\"https:\/\/www.infobae.com\/america\/venezuela\/2019\/08\/20\/alberto-fernandez-dijo-que-en-caso-de-ganar-las-elecciones-alinearia-a-argentina-con-la-postura-de-mexico-y-uruguay-sobre-venezuela\/?outputType=amp-type\">https:\/\/www.infobae.com\/america\/venezuela\/2019\/08\/20\/alberto-fernandez-dijo-que-en-caso-de-ganar-las-elecciones-alinearia-a-argentina-con-la-postura-de-mexico-y-uruguay-sobre-venezuela\/?outputType=amp-type<\/a><\/p>\n<p><a href=\"#_ednref13\" name=\"_edn13\">[xiii]<\/a> <a href=\"https:\/\/www.infobae.com\/politica\/2019\/08\/13\/alberto-fernandez-a-75-dias-de-las-elecciones-no-estamos-preparando-una-economia-cerrada-y-con-cepo\/\">https:\/\/www.infobae.com\/politica\/2019\/08\/13\/alberto-fernandez-a-75-dias-de-las-elecciones-no-estamos-preparando-una-economia-cerrada-y-con-cepo\/<\/a><\/p>\n<p>&nbsp;<\/p>\n<p><em>\u00a0<\/em><\/p>\n","protected":false},"excerpt":{"rendered":"<p>La aplastante derrota del presidente Macri en las elecciones primarias del 11 de agosto y el incumplimiento de todas las metas pactadas en el Acuerdo Stand-By acordado con el FMI, hace un a\u00f1o, han producido una situaci\u00f3n de zozobra econ\u00f3mica de impredecibles consecuencias sociales y pol\u00edticas en Argentina.<\/p>\n","protected":false},"author":290,"featured_media":51459,"comment_status":"closed","ping_status":"open","sticky":false,"template":"","format":"standard","meta":{"inline_featured_image":false,"footnotes":""},"categories":[4884],"tags":[5619,5620,252],"coauthors":[5666],"class_list":["post-51458","post","type-post","status-publish","format-standard","has-post-thumbnail","hentry","category-democracia","tag-argentina","tag-macri","tag-sudamerica"],"_links":{"self":[{"href":"https:\/\/www.americas.org\/es\/wp-json\/wp\/v2\/posts\/51458","targetHints":{"allow":["GET"]}}],"collection":[{"href":"https:\/\/www.americas.org\/es\/wp-json\/wp\/v2\/posts"}],"about":[{"href":"https:\/\/www.americas.org\/es\/wp-json\/wp\/v2\/types\/post"}],"author":[{"embeddable":true,"href":"https:\/\/www.americas.org\/es\/wp-json\/wp\/v2\/users\/290"}],"replies":[{"embeddable":true,"href":"https:\/\/www.americas.org\/es\/wp-json\/wp\/v2\/comments?post=51458"}],"version-history":[{"count":2,"href":"https:\/\/www.americas.org\/es\/wp-json\/wp\/v2\/posts\/51458\/revisions"}],"predecessor-version":[{"id":51626,"href":"https:\/\/www.americas.org\/es\/wp-json\/wp\/v2\/posts\/51458\/revisions\/51626"}],"wp:featuredmedia":[{"embeddable":true,"href":"https:\/\/www.americas.org\/es\/wp-json\/wp\/v2\/media\/51459"}],"wp:attachment":[{"href":"https:\/\/www.americas.org\/es\/wp-json\/wp\/v2\/media?parent=51458"}],"wp:term":[{"taxonomy":"category","embeddable":true,"href":"https:\/\/www.americas.org\/es\/wp-json\/wp\/v2\/categories?post=51458"},{"taxonomy":"post_tag","embeddable":true,"href":"https:\/\/www.americas.org\/es\/wp-json\/wp\/v2\/tags?post=51458"},{"taxonomy":"author","embeddable":true,"href":"https:\/\/www.americas.org\/es\/wp-json\/wp\/v2\/coauthors?post=51458"}],"curies":[{"name":"wp","href":"https:\/\/api.w.org\/{rel}","templated":true}]}}