{"id":51559,"date":"2019-12-15T01:40:00","date_gmt":"2019-12-15T06:40:00","guid":{"rendered":"https:\/\/www.americas.org\/?p=51559\/"},"modified":"2020-02-24T09:46:25","modified_gmt":"2020-02-24T14:46:25","slug":"el-poder-de-las-madres","status":"publish","type":"post","link":"https:\/\/www.americas.org\/es\/el-poder-de-las-madres\/","title":{"rendered":"El poder de las madres"},"content":{"rendered":"<p style=\"text-align: left;\"><em><img loading=\"lazy\" decoding=\"async\" class=\"alignleft size-full wp-image-51565\" src=\"https:\/\/www.americas.org\/wp-content\/uploads\/2019\/12\/Madres-marchando-San-Cristobal-de-Las-casas-e1576391482733.jpg\" alt=\"\" width=\"360\" height=\"262\" \/><\/em><\/p>\n<p style=\"text-align: left;\"><em>\u00bfQuienes somos? \u00a1Las madres centroamericanas! \u00bfQuienes Buscamos? \u00a1Nuestros hijos! \u00bfPor qu\u00e9 los buscamos? \u00a1Porque los amamos! <\/em><\/p>\n<p style=\"text-align: left;\"><em>\u00bfQu\u00e9 queremos? \u00a1JUSTICIA!<\/em><\/p>\n<p>La gente se toma de las manos y forma un c\u00edrculo en la iglesia de Mar\u00edn, Nuevo Le\u00f3n. La Caravana de Madres Centroamericanas de Migrantes Desaparecidos ha llegado a este pueblo norte\u00f1o justo por lo que est\u00e1 a punto de pasar, la raz\u00f3n de su existencia\u2014un <a href=\"https:\/\/movimientomigrantemesoamericano.org\/2019\/12\/01\/decadas-de-ausencia-que-culminan-con-un-abrazo\/\">reencuentro<\/a> entre madre e hijo, separados por la migraci\u00f3n y reunidos por la caravana. Lilian Alvarado de Romero vio partir a sus dos hijos, Dalinda de nuevo a\u00f1os y Salvador de siete, hace 31 a\u00f1os, para ponerlos a salvo durante el conflicto armado en El Salvador que ya hab\u00eda cobrado la vida de varios familiares. Desde entonces no sab\u00eda su suerte.<\/p>\n<p>Al verse, gritan \u201c\u00a1mam\u00e1!\u201d, se abrazan, lloran y lloramos todos. La abuela conoce a sus nietos por primera vez. El c\u00edrculo roto se completa. La caravana deja a la familia por fin juntos y ansiosos por rellenar las d\u00e9cadas de vivencias que faltan por contarse, y sigue su camino.<\/p>\n<p><img loading=\"lazy\" decoding=\"async\" class=\"alignright size-full wp-image-51567\" src=\"https:\/\/www.americas.org\/wp-content\/uploads\/2019\/12\/Reencuentro-de-madre-salvadore\u00f1a-con-sus-dos-hijos-en-Mar\u00edn-Monterrey-e1576391632780.jpg\" alt=\"\" width=\"300\" height=\"225\" \/>En su decimoquinto a\u00f1o, la Caravana logr\u00f3 seis reencuentros como el de Lilian. Un hijo que sali\u00f3 de Honduras de adolescente para buscar un mejor futuro y perdi\u00f3 el contacto con su madre por m\u00e1s de tres d\u00e9cadas, un padre ind\u00edgena de Guatemala que encuentra a su hija en un penal de Reynosa, encarcelada 6 a\u00f1os sin sentencia por un crimen que no cometi\u00f3, una madre que encuentra a su hijo en Coatzacoalcos y una hermana que se re\u00fane con su hermana en Tuxtla Guti\u00e9rrez. En total, son 315 reencuentros en los 15 a\u00f1os.<\/p>\n<p>Pas\u00f3 por 14 estados, llevando 38 familiares, un peque\u00f1o equipo del Movimiento Migrante Mesoamericano, seis activistas de caravanas de migrantes en Espa\u00f1a e Italia\u2014aliados naturales del movimiento que ahora es global&#8211;y miembros de la prensa. El recorrido de las madres siempre sigue las rutas migratorias que toman las personas migrantes en M\u00e9xico, se hospedan en los albergues que reciben a sus hijas e hijos, trazan las v\u00edas del tren que es la arteria de los flujos migratorios, y conversan con esta amplia red del M\u00e9xico profundo que se atreve a apoyar a la migraci\u00f3n centroamericana cada vez m\u00e1s criminalizada, perseguida y vulnerable. E imparable.<\/p>\n<p>Algunos buscan hijos que salieron hace muchos lustres y otras hace poco. Del conflicto armado y las guerras civiles, los pa\u00edses centroamericanos han pasado a la violencia estructural y las crisis pol\u00edticas. No hay tregua. Ninguna ley ni muro ni fuerzas armadas desplegadas en su contra puede detener a la gente que huye de la muerte y la falta de futuro.<\/p>\n<p><img loading=\"lazy\" decoding=\"async\" class=\"alignleft size-full wp-image-51568\" src=\"https:\/\/www.americas.org\/wp-content\/uploads\/2019\/12\/Don-Antonio-e1576391718719.jpg\" alt=\"\" width=\"300\" height=\"214\" \/>Entre las madres, tambi\u00e9n hay padres, hermanos y hermanas e hijos. La Caravana no discrimina, pero su nombre es m\u00e1s que simb\u00f3lica. El hecho es que la mayor\u00eda de familiares que buscan y siguen buscando con el paso de los a\u00f1os y las d\u00e9cadas son las madres. Si les dices que tienen que seguir con su vida&#8211;y es un consejo no solicitado que escuchan a menudo&#8211; contestan que buscarlos <em>es<\/em> su vida. La falta de una hija o un hijo no es algo que queda en el pasado o que se supera nunca.<\/p>\n<p>Hay tambi\u00e9n otra raz\u00f3n que explica el compromiso inquebrantable de las madres\u2014la transformaci\u00f3n personal y social que se logra en la lucha. Cada una es ya una vocera elocuente para su causa y una dirigente comunitaria. Han formado colectivos en sus pa\u00edses\u2014Honduras, Guatemala, El Salvador y Nicaragua\u2014que trabajan para seguir con la b\u00fasqueda y presionar a los gobiernos. Siendo mujeres, su empoderamiento es doblemente desafiante a un sistema capitalista global que dicta que la gente pobre, excluida y adem\u00e1s mujer tiene un lugar por debajo de los dem\u00e1s y no debe moverse de all\u00ed.<\/p>\n<p>Las madres han aprendido hablar en p\u00fablico sin miedo y sin tapujos, y entender complejos entramados gubernamentales dise\u00f1ados para simular y obstaculizar. Redactan demandas, inventan consignas, hacen relaciones p\u00fablicas en las plazas donde tienden las fotos de sus hijos desaparecidos. Conocen sus derechos y los exigen. En los albergues y centros que visita la Caravana en su b\u00fasqueda, se repite con variaciones la misma frase: \u2018Ustedes son las defensoras de la vida frente a un sistema de muerte.\u2019<\/p>\n<p><img loading=\"lazy\" decoding=\"async\" class=\"alignright size-full wp-image-51561\" src=\"https:\/\/www.americas.org\/wp-content\/uploads\/2019\/12\/Madres-centroamericanas-durante-el-viaje-e1576391763821.jpg\" alt=\"\" width=\"300\" height=\"225\" \/>El poder m\u00e1s importante para estas madres es el poder encontrar a sus hijos. Y creen profundamente en este poder\u2014si no, no estar\u00edan aqu\u00ed. Han aprendido que este es un poder colectivo, que hay que organizarse para poder buscar y para poder enfrentar los poderes que tienen en contra\u2014del poder sin piedad del crimen organizado que ve en los y las migrantes un bot\u00edn de guerra; del poder de los estados que con sus pol\u00edticas anti-migrantes creen un mercado negro de seres humanos y extorsi\u00f3n, golpean y separan familias en nombre de la ley; el poder patriarcal que ve en los cuerpos de las mujeres migrantes otra propiedad m\u00e1s para su beneficio. Son muchos los poderes que tienen en contra, pero tambi\u00e9n muchos los poderes que tienen adentro y a su lado.<\/p>\n<p>Las familias de desaparecidos mexicanos que pronto lanzar\u00e1n su propia b\u00fasqueda nacional tienen un lema: \u201cBusc\u00e1ndolos nos encontramos\u201d. Se aplica a la Caravana de Madres. Adem\u00e1s de las amistades que se hacen, que este a\u00f1o en particular forjaron la unidad y fueron fuente de amor y alegr\u00eda, se encuentra con otro mundo posible, como dice la fundadora Marta S\u00e1nchez, un mundo de solidaridad y hermandad que hace creer en el futuro a pesar del dolor del presente, un dolor que nadie conoce tan de cerca como una madre que busca a su hijo.<\/p>\n<p><strong>Fotos: Felix Mel\u00e9ndez<\/strong><\/p>\n<p>&nbsp;<\/p>\n","protected":false},"excerpt":{"rendered":"<p>El poder m\u00e1s importante para estas madres es el poder encontrar a sus hijos. Y creen profundamente en este poder\u2014si no, no estar\u00edan aqu\u00ed. Han aprendido que este es un poder colectivo, que hay que organizarse para poder buscar y para poder enfrentar los poderes que tienen en contra<\/p>\n","protected":false},"author":14,"featured_media":51565,"comment_status":"closed","ping_status":"open","sticky":false,"template":"","format":"standard","meta":{"inline_featured_image":false,"footnotes":""},"categories":[4918,4919,4912],"tags":[4923,5645,4958],"coauthors":[5128],"class_list":["post-51559","post","type-post","status-publish","format-standard","has-post-thumbnail","hentry","category-feminismos","category-migracion","category-movimientos-sociales","tag-america-del-norte","tag-caravana-de-madres","tag-mexico"],"_links":{"self":[{"href":"https:\/\/www.americas.org\/es\/wp-json\/wp\/v2\/posts\/51559","targetHints":{"allow":["GET"]}}],"collection":[{"href":"https:\/\/www.americas.org\/es\/wp-json\/wp\/v2\/posts"}],"about":[{"href":"https:\/\/www.americas.org\/es\/wp-json\/wp\/v2\/types\/post"}],"author":[{"embeddable":true,"href":"https:\/\/www.americas.org\/es\/wp-json\/wp\/v2\/users\/14"}],"replies":[{"embeddable":true,"href":"https:\/\/www.americas.org\/es\/wp-json\/wp\/v2\/comments?post=51559"}],"version-history":[{"count":1,"href":"https:\/\/www.americas.org\/es\/wp-json\/wp\/v2\/posts\/51559\/revisions"}],"predecessor-version":[{"id":51569,"href":"https:\/\/www.americas.org\/es\/wp-json\/wp\/v2\/posts\/51559\/revisions\/51569"}],"wp:featuredmedia":[{"embeddable":true,"href":"https:\/\/www.americas.org\/es\/wp-json\/wp\/v2\/media\/51565"}],"wp:attachment":[{"href":"https:\/\/www.americas.org\/es\/wp-json\/wp\/v2\/media?parent=51559"}],"wp:term":[{"taxonomy":"category","embeddable":true,"href":"https:\/\/www.americas.org\/es\/wp-json\/wp\/v2\/categories?post=51559"},{"taxonomy":"post_tag","embeddable":true,"href":"https:\/\/www.americas.org\/es\/wp-json\/wp\/v2\/tags?post=51559"},{"taxonomy":"author","embeddable":true,"href":"https:\/\/www.americas.org\/es\/wp-json\/wp\/v2\/coauthors?post=51559"}],"curies":[{"name":"wp","href":"https:\/\/api.w.org\/{rel}","templated":true}]}}