{"id":51667,"date":"2020-03-15T18:30:38","date_gmt":"2020-03-15T23:30:38","guid":{"rendered":"https:\/\/www.americas.org\/?p=51667\/"},"modified":"2020-05-28T07:03:29","modified_gmt":"2020-05-28T12:03:29","slug":"el-dia-que-hicimos-historia","status":"publish","type":"post","link":"https:\/\/www.americas.org\/es\/el-dia-que-hicimos-historia\/","title":{"rendered":"El d\u00eda que hicimos historia"},"content":{"rendered":"<p><img loading=\"lazy\" decoding=\"async\" class=\"alignleft size-full wp-image-51668\" src=\"https:\/\/www.americas.org\/wp-content\/uploads\/2020\/03\/IMG_4027-e1584314850713.jpeg\" alt=\"\" width=\"350\" height=\"263\" \/>Fue la marcha de mujeres m\u00e1s grande en la historia de la Ciudad de M\u00e9xico, y el 8 de marzo m\u00e1s combativo. Decenas de miles de mujeres, en un r\u00edo color violeta, fluyeron por las calles del centro. Marcharon mujeres de todas las edades, sectores, clases, barrios, escuelas. <em>Ellas<\/em> llenaron las calles con sus cuerpos y sus gritos. Los pocos hombres presentes se quedaron hasta el final o a los lados.<\/p>\n<p>La marcha que sali\u00f3 del Monumento a la Revoluci\u00f3n junt\u00f3 amas de casa que jam\u00e1s han marchado, feministas que marchan todos los 8 de marzo, mujeres sobrevivientes de la violencia y mujeres que teman ser las que siguen. Entre todas, hay un hilo negro que une sus vidas y sus corajes \u2014la violencia de g\u00e9nero. Para ninguna es un tema abstracto; todas conocen la violencia de primera mano. La han sufrido en carne propia, o aman a alguien que ha sido v\u00edctima\u2013hermana, madre, hija, amiga, colega.<\/p>\n<p><strong>\u00bfPor qu\u00e9 tanta rabia?<\/strong><\/p>\n<p>Pocos temas han generado tanta pol\u00e9mica en tan poco tiempo como las manifestaciones de las mujeres mexicanas en este a\u00f1o. Las redes sociales arden con ataques contra el feminismo y contra las mujeres que se atreven a alzar la voz y tomar la calle. \u00bfCon qu\u00e9 derecho se quejan, si las cosas est\u00e1n cambiando?, dicen algunos, como si los n\u00fameros que registran el alt\u00edsimo nivel de feminicidios fueran un atavismo. Las respuestas de odio contra mujeres que piden una vida sin violencia han sido un reflejo fiel de c\u00f3mo la violencia forma parte de una estructura de privilegios que no quieren ceder.<\/p>\n<div class=\"wp-block-image\">\n<figure class=\"aligncenter\"><img decoding=\"async\" class=\"aligncenter\" src=\"https:\/\/desinformemonos.org\/wp-content\/uploads\/2020\/03\/IMG_4095-480x640.jpeg\" \/><\/figure>\n<\/div>\n<p>Preguntan: \u00bfpor qu\u00e9 tanta rabia? Contestan las mujeres:<\/p>\n<p>\u201cLas autoridades no han hecho nada en un a\u00f1o\u201d. La cu\u00f1ada de Vania fue v\u00edctima de feminicidio el 24 de mayo de 2019. \u201cLa secuestraron y la asesinaron y apareci\u00f3 su cuerpo en Iztapalapa\u201d, relata la mujer que porta la foto de su cu\u00f1ada. Para ella, marchar juntas surge de la esperanza de ver un cambio real. \u201cEsperamos que la conciencia social cambie, que haya una conciencia mucho m\u00e1s grande para que se termine el abuso a la mujer\u201d.<\/p>\n<p>M\u00e1s adelante, dos mujeres relatan la vida en una de las zonas m\u00e1s peligrosas para las mujeres de M\u00e9xico \u2014Ecatepec. \u201cVivimos en Ecatepec y estamos hartas de tanta violencia, de ver que la sociedad en M\u00e9xico se sigue pudriendo poco a poco\u201d. Es la primera vez que han marchado un 8 de marzo. \u201cPor lo regular, no participo\u201d, dice la mayor de ellas, \u201cpero hoy es un d\u00eda importante. Soy madre de tres hijas y diario me paro pidiendo a Dios que las cuide\u201d. \u201cVivimos a una calle, a unas cuadras del \u2018monstruo de Ecatepec\u2019 (asesino en serie). Conozco a la persona que le comieron a su hija. Mi hija ha sido violentada y si estamos aqu\u00ed es para alzar la voz\u201d. Dice que su hija menor, de 10 a\u00f1os, ahora no puede ni salir a la esquina a comprar tortillas.<\/p>\n<p>En el primer contingente marchan las madres de las v\u00edctimas de feminicidio, entre los aplausos de la multitud y con ramos de flores en la mano. Su dolor y su lucha les ha dado una autoridad moral indiscutible en el nuevo movimiento contra la violencia contra las mujeres.<\/p>\n<div class=\"wp-block-image\"><\/div>\n<p>Irinea Buend\u00eda es una de las figuras m\u00e1s conocidas por su lucha. Su hija Mariana Lima Buend\u00eda fue asesinada por su exnovio en 2010. Su caso lleg\u00f3 hasta la Suprema Corte y result\u00f3 en una decisi\u00f3n que exige que el Estado investigue y juzgue los casos con perspectiva de g\u00e9nero y que brinde reparaciones por violaciones de derechos humanos. A pesar del logro, su lucha no termin\u00f3 all\u00ed, y la mujer con pelo blanco y actitud indomable sigue reivindicando el nombre y la vida de su hija. \u201cMi hija fue asesinada, no se suicid\u00f3\u201d, afirma, ya que las autoridades intentaron a atribuir la muerte al suicidio. \u201cAs\u00ed es como los jueces y las autoridades se escudan y dicen que son inocentes los feminicidas, porque para ellos hay empat\u00eda, para los asesinos, y no para nosotras. \u00a1Ya basta! Estamos aqu\u00ed para exigirle al presidente L\u00f3pez Obrador que se posicione acerca de los feminicidios\u201d. Con otras mujeres, denunci\u00f3 la propuesta del Fiscal de eliminar la tipificaci\u00f3n de feminicidio\u2013un logro de las madres y activistas\u2014para reconocerlo como homicidio de mujeres con agravantes.<\/p>\n<p>La mam\u00e1 de F\u00e1tima Quintana tambi\u00e9n marcha en el primer contingente. F\u00e1tima tenia 12 a\u00f1os en febrero 2015, cuando \u201ctres de mis vecinos se sent\u00edan con derecho de arrebatarle la vida a mi ni\u00f1a\u201d, relata Lorena Guti\u00e9rrez. \u201cLa torturaron, la violaron y la semi-enterraron. A una ni\u00f1a, una ni\u00f1a a la que el Estado no le garantiz\u00f3 la seguridad de ir y regresar de la escuela con vida a casa\u201d. \u201cA F\u00e1tima, el Estado le debe, est\u00e1 en deuda con F\u00e1tima y con todas las mujeres y ni\u00f1as asesinadas en el pa\u00eds.\u201d<\/p>\n<div class=\"wp-block-image\">\n<figure class=\"aligncenter\"><img decoding=\"async\" src=\"https:\/\/desinformemonos.org\/wp-content\/uploads\/2020\/03\/IMG_4026-480x640.jpeg\" \/><\/figure>\n<\/div>\n<p>Los primeros contingentes est\u00e1n llegando al Z\u00f3calo cuando siguen apenas saliendo mujeres del Monumento a la Revoluci\u00f3n. Entrando a la enorme plaza, las familiares de Mar\u00eda Magdalena Jard\u00f3n marchan juntas tras la lona que lleva su foto. La enfermera sali\u00f3 del trabajo en 2013 y encontraron su cuerpo unos d\u00edas despu\u00e9s. \u201cNo hemos recibido ninguna soluci\u00f3n por parte del gobierno. Siempre dicen que no hay pruebas suficientes para inculpar a alguien\u201d, dice su sobrina. \u201cHemos buscado justicia por 7 a\u00f1os, hemos tocado puertas y nadie nos ha abierto. Buscamos que el gobierno y la sociedad se sensibilice ante el dolor. Cuando lo vives, te mata una parte. No solo mataron a Magda, mataron a nosotras como familia\u201d, dice Claudia Jard\u00f3n.<\/p>\n<p>A la salida por Pino Su\u00e1rez una mujer est\u00e1 parada en media avenida 20 de Noviembre. \u201cSoy feminista por violaci\u00f3n\u201d, se lee en las letras escritas con marcador en una cartulina que est\u00e1 doblada a sus pies. \u201cS\u00ed, esa soy yo\u201d, dice la mujer de unos 25 a\u00f1os con voz cortada, entre triste y desafiante. Es la primera vez que se presenta as\u00ed.<\/p>\n<p><strong>La unidad de las diversidades <\/strong><\/p>\n<p>La hist\u00f3rica marcha logr\u00f3 unir mujeres que no se conocen, pero se reconocen. Entre los contingentes hay mujeres de la comunidad LGBTQ, j\u00f3venes, anarquistas, teatreras, artistas y m\u00fasicas, estudiantes, descapacitadas, ONG, y m\u00e1s. \u201cEsta es una forma de hacer visible nuestra lucha\u201d, dice Tania Marcela, desde su silla de ruedas. \u201cNuestro contingente incluye mujeres que son sordas, con discapacidad mental y motriz. Eso nos pone frente una desventaja, sobre todo para las mujeres.\u201d<\/p>\n<div class=\"wp-block-image\">\n<figure class=\"aligncenter\"><img decoding=\"async\" src=\"https:\/\/desinformemonos.org\/wp-content\/uploads\/2020\/03\/IMG_4029-640x480.jpeg\" \/><\/figure>\n<\/div>\n<p>La violencia vinculada al trabajo presenta otro tipo de amenazas y violencias para las mujeres trabajadoras. Mujeres de distintos sectores participaron para denunciar la discriminaci\u00f3n, el miedo de perder el empleo como forma de chantaje, en que los hombres supervisores piden \u201cfavores\u201d a las trabajadoras. El contingente de periodistas marcha tras una lona que dice: \u201cPara que publiquen sus notas no necesitas salir con el editor\u201d.<\/p>\n<p>\u201cVivimos desigualdades, injusticias y acoso, que est\u00e1n muy normalizadas en las redacciones\u201d, dice Reina Paz de La Cr\u00f3nica. \u201cEstamos aqu\u00ed para salir y denunciar, aunque sea con cartelitos, algo que se vive solas\u201d.<\/p>\n<p>Las j\u00f3venes se han organizado para marchar, algunas con colectivas que tienen tiempo dedicadas al tema y otras espont\u00e1neamente. Unas j\u00f3venes formaron un grupo por WhatsApp para marchar en un grupo m\u00e1s grande y ahora son 130. Todas llevan un listo blanco en la mano izquierda. \u201cCre\u00edmos que era necesario salir a marchar hoy para mostrar que no tenemos miedo y que queremos seguir viviendo\u201d, dice Sabrina Quevedo, de 23 a\u00f1os. \u201cNos ha afectado porque en grupos muy cercanos, varias amigas han desaparecido en estos d\u00edas y no est\u00e1 bien\u201d.<\/p>\n<div class=\"wp-block-image\"><\/div>\n<p>Hacia el principio de la marcha, para protegerlos, camina el contingente de madres con hijos. \u201cYo he marchado toda mi vida, pero hoy no pod\u00eda faltar\u2013 por ellas y por m\u00ed\u201d. Su hijo de 12 a\u00f1os esta a su lado mientras se preparan a salir. \u201cCreo que es importante que \u00e9l escuche la rabia que tenemos las mujeres porque para cambiar este sistema los hombres tienen que hacer conciencia, y es dif\u00edcil cuando son adultos\u201d, afirma Gabriela Salinas Parra. Su hijo, Rodrigo P\u00e9rez Salinas, agrega: \u201cMe di cuenta de cu\u00e1n importante son las mujeres del pa\u00eds cuando march\u00e9 el a\u00f1o pasado y despu\u00e9s de enterarme de los casos en enero y febrero decid\u00ed que ten\u00eda que venir a apoyar a las mujeres porque si no estamos b\u00e1sicamente perdidos\u00bb.<\/p>\n<p>Un grupo de estudiantes del Colegio Madrid, desde primaria a la preparatoria, e incluso con mam\u00e1s, han hecho su contingente. Una joven de la prepa explica: \u201cEstuvimos en la escuela platicando c\u00f3mo participar y decidimos marchar, por toda la impunidad que sufrimos las mujeres y c\u00f3mo la estad\u00edstica va creciendo y no hay ninguna respuesta del gobierno\u201d.<\/p>\n<div class=\"wp-block-image\">\n<figure class=\"aligncenter\"><img decoding=\"async\" src=\"https:\/\/desinformemonos.org\/wp-content\/uploads\/2020\/03\/IMG_4009-640x425.jpeg\" \/><\/figure>\n<\/div>\n<p>Tambi\u00e9n explica que para ellas fue importante que fuera una acci\u00f3n s\u00f3lo de mujeres, una caracter\u00edstica de la mayor parte de los contingentes. \u201cCrear un contingente separatista creo que es fundamental, porque aunque los hombres quieren tener un participaci\u00f3n en el movimiento, no se puede. Es una lucha de nosotras y ellos no sufren lo que nosotras\u201d. Terminan en coro \u201c\u00a1Ni una menos!\u201d .<\/p>\n<p>Algo profundo cambi\u00f3 en la vida pol\u00edtica de M\u00e9xico este 8 de marzo. Con muchas formas de lucha, desde muchas perspectivas y vivencias, lo que las autoridades calculan en 80 mil mujeres y otros en m\u00e1s de 100 mil, salieron a la calle para expresar su hartazgo, su exigencia, su rabia y sus deseos de simplemente vivir sin violencias. Una consigna constante fue: \u201cNada sobre nosotras sin nosotras\u201d. Y toda pol\u00edtica es sobre nosotras porque somos la mitad del mundo. El pa\u00eds no puede volver a ser lo mismo que fue antes. Las mujeres no lo permitir\u00e1n.<\/p>\n<p><em>Ciudad de M\u00e9xico | Desinform\u00e9monos. 8 de marzo de 2020. Texto y fotos: Laura Carlsen<\/em><strong><br \/>\n<\/strong><\/p>\n","protected":false},"excerpt":{"rendered":"<p>Fue la marcha de mujeres m\u00e1s grande en la historia de la Ciudad de M\u00e9xico, y el 8 de marzo m\u00e1s combativo. Decenas de miles de mujeres, en un r\u00edo color violeta, fluyeron por las calles del centro. Marcharon mujeres de todas las edades, sectores, clases, barrios, escuelas. Ellas llenaron las calles con sus cuerpos y sus gritos. Los pocos hombres presentes se quedaron hasta el final o a los lados.<\/p>\n","protected":false},"author":14,"featured_media":51668,"comment_status":"closed","ping_status":"open","sticky":false,"template":"","format":"standard","meta":{"inline_featured_image":false,"footnotes":""},"categories":[4918],"tags":[6106,6107,4958,5071],"coauthors":[5128],"class_list":["post-51667","post","type-post","status-publish","format-standard","has-post-thumbnail","hentry","category-feminismos","tag-8-de-marzo","tag-ciudad-de-mexico","tag-mexico","tag-norteamerica"],"_links":{"self":[{"href":"https:\/\/www.americas.org\/es\/wp-json\/wp\/v2\/posts\/51667","targetHints":{"allow":["GET"]}}],"collection":[{"href":"https:\/\/www.americas.org\/es\/wp-json\/wp\/v2\/posts"}],"about":[{"href":"https:\/\/www.americas.org\/es\/wp-json\/wp\/v2\/types\/post"}],"author":[{"embeddable":true,"href":"https:\/\/www.americas.org\/es\/wp-json\/wp\/v2\/users\/14"}],"replies":[{"embeddable":true,"href":"https:\/\/www.americas.org\/es\/wp-json\/wp\/v2\/comments?post=51667"}],"version-history":[{"count":1,"href":"https:\/\/www.americas.org\/es\/wp-json\/wp\/v2\/posts\/51667\/revisions"}],"predecessor-version":[{"id":51669,"href":"https:\/\/www.americas.org\/es\/wp-json\/wp\/v2\/posts\/51667\/revisions\/51669"}],"wp:featuredmedia":[{"embeddable":true,"href":"https:\/\/www.americas.org\/es\/wp-json\/wp\/v2\/media\/51668"}],"wp:attachment":[{"href":"https:\/\/www.americas.org\/es\/wp-json\/wp\/v2\/media?parent=51667"}],"wp:term":[{"taxonomy":"category","embeddable":true,"href":"https:\/\/www.americas.org\/es\/wp-json\/wp\/v2\/categories?post=51667"},{"taxonomy":"post_tag","embeddable":true,"href":"https:\/\/www.americas.org\/es\/wp-json\/wp\/v2\/tags?post=51667"},{"taxonomy":"author","embeddable":true,"href":"https:\/\/www.americas.org\/es\/wp-json\/wp\/v2\/coauthors?post=51667"}],"curies":[{"name":"wp","href":"https:\/\/api.w.org\/{rel}","templated":true}]}}