{"id":52053,"date":"2020-11-29T20:19:01","date_gmt":"2020-11-30T01:19:01","guid":{"rendered":"https:\/\/www.americas.org\/?p=52053\/"},"modified":"2021-04-19T16:08:41","modified_gmt":"2021-04-19T21:08:41","slug":"estallido-popular-en-guatemala-la-indignacion-acumulada","status":"publish","type":"post","link":"https:\/\/www.americas.org\/es\/estallido-popular-en-guatemala-la-indignacion-acumulada\/","title":{"rendered":"Estallido popular en Guatemala&#8211;La indignaci\u00f3n acumulada"},"content":{"rendered":"<p><img loading=\"lazy\" decoding=\"async\" class=\"alignleft size-full wp-image-52066\" src=\"https:\/\/www.americas.org\/wp-content\/uploads\/2020\/11\/3d3b2628-f555-43f0-8a4b-84c1ed6156f5-e1606697439786.jpg\" alt=\"\" width=\"500\" height=\"375\" \/>El impacto de los huracanes Eta y Iota no se dimensiona aun cuando una nueva crisis, producto de un acumulado hist\u00f3rico en el pa\u00eds, estall\u00f3 en Guatemala. La crisis pol\u00edtica es el resultado de la indignaci\u00f3n de amplios sectores de la poblaci\u00f3n por la corrupci\u00f3n y la impunidad que se da en el Estado y se expresa particularmente en el Congreso de Guatemala.<\/p>\n<p>Las movilizaciones pac\u00edficas de miles de personas este s\u00e1bado 28 de noviembre empezaron sin incidentes. Despu\u00e9s de las cr\u00edticas nacionales e internacionales por la violencia policiaca hace una semana, en horas de la ma\u00f1ana el ministro de Gobernaci\u00f3n dijo que garantizar\u00eda la seguridad de la poblaci\u00f3n, dando un giro ante la presi\u00f3n de la poblaci\u00f3n para que sea destituido por la brutal represi\u00f3n del s\u00e1bado pasado. Al igual que durante la semana, la presencia de mujeres y j\u00f3venes fue notoria en varias plazas del pa\u00eds, pidiendo la renuncia del presidente y sus ministros y de la directiva del Congreso, entre otras demandas.<\/p>\n<p>Sin embargo, seg\u00fan denuncias, videos y fotos del lugar, a las 17:15 de la tarde unas personas incendiaron un autob\u00fas frente al Palacio Nacional, mientras la Polic\u00eda Nacional Civil no intent\u00f3 impedirlos. La poblaci\u00f3n logr\u00f3 controlar la situaci\u00f3n, pero el mismo grupo agredi\u00f3 a varias personas de las organizaciones de derechos humanos y otros.<\/p>\n<p>Un comunicado de la Convergencia por lo Derechos Humanos, una asociaci\u00f3n de organizaciones de la sociedad civil, se\u00f1al\u00f3: \u201cLa Convergencia por los Derechos Humanos repudia las acciones provocadas que se concertan para deslegitimar el derecho de reuni\u00f3n y manifestaci\u00f3n pacifica y se solidariza con las personas agredidas por el grupo de provocadores infiltrados. Se\u00f1ala como autores de misma al Ministro de Gobernaci\u00f3n Gendri Reyes, al Viceministro de Seguridad Carlos Franco Urz\u00faa, al Director General de la PNC Jos\u00e9 Antonio Tzub\u00e1n, al Sub Director General Adjunto de la PNC Edwin Adriano, y, sobre todo, al Presidente Alejandro Giammattei.\u201d<\/p>\n<p><strong>La gota que derram\u00f3 el vaso<\/strong><\/p>\n<p>El mi\u00e9rcoles 18 de noviembre el Congreso de la Rep\u00fablica aprob\u00f3 en sesi\u00f3n del pleno y durante la noche, un presupuesto que tendr\u00eda que ser ratificado en el Ejecutivo, que entre otras cosas reduc\u00eda los fondos para los programas sociales, particularmente para el combate a la desnutrici\u00f3n, y aumentaba los fondos para los diputados. Varios de ellos tienen un historial de corrupci\u00f3n e incluso demandas en su contra en el seno del mismo congreso y entidades del organismo judicial y otros organismos del Estado en lo que se ha dado por llamar \u201c<em>el pacto de corruptos\u201d. <\/em><\/p>\n<p>La noticia se fue filtrando a la prensa y provoc\u00f3 la indignaci\u00f3n y enojo de muchos sectores del pa\u00eds; poco a poco distintos sectores se fueron pronunciando, incluyendo el CACIF (la coordinadora de empresarios m\u00e1s poderosa del pa\u00eds) y llamaron a manifestarse el d\u00eda s\u00e1bado en todas las plazas, incluyendo la plaza central de la Ciudad de Guatemala.\u00a0 Notoriamente, mujeres y j\u00f3venes llamaron a denunciar la situaci\u00f3n y a pedir la renuncia del presidente y de los diputados que aprobaron el presupuesto.<\/p>\n<p>El 21 de noviembre se reuni\u00f3 una multitud en la plaza central de la Ciudad de Guatemala y en otros departamentos-Alta Verapaz, Quetzaltenango, Sacatep\u00e9quez, Huehuetenango entre otros. La manifestaci\u00f3n nutrida y pac\u00edfica, la mayor\u00eda con mascarillas de protecci\u00f3n, estaba rodeada por elementos de la Polic\u00eda Nacional Civil (PNC).\u00a0 Cerca de ah\u00ed, frente al Congreso de la Rep\u00fablica, se reuni\u00f3 un grupo de manifestantes y en un momento dado algunos hombres j\u00f3venes se subieron a las ventanas y rompieron los vidrios y se provoc\u00f3 un fuego en esa secci\u00f3n frontal del Congreso.<\/p>\n<p>Existen numerosos videos y evidencia gr\u00e1fica de que las puertas del congreso se abrieron por dentro y de que estaban preparados con extintores, adem\u00e1s de que la fuerza policial que rodeaba el edificio no se movi\u00f3 en el momento para impedir los da\u00f1os al edificio.\u00a0 Adem\u00e1s, m\u00e1s tarde el ministro de gobernaci\u00f3n admiti\u00f3 que en el interior del edificio hab\u00eda 40 miembros de la PNC preparados para cualquier eventualidad.\u00a0 El suceso est\u00e1 bajo investigaci\u00f3n del Ministerio P\u00fablico, pero cada vez se acumulan mayores evidencias de que fue una acci\u00f3n alentada por gente infiltrada en la manifestaci\u00f3n para justificar el uso de la fuerza que se dio posteriormente, igual que la acci\u00f3n el 28.\u00a0 Horas antes se hab\u00eda suscitado un evento similar frente a la municipalidad de Guatemala, en donde algunos j\u00f3venes prendieron fuego al monumento a \u00c1lvaro Arz\u00fa- ex presidente del pa\u00eds que al momento de su muerte (por causas naturales hace dos a\u00f1os aproximadamente) estaba tambi\u00e9n bajo investigaci\u00f3n durante su mandato como alcalde de la ciudad capital.<\/p>\n<p><img loading=\"lazy\" decoding=\"async\" class=\"alignright size-full wp-image-52075\" src=\"https:\/\/www.americas.org\/wp-content\/uploads\/2020\/11\/60b04c1d-0715-4c5d-9a56-dcb035a6b6cb-e1606697357762.jpg\" alt=\"\" width=\"350\" height=\"197\" \/>La reacci\u00f3n de las fuerzas policiales ante este hecho fue de represi\u00f3n brutal. Dispararon gases lacrim\u00f3genos contra los y las manifestantes, golpearon con sus bastones a mucha gente y persiguieron a periodistas y gente que estaba documentando la situaci\u00f3n. Dos j\u00f3venes perdieron un ojo por el impacto de las bombas lacrim\u00f3genas; varias mujeres fueron golpeadas y arrastradas por la polic\u00eda y m\u00e1s de 40 personas (j\u00f3venes y mujeres en su mayor\u00eda) fueron detenidas. Al momento, solamente uno se encuentra todav\u00eda en prisi\u00f3n (porque seg\u00fan se explica cambi\u00f3 de abogado y el proceso est\u00e1 en marcha).\u00a0 Las manifestaciones denunciando estos hechos, las evidencias gr\u00e1ficas que existen y las continuas movilizaciones de diversos sectores han continuado desde entonces.<\/p>\n<p>Horas antes de estos hechos, el vicepresidente Castillo, empresario con reputaci\u00f3n de ser una persona moderada, dio una conferencia de prensa donde comparti\u00f3 que le hab\u00eda planteado al presidente que ambos renunciaran en aras de la estabilidad del pa\u00eds.\u00a0 Su postura de distanciamiento del presidente no es nueva y denuncia falta de voluntad del ejecutivo para atacar la corrupci\u00f3n, adem\u00e1s de que ha sido apartado de sus funciones por la creaci\u00f3n de una Oficina de Gobierno que en la pr\u00e1ctica lidera el gabinete y que preside quien seg\u00fan se dice es la pareja del presidente.\u00a0 Es posible que, de renunciar el presidente, Castillo sea la figura de cierto consenso en el sector empresarial para suceder a Giammattei, quien podr\u00eda ya no representar los intereses y la estabilidad que al empresariado le conviene.\u00a0 Dar marcha atr\u00e1s a la propuesta de presupuesto enfrenta problemas legales- s\u00f3lo puede darse si el pleno del congreso lo aprueba.<\/p>\n<p>Los diputados de oposici\u00f3n del Congreso han pedido la renuncia de la Junta Directiva y el presidente ha convocado a \u201cdiversos sectores\u201d del pa\u00eds a discutir la propuesta presupuestaria, algunos de los cuales se han negado a participar.\u00a0 Los pueblos ind\u00edgenas, siendo al menos la mitad de la poblaci\u00f3n, no han sido convocados y las autoridades ancestrales y otras organizaciones han manifestado tambi\u00e9n frente al palacio durante estos d\u00edas expresando su descontento.\u00a0 Las mujeres y feministas de diversas organizaciones se manifiestan tambi\u00e9n de manera notable junto con j\u00f3venes en todo el pa\u00eds.<\/p>\n<p><strong>Las demandas de la poblaci\u00f3n<\/strong><\/p>\n<p>Contrario a lo que se pensaba de que la situaci\u00f3n no pod\u00eda ser peor, la destrucci\u00f3n de los pocos espacios democr\u00e1ticos se sigue profundizando en el pa\u00eds con repetidos intentos de romper con la endeble institucionalidad del Estado, y ante la falta de respuesta a la poblaci\u00f3n cada vez m\u00e1s empobrecida y vulnerable del pa\u00eds.\u00a0 La ausencia del Estado en las zonas rurales se hizo m\u00e1s evidente con la pandemia y con la falta de respuesta articulada para auxiliar a la poblaci\u00f3n por los impactos de los huracanes.\u00a0 A este momento, muchas comunidades contin\u00faan estando aisladas debido a las inundaciones, la p\u00e9rdida de infraestructura de comunicaci\u00f3n y agravada por la p\u00e9rdida de cosechas, cuyos impactos se ver\u00e1n m\u00e1s claramente con el paso del tiempo.<\/p>\n<p>Desde la poblaci\u00f3n y la sociedad civil organizada hay muchas y diversas propuestas- unas que apuntan a cambios estructurales m\u00e1s radicales y otras a acciones inmediatas que abonen a cambios en un proceso de m\u00e1s largo plazo.\u00a0 Las que parecen consensuar m\u00e1s opini\u00f3n hasta este momento son:<\/p>\n<ol>\n<li>La renuncia del presidente<\/li>\n<li>La renuncia del Ministro de Gobernaci\u00f3n y del Director de la Polic\u00eda Nacional Civil.<\/li>\n<li>El castigo a los responsables de la represi\u00f3n y el respeto a la libre expresi\u00f3n<\/li>\n<li>El veto a la propuesta presupuestaria<\/li>\n<\/ol>\n<p>Se prev\u00e9n que contin\u00faen manifestaciones p\u00fablicas en los siguientes d\u00edas desde distintos sectores.<\/p>\n<p><img loading=\"lazy\" decoding=\"async\" class=\"alignleft size-full wp-image-52077\" src=\"https:\/\/www.americas.org\/wp-content\/uploads\/2020\/11\/17be2f45-b215-4512-8431-f33ad0a4f17a.jpg\" alt=\"\" width=\"1280\" height=\"960\" \/><img loading=\"lazy\" decoding=\"async\" class=\"alignleft size-full wp-image-52076\" src=\"https:\/\/www.americas.org\/wp-content\/uploads\/2020\/11\/d27b4b7e-39c5-4c1a-aa99-2ecc39d8d860.jpg\" alt=\"\" width=\"1280\" height=\"720\" \/>\u00a0 <img loading=\"lazy\" decoding=\"async\" class=\"alignleft size-full wp-image-52074\" src=\"https:\/\/www.americas.org\/wp-content\/uploads\/2020\/11\/e56ecdba-0e3f-474f-a782-63a4298e109e.jpg\" alt=\"\" width=\"1280\" height=\"720\" \/> <img loading=\"lazy\" decoding=\"async\" class=\"alignleft size-full wp-image-52073\" src=\"https:\/\/www.americas.org\/wp-content\/uploads\/2020\/11\/e898ecc6-a8f2-435c-9c03-d0699914b6da.jpg\" alt=\"\" width=\"1040\" height=\"780\" \/> <img loading=\"lazy\" decoding=\"async\" class=\"alignleft size-full wp-image-52072\" src=\"https:\/\/www.americas.org\/wp-content\/uploads\/2020\/11\/ec7cf5e6-7924-40a2-b35b-bd7dc46a7914.jpg\" alt=\"\" width=\"1040\" height=\"780\" \/> <img loading=\"lazy\" decoding=\"async\" class=\"alignleft size-full wp-image-52071\" src=\"https:\/\/www.americas.org\/wp-content\/uploads\/2020\/11\/eed97ebf-fbe3-4aa5-8616-71710df7ef3a.jpg\" alt=\"\" width=\"1040\" height=\"780\" srcset=\"https:\/\/www.americas.org\/wp-content\/uploads\/2020\/11\/eed97ebf-fbe3-4aa5-8616-71710df7ef3a.jpg 1040w, https:\/\/www.americas.org\/wp-content\/uploads\/2020\/11\/eed97ebf-fbe3-4aa5-8616-71710df7ef3a-768x576.jpg 768w\" sizes=\"auto, (max-width: 1040px) 100vw, 1040px\" \/> <img loading=\"lazy\" decoding=\"async\" class=\"alignleft size-full wp-image-52070\" src=\"https:\/\/www.americas.org\/wp-content\/uploads\/2020\/11\/ba269eac-fdcd-4255-b968-7387b9a6810a.jpg\" alt=\"\" width=\"1040\" height=\"780\" \/> <img loading=\"lazy\" decoding=\"async\" class=\"alignleft size-full wp-image-52068\" src=\"https:\/\/www.americas.org\/wp-content\/uploads\/2020\/11\/faf27370-ff5f-4162-8d6a-1147d258fd53.jpg\" alt=\"\" width=\"1040\" height=\"780\" \/> <img loading=\"lazy\" decoding=\"async\" class=\"alignleft size-full wp-image-52067\" src=\"https:\/\/www.americas.org\/wp-content\/uploads\/2020\/11\/f3db1850-c5d7-4be5-9dda-3f22fd294704.jpg\" alt=\"\" width=\"1040\" height=\"780\" \/><\/p>\n<p>&nbsp;<\/p>\n<p>&nbsp;<\/p>\n<p>&nbsp;<\/p>\n<p><img loading=\"lazy\" decoding=\"async\" class=\"alignleft wp-image-52065 size-full\" src=\"https:\/\/www.americas.org\/wp-content\/uploads\/2020\/11\/c70e8eda-4221-479e-9b68-c7af38f45e4c-e1606697792788.jpg\" alt=\"\" width=\"900\" height=\"675\" \/><img loading=\"lazy\" decoding=\"async\" class=\"size-full wp-image-52064 aligncenter\" src=\"https:\/\/www.americas.org\/wp-content\/uploads\/2020\/11\/855a23ea-eaf6-461c-a7ad-b3a69100d1ae-e1606697658856.jpg\" alt=\"\" width=\"700\" height=\"525\" \/>\u00a0 <img loading=\"lazy\" decoding=\"async\" class=\"alignleft size-full wp-image-52063\" src=\"https:\/\/www.americas.org\/wp-content\/uploads\/2020\/11\/c6784fba-dfb1-4ef0-a135-8ca6f26a2e20.jpg\" alt=\"\" width=\"1040\" height=\"780\" \/> <img loading=\"lazy\" decoding=\"async\" class=\"alignleft size-full wp-image-52062\" src=\"https:\/\/www.americas.org\/wp-content\/uploads\/2020\/11\/c6cfe15a-67ef-44aa-a8c9-8947af7e4510.jpg\" alt=\"\" width=\"1040\" height=\"780\" \/> <img loading=\"lazy\" decoding=\"async\" class=\"alignleft size-full wp-image-52061\" src=\"https:\/\/www.americas.org\/wp-content\/uploads\/2020\/11\/91956b8a-8875-4b1f-9323-161a2e54f587.jpg\" alt=\"\" width=\"1040\" height=\"780\" srcset=\"https:\/\/www.americas.org\/wp-content\/uploads\/2020\/11\/91956b8a-8875-4b1f-9323-161a2e54f587.jpg 1040w, https:\/\/www.americas.org\/wp-content\/uploads\/2020\/11\/91956b8a-8875-4b1f-9323-161a2e54f587-768x576.jpg 768w\" sizes=\"auto, (max-width: 1040px) 100vw, 1040px\" \/> <img loading=\"lazy\" decoding=\"async\" class=\"alignleft size-full wp-image-52060\" src=\"https:\/\/www.americas.org\/wp-content\/uploads\/2020\/11\/592de014-80ca-42d1-88f7-f4cf96c8f8b7.jpg\" alt=\"\" width=\"1040\" height=\"780\" srcset=\"https:\/\/www.americas.org\/wp-content\/uploads\/2020\/11\/592de014-80ca-42d1-88f7-f4cf96c8f8b7.jpg 1040w, https:\/\/www.americas.org\/wp-content\/uploads\/2020\/11\/592de014-80ca-42d1-88f7-f4cf96c8f8b7-768x576.jpg 768w\" sizes=\"auto, (max-width: 1040px) 100vw, 1040px\" \/> <img loading=\"lazy\" decoding=\"async\" class=\"alignleft size-full wp-image-52059\" src=\"https:\/\/www.americas.org\/wp-content\/uploads\/2020\/11\/bd6b7711-fa3c-4b74-80e9-b2a8058823b8.jpg\" alt=\"\" width=\"1040\" height=\"780\" \/> <img loading=\"lazy\" decoding=\"async\" class=\"alignleft size-full wp-image-52058\" src=\"https:\/\/www.americas.org\/wp-content\/uploads\/2020\/11\/e46eb1cf-cc1e-4ac7-add2-6aaa3d1c820e.jpg\" alt=\"\" width=\"1040\" height=\"780\" srcset=\"https:\/\/www.americas.org\/wp-content\/uploads\/2020\/11\/e46eb1cf-cc1e-4ac7-add2-6aaa3d1c820e.jpg 1040w, https:\/\/www.americas.org\/wp-content\/uploads\/2020\/11\/e46eb1cf-cc1e-4ac7-add2-6aaa3d1c820e-768x576.jpg 768w\" sizes=\"auto, (max-width: 1040px) 100vw, 1040px\" \/> <img loading=\"lazy\" decoding=\"async\" class=\"alignleft size-full wp-image-52057\" src=\"https:\/\/www.americas.org\/wp-content\/uploads\/2020\/11\/c6c2e63e-a2b4-4e68-af7b-d1e93764a163.jpg\" alt=\"\" width=\"1040\" height=\"780\" srcset=\"https:\/\/www.americas.org\/wp-content\/uploads\/2020\/11\/c6c2e63e-a2b4-4e68-af7b-d1e93764a163.jpg 1040w, https:\/\/www.americas.org\/wp-content\/uploads\/2020\/11\/c6c2e63e-a2b4-4e68-af7b-d1e93764a163-768x576.jpg 768w\" sizes=\"auto, (max-width: 1040px) 100vw, 1040px\" \/> <img loading=\"lazy\" decoding=\"async\" class=\"alignleft size-full wp-image-52056\" src=\"https:\/\/www.americas.org\/wp-content\/uploads\/2020\/11\/8a366e09-0e5a-4e61-b625-5e96240ff617.jpg\" alt=\"\" width=\"1040\" height=\"780\" srcset=\"https:\/\/www.americas.org\/wp-content\/uploads\/2020\/11\/8a366e09-0e5a-4e61-b625-5e96240ff617.jpg 1040w, https:\/\/www.americas.org\/wp-content\/uploads\/2020\/11\/8a366e09-0e5a-4e61-b625-5e96240ff617-768x576.jpg 768w\" sizes=\"auto, (max-width: 1040px) 100vw, 1040px\" \/> <img loading=\"lazy\" decoding=\"async\" class=\"alignleft size-full wp-image-52055\" src=\"https:\/\/www.americas.org\/wp-content\/uploads\/2020\/11\/57d780ef-e74c-4ce2-a9b0-85738356fffd.jpg\" alt=\"\" width=\"1040\" height=\"780\" srcset=\"https:\/\/www.americas.org\/wp-content\/uploads\/2020\/11\/57d780ef-e74c-4ce2-a9b0-85738356fffd.jpg 1040w, https:\/\/www.americas.org\/wp-content\/uploads\/2020\/11\/57d780ef-e74c-4ce2-a9b0-85738356fffd-768x576.jpg 768w\" sizes=\"auto, (max-width: 1040px) 100vw, 1040px\" \/><\/p>\n","protected":false},"excerpt":{"rendered":"<p>La crisis pol\u00edtica es el resultado de la indignaci\u00f3n de amplios sectores de la poblaci\u00f3n por la corrupci\u00f3n y la impunidad que se da en el Estado y se expresa particularmente en el Congreso de Guatemala.\u00a0<\/p>\n","protected":false},"author":475,"featured_media":52066,"comment_status":"closed","ping_status":"open","sticky":false,"template":"","format":"standard","meta":{"inline_featured_image":false,"footnotes":""},"categories":[4884,4912],"tags":[4922,7361,5553],"coauthors":[7359],"class_list":["post-52053","post","type-post","status-publish","format-standard","has-post-thumbnail","hentry","category-democracia","category-movimientos-sociales","tag-centroamerica","tag-giammattei","tag-guatemala"],"_links":{"self":[{"href":"https:\/\/www.americas.org\/es\/wp-json\/wp\/v2\/posts\/52053","targetHints":{"allow":["GET"]}}],"collection":[{"href":"https:\/\/www.americas.org\/es\/wp-json\/wp\/v2\/posts"}],"about":[{"href":"https:\/\/www.americas.org\/es\/wp-json\/wp\/v2\/types\/post"}],"author":[{"embeddable":true,"href":"https:\/\/www.americas.org\/es\/wp-json\/wp\/v2\/users\/475"}],"replies":[{"embeddable":true,"href":"https:\/\/www.americas.org\/es\/wp-json\/wp\/v2\/comments?post=52053"}],"version-history":[{"count":4,"href":"https:\/\/www.americas.org\/es\/wp-json\/wp\/v2\/posts\/52053\/revisions"}],"predecessor-version":[{"id":52104,"href":"https:\/\/www.americas.org\/es\/wp-json\/wp\/v2\/posts\/52053\/revisions\/52104"}],"wp:featuredmedia":[{"embeddable":true,"href":"https:\/\/www.americas.org\/es\/wp-json\/wp\/v2\/media\/52066"}],"wp:attachment":[{"href":"https:\/\/www.americas.org\/es\/wp-json\/wp\/v2\/media?parent=52053"}],"wp:term":[{"taxonomy":"category","embeddable":true,"href":"https:\/\/www.americas.org\/es\/wp-json\/wp\/v2\/categories?post=52053"},{"taxonomy":"post_tag","embeddable":true,"href":"https:\/\/www.americas.org\/es\/wp-json\/wp\/v2\/tags?post=52053"},{"taxonomy":"author","embeddable":true,"href":"https:\/\/www.americas.org\/es\/wp-json\/wp\/v2\/coauthors?post=52053"}],"curies":[{"name":"wp","href":"https:\/\/api.w.org\/{rel}","templated":true}]}}