{"id":52801,"date":"2021-05-22T09:54:08","date_gmt":"2021-05-22T14:54:08","guid":{"rendered":"https:\/\/www.americas.org\/?p=52801\/"},"modified":"2021-06-07T09:38:03","modified_gmt":"2021-06-07T14:38:03","slug":"bukele-afianza-el-poder-y-la-corrupcion-en-el-salvador","status":"publish","type":"post","link":"https:\/\/www.americas.org\/es\/bukele-afianza-el-poder-y-la-corrupcion-en-el-salvador\/","title":{"rendered":"Bukele afianza el poder y la corrupci\u00f3n en El Salvador"},"content":{"rendered":"<p><img loading=\"lazy\" decoding=\"async\" class=\"alignleft size-full wp-image-52191\" src=\"https:\/\/www.americas.org\/wp-content\/uploads\/2021\/03\/Bukele-elections-e1615570991218.jpg\" alt=\"\" width=\"350\" height=\"233\" \/>En menos de una semana el presidente de El Salvador, Nayib Bukele y su Asamblea Legislativa lograron afianzar el poder pol\u00edtico en El Salvador, destituyendo y nombrando de facto a los magistrados de la Corte Suprema de Justicia, al fiscal general y aprobando una ley que otorga inmunidad a sus funcionarios vinculados a compras irregulares durante la pandemia.<\/p>\n<p>\u201cSe ha dado un golpe a la institucionalidad democr\u00e1tica y a la Constituci\u00f3n de la Rep\u00fablica. La democracia est\u00e1 lesionada, el da\u00f1o est\u00e1 hecho. Vimos ese peligro a la democracia desde acciones inequ\u00edvocas del uso de coacci\u00f3n pol\u00edtica a trav\u00e9s de la fuerza armada desde el 9 de febrero cuando se asalt\u00f3 militarmente a la Asamblea Legislativa y no se actu\u00f3 de manera contundente en ese momento\u201d, dijo Celia Medrano, activista de derechos humanos y excandidata a la \u00a0secretar\u00eda de la Comisi\u00f3n Interamericana de Derechos Humanos (CIDH).<\/p>\n<p>Los diputados de Bukele destituyeron sin causa jur\u00eddica a los magistrados de la corte y al fiscal general. En su lugar nombraron a cinco magistrados que no estaban en la lista de candidatos al proceso que estaba en curso. Adem\u00e1s, dos de los magistrados de facto tienen denuncias judiciales y conexiones directas con el partido Nuevas Ideas.<\/p>\n<p>Adem\u00e1s, el fiscal nombrado por los diputados de Bukele, <a href=\"https:\/\/www.dw.com\/es\/el-salvador-se-encienden-alarmas-sobre-autoritarismo-de-bukele\/a-57406954\">Rodolfo Delgado<\/a>, tambi\u00e9n est\u00e1 vinculado al partido oficialista. Fue el abogado defensor del director de la Polic\u00eda Nacional Civil (PNC) en el antejuicio por haber participado en la militarizaci\u00f3n de la Asamblea Legislativa el 9 de febrero. Delgado a su vez fungi\u00f3 como jefe de la Unidad de Delitos del Crimen Organizado de la Fiscal\u00eda en 2013. Durante este tiempo, <a href=\"https:\/\/ultimahora.sv\/exagente-de-la-dea-arremete-contra-fiscal-por-caso-texis\/\">fue vinculado<\/a> \u00a0por un exagente de la DEA al grupo del narcotr\u00e1fico conocido en El Salvador como el C\u00e1rtel de Texis.<\/p>\n<p>\u201cTanto en lo que ellos llaman destituci\u00f3n y nombramiento se han incumplido los debidos procesos se\u00f1alados por la Constituci\u00f3n. Se han incumplido un conjunto de art\u00edculos de la Constituci\u00f3n que culminan en la ilegalidad de los nombramientos. Tampoco ha habido en la elecci\u00f3n de lo que ellos llaman nuevo fiscal y nuevos magistrados un respeto al debido proceso\u201d, explica el constitucionalista y ex diplom\u00e1tico Napole\u00f3n Campos.<\/p>\n<p>Los magistrados destituidos no tuvieron ninguna audiencia, ni fueron objeto de ninguna investigaci\u00f3n. Los diputados oficialistas aseguraron que los v\u00ednculos con la izquierda y con la derecha del pa\u00eds fueron las principales razones para removerlos de sus cargos. Pero en el documento de la Asamblea Legislativa se contempla que los magistrados fueron destituidos por no apoyar las acciones de Bukele, durante la pandemia, acciones que hab\u00edan sido calificadas por la misma Corte como violaciones a derechos humanos.<\/p>\n<p>\u201cHay otra parte en la Constituci\u00f3n que tiene que ver con el derecho a la defensa, que es un derecho fundamental. Se ha hecho un fraude a la Constituci\u00f3n y a la ley en el procedimiento de destituci\u00f3n que establece la carta magna, se ha hecho fraude a la ley por no haber permitido el uso del derecho fundamental a la defensa. Tanto de forma como de contenido, esta acci\u00f3n no puede ser considerada m\u00e1s que como una violaci\u00f3n flagrante a la Constituci\u00f3n\u201d, se\u00f1al\u00f3 Campos.<\/p>\n<p>Para Celia Medrano, las acciones del gobierno de Bukele, que ocurren desde el 9 de febrero de 2020 evidencian que ni el presidente, ni los nuevos diputados tienen inter\u00e9s en respetar la institucionalidad, las leyes o la Constituci\u00f3n salvadore\u00f1a y que el panorama para El Salvador solo se torna m\u00e1s oscuro; pues, el que una solo persona concentre el poder Ejecutivo, Legislativo y Judicial deja sin protecci\u00f3n a todos los ciudadanos que denuncian o que sufren violaciones a sus derechos.<\/p>\n<p>\u201cQued\u00f3 evidente desde el primer d\u00eda de la Asamblea Legislativa que no hay respeto y no habr\u00e1 respeto a la Constituci\u00f3n y hay que una interpretaci\u00f3n individual del sector en el poder que entiende o da su propio entendimiento a los preceptos constituciones para justificar la violaci\u00f3n a la constituci\u00f3n misma. No obstante, no es un tema de desconocimiento, es un tema de aprovechar el poder en la Asamblea para asegurar el poder total del \u00d3rgano Judicial y del Ministerio P\u00fablico\u201d, dijo Medrano.<\/p>\n<p>La destituci\u00f3n de los jueces y del fiscal fue rechazada por organizaciones sociales en Latinoam\u00e9rica, por la CIDH, por la Corte Constitucional de Ecuador y por los embajadores acreditados en El Salvador. La Organizaci\u00f3n de Estados Americanos (OEA), adem\u00e1s, dijo a trav\u00e9s de un comunicado que el organismo \u201crechaza las acciones del Ejecutivo que guiaron estas decisiones\u201d.<\/p>\n<p>Varias organizaciones civiles de El Salvador <a href=\"https:\/\/twitter.com\/informatvx\/status\/1392215042427338754\">solicitaron que<\/a> Estados Unidos convoque al Consejo Permanente de la OEA para que se active a la carta democr\u00e1tica interamericana, para \u201crestituir el orden democr\u00e1tico\u201d en el pa\u00eds centroamericano. \u201cEstamos convencidos de que esta crisis no har\u00e1 nada m\u00e1s que agravar las causas que hist\u00f3ricamente han provocado la migraci\u00f3n hacia Estados Unidos e imposibilitar\u00e1 la creaci\u00f3n de mejores condiciones de vida\u201d, se\u00f1alaron.<\/p>\n<p><strong>Presidente y diputados aseguran amnist\u00eda para la corrupci\u00f3n<\/strong><\/p>\n<p>Cuatro d\u00edas despu\u00e9s de lo que muchos califican como \u201cgolpe al Estado de derecho\u201d, los diputados oficialistas aprobaron una ley propuesta por el presidente y promovida en la Asamblea por la bancada del partido oficial, que en esencia blinda y protege de cualquier juicio y auditor\u00eda a los funcionarios del gobierno que realizaron o que realizar\u00e1n compras irregulares bajo la excusa de ser acciones enfocadas para el combate a la pandemia. La ley adem\u00e1s marca un camino abierto a la impunidad.<\/p>\n<p>La \u201c<a href=\"https:\/\/www.asamblea.gob.sv\/sites\/default\/files\/documents\/correspondencia\/23652698-CF8E-4076-8891-5871BC42F11D.pdf\">Ley para el uso<\/a> de productos para tratamientos m\u00e9dicos en situaciones excepcionales de salud p\u00fablica ocasionadas por la pandemia de Covid-19\u201d, propuesta por el mismo Bukele y aprobada por 63 diputados del partido oficialista Nuevas Ideas, en su segunda sesi\u00f3n, permite que el ministro de Salud, Francisco Alab\u00ed y todas las instituciones del sistema de salud realicen contrataciones y compras directas fuera de las normas establecidas en <a href=\"https:\/\/www.oas.org\/juridico\/spanish\/mesicic3_slv_contrataciones.pdf\">Ley de Compras<\/a> y Adquisiciones de la Administraci\u00f3n P\u00fablica (LACAP).<\/p>\n<p>\u201cLo m\u00e1s grave es que hay un retroceso impresionante en materia de lucha contra la impunidad y la corrupci\u00f3n y aqu\u00ed estamos frente a otro conjunto de il\u00edcitos constitucionales y legales primero porque se est\u00e1 decretando una autoamnist\u00eda. Ning\u00fan gobierno puede auto amnistiarse o limpiarse de delitos eso nos coloca en otra violaci\u00f3n flagrante al Estado de derecho\u201d, dijo el constitucionalista Napole\u00f3n Campos.<\/p>\n<p>El ministro Alab\u00ed estaba siendo investigado y hab\u00eda sido se\u00f1alado por violar las reglas de la LACAP, que proh\u00edbe a funcionarios p\u00fablicos hacer negocios con el Estado. El funcionario aprob\u00f3 durante la pandemia compras desde el Ministerio de Salud de botas de hule e insumos m\u00e9dicos a una empresa familiar y una empresa de otro funcionario del gobierno, a un sobre coste de medio mill\u00f3n de d\u00f3lares.<\/p>\n<p>Informes de publicaciones period\u00edsticas de Salud con Lupa determinaron tambi\u00e9n que la empresa que produjo cubre bocas,\u00a0<a href=\"https:\/\/saludconlupa.com\/noticias\/el-salvador-compro-400-mil-protectores-faciales-con-un-sobrecosto-de-mas-de-medio-millon-de-dolares\/\">comprados por el Ministerio de Salud durante la pandemia, era propiedad de Koki Aguilar<\/a>, que ocupaba entonces el cargo de presidente en el gubernamental Fondo Ambiental de El Salvador (FONAB). Aguilar, que adem\u00e1s regalaba el cubre bocas para hacer campa\u00f1a a su favor, dijo que los protectores se produjeron con el material reciclado que compr\u00f3 el gobierno de Bukele.<\/p>\n<p>Adem\u00e1s, la revista Gato Encerrado, revel\u00f3 que\u00a0<a href=\"https:\/\/gatoencerrado.news\/2020\/07\/11\/ministro-alabi-compro-225-mil-en-botas-para-medicos-a-empresa-de-su-familia1\/\">el ministro Alab\u00ed firm\u00f3 un contrato por 225,000 d\u00f3lares con la empresa de su familia<\/a>, para la compra de botas de hule. Eso no es todo. El Ministerio de Salud y el Ministerio de Agricultura firmaron\u00a0<a href=\"https:\/\/elfaro.net\/es\/202009\/el_salvador\/24700\/$35-millones-de-Salud-a-Lasca-Design-generaron-%E2%80%9Cobservaci%C3%B3n-de-transacci%C3%B3n-sospechosa%E2%80%9D-en-EUA.htm\">contratos millonarios con empresas extranjeras<\/a>\u00a0que se dedican a la venta de otros productos no m\u00e9dicos por m\u00e1s de 3.5 millones de d\u00f3lares. Entre las compras irregulares se\u00f1aladas, destaca una realizada en Sinaloa, M\u00e9xico, en la que\u00a0<a href=\"https:\/\/www.elsalvador.com\/eldiariodehoy\/pablo-anliker-festival-del-maiz-covid-19\/735489\/2020\/\">el ministro de Agricultura adquiri\u00f3 ma\u00edz<\/a>\u00a0pagando 2.5 millones m\u00e1s de lo que cobrar\u00eda una empresa en El Salvador.<\/p>\n<p>La ley se aprob\u00f3, adem\u00e1s, seis meses despu\u00e9s que el fiscal Ra\u00fal Melara \u2013quien fue destituido el 1 de mayo del 2021\u2014, iniciara una investigaci\u00f3n contra el ministro de Salud por indicios de corrupci\u00f3n en las compras irregulares. Y en medio de otras investigaciones sobre siete avisos de supuestos casos de corrupci\u00f3n en el gobierno de Bukele que realizaba la Comisi\u00f3n Interamericana Contra la Impunidad en El Salvador (CICIES).<\/p>\n<p>\u201cEstamos yendo en corriente contraria a las cl\u00e1usulas democr\u00e1ticas universales y en un momento espec\u00edfico especial en el que un aliado como Estados Unidos anuncia un reforzamiento financiero para la CICIES esto descoloca la posici\u00f3n del pa\u00eds y sus compromisos internacionales. Aqu\u00ed se marca una l\u00ednea de impunidad grav\u00edsima que se convierte en otro fraude, no podemos cubrir con manto de impunidad a procesos de investigaci\u00f3n abiertos de la Fiscal\u00eda, por la Corte de Cuentas de compras irregulares llevadas a cabo por el ejecutivo durante la pandemia\u201d, se\u00f1al\u00f3 Campos.<\/p>\n<p><strong>Estados Unidos amenaza<\/strong><\/p>\n<p>La reacci\u00f3n en Washington a la destituci\u00f3n de los magistrados y del fiscal no cay\u00f3 en gracia en la Casa Blanca. La vicepresidenta Kamala Harris, que adem\u00e1s es la encargada del equipo de trabajo dedicado a combatir la migraci\u00f3n, las causas de la migraci\u00f3n y los problemas del Tri\u00e1ngulo Norte: El Salvador, Honduras y Guatemala, reaccion\u00f3 y tambi\u00e9n advirti\u00f3 sobre la reacci\u00f3n de la Administraci\u00f3n Biden al socavamiento de la democracia y de la institucionalidad ocasionado por Bukele y sus diputados.<\/p>\n<p>\u201cEste fin de semana vimos como la Asamblea salvadore\u00f1a trabaj\u00f3 para socavar a la Corte Suprema de Justicia. Un sistema judicial independiente es cr\u00edtico para la democracia y para lograr el fortalecimiento de la econom\u00eda. Tenemos que defender los derechos humanos b\u00e1sicos de toda la gente y cuando esos derechos son violentados debemos responder\u2026 Estamos enfoc\u00e1ndonos en atacar las causas y las ra\u00edces de la migraci\u00f3n y entre las ra\u00edces hemos identificado a la corrupci\u00f3n, impunidad, la falta de buena gobernanza\u201d, dijo Harris en el foro sobre Democracia en las Am\u00e9ricas, desarrollado en Washington DC.<\/p>\n<p>Posteriormente, Bukele dijo en una reuni\u00f3n privada a los embajadores acreditados en El Salvador, que la destituci\u00f3n de los funcionarios se hizo apegada a ley; despu\u00e9s, esa reuni\u00f3n se hizo p\u00fablica en los canales oficiales del gobierno haciendo parecer que la comunidad internacional apoya al presidente salvadore\u00f1o.<\/p>\n<p>\u201cDebe entenderse lo sucedido dentro de un an\u00e1lisis geopol\u00edtico mayor al tema de las relaciones del gobierno de El Salvador con Estado Unido y con otros gobiernos. Basta atender, observar la \u00faltima cadena en la que se asegur\u00f3 a los representantes diplom\u00e1ticos que era una reuni\u00f3n privada y termin\u00f3 siendo publicada. La comunidad internacional dif\u00edcilmente dar\u00e1 acciones contundentes, bastar\u00eda vernos en los espejos de Venezuela de Nicaragua, de Guatemala y de Honduras\u201d, dijo Celia Medrano.<\/p>\n<p>A los mensajes de preocupaci\u00f3n se sumaron una vez y las advertencias de la relaci\u00f3n China-El Salvador. Actualmente, Bukele se encuentra coqueteando al pa\u00eds asi\u00e1tico para <a href=\"https:\/\/www.laprensagrafica.com\/elsalvador\/Relacion-de-El-Salvador-y-EUA-ha-entrado-a-un-nivel-muy-poco-visto-en-la-historia-advierte-ex-embajador-Ruben-Zamora-20210507-0032.html\">incitarles a comprar m\u00e1s de $1,500 millones de deuda salvadore\u00f1a<\/a>. Esto no implica una cooperaci\u00f3n libre, si no que implica pagar la factura de cobro a un tercero. En ese sentido, varios senadores y congresistas que ya hab\u00edan enviado m\u00faltiples cartas al presidente Bukele expresando preocupaci\u00f3n ante las denuncias de abusos a derechos humanos, de ataques a la prensa y periodistas, ante el peligro de concentrar el poder en el Ejecutivo y por el acercamiento con el gobierno chino, y como esta relaci\u00f3n puede impactar en el manejo de temas de derechos humanos, institucionalidad y Estado de derecho.<\/p>\n<p>\u201cEs evidente que las autoridades salvadore\u00f1as no esperan un monitoreo constante de transparencia y respeto a los derechos humanos como lo ha anunciado Estados Unidos. Cada vez es m\u00e1s claro a nivel internacional que estamos en un r\u00e9gimen autoritario y que no hay l\u00edmites con respecto a quienes nos gobiernan o de cara a respetar las leyes internas mucho menos las normativas internacionales y de formas de entendimiento b\u00e1sicas. Estamos frente a un gobierno que no le interesa ni tener una buena relaci\u00f3n ni con sus vecinos ni con otros gobiernos que no sea aquella en la que se alaben y se acepten sus acciones\u201d, se\u00f1al\u00f3 Medrano.<\/p>\n<p>Esta semana, la exembajadora y ex asesora del presidente Barack Obama, Mari Carmen Aponte, advirti\u00f3 adem\u00e1s que en Washington se habla de cortar la ayuda financiera, de limitar el ingreso de salvadore\u00f1os al pa\u00eds, de publicar m\u00e1s nombres de funcionarios vinculados a casos de corrupci\u00f3n y de recomendar no aprobar m\u00e1s pr\u00e9stamos para el gobierno salvadore\u00f1o, mientras Bukele y sus diputados no muestran inter\u00e9s en respetar la democracia y la independencia de las instituciones del Estado salvadore\u00f1o.<\/p>\n<p>\u201cEsto nos coloca como un paria en el \u00e1mbito internacional porque nos coloca con una respuesta antidemocr\u00e1tica, anti-institucional en un momento en el que se deber\u00eda de estar reforzando todos los mecanismos de rendici\u00f3n de cuentas. Esto no solamente tiene una dimensi\u00f3n pol\u00edtica y financiera porque estamos enviando mensajes de impunidad que puede afectar al pa\u00eds de forma financiera, en colocaci\u00f3n de bonos o puede ser absolutamente cuestionable este gobierno a la hora de solicitar pr\u00e9stamos\u201d, se\u00f1al\u00f3 Napole\u00f3n Campos.<\/p>\n","protected":false},"excerpt":{"rendered":"<p>En la segunda sesi\u00f3n plenaria, en menos de una semana, los diputados oficialistas del partido Nuevas Ideas, adem\u00e1s, aprobaron una ley que blinda a los funcionarios del gobierno se\u00f1alados por compras irregulares de millones de d\u00f3lares durante la pandemia.<\/p>\n","protected":false},"author":373,"featured_media":52191,"comment_status":"closed","ping_status":"open","sticky":false,"template":"","format":"standard","meta":{"inline_featured_image":false,"footnotes":""},"categories":[4884,4916],"tags":[8089,8201,5499,8200,8199,5537,7339],"coauthors":[5212],"class_list":["post-52801","post","type-post","status-publish","format-standard","has-post-thumbnail","hentry","category-democracia","category-derechos-humanos","tag-cidh","tag-corte-suprema-de-justicia","tag-el-salvador","tag-estado-de-derecho","tag-institucionalidad-democratica","tag-nayib-bukele","tag-oea"],"_links":{"self":[{"href":"https:\/\/www.americas.org\/es\/wp-json\/wp\/v2\/posts\/52801","targetHints":{"allow":["GET"]}}],"collection":[{"href":"https:\/\/www.americas.org\/es\/wp-json\/wp\/v2\/posts"}],"about":[{"href":"https:\/\/www.americas.org\/es\/wp-json\/wp\/v2\/types\/post"}],"author":[{"embeddable":true,"href":"https:\/\/www.americas.org\/es\/wp-json\/wp\/v2\/users\/373"}],"replies":[{"embeddable":true,"href":"https:\/\/www.americas.org\/es\/wp-json\/wp\/v2\/comments?post=52801"}],"version-history":[{"count":3,"href":"https:\/\/www.americas.org\/es\/wp-json\/wp\/v2\/posts\/52801\/revisions"}],"predecessor-version":[{"id":52804,"href":"https:\/\/www.americas.org\/es\/wp-json\/wp\/v2\/posts\/52801\/revisions\/52804"}],"wp:featuredmedia":[{"embeddable":true,"href":"https:\/\/www.americas.org\/es\/wp-json\/wp\/v2\/media\/52191"}],"wp:attachment":[{"href":"https:\/\/www.americas.org\/es\/wp-json\/wp\/v2\/media?parent=52801"}],"wp:term":[{"taxonomy":"category","embeddable":true,"href":"https:\/\/www.americas.org\/es\/wp-json\/wp\/v2\/categories?post=52801"},{"taxonomy":"post_tag","embeddable":true,"href":"https:\/\/www.americas.org\/es\/wp-json\/wp\/v2\/tags?post=52801"},{"taxonomy":"author","embeddable":true,"href":"https:\/\/www.americas.org\/es\/wp-json\/wp\/v2\/coauthors?post=52801"}],"curies":[{"name":"wp","href":"https:\/\/api.w.org\/{rel}","templated":true}]}}