{"id":53173,"date":"2021-10-03T13:38:19","date_gmt":"2021-10-03T18:38:19","guid":{"rendered":"https:\/\/www.americas.org\/?p=53173\/"},"modified":"2021-10-03T13:38:19","modified_gmt":"2021-10-03T18:38:19","slug":"a-la-mitad-del-camino-ya-urge-una-politica-migratoria-digna-y-soberana-en-mexico","status":"publish","type":"post","link":"https:\/\/www.americas.org\/es\/a-la-mitad-del-camino-ya-urge-una-politica-migratoria-digna-y-soberana-en-mexico\/","title":{"rendered":"\u201cA la mitad del camino\u201d, ya urge una pol\u00edtica migratoria digna y soberana en M\u00e9xico"},"content":{"rendered":"<div class=\"row\">\n<div class=\"small-12 medium-12 large-12 columns\">\n<div class=\"metadata\">\n<p><span class=\"comments\"><img loading=\"lazy\" decoding=\"async\" class=\"alignleft  wp-image-53174\" src=\"https:\/\/www.americas.org\/wp-content\/uploads\/2021\/10\/agentes-agreden-patean-caravana-migrante-inm-chiapas-e1633286065796.jpg\" alt=\"\" width=\"419\" height=\"262\" \/><\/span><\/p>\n<p>La escena es conocida en muchos pa\u00edses del mundo: Familias migrantes se movilizan por las calles para exigir sus derechos y buscar una vida digna y son brutalmente reprimidos por el estado. Polic\u00edas con garrotes atacan a hombres, mujeres, ni\u00f1os y ni\u00f1as para reafirmar, por la fuerza, el mensaje que las personas migrantes y refugiadas ya han escuchado en todos lados\u2014\u201caqu\u00ed no son bienvenidos\u201d.<\/p>\n<\/div>\n<\/div>\n<\/div>\n<div class=\"small-12 medium-8 large-8 columns\">\n<p>&nbsp;<\/p>\n<p>Pero esta vez sucedi\u00f3 en M\u00e9xico, con un gobierno que ha prometido regirse por los derechos humanos, la compasi\u00f3n y la soberan\u00eda. <a href=\"https:\/\/www.youtube.com\/watch?v=s5PVS4hjb5Q\">Los videos <\/a>del operativo el 28 de agosto que realiz\u00f3 el Instituto Nacional de Migraci\u00f3n con la Guardia Nacional contra una caravana de migrantes, mayoritariamente haitianos, en la carretera Tapachula-Arriaga provocan gran indignaci\u00f3n y verg\u00fcenza. Muestran a la Guardia Nacional vestidos de antimotines, empujando contra un hombre haitiano con su ni\u00f1o en brazos y peg\u00e1ndole a otro mientras su hijo peque\u00f1o intenta salvarlo. Se ve la sa\u00f1a\u2013\u00bfracismo? \u00bfxenofobia? \u00bf\u00f3rdenes desde arriba? \u2014 con que un agente patea a la cabeza de otro migrante en el suelo. Estas escenas son una peque\u00f1a parte de los actos violentos cometidos contra la caravana de migrantes, se reportan muchas personas heridas en actos que no fueron grabados.<\/p>\n<p>A pesar de la mala imagen que se gener\u00f3 de M\u00e9xico por la brutalidad expuesta el 28 de agosto, dos d\u00edas despu\u00e9s, el INM y GN lanzaron otro operativo contra el grupo en Mapastepec, resultando en m\u00e1s personas heridas y detenidas. El <a href=\"https:\/\/www.jornada.com.mx\/notas\/2021\/08\/31\/estados\/realiza-gn-y-el-inm-operativo-en-mapastepec-detienen-a-migrantes\/\">video<\/a> de \u201cTodos somos Mapastepec\u201d muestra una cacer\u00eda, gente corriendo por todos lados, gritos, hombres sometidos a la fuerza y llantos de beb\u00e9s.<\/p>\n<p>La Alta Comisi\u00f3n de Derechos Humanos y de Derechos de Refugiados de las Naciones Unidas, y la Organizaci\u00f3n Internacional para las Migraciones emitieron un <a href=\"https:\/\/elperiodico.com.gt\/lo-mas-importante-de-hoy\/2021\/08\/31\/la-onu-exige-a-mexico-respetar-los-derechos-humanos-de-los-migrantes\/\">mensaje<\/a> llamando al gobierno de M\u00e9xico a \u201crespetar los derechos humanos de los migrantes\u201d y exigiendo <strong>\u201c<\/strong>la implementaci\u00f3n de medidas inmediatas de prevenci\u00f3n, de no repetici\u00f3n y rendici\u00f3n de cuentas\u201d de los actos \u201cprofundamente preocupantes\u201d.<\/p>\n<p>El Centro de Dignificaci\u00f3n Humana A.C, <a href=\"https:\/\/www.razon.com.mx\/mexico\/denuncia-ong-hay-500-haitianos-detenidos-449326\">afirm\u00f3<\/a> que hay m\u00e1s de 500 detenidos en el Centro de Detenci\u00f3n Migratoria de Huixtla. Las organizaciones de derechos humanos reportan que han limitado el acceso a los centros y que hay personas detenidas y en proceso de deportaci\u00f3n que tienen tr\u00e1mites pendientes.<\/p>\n<p>En los \u00faltimos tres a\u00f1os, 13,972 personas haitianas han solicitado refugio en M\u00e9xico, seg\u00fan datos de la Comisi\u00f3n Mexicana de Ayuda a Refugiados (COMAR), con un incremento notable en los \u00faltimos meses. Llegan huyendo de un pa\u00eds que ha sufrido una crisis pol\u00edtica a partir del asesinato del presidente Jovenel Moise el 7 de julio, seguido por un fuerte sismo el 14 de agosto que dej\u00f3 m\u00e1s de 2,200 muertos, 120,000 familias desplazadas y 12,000 personas heridas. Adem\u00e1s, el pa\u00eds lleva a cuestas una historia de intervenciones estadounidenses, corrupci\u00f3n, pobreza y saqueo.<\/p>\n<p>M\u00e1s de 340 <a href=\"https:\/\/www.hrw.org\/news\/2021\/08\/30\/groups-urge-biden-administration-halt-deportation-flights-haiti\">organizaciones<\/a> estadounidenses enviaron una carta al presidente Biden, exigiendo que cesen los vuelos de deportaci\u00f3n de haitianos y que regresen los y las haitianos que son elegibles para el estatus protecci\u00f3n temporal. La situaci\u00f3n de Hait\u00ed, sin duda, merece un estatus migratorio humanitario, igual que Afganist\u00e1n. Sin embargo, el gobierno mexicano recibi\u00f3 a hombres y mujeres refugiados afganos en un acto ejemplar pero parece no escuchar las peticiones de los haitianos. Se siguen reportando nuevos operativos hacia la caravana, en los cuales es patente un componente de racismo.<\/p>\n<p>Como consecuencia de la violencia contra los migrantes, o probablemente porque esta se volvi\u00f3 p\u00fablica, dos elementos del Instituto Nacional de Inmigraci\u00f3n fueron cesados por uso excesivo de la fuerza. Es necesario investigar y sancionar a individuos que cometan violaciones de derechos humanos contra migrantes. Sin embargo, todos los grupos de derechos humanos que hacen monitoreo de derechos de migrantes reportan violaciones constantes. La violencia tiene una causa estructural, que es el resultado de una pol\u00edtica que prioriza la contenci\u00f3n por encima de los derechos establecidos internacionalmente y en la propia Constituci\u00f3n Mexicana. La pol\u00edtica de contenci\u00f3n, importada desde los Estados Unidos, trata a los \u201cflujos de migrantes\u201d como si fueran un gotero en el techo que se debe de tapar, y no como lo son: personas con rostros, corazones y sue\u00f1os.<\/p>\n<p>La Pastoral de la Movilidad Humana, en un mensaje de esta semana, pidi\u00f3 \u201cla regularizaci\u00f3n migratoria, as\u00ed\u0301 como respetar el derecho al libre transito contenido en el articulo 11 de nuestra Carta Magna.\u201d Una exigencia constante ha sido incrementar el presupuesto para ampliar la capacidad de la COMAR y agilizar las solicitudes. El congestionamiento de personas esperando tr\u00e1mites\u2013 sin vivienda, sin empleo, sin medicinas, pr\u00e1cticamente sin las necesidades b\u00e1sicas para vivir\u2013 es un dilema terrible no solo para las familias migrantes, sino tambi\u00e9n para la sociedad que no puede tomar medidas para integrarlos de manera ordenada y sensible.<\/p>\n<p>Despu\u00e9s de los operativos de la semana pasada, el presidente se reuni\u00f3 en el sur con las fuerzas de seguridad para trazar una estrategia que limite el uso excesivo de la fuerza. Tambi\u00e9n, anunci\u00f3 que est\u00e1 escribiendo una carta a Biden para pedir su cooperaci\u00f3n con \u201cSembrando Vida\u201d, un programa de sembrar \u00e1rboles en el sur del pa\u00eds que puede ofrecer empleos a migrantes que entran por la frontera sur de M\u00e9xico.<\/p>\n<p>Estas medidas no podr\u00e1n reducir la violencia, por las contradicciones inherentes en la pol\u00edtica migratoria mexicana. Siguen la militarizaci\u00f3n de las fronteras, y la detenci\u00f3n y deportaci\u00f3n masivas. Adem\u00e1s, el gobierno mexicano indic\u00f3 que M\u00e9xico no tiene la intenci\u00f3n de oponerse al restablecimiento del programa violatorio de los derechos humanos conocido como \u201cQu\u00e9date en M\u00e9xico\u201d, impuesto a M\u00e9xico por los chantajes econ\u00f3micos de Donald Trump, y que fue aceptado por la Secretar\u00eda de Relaciones Exteriores. El programa devuelve a los y las solicitantes de asilo en EEUU a M\u00e9xico a esperar sus audiencias. Es un programa ilegal cuyo \u00fanico motivo es hacer sufrir a las y los solicitantes de asilo. M\u00e9xico no ten\u00eda porque aceptarlo \u2013en violaci\u00f3n de sus propias leyes\u2013 la primera vez y menos la segunda. El presidente Biden suspendi\u00f3 el programa su primer d\u00eda en la presidencia y fue la corte conservadora con nuevos integrantes nombrados por Trump, que lo reinstituy\u00f3. La pelota est\u00e1 ahora en la cancha del gobierno mexicano, y tambi\u00e9n las vidas de miles de migrantes vulnerables que enfrentan amenazas en las ciudades de la frontera y en sus pa\u00edses de origen.<\/p>\n<p>En el Tercer Informe de gobierno el 1 de septiembre, AMLO hizo alarde de los migrantes que enviaron un n\u00famero r\u00e9cord de remesas al pa\u00eds, amortiguando as\u00ed el impacto de la recesi\u00f3n relacionada al COVID-19, diciendo que gracias a ellos y a los programas sociales \u201cse ha podido evitar la falta de alimentos y otros bienes de primera necesidad.\u201d No es coherente elogiar a los migrantes que han salido en b\u00fasqueda de mejores condiciones, la mayor\u00eda por la falta de opciones, y criminalizar a los que entran con la misma intenci\u00f3n.<\/p>\n<p>M\u00e9xico tiene una oportunidad hist\u00f3rica de ser ejemplo de respeto a la movilidad humana y de acogida digna a las personas que salen en b\u00fasqueda de seguridad humana. Mientras el gobierno de Andr\u00e9s Manuel L\u00f3pez Obrador declara la ruptura con el pasado autoritario, y logra avances contra la corrupci\u00f3n y la privatizaci\u00f3n, con atenci\u00f3n a los sectores vulnerados, en el tema migratorio se permite una pol\u00edtica y un comportamiento por parte de la alianza Instituto Nacional de Migraci\u00f3n-Guardia Nacional que viola los derechos humanos y los principios fundamentales de la Cuarta Transformaci\u00f3n. A la mitad del camino, ya es hora de rectificar el rumbo.<\/p>\n<div class=\"at-below-post addthis_tool\" data-url=\"https:\/\/desinformemonos.org\/a-la-mitad-del-camino-ya-urge-una-politica-migratoria-digna-y-soberana\/\"><\/div>\n<\/div>\n<div class=\"small-12 medium-4 large-4 columns\">\n<div class=\"columnist\">\n<div class=\"img-feat\"><img decoding=\"async\" class=\"attachment- size- wp-post-image\" src=\"https:\/\/desinformemonos.org\/wp-content\/uploads\/2015\/11\/Laura-Carlsen-1.jpg\" alt=\"\" \/><\/div>\n<div class=\"img-feat\">Laura Carlsen<span id=\"at-511ca544-e6ff-4bce-bc6b-c0ea1c5b8d1f\" class=\"at4-visually-hidden\"> <\/span>(mexicana\/estadounidense) es directora del Programa de las Am\u00e9ricas, analista pol\u00edtica y periodista<\/div>\n<div class=\"info\">\n<p><em>Publicado el 3 septiembre 2021 <span class=\"comments\">en Desinform\u00e9monos. https:\/\/desinformemonos.org\/a-la-mitad-del-camino-ya-urge-una-politica-migratoria-digna-y-soberana\/<\/span><\/em><\/p>\n<\/div>\n<\/div>\n<\/div>\n<div class=\"small-12 medium-4 large-4 columns\">\n<div class=\"columnist\">\n<div class=\"info\">\n<div class=\"at-below-post addthis_tool\" data-url=\"https:\/\/desinformemonos.org\/fronteras-abiertas\/\"><\/div>\n<\/div>\n<\/div>\n<div id=\"category-posts-4292\" class=\"widget widget_recent_entries\">\n<div class=\"widget-title\"><\/div>\n<div class=\"widget-content\">\n<ul>\n<li><\/li>\n<\/ul>\n<\/div>\n<\/div>\n<\/div>\n","protected":false},"excerpt":{"rendered":"<p>En el tema migratorio, el gobierno mexicano sigue con una pol\u00edtica y un comportamiento por parte de la alianza Instituto Nacional de Migraci\u00f3n-Guardia Nacional que viola los derechos humanos y los principios fundamentales de la Cuarta Transformaci\u00f3n. A la mitad del camino, ya es hora de rectificar el rumbo.<\/p>\n","protected":false},"author":14,"featured_media":53174,"comment_status":"closed","ping_status":"open","sticky":false,"template":"","format":"standard","meta":{"inline_featured_image":false,"footnotes":""},"categories":[4916,4919],"tags":[4923,4958],"coauthors":[5128],"class_list":["post-53173","post","type-post","status-publish","format-standard","has-post-thumbnail","hentry","category-derechos-humanos","category-migracion","tag-america-del-norte","tag-mexico"],"_links":{"self":[{"href":"https:\/\/www.americas.org\/es\/wp-json\/wp\/v2\/posts\/53173","targetHints":{"allow":["GET"]}}],"collection":[{"href":"https:\/\/www.americas.org\/es\/wp-json\/wp\/v2\/posts"}],"about":[{"href":"https:\/\/www.americas.org\/es\/wp-json\/wp\/v2\/types\/post"}],"author":[{"embeddable":true,"href":"https:\/\/www.americas.org\/es\/wp-json\/wp\/v2\/users\/14"}],"replies":[{"embeddable":true,"href":"https:\/\/www.americas.org\/es\/wp-json\/wp\/v2\/comments?post=53173"}],"version-history":[{"count":1,"href":"https:\/\/www.americas.org\/es\/wp-json\/wp\/v2\/posts\/53173\/revisions"}],"predecessor-version":[{"id":53175,"href":"https:\/\/www.americas.org\/es\/wp-json\/wp\/v2\/posts\/53173\/revisions\/53175"}],"wp:featuredmedia":[{"embeddable":true,"href":"https:\/\/www.americas.org\/es\/wp-json\/wp\/v2\/media\/53174"}],"wp:attachment":[{"href":"https:\/\/www.americas.org\/es\/wp-json\/wp\/v2\/media?parent=53173"}],"wp:term":[{"taxonomy":"category","embeddable":true,"href":"https:\/\/www.americas.org\/es\/wp-json\/wp\/v2\/categories?post=53173"},{"taxonomy":"post_tag","embeddable":true,"href":"https:\/\/www.americas.org\/es\/wp-json\/wp\/v2\/tags?post=53173"},{"taxonomy":"author","embeddable":true,"href":"https:\/\/www.americas.org\/es\/wp-json\/wp\/v2\/coauthors?post=53173"}],"curies":[{"name":"wp","href":"https:\/\/api.w.org\/{rel}","templated":true}]}}