{"id":5548,"date":"2011-10-07T23:24:17","date_gmt":"2011-10-08T04:24:17","guid":{"rendered":"http:\/\/www.cipamericas.org\/?p=5548"},"modified":"2012-02-13T13:11:46","modified_gmt":"2012-02-13T18:11:46","slug":"a-bordo-de-%e2%80%9cla-bestia%e2%80%9d","status":"publish","type":"post","link":"https:\/\/www.americas.org\/es\/a-bordo-de-%e2%80%9cla-bestia%e2%80%9d\/","title":{"rendered":"A bordo de &#x201C;La Bestia&#x201D;"},"content":{"rendered":"<p><strong>Por Christine Kovic<a href=\"https:\/\/www.americas.org\/wp-content\/uploads\/2011\/10\/CIMG1016-300x2251.jpg\"><img loading=\"lazy\" decoding=\"async\" class=\"alignright size-full wp-image-5552\" title=\"CIMG1016-300x225\" src=\"https:\/\/www.americas.org\/wp-content\/uploads\/2011\/10\/CIMG1016-300x2251.jpg\" alt=\"\" width=\"300\" height=\"225\" \/><\/a><\/strong> <em>NOTA: Migrantes centroamericanos, miembros de sus familias, y activistas participaron en la Caravana &#x201C;Paso a paso or la Paz&#x201D; entre el 25 de julio y el 2 de agosto de este a\u00f1o, exigiendo respeto por los derechos de los inmigrantes. La primera parte de este art\u00edculo (<a href=\"https:\/\/www.americas.org\/archives\/5287\">aqu\u00ed<\/a>), relata los logros de la Caravana, especialmente su protesta por los secuestros de migrantes que cruzan M\u00e9xico. La segunda parte, presentada abajo, relata los viajes en el tren de mercanc\u00edas cruzando M\u00e9xico.<\/em><em><\/em><\/p>\n<p>Miles de migrantes centroamericanos cruzan M\u00e9xico en el tren de mercanc\u00edas para eludir los puestos de control. Viajar en el techo o a los lados del tren, significa una traves\u00eda de d\u00edas o semanas a pleno sol. Los migrantes est\u00e1n expuestos a heridas, agresiones y otros abusos. <\/p>\n<p>En el estado de Chiapas, seguimos a &#x201C;La Bestia&#x201D;&#8211;nombre que los migrantes le dan al tren que viaja de sol a sol. Por la ma\u00f1ana, caminamos a lo largo de los rieles en la ciudad de Arriaga, donde el tren estaba detenido, prepar\u00e1ndose para comenzar su viaje al norte. Algunos miembros de la Caravana escalaron a lo alto del tren, amarraron sus pancartas y permanecieron junto a las flameantes banderas. Un grupo de mujeres permanecieron debajo a la sombra del tren, sosteniendo sus p\u00f3sters con nombres y fotos de los desaparecidos. Continuamos caminando, dejando detr\u00e1s al menos cien migrantes que ya se hab\u00edan subido a los techos del tren, tomando sus lugares y esperando que \u00e9ste inicie su viaje de doce horas a Ixtepec, Oaxaca. <\/p>\n<p>Las mujeres de la Caravana hablaban a los migrantes, record\u00e1ndoles que fueran cuidadosos y llamaran a sus madres. Muchas se desprend\u00edan del agua y la comida que ten\u00edan para que as\u00ed los migrantes tuvieran al menos algo, para su largo viaje con temperaturas que exceden los 32\u00baC (90F). <\/p>\n<p>Al mediod\u00eda, desde la aislada esquina del Cementerio de Arriaga, donde muchos migrantes est\u00e1n enterrados en tumbas sin identificar, o\u00edmos que el tren abandonaba la ciudad. A la distancia, a trav\u00e9s de los \u00e1rboles y arbustos, y debajo del fuerte sol del mediod\u00eda, pudimos ver el tren saliendo con los migrantes arriba. Desde el cementerio, madres e hijos entre otros se preguntaban si quiz\u00e1 sus seres queridos hab\u00edan sido enterrados all\u00ed, as\u00ed como tambi\u00e9n pensaban en sus familiares viajando en el impresionante calor sobre el techo del tren. <\/p>\n<p>Llegamos al refugio de los migrantes en Ixtepec, Oaxaca al caer la tarde, un viaje que nos llev\u00f3 menos de tres horas en autob\u00fas. Esa tarde en el Auditorio Municipal de Ixtepec, vimos la nueva pel\u00edcula de Pedro Ultreras &#x201C;La Bestia&#x201D;, que documenta el peligroso viaje que los migrantes centroamericanos realizan a bordo del tren de mercanc\u00edas para cruzar M\u00e9xico. <\/p>\n<p>El tren llega a Ixtepec alrededor de la una de la madrugada. Caminamos hacia las v\u00edas, divisables desde el refugio, para recibir a los migrantes. Est\u00e1bamos acompa\u00f1ados por un grupo de periodistas, y por el informante especial de la Comisi\u00f3n Inter Americana Felipe Gonz\u00e1lez, quien estaba en el refugio para una reuni\u00f3n. <\/p>\n<p>Tan pronto como el tren disminu\u00eda su marcha para detenerse brevemente, cientos de migrantes se arrojaron al suelo. Era el mismo grupo que hab\u00eda subido al tren la ma\u00f1ana anterior. La mayor\u00eda volvieron caminando con nosotros para pasar la noche en el refugio. Muchas mujeres de la Caravana cocinaron para los migrantes en la cocina del refugio y lavaron los utensilios en la ma\u00f1ana. Nadie durmi\u00f3 demasiado, y las mujeres hicieron eco del sufrimiento de sus hijos, hijas y dem\u00e1s padecimientos que otros miembros de la familia han debido soportar al cruzar M\u00e9xico. <\/p>\n<p>Al d\u00eda siguiente integrantes de la Caravana dirim\u00edan acerca de qu\u00e9 escribir en sus carteles de protesta; una madre expres\u00f3 acerca de algo que ella sinti\u00f3 cuando vio la pel\u00edcula. &#x201C;Fue muy emotivo y provoc\u00f3 dolor en nuestros corazones, ver cu\u00e1ntos migrantes soportan ese sufrimiento&#x201D;. \u00c9sta mujer de El Salvador, estaba buscando a su hijo quien hab\u00eda desaparecido hac\u00eda veinte a\u00f1os. Ella reclamaba que &#x201C;el gobierno de Estados Unidos y el de M\u00e9xico se sienten a una mesa y hablen sobre esta problem\u00e1tica, y provean una soluci\u00f3n a la p\u00e9rdida de seres queridos&#x201D;. &#x201C;Estamos en esta lucha para obtener una soluci\u00f3n de nuestros presidentes. No es justo que se tengan otros asuntos m\u00e1s importantes que abordar, que el sufrimiento de las madres&#x201D;. <\/p>\n<p>Nuestro grupo continu\u00f3 al costado de &#x201C;La Bestia&#x201D;, pero los integrantes de la Caravana que dejaban Tenosique, Tabasco, de hecho se subieron al tren. Elvira Arellano, quien hace muchos a\u00f1os recibi\u00f3 una orden de deportaci\u00f3n pedida por una iglesia Metodista en Chicago, lideraba la marcha junto con Rub\u00e9n Figueroa, un activista de los derechos humanos de los mexicanos, y con el Padre Tomas Gonz\u00e1lez, llamado afectivamente como &#x201C;Fray Tormenta&#x201D;, por la conmoci\u00f3n que produce donde sea que va, quien es director de un refugio para migrantes en Tenosique. Los integrantes de la Caravana viajaron en el tren de Tenosique a Coatzacoalcos con el sol golpeando fuerte durante dos d\u00edas enteros y una noche. Pidieron agua en el campo a la gente que encontraban a lo largo del camino, por momentos bebiendo solamente agua insalubre cuando no hab\u00eda disponible nada m\u00e1s. En una parada, llevaron las pancartas a trav\u00e9s de las calles de Coatzacoalcos en las que se le\u00eda &#x201C;Solamente busco un sue\u00f1o, no me secuestres&#x201D;.<\/p>\n<p><strong> <\/strong><strong><\/strong> <strong>Compromiso de no-violencia y un Nuevo modelo de Seguridad<\/strong> <\/p>\n<p>La Caravana hizo hincapi\u00e9 en los derechos de los inmigrantes, este suceso evidenci\u00f3 la inminente necesidad de un nuevo abordaje de la seguridad, una que proteja los derechos humanos de todos. El <a href=\"http:\/\/pasoapasohacialapaz.wordpress.com\/\">sitio web de la Caravana<\/a>, lleva el lema &#x201C;La paz es fruto de la Justicia&#x201D;, la cual &#x201C;refleja cu\u00e1les son las bases del trabajo realizado por todos aquellos involucrados en la protecci\u00f3n de los derechos humanos de nuestros migrantes hermanos. <\/p>\n<p>Reafirmamos que la paz, es un proyecto social, que se logra con el correcto desempe\u00f1o de la Justicia, y necesita la participaci\u00f3n de la sociedad civil, para que se pueda llevar a cabo un nuevo acuerdo nacional. La paz, entendida como tal, necesita poner un fin definitivo a la impunidad, conspiraciones, y a las fallas comunes en el proceder del gobierno&#x201D;. La Caravana comparti\u00f3 este compromiso de no-violencia con el Movimiento por la Paz con Justicia y Dignidad de M\u00e9xico, liderado por Javier Sicilia. <\/p>\n<p>Ambos rechazaron la guerra militar del presidente Calder\u00f3n en el tr\u00e1fico de drogas y demandan un enfoque distinto del asunto, proporcionando oportunidades sociales y econ\u00f3micas a los j\u00f3venes, quienes de este modo no se unir\u00e1n ni ser\u00e1n v\u00edctimas de los carteles de drogas. El movimiento de paz y la Caravana de migrantes solicitan un fin a la corrupci\u00f3n que permite el aumento de la violencia y la violaci\u00f3n de los derechos humanos. Sicilia se uni\u00f3 a la Caravana en la ciudad de M\u00e9xico y pidi\u00f3 perd\u00f3n &#x201C;en nombre de nuestro Estado&#x201D; por el maltrato que los migrantes han debido sufrir. <\/p>\n<p>En una concentraci\u00f3n realizada debajo de un puente de autopista en Coatzacoalcos, frente a las v\u00edas del tren; el Padre Alejandro Solalinde (director del Refugio de Ixtepec) y el Padre Tom\u00e1s Gonz\u00e1lez recibieron de rodillas la s\u00faplica de perd\u00f3n de los Zetas, uno de los m\u00e1s implacables carteles de drogas de M\u00e9xico. Ellos indicaron que los miembros del cartel son &#x201C;v\u00edctimas de una sociedad enferma\u00a0 que no supo como inculcarles sus valores&#x201D;. El pedido de perd\u00f3n no puede ser tomado como una justificaci\u00f3n de los brutales cr\u00edmenes cometidos por los Zetas, o como una exenci\u00f3n al estado de M\u00e9xico de su obligaci\u00f3n a investigar los secuestros y exigir cuentas a los responsables. <\/p>\n<p>La situaci\u00f3n pone en evidencia un marco que exhibe la naturaleza estructural de la violencia en el M\u00e9xico de hoy en d\u00eda, y remarca que la sociedad ha fallado en ofrecer las oportunidades necesarias a sus j\u00f3venes. <\/p>\n<p><strong>El \u00e9xito de la Caravana y el camino por delante<\/strong><\/p>\n<p>Los integrantes de la Caravana vieron exitosos sus esfuerzos por varias razones. Muchas madres en la traves\u00eda encontraron a sus hijos perdidos. En el primer d\u00eda de la Caravana en M\u00e9xico, en la ciudad de Tapachula, una mujer hondure\u00f1a se reuni\u00f3 p\u00fablicamente con su hijo a quien no hab\u00eda visto por nueve a\u00f1os. Lo recibi\u00f3 llorando, en una conferencia de prensa en la plaza central de la ciudad, agradeciendo a Dios por &#x201C;este milagro&#x201D;, en medio de un gran aplauso. <\/p>\n<p>Otra madre, tambi\u00e9n de Honduras, hall\u00f3 el paradero de su hija que estaba viviendo en el centro de M\u00e9xico, con la ayuda de los medios de noticias. En su viaje, los migrantes y sus familias se dirigieron al p\u00fablico y a la prensa, creando conciencia acerca de los secuestros y otras formas de violencia que los migrantes enfrentan. <\/p>\n<p>Presentaron sus testimonios al informante Felipe Gonz\u00e1lez en Tierra Blanca. Las observaciones preliminares del reportero acerca de su visita, se hicieron p\u00fablicas el 2 de agosto, incorporando testimonios de la Caravana. Las observaciones hicieron hincapi\u00e9 la gran inseguridad sufrida por los migrantes, y las &#x201C;desapariciones forzadas, asesinatos, explotaci\u00f3n sexual, secuestros, y discriminaci\u00f3n, entre otras violaciones de sus derechos&#x201D;. El informante destac\u00f3 la participaci\u00f3n de las autoridades mexicanas en casos de abuso e intim\u00f3 al estado mexicano a investigar. Tambi\u00e9n dej\u00f3 notar que muchas de las v\u00edctimas y los miembros de sus familias no denunciaron los abusos de autoridad por miedo a las represalias. <\/p>\n<p>A\u00fan hay mucho que hacer con respecto a la defensa de los derechos de los inmigrantes. S\u00f3lo una semana despu\u00e9s de que la Caravana llegara a la ciudad de M\u00e9xico, Julio Fernando Cardona, un ind\u00edgena guatemalteco de 19 a\u00f1os, fue asesinado cerca de las v\u00edas del tren en Tultitl\u00e1n, en el estado de M\u00e9xico. Cardona se hab\u00eda unido a la Caravana en busca de su hermano desaparecido. De acuerdo a un testigo, fue llevado por la polic\u00eda municipal antes que se hallara su cuerpo.<\/p>\n<figure id=\"attachment_5556\" aria-describedby=\"caption-attachment-5556\" style=\"width: 300px\" class=\"wp-caption alignright\"><a href=\"https:\/\/www.americas.org\/wp-content\/uploads\/2011\/10\/CIMG106521-300x2252.jpg\"><img loading=\"lazy\" decoding=\"async\" class=\"size-full wp-image-5556\" title=\"CIMG106521-300x225\" src=\"https:\/\/www.americas.org\/wp-content\/uploads\/2011\/10\/CIMG106521-300x2252.jpg\" alt=\"\" width=\"300\" height=\"225\" \/><\/a><figcaption id=\"caption-attachment-5556\" class=\"wp-caption-text\">Migrantes en las vias del tren con la autora<\/figcaption><\/figure>\n<p>La Caravana dur\u00f3 un poco m\u00e1s de una semana, y ocurri\u00f3 durante un momento crucial en las discusiones por la seguridad nacional de M\u00e9xico. A principios de este a\u00f1o el Congreso dict\u00f3 sentencia en reformas legislativas concernientes a leyes de inmigraci\u00f3n, que podr\u00edan significar reformas positivas para los migrantes centroamericanos. Las reglas y regulaciones para implementar la ley a\u00fan deben ser redactadas todav\u00eda. Mientras tanto, miles de migrantes han sido secuestrados y cada d\u00eda cientos m\u00e1s intentan realizar la traves\u00eda para cruzar M\u00e9xico. <\/p>\n<p>M\u00e1s de diez a\u00f1os despu\u00e9s de aprobarse el Tratado de Libre Comercio de Am\u00e9rica del Norte, con muchas promesas de integraci\u00f3n econ\u00f3mica a\u00fan incumplidas, la distancia entre M\u00e9xico y Estados Unidos ha incrementado el n\u00famero de migrantes.\u00a0 Hay muy pocas oportunidades para los trabajadores humildes centroamericanos, de obtener una entrada legal a Estados Unidos. La criminalizaci\u00f3n de los trabajadores pobres, ha aumentado con el modelo de seguridad nacional desarrollado luego del 11 de septiembre. Igualmente, los secuestros generalmente est\u00e1n relacionados con miembros de grupos criminales; los gobiernos de Estados Unidos, M\u00e9xico y Am\u00e9rica Central deben tambi\u00e9n reconocer su responsabilidad en la creaci\u00f3n de circunstancias que propician estos cr\u00edmenes. <\/p>\n<p>La Caravana demanda un fin a los secuestros. \u00bfCu\u00e1ntos migrantes m\u00e1s desaparecer\u00e1n o ser\u00e1n asesinados por la polic\u00eda antes que las pol\u00edticas \u00e9ticas se hagan responsables de la protecci\u00f3n de los derechos de todos? En la b\u00fasqueda de sus seres queridos, los miembros de las familias mantienen vivo el recuerdo de los desaparecidos mientras demandan compromiso de las autoridades gubernamentales y respeto por los derechos humanos de todos los migrantes. <\/p>\n<p><em><strong>Christine Kovic<\/strong> es Profesora Adjunta de Antropolog\u00eda en la Universidad de Houston-Clear Lake. Ha dirigido investigaciones por los Derechos humanos en Chiapas, M\u00e9xico por casi dos d\u00e9cadas. Escribe sobre inmigraci\u00f3n y derechos humanos para el Programa de las Am\u00e9ricas <\/em><a href=\"..\/\"><em>www.americas.org<\/em><\/a><em>. <\/p>\n<p><\/em> Fotos: Christine Kovic, Traducci\u00f3n: Viviana Vitulich<br \/>\n<em>&#x2014;&#x2014;&#x2014;&#x2014;&#x2014;&#x2014;&#x2014;&#x2014;&#x2014;&#x2014;&#x2014;&#x2014;&#x2014;&#x2014;&#x2014;&#x2014;&#x2014;&#x2014;&#x2014;&#x2014;&#x2014;&#x2014;&#x2014;&#x2014;&#x2014;&#x2014;&#x2014;&#x2014;&#x2014;<\/em><br \/>\nPara mayor informaci\u00f3n: <strong>Caravana por los derechos humanos protestan por secuestros de los migrantes<\/strong>, CIP Programa de las Am\u00e9ricas (Parte 1) https:\/\/www.americas.org\/archives\/5267 <strong>La Caravana paso a paso hacia la paz<\/strong> <a href=\"http:\/\/pasoapasohacialapaz.wordpress.com\/\">http:\/\/pasoapasohacialapaz.wordpress.com\/<\/a> <strong>LA CONFERENCIA DE LA COMISION INTER AMERICANA DE DERECHOS HUMANOS ACERCA DE LOS DERECHOS DE LOS MIGRANTES ACUERDA SU VISITA A MEXICO<\/strong> http:\/\/www.cidh.org\/Comunicados\/English\/2011\/82-11eng.htm <strong>Los migrantes como objetivo de las pol\u00edticas de seguridad<\/strong>, CIP Programa de las Am\u00e9ricas <a href=\"..\/archives\/5074\">https:\/\/www.americas.org\/archives\/5074<\/a> <strong>La Guerra anti drogas de M\u00e9xico demanda reformas pol\u00edticas de amplio alcance<\/strong> https:\/\/www.americas.org\/archives\/4459 <strong>Hermanos en el camino, Ixtepec, Oaxaca<\/strong> http:\/\/www.hermanosenelcamino.org <strong>Migrantes desaparecidos<\/strong> http:\/\/www.barriozona.com\/migrantes_centroamericanos_desparecidos_lista_de_nombres_guatemala_el_salvador_honduras.html <strong>Crisis humanitaria: Muertes de migrantes en la frontera Estados Unidos &#x2013; M\u00e9xico<\/strong>, Jim\u00e9nez, Mar\u00eda, Uni\u00f3n Americana de Libertades Civiles de San Diego y Condados Imperiales, y Comisi\u00f3n Nacional de derechos Humanos de M\u00e9xico, octubre de 2009. <a href=\"http:\/\/www.aclu.org\/files\/pdfs\/immigrants\/humanitariancrisisreport.pdf\">http:\/\/www.aclu.org\/files\/pdfs\/immigrants\/humanitariancrisisreport.pdf<\/a> Espa\u00f1ol: <strong>Informe Especial sobre Secuestro de Migrantes en M\u00e9xico 2010<\/strong>, Comisi\u00f3n Nacional de Derechos Humanos, M\u00e9xico DF, M\u00e9xico, Feb. 2011) <a href=\"http:\/\/www.cndh.org.mx\/node\/35\">http:\/\/www.cndh.org.mx\/node\/35<\/a> \u00a0 <a id=\"post_tag-check-num-0\"><br id=\"post_tag-check-num-0\" \/><\/a><\/p>\n","protected":false},"excerpt":{"rendered":"<p>Miles de migrantes centroamericanos cruzan M\u00e9xico en el tren de mercanc\u00edas para eludir los puestos de control. Viajar en el techo o a los lados del tren, significa una traves\u00eda de d\u00edas o semanas a pleno sol.<\/p>\n","protected":false},"author":275,"featured_media":0,"comment_status":"open","ping_status":"open","sticky":false,"template":"","format":"standard","meta":{"inline_featured_image":false,"footnotes":""},"categories":[4884,4919,4912,4914],"tags":[],"coauthors":[],"class_list":["post-5548","post","type-post","status-publish","format-standard","hentry","category-democracia","category-migracion","category-movimientos-sociales","category-paz-y-seguridad"],"_links":{"self":[{"href":"https:\/\/www.americas.org\/es\/wp-json\/wp\/v2\/posts\/5548","targetHints":{"allow":["GET"]}}],"collection":[{"href":"https:\/\/www.americas.org\/es\/wp-json\/wp\/v2\/posts"}],"about":[{"href":"https:\/\/www.americas.org\/es\/wp-json\/wp\/v2\/types\/post"}],"author":[{"embeddable":true,"href":"https:\/\/www.americas.org\/es\/wp-json\/wp\/v2\/users\/275"}],"replies":[{"embeddable":true,"href":"https:\/\/www.americas.org\/es\/wp-json\/wp\/v2\/comments?post=5548"}],"version-history":[{"count":0,"href":"https:\/\/www.americas.org\/es\/wp-json\/wp\/v2\/posts\/5548\/revisions"}],"wp:attachment":[{"href":"https:\/\/www.americas.org\/es\/wp-json\/wp\/v2\/media?parent=5548"}],"wp:term":[{"taxonomy":"category","embeddable":true,"href":"https:\/\/www.americas.org\/es\/wp-json\/wp\/v2\/categories?post=5548"},{"taxonomy":"post_tag","embeddable":true,"href":"https:\/\/www.americas.org\/es\/wp-json\/wp\/v2\/tags?post=5548"},{"taxonomy":"author","embeddable":true,"href":"https:\/\/www.americas.org\/es\/wp-json\/wp\/v2\/coauthors?post=5548"}],"curies":[{"name":"wp","href":"https:\/\/api.w.org\/{rel}","templated":true}]}}