{"id":57922,"date":"2022-03-11T19:19:29","date_gmt":"2022-03-12T00:19:29","guid":{"rendered":"https:\/\/www.americas.org\/?p=57922"},"modified":"2022-03-12T09:33:41","modified_gmt":"2022-03-12T14:33:41","slug":"la-busqueda-de-personas-desaparecidas-se-vuelve-internacional","status":"publish","type":"post","link":"https:\/\/www.americas.org\/es\/la-busqueda-de-personas-desaparecidas-se-vuelve-internacional\/","title":{"rendered":"La b\u00fasqueda de personas desaparecidas se vuelve internacional"},"content":{"rendered":"<p><img loading=\"lazy\" decoding=\"async\" class=\"alignleft size-full wp-image-57906\" src=\"https:\/\/www.americas.org\/wp-content\/uploads\/2022\/03\/DSC_0128-e1646969932630.jpg\" alt=\"\" width=\"400\" height=\"267\" \/>&#8220;Los ojos no mienten&#8221; repite Ruth, una mujer salvadore\u00f1a que busca a su hijo en la ciudad de Tijuana. Mientras sostiene la ficha de b\u00fasqueda de su hijo Rafael, dos hombres en situaci\u00f3n de calle la observan con atenci\u00f3n, buscando en su memoria alg\u00fan recuerdo de su rostro. \u201cPuede ser que haya cambiado en estos a\u00f1os, pero los ojos no mienten\u201d, dice la madre.<\/p>\n<p>Ana Ruth Delandaverde busca a su hijo Ernesto Rafael Valencia desde el 9 de octubre del 2012. El d\u00eda que desapareci\u00f3, Rafael se comunic\u00f3 con ella desde Piedras Negras, Coahuila mientras viajaba para encontrar el sue\u00f1o americano desde El Salvador. Ruth se ha movilizado en redes sociales y ha encontrado indicios de que puede ser en Tijuana donde se encuentra su hijo actualmente, pero hasta ahora le fue posible viajar para recorrer las calles en su b\u00fasqueda. \u201cDoy gracias a dios porque yo por mi propia cuenta no podr\u00eda venir a buscar a mi hijo ac\u00e1, solo ahora que se dio la Primera Brigada Internacional de B\u00fasqueda lo he podido venir a ver\u201d, comenta. Pegando carteles en los que se observa su rostro y datos personales, junto a decenas de madres y familiares de personas desaparecidas, Ruth recorri\u00f3 las calles de los dos estados fronterizos m\u00e1s al oeste del territorio mexicano, los estados de Sonora y Baja California.<\/p>\n<p>La Primera Brigada Internacional de B\u00fasqueda se llev\u00f3 a cabo del 16 de febrero al 4 de marzo del 2022en la frontera noroeste de M\u00e9xico. Surgi\u00f3 como un esfuerzo colectivo de familiares de M\u00e9xico, Per\u00fa, Colombia, El Salvador y Honduras para buscar a las personas desaparecidas que se encuentran en dicho territorio.\u00a0 Durante sus b\u00fasquedas, los colectivos de la zona han sido testigos de la urgencia y necesidad actual para resolver tambi\u00e9n el problema de desaparici\u00f3n de personas migrantes en M\u00e9xico, por lo tanto decidieron gestionar esta Brigada Internacional e invitar a familiares de otros pa\u00edses a unir fuerzas.<\/p>\n<p><img loading=\"lazy\" decoding=\"async\" class=\"wp-image-57912 alignright\" src=\"https:\/\/www.americas.org\/wp-content\/uploads\/2022\/03\/DSC_0047-e1646970038382.jpg\" alt=\"\" width=\"351\" height=\"234\" \/><\/p>\n<p>Al ser M\u00e9xico un pa\u00eds de tr\u00e1nsito migratorio por el que cruzan miles de personas y que durante su camino pierden comunicaci\u00f3n con sus seres queridos, muchos se ven obligados a vivir en situaci\u00f3n de calle. Las condiciones a las que se enfrentan los migrantes centroamericanos, haitianos, sudamericanos y africanos en M\u00e9xico son verdaderamente adversas. Los estados colindantes con la l\u00ednea fronteriza se han convertido en espacios habitados por aquellos que intentan cruzar o han sido deportados. Esto ha llevado a muchas familias a buscar a sus hijos preguntando en las calles, buscando pistas de su paradero e informaci\u00f3n que les lleve a encontrarlos.<\/p>\n<p>\u201cYa estando ac\u00e1 me he dado cuenta de que s\u00ed son much\u00edsimas las personas que son de otros pa\u00edses que se quedaron aqu\u00ed y ahora andan en la calle. A m\u00ed como madre me duele el coraz\u00f3n. S\u00e9 que cada uno de ellos tiene una madre y que esa madre en cualquier pa\u00eds del mundo ha de estar llorando la p\u00e9rdida de su hijo. En cualquier estado pueden estar los hijos de todas nosotras y si aqu\u00ed no los anduviera persiguiendo la polic\u00eda podr\u00edan regresar a sus hogares\u201d, comenta Ruth, saliendo del bordo de Tijuana, lugar que funciona de punto de encuentro para personas en situaci\u00f3n de calle.<\/p>\n<p>Entre las cosas que se pudieron observar fueron el miedo que estas personas le tienen a la polic\u00eda y la autoridad. Durante las pl\u00e1ticas con ellos, las madres han conocido las condiciones en que viven. Mencionan el momento en que en Mexicali la nueva gobernadora de Baja California, Marina del Pilar \u00c1vila Olmeda, orden\u00f3 realizar \u201cuna limpieza social\u201d del centro de la ciudad, lo cual signific\u00f3 que se vieron obligados a salir del espacio y huir de la violencia estatal.<\/p>\n<p><img loading=\"lazy\" decoding=\"async\" class=\"wp-image-57914 alignright\" src=\"https:\/\/www.americas.org\/wp-content\/uploads\/2022\/03\/DSC_0040-e1646970051504.jpg\" alt=\"\" width=\"357\" height=\"238\" \/><\/p>\n<p>El d\u00eda 28 de febrero, cuando la brigada se encontraba en la capital del estado, la gobernadora hizo presencia en el albergue en el que se hospedaban las familias. En cuanto la vieron, las madres expusieron su dolor y sus vivencias, pero sobre todas las cosas expresaron inconformidad y sus demandas. Exigieron que se les permitiera ingresar a los centros penitenciarios para ver de frente a los internos y no solo sus fotograf\u00edas. Se habl\u00f3 de casos en los que la fiscal\u00eda ha perdido pruebas y de las cuotas que se les cobra a las familias por sacar los cuerpos de sus hijos de las fosas comunes. En Baja California hay registro de<a href=\"https:\/\/versionpublicarnpdno.segob.gob.mx\/Dashboard\/Index\"> 1 431 persona<\/a>s desaparecidas, sin embargo las familias le expresaron a la gobernadora que esta cifra est\u00e1 maquillada, tomando en cuenta que en repetidas ocasiones la fiscal\u00eda no levanta las denuncias por desaparici\u00f3n sino que solo genera actas circunstanciadas. Es decir, que no se est\u00e1n generando carpetas de investigaci\u00f3n para todas aquellas personas que acuden a denunciar una desaparici\u00f3n.<\/p>\n<p>\u201cEn Colombia no me apoyan a m\u00ed porque me dicen que la ni\u00f1a m\u00eda desapareci\u00f3 aqu\u00ed en M\u00e9xico y que es aqu\u00ed donde les toca responder. Yo por eso me met\u00ed a la Brigada y con los colectivos porque las autoridades no han estado haciendo nada \u00faltimamente, no han mandado archivos de nada. Yo tengo que seguir buscando a mi hija, yo no puedo dejarla al olvido\u201d, nos comparte Luz Dary Calder\u00f3n Zuluaga de Medell\u00edn, Colombia quien busca a su hija Al\u00eda Vanessa Uruaga Calder\u00f3n, a la cual desaparecieron el 30 de noviembre del 2013 en Morelia, Michoac\u00e1n.\u201cMuchas personas ac\u00e1 en M\u00e9xico han adoptado a mi ni\u00f1a, siempre que salen a las b\u00fasquedas salen con ella tambi\u00e9n. Yo no he dejado de buscarla desde que la desaparecieron. La primera vez vine sola, no ten\u00eda conocimiento de nada ni conoc\u00eda a nadie\u201d, comenta Luz Dary, a\u00f1adiendo que la Brigada le ha permitido conocer a m\u00e1s personas que viven una situaci\u00f3n similar a la de ella. \u201cNosotras nos sentimos como una familia del mismo dolor, todas nosotras. Y para m\u00ed ha sido una familia muy especial\u201d. Como Luz Dary, ninguna de las personas extranjeras que participaron en la Brigada han recibido apoyo por parte de los gobiernos de sus pa\u00edses y al desconocer c\u00f3mo operan las instituciones en este pa\u00eds sus derechos son f\u00e1cilmente vulnerados.<\/p>\n<p><img loading=\"lazy\" decoding=\"async\" class=\"alignleft size-full wp-image-57908\" src=\"https:\/\/www.americas.org\/wp-content\/uploads\/2022\/03\/DSC_0110-e1646970000820.jpg\" alt=\"\" width=\"370\" height=\"247\" \/>M\u00e9xico no es un territorio f\u00e1cil de cruzar<strong>.<\/strong> Entre los m\u00faltiples problemas a los que se enfrentan las personas en tr\u00e1nsito se les a\u00f1ade la violencia que crece todos los d\u00edas. Con base en el<a href=\"https:\/\/versionpublicarnpdno.segob.gob.mx\/Dashboard\/Index\"> Registro Nacional de Personas Desaparecidas y No Localizadas en M\u00e9xico<\/a> existe denuncia de 98,611 personas desaparecidas en el pa\u00eds.<\/p>\n<p>\u201cMi esposa sufri\u00f3 tanto porque iba sola a ver a nuestro gobierno y nunca le hicieron caso. Luego lleg\u00f3 a un colectivo que la ha acompa\u00f1ado paso a paso para buscar lo que m\u00e1s se quiere en la vida\u201d comenta Jes\u00fas Garrido, mientras sube el cerro con una pala sobre el hombro. \u201cTambi\u00e9n nosotros como padres tenemos sensibilidad y coraz\u00f3n\u201d. Jes\u00fas busca a su hijo con el mismo nombre, que fue desaparecido el 12 de diciembre de 2013 en Reynosa Tamaulipas.<\/p>\n<p>Mientras sigue rastreando el cerro, Jes\u00fas nos cuenta su historia. Nacido en Michoac\u00e1n se mud\u00f3 a temprana edad al Estado de M\u00e9xico. Toda su vida ha trabajado como cocinero y panadero, actualmente tiene una panader\u00eda en Coahuila. Hace ya nueve a\u00f1os su hijo Jes\u00fas Garrido Salas fue \u201clevantado\u201d por un grupo y desde entonces su familia lo busca. Comenta que \u201cNo se vale que trunquen los sue\u00f1os de nuestros hijos, de nuestros padres, de nuestras hermanas, de nuestras esposas. Tenemos miedo de llegar a una procuradur\u00eda a decir: tengo un problema, no aparece mi hijo. Y que me digan que lo sienten mucho pero ahorita no tienen tiempo, as\u00ed se lo dijeron a mi esposa. Y venimos a b\u00fasquedas, andamos de lugar en lugar\u201d.<\/p>\n<p>Cargados de herramientas un grupo de familiares se adentr\u00f3 en el desierto fronterizo, en los montes y las ca\u00f1adas en b\u00fasqueda de fosas clandestinas -excavadas por los grupos criminales de la zona- u osamentas de aquellos que han perecido en su intento de cruce. Los familiares expresan que los caminos, los cerros y los desiertos son como libros: espacios en los que se puede leer, escuchan lo que el terreno les tiene que decir. Una rama rota puede ser indicio del paso de una persona, una pisada puede quedar como huella del paso cansado de un grupo entero. El campo, los montes, las veredas y los huesos les hablan y las personas que buscan han tenido que aprender a escucharlos en b\u00fasqueda de respuestas. Aunque los rastreadores no tengan indicios de que su familiar desapareci\u00f3 ah\u00ed, buscan a todas las personas desaparecidas. \u201cHoy una madre descansa\u201d, comentan cuando tienen un hallazgo, \u201cCuando muere uno de nuestros seres queridos a la tumba le va uno a rezar \u00bfy a los desaparecidos?\u201d, expone Jes\u00fas sentado sobre una roca mientras frente a \u00e9l se observan los restos de una persona, \u201cCada vez que encontramos un cuerpo, por mi mente pasa y siento que es mi hijo\u201d.<\/p>\n<p><img loading=\"lazy\" decoding=\"async\" class=\"alignright size-full wp-image-57910\" src=\"https:\/\/www.americas.org\/wp-content\/uploads\/2022\/03\/DSC_0439-e1646970017860.jpg\" alt=\"\" width=\"370\" height=\"247\" \/>Por su parte, Lupita S\u00e1nchez, cuenta que al encontrar a su hijo sinti\u00f3 cierta tranquilidad, \u201cpero el dolor y la necesidad de estar con \u00e9l eso jam\u00e1s se le quita a uno\u201d. Expresa que desear\u00eda que todas sus compa\u00f1eras encuentren a sus hijos como ella lo pudo hacer. \u201cYo quiero que todos sientan lo que yo sent\u00ed cuando encontr\u00e9 a mi hijo\u201d. Su deseo es que los familiares con personas desaparecidas contin\u00faen uni\u00e9ndose: \u201cA todos los colectivos les quiero decir que nos unamos todos. Estamos unidos por el mismo dolor al tener una persona desaparecida y hay que unir fuerzas\u201d. Con palabras de agradecimiento a todas las personas involucradas, el 4 de marzo cerr\u00f3 la Primera Brigada Internacional con una cena de despedida. Al un\u00edsono gritaron las participantes \u201cBrigada Internacional de B\u00fasqueda \u00a1Presente ahora y siempre!\u201d.<\/p>\n<p>Fotograf\u00edas: Javier Perea<\/p>\n<p>&nbsp;<\/p>\n","protected":false},"excerpt":{"rendered":"<p>La Primera Brigada Internacional de B\u00fasqueda se llev\u00f3 a cabo del 16 de febrero al 4 de marzo del 2022en la frontera noroeste de M\u00e9xico. Surgi\u00f3 como un esfuerzo colectivo de familiares de M\u00e9xico, Per\u00fa, Colombia, El Salvador y Honduras para buscar a las personas desaparecidas que se encuentran en dicho territorio.\u00a0<\/p>\n","protected":false},"author":488,"featured_media":57906,"comment_status":"closed","ping_status":"open","sticky":false,"template":"","format":"standard","meta":{"inline_featured_image":false,"footnotes":""},"categories":[4916,4914],"tags":[8338,8339,4958,5071],"coauthors":[8340],"class_list":["post-57922","post","type-post","status-publish","format-standard","has-post-thumbnail","hentry","category-derechos-humanos","category-paz-y-seguridad","tag-brigada-de-busqueda","tag-desparecidos","tag-mexico","tag-norteamerica"],"_links":{"self":[{"href":"https:\/\/www.americas.org\/es\/wp-json\/wp\/v2\/posts\/57922","targetHints":{"allow":["GET"]}}],"collection":[{"href":"https:\/\/www.americas.org\/es\/wp-json\/wp\/v2\/posts"}],"about":[{"href":"https:\/\/www.americas.org\/es\/wp-json\/wp\/v2\/types\/post"}],"author":[{"embeddable":true,"href":"https:\/\/www.americas.org\/es\/wp-json\/wp\/v2\/users\/488"}],"replies":[{"embeddable":true,"href":"https:\/\/www.americas.org\/es\/wp-json\/wp\/v2\/comments?post=57922"}],"version-history":[{"count":3,"href":"https:\/\/www.americas.org\/es\/wp-json\/wp\/v2\/posts\/57922\/revisions"}],"predecessor-version":[{"id":57926,"href":"https:\/\/www.americas.org\/es\/wp-json\/wp\/v2\/posts\/57922\/revisions\/57926"}],"wp:featuredmedia":[{"embeddable":true,"href":"https:\/\/www.americas.org\/es\/wp-json\/wp\/v2\/media\/57906"}],"wp:attachment":[{"href":"https:\/\/www.americas.org\/es\/wp-json\/wp\/v2\/media?parent=57922"}],"wp:term":[{"taxonomy":"category","embeddable":true,"href":"https:\/\/www.americas.org\/es\/wp-json\/wp\/v2\/categories?post=57922"},{"taxonomy":"post_tag","embeddable":true,"href":"https:\/\/www.americas.org\/es\/wp-json\/wp\/v2\/tags?post=57922"},{"taxonomy":"author","embeddable":true,"href":"https:\/\/www.americas.org\/es\/wp-json\/wp\/v2\/coauthors?post=57922"}],"curies":[{"name":"wp","href":"https:\/\/api.w.org\/{rel}","templated":true}]}}