{"id":63415,"date":"2023-10-05T14:31:32","date_gmt":"2023-10-05T19:31:32","guid":{"rendered":"https:\/\/www.americas.org\/?p=63415"},"modified":"2023-10-06T12:18:05","modified_gmt":"2023-10-06T17:18:05","slug":"del-programa-de-las-americas-a-mira-feminismos-y-democracias","status":"publish","type":"post","link":"https:\/\/www.americas.org\/es\/del-programa-de-las-americas-a-mira-feminismos-y-democracias\/","title":{"rendered":"Del Programa de las Am\u00e9ricas a MIRA: Feminismos y democracias"},"content":{"rendered":"\n<p>5 de octubre, 2023<\/p>\n\n\n\n<p><em>Una mirada feminista a Am\u00e9rica Latina<\/em><\/p>\n\n\n\n<p>Nos enorgullece anunciar el lanzamiento de MIRA: Feminismos y Democracias, un centro de comunicaciones dedicado a informar, apoyar y vincular a los movimientos por la igualdad, la justicia y la paz en Am\u00e9rica Latina y el continente. MIRA se basa en el trabajo de pol\u00edtica exterior y relaciones internacionales de su predecesor, el Programa de las Am\u00e9ricas, proyectando un an\u00e1lisis feminista tanto en el \u00e1mbito pol\u00edtico como en el de los movimientos de las relaciones internacionales en la regi\u00f3n.<\/p>\n\n\n\n<p>El trabajo del Programa de las Am\u00e9ricas comenz\u00f3 hace 44 a\u00f1os, cuando sus fundadoras se propusieron construir la solidaridad entre los pueblos y luchar contra las pol\u00edticas imperialistas de Estados Unidos que amenazaban las democracias, promov\u00edan escuadrones de la muerte, respaldaban campa\u00f1as genocidas contra los pueblos ind\u00edgenas y apoyaban a las fuerzas contrarrevolucionarias en el contexto de la guerra fr\u00eda, centr\u00e1ndose especialmente en Am\u00e9rica Latina. Poco a poco fuimos acumulando experiencia y reputaci\u00f3n como centro de an\u00e1lisis e informaci\u00f3n progresista. En 2003, el Programa de las Am\u00e9ricas traslad\u00f3 su oficina a M\u00e9xico y ampli\u00f3 sus v\u00ednculos con los movimientos sociales latinoamericanos.&nbsp;<\/p>\n\n\n\n<p>Hoy transitamos a un nuevo proyecto:&nbsp;<\/p>\n\n\n\n<p class=\"has-text-align-center\"><strong>MIRA. FEMINISMOS Y DEMOCRACIAS<\/strong><\/p>\n\n\n\n<figure class=\"wp-block-image aligncenter size-full is-resized\"><img loading=\"lazy\" decoding=\"async\" src=\"https:\/\/www.americas.org\/wp-content\/uploads\/2023\/10\/Logo-hor.jpeg\" alt=\"MIRA: FEMINISMOS Y DEMOCRACIAS\n\" class=\"wp-image-63447\" style=\"width:439px;height:176px\" width=\"439\" height=\"176\" srcset=\"https:\/\/www.americas.org\/wp-content\/uploads\/2023\/10\/Logo-hor.jpeg 1600w, https:\/\/www.americas.org\/wp-content\/uploads\/2023\/10\/Logo-hor-768x307.jpeg 768w, https:\/\/www.americas.org\/wp-content\/uploads\/2023\/10\/Logo-hor-1536x614.jpeg 1536w\" sizes=\"auto, (max-width: 439px) 100vw, 439px\" \/><\/figure>\n\n\n\n<ol class=\"wp-block-list\">\n<li><strong>Una mirada feminista<\/strong> sobre el an\u00e1lisis y la informaci\u00f3n geopol\u00edtica que no s\u00f3lo incluya, sino que priorice las perspectivas y el liderazgo de las mujeres en las cuestiones regionales. Necesitamos dar la vuelta a las narrativas patriarcales y capitalistas, y construir otras nuevas basadas en realidades vividas y visiones que comprendan y den voz a las diferentes formas en que estamos situadas en los sistemas de opresi\u00f3n.&nbsp;<\/li>\n\n\n\n<li><strong>Una mirada internacional y espec\u00edficamente regional<\/strong> concentrado en los cuatro temas principales: Democracias, Feminismos, Tierra y Derechos Humanos. Buscamos criticar e influir en la esfera formal de la diplomacia entre los Estados, al tiempo que apoyamos la solidaridad internacional entre los movimientos populares. Estamos convencidos de que, en un mundo globalizado, el trabajo internacional y regional es fundamental para los derechos y libertades individuales y la autodeterminaci\u00f3n local y colectiva.&nbsp;<\/li>\n\n\n\n<li><strong>Narrativas innovadoras, potentes y accesibles para el cambio<\/strong>. Nuestra imagen, nuestros contenidos y nuestras narrativas son accesibles a un p\u00fablico amplio. Somos conscientes de que la gente se ve bombardeada por informaci\u00f3n a trav\u00e9s de tecnolog\u00edas y plataformas medi\u00e1ticas que no exist\u00edan ni siquiera hace poco tiempo. Tambi\u00e9n sabemos que muchos buscan interpretaciones pol\u00edticas m\u00e1s plausibles y humanas que reflejen sus propias realidades. Creemos en una comunicaci\u00f3n responsable y basada en hechos. Trabajamos para aportar an\u00e1lisis que informen, inviten al di\u00e1logo, tiendan puentes y muevan a la gente a la acci\u00f3n colectiva y a la esperanza.&nbsp;&nbsp;<\/li>\n\n\n\n<li><strong>Creaci\u00f3n y fortalecimiento de redes<\/strong>. Nuestro trabajo colectivo nos sostiene y, a medida que las organizaciones comparten conocimientos y forjan v\u00ednculos, se hacen m\u00e1s fuertes. Lo vimos de <a href=\"https:\/\/www.youtube.com\/watch?v=Gej_Yh0nj-k&amp;list=PLLa6iVN2gqHJy9HqvLMKxgMzAzKbZUqUU\">forma dram\u00e1tica en la pandemia<\/a>. En MIRA creemos en el poder colectivo para construir un cambio m\u00e1s profundo y sostenible y nos comprometemos de nuevo a construir redes de comunicaci\u00f3n, investigaci\u00f3n y acci\u00f3n y a apoyar a los movimientos que est\u00e1n haciendo lo mismo.<\/li>\n<\/ol>\n\n\n\n<p>Nuestras redes sociales son: <\/p>\n\n\n\n<div class=\"wp-block-group is-layout-constrained wp-block-group-is-layout-constrained\">\n<div class=\"wp-block-columns is-layout-flex wp-container-core-columns-is-layout-28f84493 wp-block-columns-is-layout-flex\">\n<div class=\"wp-block-column is-layout-flow wp-block-column-is-layout-flow\" style=\"flex-basis:100%\">\n<figure class=\"wp-block-gallery has-nested-images columns-4 is-cropped wp-block-gallery-1 is-layout-flex wp-block-gallery-is-layout-flex\">\n<figure class=\"wp-block-image size-large is-resized\"><a href=\"https:\/\/www.facebook.com\/MIRA.Feminism\" target=\"_blank\" rel=\"noreferrer noopener\"><img loading=\"lazy\" decoding=\"async\" data-id=\"61368\" src=\"https:\/\/www.americas.org\/wp-content\/uploads\/2023\/09\/FACEBOOK.svg\" alt=\"MIRA Feminismos y democracias\" class=\"wp-image-61368\" style=\"object-fit:contain;width:80px;height:80px\" width=\"80\" height=\"80\"\/><\/a><\/figure>\n\n\n\n<figure class=\"wp-block-image size-large is-resized\"><a href=\"https:\/\/www.youtube.com\/channel\/UCe3PNNcOfopb7N0je8qzmvw\" target=\"_blank\" rel=\"noreferrer noopener\"><img loading=\"lazy\" decoding=\"async\" data-id=\"63079\" src=\"https:\/\/www.americas.org\/wp-content\/uploads\/2023\/09\/YOUTUBE.svg\" alt=\"MIRA Feminismos y democracias\" class=\"wp-image-63079\" style=\"object-fit:contain;width:80px;height:80px\" width=\"80\" height=\"80\"\/><\/a><\/figure>\n\n\n\n<figure class=\"wp-block-image size-large is-resized\"><a href=\"https:\/\/twitter.com\/MIRA_feminismos\" target=\"_blank\" rel=\"noreferrer noopener\"><img loading=\"lazy\" decoding=\"async\" data-id=\"63077\" src=\"https:\/\/www.americas.org\/wp-content\/uploads\/2023\/09\/TWITTER.svg\" alt=\"MIRA Feminismos y democracias\" class=\"wp-image-63077\" style=\"object-fit:contain;width:80px;height:80px\" width=\"80\" height=\"80\"\/><\/a><\/figure>\n\n\n\n<figure class=\"wp-block-image size-large is-resized is-style-default\"><a href=\"https:\/\/www.instagram.com\/mira_feminismos\/\" target=\"_blank\" rel=\"noreferrer noopener\"><img loading=\"lazy\" decoding=\"async\" data-id=\"61416\" src=\"https:\/\/www.americas.org\/wp-content\/uploads\/2023\/09\/INSTAGRAM.svg\" alt=\"MIRA Feminismos y democracias\" class=\"wp-image-61416\" style=\"object-fit:contain;width:80px;height:80px\" width=\"80\" height=\"80\"\/><\/a><\/figure>\n<\/figure>\n<\/div>\n<\/div>\n<\/div>\n\n\n\n<p>Esta transici\u00f3n requiere de mucho compromiso y trabajo. Acomp\u00e1\u00f1anos en este nuevo camino haciendo tu <a href=\"https:\/\/secure.everyaction.com\/y3Xl2m4Hv0mybhjAeEM0Ww2\" target=\"_blank\" rel=\"noreferrer noopener\">primera donaci\u00f3n<\/a> a MIRA, puedes hacerlo y tambi\u00e9n suscribirte a nuestro <a href=\"https:\/\/secure.campaigner.com\/CSB\/Public\/Form.aspx?fid=1901717&amp;ac=f2nu\" target=\"_blank\" rel=\"noreferrer noopener\">newsletter<\/a>.\u00a0<\/p>\n\n\n\n<p>\u00a1Muchas gracias!<\/p>\n\n\n\n<blockquote class=\"wp-block-quote is-layout-flow wp-block-quote-is-layout-flow\">\n<p><img loading=\"lazy\" decoding=\"async\" src=\"https:\/\/lh6.googleusercontent.com\/W-yjFcdsnN9IxdMLxg5T_7UajNH6Z62LofJFSl0dDntpyoELpPVkuh8kF2gWH3qlu3yo2i-kr3NT6jRQB6YS1wp4zlnhj2Qnb4mWa0LxlfkuOnd4JH7f9VJA_Vr5Zc-rKYZMqz5PGQNyEaGUKu7WHVg\" width=\"736\" height=\"77\"><\/p>\n<\/blockquote>\n","protected":false},"excerpt":{"rendered":"<p>El Programa de las Am\u00e9ricas transita hacia MIRA. Feminismos y democracias.<br \/>\nNuestro comunicado. <\/p>\n","protected":false},"author":1,"featured_media":63424,"comment_status":"closed","ping_status":"open","sticky":false,"template":"","format":"standard","meta":{"inline_featured_image":false,"footnotes":""},"categories":[4884,4916,8476,4918,4915],"tags":[8489,8488],"coauthors":[],"class_list":["post-63415","post","type-post","status-publish","format-standard","has-post-thumbnail","hentry","category-democracia","category-derechos-humanos","category-destacado","category-feminismos","category-tierra","tag-comunicado","tag-mira-feminismos-y-democracias"],"_links":{"self":[{"href":"https:\/\/www.americas.org\/es\/wp-json\/wp\/v2\/posts\/63415","targetHints":{"allow":["GET"]}}],"collection":[{"href":"https:\/\/www.americas.org\/es\/wp-json\/wp\/v2\/posts"}],"about":[{"href":"https:\/\/www.americas.org\/es\/wp-json\/wp\/v2\/types\/post"}],"author":[{"embeddable":true,"href":"https:\/\/www.americas.org\/es\/wp-json\/wp\/v2\/users\/1"}],"replies":[{"embeddable":true,"href":"https:\/\/www.americas.org\/es\/wp-json\/wp\/v2\/comments?post=63415"}],"version-history":[{"count":10,"href":"https:\/\/www.americas.org\/es\/wp-json\/wp\/v2\/posts\/63415\/revisions"}],"predecessor-version":[{"id":63479,"href":"https:\/\/www.americas.org\/es\/wp-json\/wp\/v2\/posts\/63415\/revisions\/63479"}],"wp:featuredmedia":[{"embeddable":true,"href":"https:\/\/www.americas.org\/es\/wp-json\/wp\/v2\/media\/63424"}],"wp:attachment":[{"href":"https:\/\/www.americas.org\/es\/wp-json\/wp\/v2\/media?parent=63415"}],"wp:term":[{"taxonomy":"category","embeddable":true,"href":"https:\/\/www.americas.org\/es\/wp-json\/wp\/v2\/categories?post=63415"},{"taxonomy":"post_tag","embeddable":true,"href":"https:\/\/www.americas.org\/es\/wp-json\/wp\/v2\/tags?post=63415"},{"taxonomy":"author","embeddable":true,"href":"https:\/\/www.americas.org\/es\/wp-json\/wp\/v2\/coauthors?post=63415"}],"curies":[{"name":"wp","href":"https:\/\/api.w.org\/{rel}","templated":true}]}}