{"id":64005,"date":"2024-02-28T16:21:34","date_gmt":"2024-02-28T21:21:34","guid":{"rendered":"https:\/\/www.americas.org\/?p=64005"},"modified":"2024-02-28T16:23:01","modified_gmt":"2024-02-28T21:23:01","slug":"bukele-y-los-ultraconservadores","status":"publish","type":"post","link":"https:\/\/www.americas.org\/es\/bukele-y-los-ultraconservadores\/","title":{"rendered":"Bukele consolida el poder en El Salvador y coquetea con los ultraconservadores de Estados Unidos"},"content":{"rendered":"\n<p>Una semana despu\u00e9s de que Bukele se proclamara ganador, no se hab\u00edan publicado datos oficiales del resultado de las elecciones y crec\u00edan las denuncias de irregularidades en el proceso.&nbsp;<\/p>\n\n\n\n<p>El domingo 4 de febrero, cuando ni se hab\u00edan cerrado todos los centros de votaci\u00f3n y apenas se empezaban a subir a la red del Tribunal Supremo Electoral (TSE) los primeros resultados, Nayib Bukele, presidente y candidato inconstitucional de El Salvador, se declaraba el ganador absoluto de la jornada electoral.<\/p>\n\n\n\n<figure class=\"wp-block-image alignleft size-full is-resized\"><img loading=\"lazy\" decoding=\"async\" width=\"900\" height=\"900\" src=\"https:\/\/www.americas.org\/wp-content\/uploads\/2024\/02\/8b23da3c-3fac-43ea-9f9e-c6c0f6624c7b.jpg\" alt=\"Bukele hablando \" class=\"wp-image-64007\" style=\"width:368px;height:auto\" srcset=\"https:\/\/www.americas.org\/wp-content\/uploads\/2024\/02\/8b23da3c-3fac-43ea-9f9e-c6c0f6624c7b.jpg 900w, https:\/\/www.americas.org\/wp-content\/uploads\/2024\/02\/8b23da3c-3fac-43ea-9f9e-c6c0f6624c7b-150x150.jpg 150w, https:\/\/www.americas.org\/wp-content\/uploads\/2024\/02\/8b23da3c-3fac-43ea-9f9e-c6c0f6624c7b-768x768.jpg 768w, https:\/\/www.americas.org\/wp-content\/uploads\/2024\/02\/8b23da3c-3fac-43ea-9f9e-c6c0f6624c7b-24x24.jpg 24w, https:\/\/www.americas.org\/wp-content\/uploads\/2024\/02\/8b23da3c-3fac-43ea-9f9e-c6c0f6624c7b-48x48.jpg 48w, https:\/\/www.americas.org\/wp-content\/uploads\/2024\/02\/8b23da3c-3fac-43ea-9f9e-c6c0f6624c7b-96x96.jpg 96w, https:\/\/www.americas.org\/wp-content\/uploads\/2024\/02\/8b23da3c-3fac-43ea-9f9e-c6c0f6624c7b-300x300.jpg 300w\" sizes=\"auto, (max-width: 900px) 100vw, 900px\" \/><figcaption class=\"wp-element-caption\">Bukele, Presidente de El Salvador <\/figcaption><\/figure>\n\n\n\n<p>Las elecciones presidenciales y legislativas que se desarrollaron en el pa\u00eds y en algunas ciudades alrededor del mundo estuvieron marcadas no s\u00f3lo por la participaci\u00f3n del presidente como candidato ileg\u00edtimo, tambi\u00e9n por denuncias de irregularidades y manoseo de miembros del partido oficialista Nuevas Ideas, en todo el proceso y los resultados.\u00a0<\/p>\n\n\n\n<figure class=\"wp-block-pullquote\"><blockquote><p>Los centros de votaci\u00f3n instalados en Estados Unidos y en Canad\u00e1 estaban a cargo de l\u00edderes del partido oficialista.<\/p><\/blockquote><\/figure>\n\n\n\n<p>En cobertura en la zona metropolitana de Washington DC, Virginia y Maryland, Mira pudo presenciar que las irregularidades se comet\u00edan con impunidad y sin verg\u00fcenza, bajo la protecci\u00f3n de miembros del partido cyan y empleados de consulados en Estados Unidos y sin mayor oposici\u00f3n.\u00a0Empleados del gobierno ofrec\u00edan ayudar a electores, especialmente a las personas adultas mayores, y en el proceso les indicaban que deb\u00edan hacer <em>click<\/em> en el rostro del presidente Bukele o de los candidatos a diputados del partido oficialista, para que pudieran continuar las \u201cbuenas obras en El Salvador\u201d.<\/p>\n\n\n\n<p>Dos d\u00edas antes de las elecciones, una investigaci\u00f3n de <a href=\"https:\/\/focostv.com\/el-audio-del-comando-nacional-nuevas-ideas-controla-en-nombre-del-tse-centros-de-votacion-en-el-extranjero\/\">Focos El Salvador<\/a>, revel\u00f3 que la mayor\u00eda de los centros de votaci\u00f3n instalados en Estados Unidos y en Canad\u00e1 estaban a cargo de l\u00edderes del partido oficialista. Es decir, que miembros del partido de Bukele eran los representantes y \u00e1rbitros que el TSE ten\u00eda en el exterior durante los comicios.<\/p>\n\n\n\n<p>Adem\u00e1s, esa investigaci\u00f3n revel\u00f3 que la comisionada presidencial del gobierno de Bukele, Carolina Recinos, se\u00f1alada por corrupci\u00f3n en informes del Departamento de Estado de Estados Unidos y su esposo, actual embajador de El Salvador en Rusia y Rep\u00fablica Checa, Efr\u00e9n Arnoldo Bernal Ch\u00e9vez, lideraron una reuni\u00f3n en las que instruy\u00f3 a esos representantes del TSE para \u201cdefender el voto\u201d.<\/p>\n\n\n\n<p><strong>Oposici\u00f3n pide anular elecciones<\/strong><\/p>\n\n\n\n<p>En El Salvador, el <a href=\"https:\/\/www.divergentes.com\/irregularidades-en-la-votacion-nuevas-ideas-se-apodera-de-las-elecciones-en-el-salvador\/\">panorama era peor<\/a>. Mientras Bukele sal\u00eda al balc\u00f3n del Palacio Nacional, en San Salvador, para <a href=\"https:\/\/www.bbc.com\/mundo\/articles\/ckve37xg9yeo\">cantar victoria<\/a>, en los centros de votaci\u00f3n de todo el pa\u00eds voluntarios, trabajadores del TSE y representantes de partidos pol\u00edticos opositores luchaban con el sistema de c\u00f3mputo que no permit\u00eda iniciar la transmisi\u00f3n de votos.&nbsp;<\/p>\n\n\n\n<p>A\u00fan una semana despu\u00e9s de que Bukele se proclamara ganador, el TSE no ten\u00eda datos concretos, ni oficiales de los resultados de las elecciones. Adem\u00e1s, crec\u00edan las denuncias de fraude y <a href=\"https:\/\/www.elsalvador.com\/noticias\/nacional\/papeletas-electorales-san-marcos-elecciones\/1121596\/2024\/\">aparec\u00edan<\/a> cajas con papeletas de votos abandonadas en escuelas que hab\u00edan funcionado como centros de votaci\u00f3n.&nbsp;<\/p>\n\n\n\n<p>Dos semanas despu\u00e9s de los comicios, el 19 de febrero, tres partidos de oposici\u00f3n: Nuestro Tiempo, Vamos y ARENA presentaron ante el TSE una solicitud para que se <a href=\"https:\/\/www.laprensagrafica.com\/elsalvador\/Vamos-Nuestro-Tiempo-y-ARENA-piden-nulidad-de-elecciones-legislativas-20240219-0036.html\">anulen las elecciones legislativas<\/a> luego de detectar por lo menos 69 irregularidades durante el d\u00eda de la elecci\u00f3n y en conteo final de los votos.\u00a0<\/p>\n\n\n\n<figure class=\"wp-block-pullquote\"><blockquote><p>En la mayor\u00eda de las mesas de votaci\u00f3n no se corrobor\u00f3 que el padr\u00f3n de firmas concordara con la cantidad de boletas de votaci\u00f3n que supuestamente se hab\u00edan utilizado.\u00a0\u00a0<\/p><\/blockquote><\/figure>\n\n\n\n<p>Un d\u00eda antes, grupos de misiones internacionales y los representantes de la Misi\u00f3n Observadora de la Organizaci\u00f3n de Estados Americanos (OEA)<a href=\"https:\/\/www.laprensagrafica.com\/elsalvador\/OEA-expresa-preocupacion-por-demora-y-violaciones-al-proceso-en-escrutinio-final-en-El-Salvador-20240218-0005.html\"> tambi\u00e9n denunciaron irregularidades<\/a>. El grupo se\u00f1al\u00f3 \u201cdiferencias importantes\u201d; pues, en la mayor\u00eda de las mesas de votaci\u00f3n no se corrobor\u00f3 que el padr\u00f3n de firmas concordara con la cantidad de boletas de votaci\u00f3n que supuestamente se hab\u00edan utilizado.&nbsp;&nbsp;<\/p>\n\n\n\n<p><strong>Bukele hace campa\u00f1a por Trump<\/strong><\/p>\n\n\n\n<p>En medio de las quejas, denuncias y las voces de fraude, Bukele lleg\u00f3 a Washington DC para participar como uno de los principales oradores en la Conferencia de Acci\u00f3n Conservadora Pol\u00edtica (CPAC, por sus siglas en ingl\u00e9s) organizada por el ala ultraconservadora del Partido Republicano y por un grupo de apoyo del expresidente Donald Trump.\u00a0<\/p>\n\n\n\n<p>No es la primera vez que Bukele coquetea con los ultraconservadores de Estados Unidos, ni con grupos cercanos a Trump. Tampoco es la primera vez que emite una postura sobre la pol\u00edtica interna estadounidense.\u00a0Bukele sali\u00f3 a la defensa de Trump cuando la Corte de Georgia rechaz\u00f3 la impugnaci\u00f3n del expresidente en el caso en el que est\u00e1 acusado de intentar revertir los resultados de las elecciones presidenciales del estado. Durante su visita a Washington, Bukele dijo que <a href=\"https:\/\/twitter.com\/eduardomenoni\/status\/1761064880998625422\">\u201cTrump era mucho mejor\u201d<\/a> manteniendo las relaciones diplom\u00e1ticas con su gobierno en El Salvador y adem\u00e1s, afirm\u00f3 que la Administraci\u00f3n Biden se ha negado a colaborar con su gobierno.\u00a0<\/p>\n\n\n\n<p>El presidente salvadore\u00f1o aprovech\u00f3 la plataforma de la CPAC para sustentar su narrativa <a href=\"https:\/\/www.univision.com\/noticias\/politica\/bukele-cpac-conspiracion-soros-biden-trump\">en contra de la prensa independiente<\/a>, asegurando que el multimillonario de origen h\u00fangaro, George Soros financ\u00eda a los medios independientes salvadore\u00f1os que expusieron casos de corrupci\u00f3n en su partido y negociaciones entre su gobierno y las pandillas.\u00a0<\/p>\n\n\n\n<figure class=\"wp-block-pullquote\"><blockquote><p>No es la primera vez que Bukele coquetea con los ultraconservadores de Estados Unidos, ni con grupos cercanos a Trump. Tampoco es la primera vez que emite una postura sobre la pol\u00edtica interna estadounidense.\u00a0<\/p><\/blockquote><\/figure>\n\n\n\n<p>La participaci\u00f3n de Bukele en la conferencia ultraconservadora revel\u00f3 c\u00f3mo este grupo se siente atra\u00eddo por las pol\u00edticas autoritarias, antidemocr\u00e1ticas y populistas, que esconden miles de denuncias de detenciones arbitrarias en El Salvador y casos de corrupci\u00f3n atribuidos al gobierno de las Nuevas Ideas, que est\u00e1 liderado por el presidente salvadore\u00f1o y sus hermanos.<\/p>\n\n\n\n<p><em>Carmen Rodr\u00edguez es periodista y corresponsal de noticias en Estados Unidos para Am\u00e9rica Latina con 13 a\u00f1os de experiencia en periodismo multimedia, comunicaciones y producci\u00f3n de contenidos informativos. Se especializa en Pol\u00edtica Exterior de EE.UU. con \u00e9nfasis en Centroam\u00e9rica y Migraci\u00f3n.<\/em><\/p>\n","protected":false},"excerpt":{"rendered":"<p>Una semana despu\u00e9s de que Bukele se proclamara ganador, no se hab\u00edan publicado datos oficiales del resultado de las elecciones y crec\u00edan las denuncias de irregularidades en el proceso.\u00a0<\/p>\n","protected":false},"author":373,"featured_media":64007,"comment_status":"closed","ping_status":"open","sticky":false,"template":"","format":"standard","meta":{"inline_featured_image":false,"footnotes":""},"categories":[4884],"tags":[4922,8588,5499,5603,8488],"coauthors":[5212],"class_list":["post-64005","post","type-post","status-publish","format-standard","has-post-thumbnail","hentry","category-democracia","tag-centroamerica","tag-conservadurismos","tag-el-salvador","tag-estados-unidos","tag-mira-feminismos-y-democracias"],"_links":{"self":[{"href":"https:\/\/www.americas.org\/es\/wp-json\/wp\/v2\/posts\/64005","targetHints":{"allow":["GET"]}}],"collection":[{"href":"https:\/\/www.americas.org\/es\/wp-json\/wp\/v2\/posts"}],"about":[{"href":"https:\/\/www.americas.org\/es\/wp-json\/wp\/v2\/types\/post"}],"author":[{"embeddable":true,"href":"https:\/\/www.americas.org\/es\/wp-json\/wp\/v2\/users\/373"}],"replies":[{"embeddable":true,"href":"https:\/\/www.americas.org\/es\/wp-json\/wp\/v2\/comments?post=64005"}],"version-history":[{"count":1,"href":"https:\/\/www.americas.org\/es\/wp-json\/wp\/v2\/posts\/64005\/revisions"}],"predecessor-version":[{"id":64009,"href":"https:\/\/www.americas.org\/es\/wp-json\/wp\/v2\/posts\/64005\/revisions\/64009"}],"wp:featuredmedia":[{"embeddable":true,"href":"https:\/\/www.americas.org\/es\/wp-json\/wp\/v2\/media\/64007"}],"wp:attachment":[{"href":"https:\/\/www.americas.org\/es\/wp-json\/wp\/v2\/media?parent=64005"}],"wp:term":[{"taxonomy":"category","embeddable":true,"href":"https:\/\/www.americas.org\/es\/wp-json\/wp\/v2\/categories?post=64005"},{"taxonomy":"post_tag","embeddable":true,"href":"https:\/\/www.americas.org\/es\/wp-json\/wp\/v2\/tags?post=64005"},{"taxonomy":"author","embeddable":true,"href":"https:\/\/www.americas.org\/es\/wp-json\/wp\/v2\/coauthors?post=64005"}],"curies":[{"name":"wp","href":"https:\/\/api.w.org\/{rel}","templated":true}]}}