{"id":64010,"date":"2024-03-04T10:14:10","date_gmt":"2024-03-04T15:14:10","guid":{"rendered":"https:\/\/www.americas.org\/?p=64010"},"modified":"2024-03-04T10:14:12","modified_gmt":"2024-03-04T15:14:12","slug":"parteria-reduce-violencia-obstetrica","status":"publish","type":"post","link":"https:\/\/www.americas.org\/es\/parteria-reduce-violencia-obstetrica\/","title":{"rendered":"La parter\u00eda reduce radicalmente la violencia obst\u00e9trica: una nueva regulaci\u00f3n puede ponerla en peligro"},"content":{"rendered":"\n<p>Texto: Regina Llanes, Camila Pl\u00e1<\/p>\n\n\n\n<p>&nbsp;Ilustraciones: @mardeajos y @naoko_yuka_bb<\/p>\n\n\n\n<p>Colectiva independiente <em>Gestar la Resistencia \/ <\/em><a href=\"https:\/\/otrasnarrativas.datacritica.org\/\" target=\"_blank\" rel=\"noreferrer noopener\"><em>Datos para mirar otras narrativas<\/em><\/a><\/p>\n\n\n\n<p>A pesar del intento hist\u00f3rico de desaparecer a la parter\u00eda, en M\u00e9xico 15 mil 400 parteras atienden casi 90 mil partos al a\u00f1o. Datos analizados para esta investigaci\u00f3n muestran que el Modelo de Parter\u00eda disminuye significativamente la violencia obst\u00e9trica que viven usuarias de servicios de salud. Sin embargo, hoy se revisan propuestas de legislaci\u00f3n que ponen en riesgo su pr\u00e1ctica y la salud de las mujeres que atienden, construidas con secrec\u00eda y sin incluir un n\u00famero amplio y diverso de parteras. Para ellas, su ejercicio es un acto de resistencia, una pr\u00e1ctica constante de defensa de los derechos sexuales y reproductivos de las mujeres y personas gestantes.<\/p>\n\n\n\n<figure class=\"wp-block-image aligncenter is-resized\"><img decoding=\"async\" src=\"https:\/\/lh7-us.googleusercontent.com\/7EW7NDHD1hiT1bhLhmp_dxPKwAoDL6lwpvB4ZbPSvy_zfbL7IWntv97u9VwQfwZCggHd6WkydwT4E22Zlh6-Iwp8I-W-aB2JGLlaeRSOtnjJkWxviEW4CIEKBE6iFEYdZDfEPCDquo3qzVvzzpTirAg\" alt=\"\" style=\"width:637px;height:auto\"\/><figcaption class=\"wp-element-caption\"><strong>\u00a0\u00a0\u00a0\u00a0\u00a0\u00a0\u00a0\u00a0\u00a0\u00a0\u00a0\u00a0\u00a0\u00a0\u00a0\u00a0\u00a0\u00a0\u00a0\u00a0\u00a0\u00a0\u00a0\u00a0\u00a0\u00a0\u00a0\u00a0\u00a0\u00a0\u00a0\u00a0\u00a0\u00a0\u00a0\u00a0\u00a0\u00a0\u00a0\u00a0\u00a0\u00a0\u00a0\u00a0\u00a0\u00a0\u00a0\u00a0\u00a0\u00a0\u00a0\u00a0\u00a0\u00a0\u00a0\u00a0\u00a0\u00a0\u00a0\u00a0\u00a0\u00a0\u00a0\u00a0\u00a0\u00a0\u00a0\u00a0\u00a0<\/strong>Cr\u00e9dito: Kenya Altuzar<\/figcaption><\/figure>\n\n\n\n<p><strong>Las hijas de las brujas que no pudieron quemar<\/strong><\/p>\n\n\n\n<p>\u201c<a href=\"https:\/\/cdn.knightlab.com\/libs\/timeline3\/latest\/embed\/index.html?source=15SRC1SZ8qVSZqXhPi8iTo6vUicYGpM4tIrUBuuI412s&amp;font=Default&amp;lang=en&amp;initial_zoom=2&amp;height=650\" target=\"_blank\" rel=\"noreferrer noopener\">Hist\u00f3ricamente<\/a> se ha tenido en la agenda pol\u00edtica disminuir la parter\u00eda\u201d, explica Kay sobre los problemas a los que se enfrenta cotidianamente como partera. Es una mujer joven que al hablar demuestra su amplia experiencia. Vive en la Ciudad de M\u00e9xico y se declara orgullosamente <strong>partera urbana aut\u00f3noma<\/strong>:<\/p>\n\n\n\n<p>\u201cMe di cuenta de que era necesario que hubieran m\u00e1s parteras y que formarme me permitir\u00eda generar una labor pol\u00edtica de crear <strong>espacios seguros para las mujeres<\/strong>\u201d. Kay habla de la parter\u00eda como una profesi\u00f3n desde la que se defienden los<strong> derechos sexuales y reproductivos<\/strong>. Aunque nadie puede decidir c\u00f3mo llegar a este mundo, en ocasiones s\u00ed se puede decidir c\u00f3mo parir; sea con doctor o con partera, en hospital o en casa. Esta elecci\u00f3n es un derecho reproductivo que las parteras han mantenido vivo durante siglos, pero no es su \u00fanica ventaja documentada.<\/p>\n\n\n\n<p>La parter\u00eda disminuye ces\u00e1reas e intervenciones innecesarias en el parto, as\u00ed como la cantidad de partos pret\u00e9rmino, la depresi\u00f3n y la anemia postparto, y aumenta las tasas de lactancia materna.&nbsp;<\/p>\n\n\n\n<p>Estos beneficios est\u00e1n descritos en investigaciones cient\u00edficas publicadas por <a href=\"https:\/\/sci-hub.se\/https:\/\/www.thelancet.com\/journals\/lancet\/article\/PIIS0140-6736(14)60930-2\/fulltext\">The Lancet<\/a>, <a href=\"https:\/\/sci-hub.se\/https:\/\/www.sciencedirect.com\/science\/article\/abs\/pii\/S1871519221001505\">Elsevier<\/a>, <a href=\"https:\/\/www.ncbi.nlm.nih.gov\/pmc\/articles\/PMC10214693\/#:~:text=This%20systematic%20review%20and%20meta%2Danalysis%20revealed%20that%20midwifery%2Dled,stays%20in%20intensive%20care%20units\" target=\"_blank\" rel=\"noreferrer noopener\">The National Library of Medicine<\/a>, entre otros, e instituciones internacionales como la <a href=\"https:\/\/www.who.int\/activities\/strengthening-quality-midwifery-for-all-mothers-and-newborns\" target=\"_blank\" rel=\"noreferrer noopener\">Organizaci\u00f3n Mundial de la Salud<\/a> (OMS) respaldan y promueven esta pr\u00e1ctica.<\/p>\n\n\n\n<p>La <strong>violencia obst\u00e9trica <\/strong>es casi inexistente en los partos atendidos de esta manera. De acuerdo con un an\u00e1lisis realizado para esta investigaci\u00f3n sobre los datos de la Encuesta Nacional sobre la Din\u00e1mica de las Relaciones en los Hogares <a href=\"https:\/\/www.inegi.org.mx\/programas\/endireh\/2021\/#datos_abiertos\" target=\"_blank\" rel=\"noreferrer noopener\">(ENDIREH)<\/a>, realizada en el 2021, este tipo de violencia solo se presenta en 3 de cada 100 partos atendidos bajo el modelo de parter\u00eda, en contraste con los partos en hospitales donde la cifra asciende a 30 de cada 100.<\/p>\n\n\n\n<figure class=\"wp-block-image alignleft is-resized\"><img decoding=\"async\" src=\"https:\/\/lh7-us.googleusercontent.com\/YqViwDnWMKceFXTmnf8u-sCTvevFzUC4D8ZDaeVSDIMHrDhs3PWgtflYXwmxhrAm_L_lRmmYDvInah3qBWLHqr4w_sAyJCxczBRPDwmuEO_OInY3yuoL44TpW_QiQEb4X-JkWUIqEa68otlc75n7uyw\" alt=\"\" style=\"width:476px;height:auto\"\/><\/figure>\n\n\n\n<div class=\"wp-block-columns is-layout-flex wp-container-core-columns-is-layout-28f84493 wp-block-columns-is-layout-flex\">\n<div class=\"wp-block-column is-layout-flow wp-block-column-is-layout-flow\" style=\"flex-basis:100%\">\n<figure class=\"wp-block-image is-resized\"><img decoding=\"async\" src=\"https:\/\/lh7-us.googleusercontent.com\/ijB0VM4Kb3l8Ion2_Yv_04JNn4cZ1gmv8_LkQx-Iqqzbc2oaFsPP9yQolJGlQJ5eA38Ui3qUSM208GtL-9u8-icViqzFeJd9aFFtc7bRZIHFgzebuOI2wbvsvZwUHJbgVJpM2bIig9J-WbRRTklABtc\" alt=\"\" style=\"width:469px;height:auto\"\/><\/figure>\n<\/div>\n<\/div>\n\n\n\n<p>Seg\u00fan un an\u00e1lisis del 2014 del <a href=\"https:\/\/www.unfpa.org\/es\/news\/las-parteras-salvan-vidas-pero-la-obstetricia-necesita-mas-apoyo\" target=\"_blank\" rel=\"noreferrer noopener\">Fondo de Poblaci\u00f3n de Naciones Unidas (UNFPA)<\/a> y de la OMS en 2019, las parteras pueden prevenir 80 por ciento de las <strong>muertes maternas, neonatales e intrauterinas<\/strong> cuando tienen la formaci\u00f3n adecuada para atender emergencias obst\u00e9tricas. En M\u00e9xico las parteras se forman durante periodos promedio de 4 a\u00f1os de acuerdo con los datos recabados para esta investigaci\u00f3n.<\/p>\n\n\n\n<figure class=\"wp-block-gallery has-nested-images columns-default is-cropped wp-block-gallery-1 is-layout-flex wp-block-gallery-is-layout-flex\">\n<figure class=\"wp-block-image size-full\"><img loading=\"lazy\" decoding=\"async\" width=\"1080\" height=\"1080\" data-id=\"64011\" src=\"https:\/\/www.americas.org\/wp-content\/uploads\/2024\/03\/Carrusel-1.jpg\" alt=\"\" class=\"wp-image-64011\" srcset=\"https:\/\/www.americas.org\/wp-content\/uploads\/2024\/03\/Carrusel-1.jpg 1080w, https:\/\/www.americas.org\/wp-content\/uploads\/2024\/03\/Carrusel-1-150x150.jpg 150w, https:\/\/www.americas.org\/wp-content\/uploads\/2024\/03\/Carrusel-1-768x768.jpg 768w, https:\/\/www.americas.org\/wp-content\/uploads\/2024\/03\/Carrusel-1-24x24.jpg 24w, https:\/\/www.americas.org\/wp-content\/uploads\/2024\/03\/Carrusel-1-48x48.jpg 48w, https:\/\/www.americas.org\/wp-content\/uploads\/2024\/03\/Carrusel-1-96x96.jpg 96w, https:\/\/www.americas.org\/wp-content\/uploads\/2024\/03\/Carrusel-1-300x300.jpg 300w\" sizes=\"auto, (max-width: 1080px) 100vw, 1080px\" \/><\/figure>\n\n\n\n<figure class=\"wp-block-image size-full\"><img loading=\"lazy\" decoding=\"async\" width=\"1080\" height=\"1080\" data-id=\"64013\" src=\"https:\/\/www.americas.org\/wp-content\/uploads\/2024\/03\/Carrusel-2.jpg\" alt=\"\" class=\"wp-image-64013\" srcset=\"https:\/\/www.americas.org\/wp-content\/uploads\/2024\/03\/Carrusel-2.jpg 1080w, https:\/\/www.americas.org\/wp-content\/uploads\/2024\/03\/Carrusel-2-150x150.jpg 150w, https:\/\/www.americas.org\/wp-content\/uploads\/2024\/03\/Carrusel-2-768x768.jpg 768w, https:\/\/www.americas.org\/wp-content\/uploads\/2024\/03\/Carrusel-2-24x24.jpg 24w, https:\/\/www.americas.org\/wp-content\/uploads\/2024\/03\/Carrusel-2-48x48.jpg 48w, https:\/\/www.americas.org\/wp-content\/uploads\/2024\/03\/Carrusel-2-96x96.jpg 96w, https:\/\/www.americas.org\/wp-content\/uploads\/2024\/03\/Carrusel-2-300x300.jpg 300w\" sizes=\"auto, (max-width: 1080px) 100vw, 1080px\" \/><\/figure>\n\n\n\n<figure class=\"wp-block-image size-full\"><img loading=\"lazy\" decoding=\"async\" width=\"1080\" height=\"1080\" data-id=\"64015\" src=\"https:\/\/www.americas.org\/wp-content\/uploads\/2024\/03\/Carrusel-3.jpg\" alt=\"\" class=\"wp-image-64015\" srcset=\"https:\/\/www.americas.org\/wp-content\/uploads\/2024\/03\/Carrusel-3.jpg 1080w, https:\/\/www.americas.org\/wp-content\/uploads\/2024\/03\/Carrusel-3-150x150.jpg 150w, https:\/\/www.americas.org\/wp-content\/uploads\/2024\/03\/Carrusel-3-768x768.jpg 768w, https:\/\/www.americas.org\/wp-content\/uploads\/2024\/03\/Carrusel-3-24x24.jpg 24w, https:\/\/www.americas.org\/wp-content\/uploads\/2024\/03\/Carrusel-3-48x48.jpg 48w, https:\/\/www.americas.org\/wp-content\/uploads\/2024\/03\/Carrusel-3-96x96.jpg 96w, https:\/\/www.americas.org\/wp-content\/uploads\/2024\/03\/Carrusel-3-300x300.jpg 300w\" sizes=\"auto, (max-width: 1080px) 100vw, 1080px\" \/><\/figure>\n\n\n\n<figure class=\"wp-block-image size-full\"><img loading=\"lazy\" decoding=\"async\" width=\"1080\" height=\"1080\" data-id=\"64017\" src=\"https:\/\/www.americas.org\/wp-content\/uploads\/2024\/03\/Carrusel-4.jpg\" alt=\"\" class=\"wp-image-64017\" srcset=\"https:\/\/www.americas.org\/wp-content\/uploads\/2024\/03\/Carrusel-4.jpg 1080w, https:\/\/www.americas.org\/wp-content\/uploads\/2024\/03\/Carrusel-4-150x150.jpg 150w, https:\/\/www.americas.org\/wp-content\/uploads\/2024\/03\/Carrusel-4-768x768.jpg 768w, https:\/\/www.americas.org\/wp-content\/uploads\/2024\/03\/Carrusel-4-24x24.jpg 24w, https:\/\/www.americas.org\/wp-content\/uploads\/2024\/03\/Carrusel-4-48x48.jpg 48w, https:\/\/www.americas.org\/wp-content\/uploads\/2024\/03\/Carrusel-4-96x96.jpg 96w, https:\/\/www.americas.org\/wp-content\/uploads\/2024\/03\/Carrusel-4-300x300.jpg 300w\" sizes=\"auto, (max-width: 1080px) 100vw, 1080px\" \/><\/figure>\n\n\n\n<figure class=\"wp-block-image size-full\"><img loading=\"lazy\" decoding=\"async\" width=\"1080\" height=\"1080\" data-id=\"64019\" src=\"https:\/\/www.americas.org\/wp-content\/uploads\/2024\/03\/Carrusel-5.jpg\" alt=\"\" class=\"wp-image-64019\" srcset=\"https:\/\/www.americas.org\/wp-content\/uploads\/2024\/03\/Carrusel-5.jpg 1080w, https:\/\/www.americas.org\/wp-content\/uploads\/2024\/03\/Carrusel-5-150x150.jpg 150w, https:\/\/www.americas.org\/wp-content\/uploads\/2024\/03\/Carrusel-5-768x768.jpg 768w, https:\/\/www.americas.org\/wp-content\/uploads\/2024\/03\/Carrusel-5-24x24.jpg 24w, https:\/\/www.americas.org\/wp-content\/uploads\/2024\/03\/Carrusel-5-48x48.jpg 48w, https:\/\/www.americas.org\/wp-content\/uploads\/2024\/03\/Carrusel-5-96x96.jpg 96w, https:\/\/www.americas.org\/wp-content\/uploads\/2024\/03\/Carrusel-5-300x300.jpg 300w\" sizes=\"auto, (max-width: 1080px) 100vw, 1080px\" \/><\/figure>\n\n\n\n<figure class=\"wp-block-image size-full\"><img loading=\"lazy\" decoding=\"async\" width=\"1080\" height=\"1080\" data-id=\"64021\" src=\"https:\/\/www.americas.org\/wp-content\/uploads\/2024\/03\/Carrusel-7.jpg\" alt=\"\" class=\"wp-image-64021\" srcset=\"https:\/\/www.americas.org\/wp-content\/uploads\/2024\/03\/Carrusel-7.jpg 1080w, https:\/\/www.americas.org\/wp-content\/uploads\/2024\/03\/Carrusel-7-150x150.jpg 150w, https:\/\/www.americas.org\/wp-content\/uploads\/2024\/03\/Carrusel-7-768x768.jpg 768w, https:\/\/www.americas.org\/wp-content\/uploads\/2024\/03\/Carrusel-7-24x24.jpg 24w, https:\/\/www.americas.org\/wp-content\/uploads\/2024\/03\/Carrusel-7-48x48.jpg 48w, https:\/\/www.americas.org\/wp-content\/uploads\/2024\/03\/Carrusel-7-96x96.jpg 96w, https:\/\/www.americas.org\/wp-content\/uploads\/2024\/03\/Carrusel-7-300x300.jpg 300w\" sizes=\"auto, (max-width: 1080px) 100vw, 1080px\" \/><\/figure>\n\n\n\n<figure class=\"wp-block-image size-full\"><img loading=\"lazy\" decoding=\"async\" width=\"1080\" height=\"1080\" data-id=\"64023\" src=\"https:\/\/www.americas.org\/wp-content\/uploads\/2024\/03\/Carrusel-8.jpg\" alt=\"\" class=\"wp-image-64023\" srcset=\"https:\/\/www.americas.org\/wp-content\/uploads\/2024\/03\/Carrusel-8.jpg 1080w, https:\/\/www.americas.org\/wp-content\/uploads\/2024\/03\/Carrusel-8-150x150.jpg 150w, https:\/\/www.americas.org\/wp-content\/uploads\/2024\/03\/Carrusel-8-768x768.jpg 768w, https:\/\/www.americas.org\/wp-content\/uploads\/2024\/03\/Carrusel-8-24x24.jpg 24w, https:\/\/www.americas.org\/wp-content\/uploads\/2024\/03\/Carrusel-8-48x48.jpg 48w, https:\/\/www.americas.org\/wp-content\/uploads\/2024\/03\/Carrusel-8-96x96.jpg 96w, https:\/\/www.americas.org\/wp-content\/uploads\/2024\/03\/Carrusel-8-300x300.jpg 300w\" sizes=\"auto, (max-width: 1080px) 100vw, 1080px\" \/><\/figure>\n\n\n\n<figure class=\"wp-block-image size-full\"><img loading=\"lazy\" decoding=\"async\" width=\"1080\" height=\"1080\" data-id=\"64025\" src=\"https:\/\/www.americas.org\/wp-content\/uploads\/2024\/03\/Carrusel-9.jpg\" alt=\"\" class=\"wp-image-64025\" srcset=\"https:\/\/www.americas.org\/wp-content\/uploads\/2024\/03\/Carrusel-9.jpg 1080w, https:\/\/www.americas.org\/wp-content\/uploads\/2024\/03\/Carrusel-9-150x150.jpg 150w, https:\/\/www.americas.org\/wp-content\/uploads\/2024\/03\/Carrusel-9-768x768.jpg 768w, https:\/\/www.americas.org\/wp-content\/uploads\/2024\/03\/Carrusel-9-24x24.jpg 24w, https:\/\/www.americas.org\/wp-content\/uploads\/2024\/03\/Carrusel-9-48x48.jpg 48w, https:\/\/www.americas.org\/wp-content\/uploads\/2024\/03\/Carrusel-9-96x96.jpg 96w, https:\/\/www.americas.org\/wp-content\/uploads\/2024\/03\/Carrusel-9-300x300.jpg 300w\" sizes=\"auto, (max-width: 1080px) 100vw, 1080px\" \/><\/figure>\n<\/figure>\n\n\n\n<p><\/p>\n\n\n\n<p>Como se explica en diversos estudios del <a href=\"https:\/\/omm.org.mx\/parteria\/investigaciones\/la-parteria-en-mexico-desde-el-punto-de-vista-de-las-usuarias\/\" target=\"_blank\" rel=\"noreferrer noopener\">Observatorio de Mortalidad Materna en M\u00e9xico<\/a>, para la mayor\u00eda de las usuarias el <strong>parto en casa <\/strong>es una experiencia positiva. Rosal\u00eda Cruz es una de ellas, una mujer angp\u00f8n y de car\u00e1cter fuerte que vive en uno de los pueblos de San Miguel Chimalapa, en Oaxaca. Habla de sus partos entre risas, expresando que ella se sinti\u00f3 segura y nunca tuvo miedo:<\/p>\n\n\n\n<p>\u201cCuando yo tuve a mis hijos la partera me dijo que si me animaba a tenerlos en la casa era mi decisi\u00f3n. Yo ten\u00eda 22 a\u00f1os y decid\u00ed seguirme atendiendo con partera porque no es que me sintiera insegura en el hospital pero ten\u00eda m\u00e1s bien pena. \u00a1C\u00f3mo te ponen! \u00a1Te abren en el hospital! Que puja, que el otro, que sea el doctor el que te vea\u2026 La partera te ayuda, el doctor no hace eso. Y con la partera depende de c\u00f3mo te sientes, tienes al beb\u00e9, t\u00fa eliges c\u00f3mo, si sentada o parada\u201d.&nbsp;<\/p>\n\n\n\n<p>Pero a pesar de la evidencia disponible, en el pa\u00eds existe una falta de reconocimiento a los<strong> beneficios de la parter\u00eda<\/strong> y agresiones constantes para quienes la ejercen.&nbsp;<\/p>\n\n\n\n<p>\u201cSiempre estamos en una posici\u00f3n de demostrar que nuestro trabajo vale. A diferencia de un m\u00e9dico, siempre tenemos que explicar que nuestro trabajo es v\u00e1lido. Y es en todas las esferas: el sector salud, sector gubernamental, las mismas familias que acompa\u00f1amos\u201d, describe Kay.<\/p>\n\n\n\n<p>Como ella, para esta investigaci\u00f3n realizamos una encuesta a 67 parteras que ejercen en 22 estados de la rep\u00fablica. Entre los resultados encontramos que 8 de cada 10 consideraron que ejercer en M\u00e9xico es peligroso para ellas, adem\u00e1s de que se ha generado un mito sobre su atenci\u00f3n, en la que se considera como riesgoso. Una de ellas explica: \u201cSe cree que la parter\u00eda es riesgosa y eso hace creer a la gente que no sabemos hacer nuestro trabajo, se\u00f1al\u00e1ndonos y descalific\u00e1ndonos a un grado que peligran nuestras libertades y derechos\u201d.<\/p>\n\n\n\n<p>La falta de reconocimiento por parte del Estado y del personal m\u00e9dico se traduce en trabas cotidianas para las parteras: \u201cUn problema que todas tenemos es la <strong>falta de acceso a certificados de nacimiento<\/strong>, tengas c\u00e9dula o no tengas c\u00e9dula, seas tradicional, seas urbana, todas tenemos dificultad para acceder a certificados de nacimiento. Yo por ejemplo no tengo acceso\u201d, concluye Kay. Un certificado de nacimiento es un documento oficial que proveedores de salud realizan al atender un nacimiento y se les pide a las familias para poder tramitar el acta. Tener acceso a ese tr\u00e1mite forma parte del <a href=\"https:\/\/www.cndh.org.mx\/sites\/all\/doc\/Programas\/Ninez_familia\/Material\/cuadri-identidad-ninas-ninos.pdf\" target=\"_blank\" rel=\"noreferrer noopener\">derecho a la identidad<\/a> de quien naci\u00f3, el cual se ve vulnerado por el Estado cuando restringe o niega a las parteras el acceso a certificados de nacimiento.\u00a0<\/p>\n\n\n\n<p>En la encuesta realizada, 41 por ciento no tienen acceso a certificados de nacimiento y quienes lo tienen no los consiguen f\u00e1cilmente. Por ejemplo, a Amparo, que es <strong>partera tradicional <\/strong>en Chimalhuac\u00e1n, aunque tiene acceso a certificados, se le ponen trabas. En cada parto debe pedir uno y entregarlo en menos de dos d\u00edas, en vez de que se le entregue un paquete como se hace en instituciones de salud.&nbsp;<\/p>\n\n\n\n<p>Estas restricciones no son aisladas, son parte de un intento sistem\u00e1tico por desaparecer a las parteras en todo el pa\u00eds, desde las ciudades hasta las comunidades m\u00e1s peque\u00f1as. Rosal\u00eda comparte la historia de su comunidad en Oaxaca:<\/p>\n\n\n\n<p>\u201cCuando llegaron los doctores al pueblo, hace 25 a\u00f1os, empezaron a decirle a la gente que no se atendiera con parteras, que con doctor es m\u00e1s higi\u00e9nico y que con partera te agarra la infecci\u00f3n y que se infecta el ombligo del beb\u00e9, por eso ya no se quieren atender con parteras, y les meten ideas. Pero yo no tuve miedo, adem\u00e1s las parteras atend\u00edan antes y no pasaba tanto eso de los problemas para nacer\u201d.<\/p>\n\n\n\n<p>Aunque existe un gran desconocimiento sobre el <strong>ejercicio de la parter\u00eda<\/strong>, es una de las profesiones m\u00e1s antiguas del mundo. Las parteras pasaron de ser respetadas por sus comunidades durante milenios, a ser discriminadas y vulneradas por la b\u00fasqueda sistem\u00e1tica del Estado de sustituirlas por gineco obstetras y enfermeres. De acuerdo con <a href=\"https:\/\/www.ugr.es\/~dynamis\/completo19\/PDF\/09.%20Nacimiento%20y%20muerte%20de%20una%20profesion.pdf\" target=\"_blank\" rel=\"noreferrer noopener\">diversas<\/a> <a href=\"https:\/\/www.interesjournals.org\/articles\/midwifery-and-midwives-a-historical-analysis.pdf\" target=\"_blank\" rel=\"noreferrer noopener\">historiadoras<\/a>, esto <a href=\"https:\/\/traficantes.net\/sites\/default\/files\/pdfs\/Caliban%20y%20la%20bruja-TdS.pdf\" target=\"_blank\" rel=\"noreferrer noopener\">empez\u00f3 en Europa<\/a> en el Medievo, se acentu\u00f3 en el siglo XIX y a\u00fan hoy contin\u00faa. En la Nueva Espa\u00f1a, esta violencia se articul\u00f3 con el sistema colonial y racista, d\u00e1ndole a la inquisici\u00f3n el poder para realizar la <strong>caza de brujas durante la Colonia<\/strong>.\u00a0<\/p>\n\n\n\n<figure class=\"wp-block-image alignleft is-resized\"><img decoding=\"async\" src=\"https:\/\/lh7-us.googleusercontent.com\/A-BJNd-FPpJHIT6oEAeFnDQaLpWFdhcK7SvejuVJgzNF8GTgRrjSA8YwOm5AT27MPauTIUEEPrSIcwPtzoI64B5AwwCliwKpWcRSy57yilDLc7sMuhmN9G8dl8h4vrQu6LNadoY1m9VMfEAS1ocHn8g\" alt=\"\" style=\"width:382px;height:auto\"\/><\/figure>\n\n\n\n<p>El siglo XXI se ha caracterizado por buscar la <strong>institucionalizaci\u00f3n del nacimiento<\/strong>, para que sea solo en hospitales. La estrategia del Estado de desplazamiento de la parter\u00eda ha sido tan exitosa que, seg\u00fan datos del INEGI del 2022, solo 4.7 por ciento de los nacimientos son atendidos por parteras, mientras que 87.8 por ciento son atendidos en hospitales. Esto es algo relativamente nuevo, teniendo en cuenta que desde el paleol\u00edtico, hay parteras. Te compartimos una l\u00ednea hist\u00f3rica para que puedas comprender a fondo este proceso:<\/p>\n\n\n\n<p><\/p>\n\n\n\n<p><\/p>\n\n\n\n<p><\/p>\n\n\n\n<p>Este mapa muestra el n\u00famero de parteras que hay por estado en todo M\u00e9xico:<\/p>\n\n\n\n<figure class=\"wp-block-image\"><img decoding=\"async\" src=\"https:\/\/lh7-us.googleusercontent.com\/rCj7zzi5RIZ3sIENsr0oJ01dxY100A4FSatkhCHU6K564QY03uU27k3VC0NGoID2IqivG6bbu_vTHyOdcaYGfy3qIbuR0l4aIo3_JrVZWaFhO3qLWh3OvlMNRjM5wnmzZpGMUOW3KKZ27R2MZxs-N1k\" alt=\"\"\/><\/figure>\n\n\n\n<p>En varios estados en los que aparece que no hay parteras, como es el caso de Baja California Sur, Colima o Coahuila, s\u00ed las hay, de acuerdo a una entrevista que hicimos a integrantes de la<strong> Red Nacional de Parteras Aut\u00f3nomas<\/strong>, solo que no tienen reconocimiento o acceso a certificados de nacimiento y por eso no aparecen en las cifras oficiales.&nbsp;<\/p>\n\n\n\n<p><strong>Hacerse partera<\/strong><\/p>\n\n\n\n<p>No hay una manera \u00fanica de ser partera. En M\u00e9xico existe una pluralidad de pr\u00e1cticas y para hablar de esta diversidad, las agrupamos de acuerdo con su formaci\u00f3n: tradicionales, aut\u00f3nomas y profesionales.<\/p>\n\n\n\n<p>Kay es partera aut\u00f3noma porque como muchas otras ejerce fuera del sistema de salud, sin reconocimiento estatal. Se form\u00f3 en el modelo te\u00f3rico pr\u00e1ctico de mentora-aprendiz, basado en la <a href=\"https:\/\/narm.org\/\" target=\"_blank\" rel=\"noreferrer noopener\">NARM<\/a> (centro de regulaci\u00f3n de parteras de Estados Unidos) durante m\u00e1s de tres a\u00f1os:\u00a0<\/p>\n\n\n\n<p>\u201cTienes que acompa\u00f1ar por lo menos 50 partos, vas a todas las consultas, tomas clases te\u00f3ricas, te dejan lecturas y te piden protocolos de investigaci\u00f3n. Es tambi\u00e9n una formaci\u00f3n muy personalizada porque van viendo qu\u00e9 te hace falta, no solo en el sentido te\u00f3rico sino tambi\u00e9n emocional y de herramientas terap\u00e9uticas. Despu\u00e9s de eso te grad\u00faas sin una c\u00e9dula\u201d.<\/p>\n\n\n\n<p>La mayor parte de las parteras en el pa\u00eds son consideradas tradicionales. Ellas preservan <strong>conocimientos ancestrales de los pueblos originarios<\/strong> y han resistido durante siglos no solo a la violencia contra las parteras sino a los intentos de colonizar sus formas de vida. Hay quien ejerce en su comunidad, as\u00ed como quien atiende en otros contextos. Amparo es una partera tradicional nacida en Chiapas que radica en Chimalhuac\u00e1n. Ella se form\u00f3 en la tradici\u00f3n familiar:&nbsp;<\/p>\n\n\n\n<p>\u201cYo nac\u00ed en un lugar en donde hac\u00edan sanaciones. Mi madre y mi abuela eran parteras y mi abuelo era curandero all\u00e1 en Tuxtla Chico. Mi mam\u00e1 retom\u00f3 parte de lo que hac\u00eda su pap\u00e1 y parte de lo que hac\u00eda su mam\u00e1\u201d, nos cuenta.<\/p>\n\n\n\n<p>A corta edad, Amparo migr\u00f3 con su madre y sus hermanas a la capital. Su madre sigui\u00f3 ejerciendo como partera, les transmiti\u00f3 a sus hijas en la pr\u00e1ctica y de boca a o\u00eddo su conocimiento. Desde entonces, Amparo se ha organizado con diferentes parteras y m\u00e9diques tradicionales para defender la pr\u00e1ctica desde su cosmovisi\u00f3n.<\/p>\n\n\n\n<p>A diferencia de las parteras tradicionales y aut\u00f3nomas, las profesionales son formadas dentro de una instituci\u00f3n reconocida por el Estado. Existen<strong> escuelas de parter\u00eda profesional en M\u00e9xico<\/strong> como la Escuela T\u00e9cnica de Parter\u00eda Profesional de Mujeres Aliadas en Michoac\u00e1n. Christian se form\u00f3 en San Luis Potos\u00ed, primero como enfermera obst\u00e9trica y luego en el Modelo de Parter\u00eda:&nbsp;<\/p>\n\n\n\n<p>\u201cEntr\u00e9 a enfermer\u00eda y pensaba que en los \u00faltimos dos semestres iba a ver lo que yo quer\u00eda, cuando me di cuenta de que no era as\u00ed, pens\u00e9: \u2018esto no es lo que quer\u00eda ver\u2019, quer\u00eda ver otra forma de atenci\u00f3n. Hice una especialidad y me di a la tarea de acercarme al <strong>Modelo de Parter\u00eda<\/strong>. Ah\u00ed conoc\u00ed a muchas figuras que son nuestras representantes de parter\u00eda profesional en la <strong>Confederaci\u00f3n Internacional de Matronas<\/strong>. Ellas me inculcaron toda esta parte del Modelo para poder ejercerlo, c\u00f3mo s\u00ed exist\u00eda un Modelo de atenci\u00f3n diferente. Complement\u00e9 mi formaci\u00f3n con cursos, seminarios o talleres con parteras\u201d. Aunque Christian cuenta con c\u00e9dula para ejercer, en el hospital p\u00fablico trabaja con cargo de enfermera aunque sus funciones son, sobre todo, como partera.<\/p>\n\n\n\n<p>Adem\u00e1s, hay quienes se han formado en varias metodolog\u00edas, como es el caso de Isabel, quien comenz\u00f3 como aprendiz de una partera tradicional, despu\u00e9s se form\u00f3 con <strong>parteras aut\u00f3nomas<\/strong> y posteriormente hizo una licenciatura en Salud Reproductiva y Parter\u00eda en la Cruz Roja.<\/p>\n\n\n\n<p>\u201cMe gustar\u00eda decirte que estoy libre de categor\u00edas pero no es cierto. Siempre que me presento digo: aut\u00f3noma y profesional. Digo aut\u00f3noma primero porque fue mi primera escuela, pero profesional porque lo soy. S\u00ed, hice un programa reconocido y legal en mi pa\u00eds pero antes que eso y mucho m\u00e1s que eso, soy partera porque aprend\u00ed entre parteras\u201d, comparte Isabel. Actualmente ella es la directora de la cl\u00ednica Mujeres Aliadas, un espacio de parter\u00eda en Michoac\u00e1n.<\/p>\n\n\n\n<p><strong>La parter\u00eda como un modelo para disminuir la violencia obst\u00e9trica<\/strong><\/p>\n\n\n\n<p>\u201cAntes no exist\u00edan m\u00e9dicos en el pueblo y yo pienso que las parteras saben lo que hacen. As\u00ed ten\u00edan todas antes a sus hijos y no ten\u00edan que rajarles tanto la panza. Entre ellas mismas iban aprendiendo y se dec\u00edan c\u00f3mo hacerlo, c\u00f3mo cortar el ombligo y c\u00f3mo sacar la placenta. Sab\u00edan mucho las parteras\u201d, comparte Rosal\u00eda, reconociendo el conocimiento transmitido durante generaciones en su pueblo. Poco despu\u00e9s de acompa\u00f1ar a Rosal\u00eda en su \u00faltimo parto, la partera que la ayud\u00f3 dej\u00f3 de ejercer por las amenazas y calumnias de les m\u00e9diques, no tuvo ninguna aprendiz y actualmente en su comunidad el trabajo de las parteras queda solo como un recuerdo.<\/p>\n\n\n\n<p>Mientras que la pr\u00e1ctica de las parteras tiene como pilar fundamental que las <strong>personas gestantes<\/strong> sean respetadas y tratadas de manera digna, lo que est\u00e1 en el centro del modelo m\u00e9dico es intervenir en el nacimiento para que ocurra dentro de los tiempos y protocolos del hospital.<\/p>\n\n\n\n<p>El menosprecio a la parter\u00eda se traduce tambi\u00e9n en un riesgo para las mujeres y sus beb\u00e9s en caso de emergencias: \u201cAl no ver a la partera como parte del sistema de salud se le cierra el paso, y un parto en casa que es trasladado al hospital deber\u00eda ser eficiente y lo m\u00e1s r\u00e1pido posible y muchas veces no sucede y es muy frustrante, enojoso y da mucho miedo\u201d, comparte Isabel. Incluso, esto se encuentra estipulado en la <a href=\"https:\/\/www.cndh.org.mx\/sites\/all\/doc\/Programas\/VIH\/Leyes%20y%20normas%20y%20reglamentos\/Norma%20Oficial%20Mexicana\/NOM-007-SSA2-2016%20Embarazo,%20parto%20y%20puerperio.pdf\" target=\"_blank\" rel=\"noreferrer noopener\">Norma Oficial de atenci\u00f3n al embarazo, parto y puerperio<\/a>, que expresa que: \u201cLas mujeres y las personas reci\u00e9n nacidas referidas a los establecimientos para la atenci\u00f3n m\u00e9dica por las parteras tradicionales u otro prestador de servicio de salud de la comunidad, deben ser atendidos con oportunidad.\u201d\u00a0<\/p>\n\n\n\n<figure class=\"wp-block-image aligncenter is-resized\"><img decoding=\"async\" src=\"https:\/\/lh7-us.googleusercontent.com\/Q7a3zkoAYbifhjrvs9TIagLwO1LFN3jmMNy69P-lpvDfUWCG8bp5HIA97xoO9lkAp-yCLrqzOBnja0JHHcJdPI_gZbisBu8qWe9LtPhKEkG-DV8UmQXZ6NVPx3otKnwYf9vVzRwQfEAhgk8vVYh3mWk\" alt=\"\" style=\"width:502px;height:auto\"\/><\/figure>\n\n\n\n<p>Christian cuenta que desde hace 10 a\u00f1os trabaja en el Hospital de San Luis Potos\u00ed y ha visto trabas institucionales para llevar a cabo una atenci\u00f3n adecuada:<\/p>\n\n\n\n<blockquote class=\"wp-block-quote is-layout-flow wp-block-quote-is-layout-flow\">\n<p>\u201cSer\u00eda ideal tener las puertas abiertas de cualquier instituci\u00f3n a nivel p\u00fablico. Si bien estoy feliz de que existan ginec\u00f3logos para embarazos complicados, deber\u00edamos dejar a las mujeres de bajo riesgo a cargo del Modelo de Parter\u00eda. Creo que sacar los embarazos de bajo riesgo de los hospitales de segundo y tercer nivel es tambi\u00e9n un punto importante. As\u00ed los hospitales pudieran dedicarse a las de alto riesgo, pudi\u00e9ramos no tener <strong>sobrepoblaci\u00f3n en los hospitales p\u00fablicos<\/strong> que es algo fuerte. Muchas de esas mujeres no tendr\u00edan por qu\u00e9 estar hospitalizadas si hubiera otra forma de atenci\u00f3n\u201d.<\/p>\n<\/blockquote>\n\n\n\n<p><strong>Ver la violencia obst\u00e9trica<\/strong><\/p>\n\n\n\n<p>La violencia obst\u00e9trica es un tipo de <strong>violaci\u00f3n a los derechos humanos<\/strong> que tiene muchas caras. Puede ser negando la atenci\u00f3n, tratando cruelmente o degradando a la persona atendida. No permitir que una persona tome decisiones sobre su cuerpo tambi\u00e9n&nbsp; es una forma de violencia.<\/p>\n\n\n\n<blockquote class=\"wp-block-quote is-layout-flow wp-block-quote-is-layout-flow\">\n<p>\u201cEl trabajo con el hospital no me gusta por todo lo que uno ve, por toda la violencia que se ejerce en los cuerpos\u201d, comparte Amparo, quien fue voluntaria durante dos a\u00f1os en el Hospital Materno Infantil \u201cVicente Guerrero\u201d, en Chimalhuac\u00e1n: \u201cEl hospital es un lugar en el que requieres deshumanizarte para poder estar ah\u00ed. Yo siempre sal\u00eda llorando. Adem\u00e1s, nos hemos dado cuenta que si llega una mujer de emergencia atendida por partera, la atenci\u00f3n es tardada, con la intenci\u00f3n de que las mujeres aprendan que no deben de ir con las parteras. Y adem\u00e1s violentadas, rega\u00f1adas hasta los codos y siempre poniendo el trabajo de las parteras en mal\u201d.<\/p>\n<\/blockquote>\n\n\n\n<p>Christian trabaja dentro de un hospital p\u00fablico y comparte que la postura del personal frente a su pr\u00e1ctica ha sido diversa:&nbsp;<\/p>\n\n\n\n<p>\u201cHay quien de verdad te pone una barrera, que te dice que si vienen al hospital es porque se van a cuadrar al modelo del hospital y aqu\u00ed hacemos episiotom\u00edas [incisi\u00f3n para aumentar la apertura de la vagina], ruptura de membrana y no se pueden mover, est\u00e1n acostadas y toda la cascada de intervenciones. Pero tambi\u00e9n ha sido encontrarme con personas que dicen con curiosidad \u2018por qu\u00e9 haces esto\u2019\u201d. Parte de la incidencia de Christian en el hospital es buscar que durante el trabajo de parto permitan a las mujeres actividades b\u00e1sicas y fundamentales como tomar agua, caminar y tener compa\u00f1\u00eda de un ser querido.<\/p>\n\n\n\n<p>A trav\u00e9s de una solicitud de informaci\u00f3n, el Centro Nacional de Equidad de G\u00e9nero y Salud Reproductiva (CNEGSR) nos entreg\u00f3 el n\u00famero de partos vaginales y por ces\u00e1rea desde 1943 hasta mediados del 2023. Como se ve en la gr\u00e1fica a continuaci\u00f3n, encontramos un cambio significativo en la tendencia. A medida que se ha institucionalizado la atenci\u00f3n de los partos en hospitales ha aumentado considerablemente el porcentaje de ces\u00e1reas. En 1943, a\u00f1o que se abre el IMSS, 5 por ciento de los nacimientos fueron ces\u00e1reas, mientras que para mediados del 2023 el porcentaje aument\u00f3 54 por ciento.<\/p>\n\n\n\n<figure class=\"wp-block-embed is-type-wp-embed is-provider-flourish wp-block-embed-flourish\"><div class=\"wp-block-embed__wrapper\">\n<iframe loading=\"lazy\" class=\"wp-embedded-content\" sandbox=\"allow-scripts\" security=\"restricted\" title=\"Interactive or visual content\" src=\"https:\/\/flo.uri.sh\/visualisation\/15659235\/embed#?secret=laDMTnqwGt\" data-secret=\"laDMTnqwGt\" frameborder=\"0\" scrolling=\"no\" height=\"575\" width=\"700\"><\/iframe>\n<\/div><\/figure>\n\n\n\n<p><\/p>\n\n\n\n<p>En el \u00faltimo a\u00f1o en M\u00e9xico, 54 por ciento de los nacimientos en hospitales fueron ces\u00e1reas, aunque la Organizaci\u00f3n Mundial de la Salud expone como deseable que no se supere una <a href=\"https:\/\/www.who.int\/es\/publications\/i\/item\/WHO-RHR-15.02#:~:text=Desde%201985%2C%20los%20profesionales%20de,como%20en%20pa%C3%ADses%20en%20desarrollo.\" target=\"_blank\" rel=\"noreferrer noopener\">tasa de 15<\/a> por ciento. Muchas de estas ces\u00e1reas fueron innecesarias y, seg\u00fan la ENDIREH, en 24 por ciento de las ces\u00e1reas no hubo autorizaci\u00f3n por parte de las mujeres.\u00a0<\/p>\n\n\n\n<p><strong>La nueva propuesta de regulaci\u00f3n de la parter\u00eda<\/strong><\/p>\n\n\n\n<p>La situaci\u00f3n legal desde la que ejercen las parteras es compleja ya que aunque existe un reconocimiento de su existencia en la <a href=\"https:\/\/www.diputados.gob.mx\/LeyesBiblio\/pdf\/LGS.pdf\">Ley General de Salud<\/a> y particularmente en la<a href=\"https:\/\/www.cndh.org.mx\/sites\/all\/doc\/Programas\/VIH\/Leyes%20y%20normas%20y%20reglamentos\/Norma%20Oficial%20Mexicana\/NOM-007-SSA2-2016%20Embarazo,%20parto%20y%20puerperio.pdf\"> Norma Oficial Mexicana 007<\/a>, solo se hace menci\u00f3n de las parteras tradicionales y t\u00e9cnicas, invisibilizando cualquier otro tipo de formaci\u00f3n, como es el caso de las parteras aut\u00f3nomas como Kay.&nbsp;<\/p>\n\n\n\n<p>En la<a href=\"https:\/\/www.cndh.org.mx\/sites\/all\/doc\/Programas\/VIH\/Leyes%20y%20normas%20y%20reglamentos\/Norma%20Oficial%20Mexicana\/NOM-007-SSA2-2016%20Embarazo,%20parto%20y%20puerperio.pdf\" target=\"_blank\" rel=\"noreferrer noopener\"> Norma Oficial Mexicana NOM-007-SSA2-2016<\/a>, la cual entr\u00f3 en vigor durante el a\u00f1o 2016, se hace menci\u00f3n someramente de los trabajos que pueden realizar las <strong>parteras t\u00e9cnicas y tradicionales<\/strong>. En esta NOM, se define a las parteras tradicionales como \u201cpersonal no profesional autorizado para la prestaci\u00f3n de los servicios de atenci\u00f3n m\u00e9dica<strong>\u201d<\/strong>, formada en el modelo tradicional perteneciente a una comunidad, y a la partera t\u00e9cnica como una profesional titulada en una instituci\u00f3n reconocida por las autoridades educativas competentes.\u00a0<\/p>\n\n\n\n<p>En dicha norma se establece que las parteras t\u00e9cnicas y tradicionales deben ser capacitadas para identificar <strong>complicaciones del embarazo, parto y puerperio<\/strong>, y que los partos de bajo riesgo \u201cpueden ser atendidos por enfermeras obstetras, parteras t\u00e9cnicas y parteras tradicionales capacitadas\u201d. En la Norma, se establece que el sector salud que atiende urgencias est\u00e1 obligado a recibir sin impedimento <strong>urgencias obst\u00e9tricas<\/strong> derivadas de complicaciones que se den durante el parto, incluyendo los traslados al hospital que puedan realizar las parteras.<\/p>\n\n\n\n<p>Durante el mes de diciembre de 2019, se public\u00f3 una <strong>iniciativa de regulaci\u00f3n de la parter\u00eda<\/strong>, en la que se expresa como prop\u00f3sito:<\/p>\n\n\n\n<blockquote class=\"wp-block-quote is-layout-flow wp-block-quote-is-layout-flow\">\n<p>\u201cdar certeza jur\u00eddica al ejercicio de la parter\u00eda, reconociendo que en nuestro pa\u00eds ya existe un modelo de parter\u00eda, este reconocimiento buscar\u00eda fortalecer el actual sistema de salud en el rubro de salud sexual y reproductiva, [&#8230;] solo falta dotarlas de un marco normativo para su cabal funcionamiento.\u201d&nbsp;<\/p>\n<\/blockquote>\n\n\n\n<p>Dicha iniciativa de reforma a la Ley General de Salud expone la situaci\u00f3n actual de la atenci\u00f3n al parto en M\u00e9xico; fue propuesta por la c\u00e1mara de diputados junto a tres grupos particulares de<strong> parteras profesionales<\/strong>.&nbsp;<\/p>\n\n\n\n<p>La resoluci\u00f3n implicar\u00eda agregar al Art\u00edculo 64 dos apartados que contemplen la implementaci\u00f3n de unidades de parter\u00eda fuera de los hospitales, integrados al sistema de salud, donde <strong>mujeres con embarazos de bajo riesgo<\/strong> sean atendidas. Esta propuesta no contempla, en ning\u00fan momento, la existencia de otras formas de parter\u00eda y su diversidad.&nbsp;<\/p>\n\n\n\n<p>En octubre del 2022, la Diputada Noem\u00ed Salazar L\u00f3pez (Morena) present\u00f3 una iniciativa que adiciona el art\u00edculo 64 de la Ley General de Salud, para fortalecer la competencia t\u00e9cnica de las parteras profesionales para la <strong>atenci\u00f3n del embarazo, parto y puerperio<\/strong>. Christian, la partera que forma parte de la Asosiasi\u00f3n de Parteras Profesionales, trabaj\u00f3 con ella para la redacci\u00f3n de la propuesta, particularmente para el trabajo en hospitales p\u00fablicos. Sin embargo, dicha propuesta no ha tenido avances y est\u00e1 enfocada \u00fanicamente en la parter\u00eda profesional.&nbsp;<\/p>\n\n\n\n<p>Adem\u00e1s de estas iniciativas dirigidas espec\u00edficamente a la parter\u00eda profesional, en la conferencia de prensa matutina del 6 de septiembre del 2022, el subsecretario de Prevenci\u00f3n y Promoci\u00f3n de la Salud, Hugo L\u00f3pez-Gatell Ram\u00edrez anunci\u00f3 el proyecto de la Secretar\u00eda de Salud, a trav\u00e9s del Centro Nacional de Equidad de G\u00e9nero y Salud Reproductiva (CNEGSR) para la creaci\u00f3n de una <a href=\"https:\/\/www.gob.mx\/salud%7Ccnegsr\/prensa\/479-trabaja-secretaria-de-salud-proyecto-de-nom-sobre-parteria-tradicional-y-comunitaria-315109\" target=\"_blank\" rel=\"noreferrer noopener\">Norma Mexicana sobre parter\u00eda tradicional y t\u00e9cnica<\/a>, cuyos objetivos ser\u00edan garantizar las <strong>condiciones necesarias para la pr\u00e1ctica de la parter\u00eda <\/strong>de forma segura. A m\u00e1s de un a\u00f1o del anuncio, la propuesta a\u00fan se encuentra en redacci\u00f3n y no se conoce con claridad los criterios ni las personas involucradas, sin embargo, diversas parteras han expresado su descontento, sobre todo por la falta de consulta general.\u00a0<\/p>\n\n\n\n<p>A partir del proyecto de Norma, el CNEGSR ha realizado diversos foros informativos sobre <a href=\"https:\/\/www.youtube.com\/watch?v=HidG3Pvz7GI\">parter\u00eda profesional<\/a> y <a href=\"https:\/\/www.youtube.com\/watch?v=oYhEB5CA_SY\" target=\"_blank\" rel=\"noreferrer noopener\">parter\u00eda tradicional<\/a>, con la participaci\u00f3n de doctores, antrop\u00f3logues, enfermeres, biologues y, en menor medida, parteras profesionales. Durante los foros, las parteras tradicionales han sido un tema fundamental de discusi\u00f3n, sin embargo, una convocatoria para su asistencia no fue ampliamente difundida.\u00a0<\/p>\n\n\n\n<p>Para esta investigaci\u00f3n realizamos varias solicitudes al \u00e1rea de Comunicaci\u00f3n Social de la Secretar\u00eda de Salud para poder hacer una entrevista a funcionarios de esta instituci\u00f3n o del CNEGSR sobre la redacci\u00f3n de la Norma y contar con su punto de vista al respecto, sin embargo, despu\u00e9s de semanas de espera seguimos sin recibir respuesta. Adem\u00e1s se realiz\u00f3 una solicitud de informaci\u00f3n por v\u00eda de transparencia sobre el contenido de la propuesta y como respuesta se expres\u00f3 que: no se entreg\u00f3 documentaci\u00f3n clara debido a que se clasifica \u201ccon&nbsp; car\u00e1cter&nbsp; reservado&nbsp; con&nbsp; la&nbsp; intenci\u00f3n&nbsp; de&nbsp; respetar&nbsp; los principios&nbsp; de&nbsp; seguridad&nbsp; y&nbsp; certeza&nbsp; jur\u00eddica\u201d.<\/p>\n\n\n\n<p>El pasado 8 de febrero en la C\u00e1mara de diputados se aprobaron con 455 votos a favor reformas a la Ley General de Salud en materia de parter\u00eda tradicional, dicha reforma fue enviada al Ejecutivo Federal para sus efectos constitucionales. Esta reforma \u00fanicamente reconoce la capacidad de las parteras tradicionales de acceder a los certificados de nacimiento. Adem\u00e1s de que se expresa que las parteras profesionales<a href=\"https:\/\/comunicacionsocial.diputados.gob.mx\/index.php\/boletines\/diputadas-y-diputados-aprueban-reformas-para-respetar-garantizar-y-proteger-el-ejercicio-de-la-parteria-tradicional\" target=\"_blank\" rel=\"noreferrer noopener\">: \u201crequieren t\u00edtulos profesionales o certificados de especializaciones expedidos y registrados por las autoridades educativas competentes para ejercer\u201d<\/a>.<\/p>\n\n\n\n<p>M\u00e1s all\u00e1 de esto, no existe informaci\u00f3n clara de las implicaciones para las parteras y de las condiciones de su vinculaci\u00f3n al sistema hospitalario. Aunque se sigue a la espera de la propuesta final han surgido diversas voces de descontento sobre las posibilidades que la propuesta podr\u00eda desencadenar.&nbsp;<\/p>\n\n\n\n<p><strong>La diversidad de voces sobre una propuesta que es opaca<\/strong><\/p>\n\n\n\n<p>Desde que se anunci\u00f3 la propuesta la informaci\u00f3n sobre sus implicaciones no ha sido clara, y se han construido mecanismos para que permanezca en secreto. A\u00fan as\u00ed, con la poca informaci\u00f3n a la que han podido acceder, diversas parteras se han pronunciado en contra de la regulaci\u00f3n. Desde la Agenda Nacional para la Defensa y Promoci\u00f3n de la Parter\u00eda Tradicional en M\u00e9xico, varias agrupaciones <a href=\"https:\/\/anpmi.com.mx\/pronunciamiento-de-la-agenda-nacional-para-la-defensa-y-promocion-de-la-parteria-tradicional\/\" target=\"_blank\" rel=\"noreferrer noopener\">protestaron<\/a>.\u00a0<\/p>\n\n\n\n<p>De las casi 70 parteras encuestadas para esta investigaci\u00f3n, 6 de cada 10 desconocen sus objetivos, ya que las instituciones no han generado mecanismos de comunicaci\u00f3n y quienes s\u00ed la conocen son parteras organizadas que han investigado al respecto. \u00danicamente 15 por ciento de las profesionales y 10 por ciento de las tradicionales est\u00e1 a favor, y ninguna aut\u00f3noma lo est\u00e1, siendo este grupo el m\u00e1s informado respecto a la propuesta. Aunque la muestra no es necesariamente representativa del total nacional de parteras, s\u00ed pueden dar una idea del desconocimiento imperante sobre el tema, debido a que el planteamiento de la propuesta se ha realizado a puertas cerradas.<\/p>\n\n\n\n<figure class=\"wp-block-embed is-type-wp-embed is-provider-flourish wp-block-embed-flourish\"><div class=\"wp-block-embed__wrapper\">\n<iframe loading=\"lazy\" class=\"wp-embedded-content\" sandbox=\"allow-scripts\" security=\"restricted\" title=\"Interactive or visual content\" src=\"https:\/\/flo.uri.sh\/visualisation\/16027321\/embed#?secret=xlPorxsQLs\" data-secret=\"xlPorxsQLs\" frameborder=\"0\" scrolling=\"no\" height=\"575\" width=\"700\"><\/iframe>\n<\/div><\/figure>\n\n\n\n<p><\/p>\n\n\n\n<p>Los resultados de la encuesta indican que existe una baja informaci\u00f3n y aceptaci\u00f3n sobre la propuesta debido a que las parteras no han sido incluidas en ella, se han incorporado acuerdos de confidencialidad sobre una propuesta de salud p\u00fablica de quienes s\u00ed participaron y existen obst\u00e1culos para obtener informaci\u00f3n impuestos por la Secretar\u00eda de Salud. Esto perpet\u00faa la desconfianza generada por la larga <strong>historia de discriminaci\u00f3n y estigmatizaci\u00f3n hacia las parteras<\/strong>, mostrando una vez m\u00e1s la intenci\u00f3n estatal de regular y controlar su pr\u00e1ctica sin reconocer su conocimiento.<\/p>\n\n\n\n<p>Un temor expresado por algunas de ellas es que la regulaci\u00f3n aumente el control y la cooptaci\u00f3n institucional de su pr\u00e1ctica, priorizando los protocolos y no a quienes est\u00e1n pariendo y naciendo. Muchas temen que se impida el nacimiento en casa, lo cual implicar\u00eda trabajar dentro de un sistema de salud que generalmente no respeta su labor. De las 67 parteras encuestadas, 60 por ciento manifest\u00f3 haber sido amenazada por profesionales de la salud y al 56 por ciento se les ha negado la oportunidad de trabajar, principalmente a las tradicionales.<\/p>\n\n\n\n<p>La falta de visibilidad y los estigmas las coloca en una situaci\u00f3n laboral sin <strong>acceso a prestaciones laborales<\/strong>, condicionando que privaticen su pr\u00e1ctica y limitando su capacidad de atender a un mayor porcentaje de la poblaci\u00f3n. Una encuestada expres\u00f3 que: \u201cLas parter\u00edas urbana y tradicional son opciones seguras y deber\u00eda existir libre acceso al ejercicio profesional. El Estado deber\u00eda incluirnos con salarios dignos y prestaciones, como modelo de atenci\u00f3n dentro del sistema de salud.\u201d En el <a href=\"https:\/\/www.gob.mx\/cms\/uploads\/attachment\/file\/103628\/CatalogoServiciosSeguroPopular.pdf\" target=\"_blank\" rel=\"noreferrer noopener\">Cat\u00e1logo de servicios para la atenci\u00f3n con parteras tradicionales del seguro popula<\/a>r se estipula que una partera recibe el pago de mil 500 pesos por atenci\u00f3n a un parto, y para IMSS-Bienestar, el pago que se les entrega es de 500 pesos mensuales y est\u00e1 catalogado como un \u201c<a href=\"https:\/\/www.transparenciapresupuestaria.gob.mx\/swb\/apoyosdelgobierno\/ficha?id=49\" target=\"_blank\" rel=\"noreferrer noopener\">apoyo econ\u00f3mico para el traslado a sus unidades m\u00e9dicas para Parteras <strong>Voluntarias<\/strong><\/a>\u201d.\u00a0<\/p>\n\n\n\n<p>Algunas consideran que la regulaci\u00f3n pueda disminuir trabas estatales, como tener libre acceso a certificados de nacimiento, pero tambi\u00e9n hay quienes consideran que la propuesta puede aumentar los obst\u00e1culos.&nbsp;<\/p>\n\n\n\n<p>\u201cUna regulaci\u00f3n y un est\u00e1ndar en parter\u00eda que ayude a homologar y fortalecer los procedimientos a los que nos enfrentamos es necesaria. Pero lo preocupante es qui\u00e9n va a hacer la regulaci\u00f3n \u00bfC\u00f3mo vas a regular algo que no sabes? Quisiera creer que es algo que va a impactar favorablemente, pero un poco la sensaci\u00f3n general que se tiene es que no. Al Estado le valemos, es una relaci\u00f3n super patriarcal y vertical\u201d, considera Isabel. Desde que se anunci\u00f3 la formulaci\u00f3n de propuesta, unas pocas parteras han sido convocadas sin dar a conocer los criterios de selecci\u00f3n y en donde se les pidi\u00f3 firmar cartas de confidencialidad.&nbsp;<\/p>\n\n\n\n<p>Entre el 2020 y 2022 el Fondo de Poblaci\u00f3n de las Naciones Unidas (UNFPA) y la Confederaci\u00f3n Internacional de Matronas (<a href=\"https:\/\/www.internationalmidwives.org\/es\/index.html\" target=\"_blank\" rel=\"noreferrer noopener\">ICM<\/a>) presionaron internacionalmente para que los Estados incorpraran la parter\u00eda dentro de su agenda. A partir de esto, en M\u00e9xico se crearon las <strong>propuestas de regulaci\u00f3n de la parter\u00eda y medicina tradicional<\/strong>. Christian considera que: \u201cLas primeras ideas sobre los cambios no salieron de parteras. Creo que [la regulaci\u00f3n] puede ser un arma de doble filo. Mucho de lo que nos ha permitido ejercer como parteras es que no hay una ley que diga no puedes hacer esto\u201d.\u00a0<\/p>\n\n\n\n<p>Otro temor expresado por las parteras es que el cambio sirva para borrar la pluralidad de pr\u00e1cticas. Kay explica que: \u201cNo creo que quienes est\u00e1n haciendo la norma sepan que no hay una parter\u00eda sino que hay parter\u00edas con caracter\u00edsticas muy diferentes. Me preocupa que haya un est\u00e1ndar muy limitado que no contemple la diversidad de parter\u00edas y que se vuelva un solo tipo de parteras las que puedan atender\u201d.&nbsp;<\/p>\n\n\n\n<p>Amparo ha trabajado de la mano con m\u00e9diques y parteras tradicionales del pa\u00eds en contra de los impulsos de ley: \u201cYo no puedo entrar a un sistema de salud que no me entiende, que no escucha lo que siente mi cuerpo y mi coraz\u00f3n y que no respeta mis formas de ver la vida. No puedo estar dentro de un sistema que arrasa con nuestros territorios. Muchas parteras han luchado para que siga existiendo la parter\u00eda tradicional y hoy nos toca a nosotras decir \u2018aqu\u00ed seguimos luchando para que se nos respeten nuestras formas y cosmovisiones, nuestra filosof\u00eda, que se respete nuestro trabajo\u2019\u201d.&nbsp;<\/p>\n\n\n\n<p>No se puede generar una propuesta que no sea desde las parteras y su multiplicidad. Si se genera una regulaci\u00f3n tiene que estar pensada para el beneficio de las parteras y en contra de la violencia obst\u00e9trica.&nbsp;<\/p>\n\n\n\n<p><strong>Existimos porque resistimos&nbsp;<\/strong><\/p>\n\n\n\n<p>Aunque el Estado ha impuesto a los hospitales y al personal m\u00e9dico como \u00fanico espacio para el nacimiento, existen grietas trazadas por las parteras y gestantes que deciden atenderse con ellas, brechas profundas en el sistema que lograron que siguiendo los datos del <a href=\"https:\/\/www.inegi.org.mx\/contenidos\/saladeprensa\/boletines\/2023\/NR\/NR2022.pdf\" target=\"_blank\" rel=\"noreferrer noopener\">INEGI<\/a>, durante el 2022, 5 de cada 100 partos fueron atendidos por las guardianas del nacimiento. Eso se traduce en que 88 mil 903 personas eligieron atenderse con parteras, valorando su trabajo y conocimiento, d\u00e1ndole vida a su resistencia.<\/p>\n\n\n\n<p>Para transformar la realidad, consideran las parteras, se debe transformar la manera en que llegamos al mundo, y esto implica dejar de ver al embarazo y al parto como una enfermedad y escuchar la propuesta de las parteras de entenderlo como un proceso de vida que requiere atenci\u00f3n y que puede ser cuidado. Acompa\u00f1ar un nacimiento desde la paciencia y la escucha permite establecer comunidad y relaciones menos violentas en sociedades cada vez m\u00e1s fragmentadas. La atenci\u00f3n personalizada y desde el respeto es una forma de resistir frente a un mundo donde cada vez importan menos los sujetos y m\u00e1s la eficacia. Priorizar los tiempos del cuerpo y las necesidades de las personas gestantes es una acci\u00f3n pol\u00edtica frente a las violencias, reflexionan.<\/p>\n\n\n\n<p>\u201cLo que queremos es el respeto a lo que hacemos y c\u00f3mo lo hacemos. Aqu\u00ed est\u00e1n nuestros saberes y todo lo que somos y por ello peleamos. No dejamos de hacer lo que hac\u00edan nuestras abuelas de pensamiento y coraz\u00f3n, las que nos hermanan. Estamos peleando con un pensamiento que no nos entiende y no nos deja ser y hacer\u201d, detr\u00e1s de las palabras de Amparo se asoma la resistencia milenaria de miles de mujeres que han acompa\u00f1ado durante siglos desde el cuidado.<\/p>\n\n\n\n<p><strong>Este trabajo se realiz\u00f3 como parte de la primera convocatoria &#8220;Datos para mirar otras narrativas&#8221;, un llamado de <\/strong><a href=\"https:\/\/twitter.com\/datacritica?s=11\" target=\"_blank\" rel=\"noreferrer noopener\"><strong>@Datacritica<\/strong><\/a><strong> para contar historias sobre temas de g\u00e9nero y diversidad sexual con perspectiva interseccional. La convocatoria fue posible gracias al apoyo de Numun Fund.<\/strong><\/p>\n\n\n\n<p><strong>Cr\u00e9ditos<\/strong>:<\/p>\n\n\n\n<p>Edici\u00f3n: Patricia Curiel y Gibran Mena \/ <a href=\"https:\/\/datacritica.org\/\" target=\"_blank\" rel=\"noreferrer noopener\">Data Cr\u00edtica<\/a><\/p>\n\n\n\n<p>An\u00e1lisis y visualizaci\u00f3n de datos: Camila Pl\u00e1, Regina Osorio.<\/p>\n\n\n\n<p>Mentor\u00eda en an\u00e1lisis y visualizaci\u00f3n de datos: Gibran Mena \/ <a href=\"https:\/\/datacritica.org\/\" target=\"_blank\" rel=\"noreferrer noopener\">Data Cr\u00edtica<\/a><\/p>\n\n\n\n<p><\/p>\n\n\n\n<p><strong>Data Cr\u00edtica es una organizaci\u00f3n de periodismo de datos con enfoque latinoamericano. Investiga, genera y comparte conocimiento para potenciar narrativas cr\u00edticas de las desigualdades, con an\u00e1lisis y visualizaci\u00f3n de datos. Nuestros ejes tem\u00e1ticos son el g\u00e9nero, la justicia clim\u00e1tica y las luchas de Am\u00e9rica.<\/strong><\/p>\n","protected":false},"excerpt":{"rendered":"<p>A pesar del intento hist\u00f3rico de desaparecer a la parter\u00eda, en M\u00e9xico 15 mil 400 parteras atienden casi 90 mil partos al a\u00f1o. Datos analizados para esta investigaci\u00f3n muestran que el Modelo de Parter\u00eda disminuye significativamente la violencia obst\u00e9trica que viven usuarias de servicios de salud.<\/p>\n","protected":false},"author":1,"featured_media":64030,"comment_status":"closed","ping_status":"open","sticky":false,"template":"","format":"standard","meta":{"inline_featured_image":false,"footnotes":""},"categories":[8476,8461],"tags":[8512,8488,8590,8589,8593,8592,8591],"coauthors":[5129],"class_list":["post-64010","post","type-post","status-publish","format-standard","has-post-thumbnail","hentry","category-destacado","category-mujeres-ninas-y-adolescentes","tag-mexico-3","tag-mira-feminismos-y-democracias","tag-parteras-autonomas","tag-parteras-tradicionales","tag-salud-reproductiva","tag-sanacion","tag-sistema-de-salud"],"_links":{"self":[{"href":"https:\/\/www.americas.org\/es\/wp-json\/wp\/v2\/posts\/64010","targetHints":{"allow":["GET"]}}],"collection":[{"href":"https:\/\/www.americas.org\/es\/wp-json\/wp\/v2\/posts"}],"about":[{"href":"https:\/\/www.americas.org\/es\/wp-json\/wp\/v2\/types\/post"}],"author":[{"embeddable":true,"href":"https:\/\/www.americas.org\/es\/wp-json\/wp\/v2\/users\/1"}],"replies":[{"embeddable":true,"href":"https:\/\/www.americas.org\/es\/wp-json\/wp\/v2\/comments?post=64010"}],"version-history":[{"count":2,"href":"https:\/\/www.americas.org\/es\/wp-json\/wp\/v2\/posts\/64010\/revisions"}],"predecessor-version":[{"id":64032,"href":"https:\/\/www.americas.org\/es\/wp-json\/wp\/v2\/posts\/64010\/revisions\/64032"}],"wp:featuredmedia":[{"embeddable":true,"href":"https:\/\/www.americas.org\/es\/wp-json\/wp\/v2\/media\/64030"}],"wp:attachment":[{"href":"https:\/\/www.americas.org\/es\/wp-json\/wp\/v2\/media?parent=64010"}],"wp:term":[{"taxonomy":"category","embeddable":true,"href":"https:\/\/www.americas.org\/es\/wp-json\/wp\/v2\/categories?post=64010"},{"taxonomy":"post_tag","embeddable":true,"href":"https:\/\/www.americas.org\/es\/wp-json\/wp\/v2\/tags?post=64010"},{"taxonomy":"author","embeddable":true,"href":"https:\/\/www.americas.org\/es\/wp-json\/wp\/v2\/coauthors?post=64010"}],"curies":[{"name":"wp","href":"https:\/\/api.w.org\/{rel}","templated":true}]}}