{"id":64273,"date":"2024-07-17T17:15:05","date_gmt":"2024-07-17T22:15:05","guid":{"rendered":"https:\/\/www.americas.org\/?p=64273"},"modified":"2024-08-14T12:18:06","modified_gmt":"2024-08-14T17:18:06","slug":"en-estados-unidos-lxs-pobres-existen-y-tambien-votan","status":"publish","type":"post","link":"https:\/\/www.americas.org\/es\/en-estados-unidos-lxs-pobres-existen-y-tambien-votan\/","title":{"rendered":"En Estados Unidos lxs pobres existen\u2013y tambi\u00e9n votan"},"content":{"rendered":"\n<p>Por: Carmen Rodr\u00edguez<\/p>\n\n\n\n<p><em>140 millones de personas viven bajo el nivel de pobreza en Estados Unidos. Los latinos, y en particular las trabajadoras latinas,&nbsp;se encuentran entre las personas&nbsp;m\u00e1s explotadas y con salarios m\u00e1s bajos. La Campa\u00f1a de los Pobres moviliza a estos grupos a favor del cambio estructural y de los intereses de las personas marginadas en el pa\u00eds m\u00e1s rico del mundo.<\/em><\/p>\n\n\n\n<p>Miles de trabajadores, activistas y l\u00edderes comunitarios y religiosos se reunieron en Washington DC June 29 para demandar acciones enfocadas en la erradicaci\u00f3n de la pobreza, los bajos salarios, la falta de acceso a salud y agua potable en Estados Unidos, durante la Campa\u00f1a de Los Pobres.&nbsp;<\/p>\n\n\n\n<figure class=\"wp-block-image aligncenter size-full is-resized\"><img loading=\"lazy\" decoding=\"async\" width=\"1600\" height=\"1200\" src=\"https:\/\/www.americas.org\/wp-content\/uploads\/2024\/07\/WhatsApp-Image-2024-07-17-at-15.56.44-2.jpeg\" alt=\"\" class=\"wp-image-64274\" style=\"width:670px;height:auto\" srcset=\"https:\/\/www.americas.org\/wp-content\/uploads\/2024\/07\/WhatsApp-Image-2024-07-17-at-15.56.44-2.jpeg 1600w, https:\/\/www.americas.org\/wp-content\/uploads\/2024\/07\/WhatsApp-Image-2024-07-17-at-15.56.44-2-768x576.jpeg 768w, https:\/\/www.americas.org\/wp-content\/uploads\/2024\/07\/WhatsApp-Image-2024-07-17-at-15.56.44-2-1536x1152.jpeg 1536w\" sizes=\"auto, (max-width: 1600px) 100vw, 1600px\" \/><figcaption class=\"wp-element-caption\">Campa\u00f1a de los pobres. Foto: Carmen Rodr\u00edguez<\/figcaption><\/figure>\n\n\n\n<p>La Campa\u00f1a de los Pobres es una acci\u00f3n nacional liderada por m\u00e1s de una docena de organizaciones sociales y miembros de sindicatos para promover la participaci\u00f3n ciudadana a favor de las necesidades de m\u00e1s de 140 millones de personas que viven bajo los niveles de pobreza y\/o con salarios bajos e injustos. De acuerdo con los organizadores, esta actividad sirve tambi\u00e9n para promover la participaci\u00f3n de los 15 millones de votantes que viven en pobreza en las pr\u00f3ximas elecciones de noviembre.&nbsp;<\/p>\n\n\n\n<p>La Campa\u00f1a de los Pobres se\u00f1ala que por lo menos 800 personas mueren a diario en Estados Unidos a causa de la pobreza y la desigualdad en la distribuci\u00f3n de los recursos. Los m\u00e1s afectados son las comunidades ind\u00edgenas, afroamericanos y latinas. Los organizadores se\u00f1alan, adem\u00e1s, que uno de los principales obst\u00e1culos que impiden la participaci\u00f3n de los pobres en los procesos electorales es la falta de acceso a la informaci\u00f3n necesaria para que este grupo sea consciente de que sus demandas se deben llevar hasta las urnas.&nbsp;<\/p>\n\n\n\n<p>Durante la acci\u00f3n, se desarrollaron 17 puntos de la agenda de los y las pobres que incluyen discusiones sobre salarios dignos, racismo, pobreza y desigualdad, detenciones y encarcelamiento injusto, devastaci\u00f3n y da\u00f1o al medio ambiente, militarizaci\u00f3n y guerra econ\u00f3mica, entre otros.&nbsp;<\/p>\n\n\n\n<p>Seg\u00fan las Pautas Federales de Pobreza una familia que vive bajo los niveles de pobreza tiene ingresos menores a $24,600 por a\u00f1o, una persona soltera menor de 65 a\u00f1os que vive en pobreza tiene un ingreso de $12,060 al a\u00f1o. El \u00faltimo informe del Bur\u00f3 de Estad\u00edsticas Laborales, publicado el 5 de julio&nbsp; indica que el desempleo aument\u00f3 una d\u00e9cima y alcanz\u00f3 el 4%, siendo la cifra m\u00e1s alta desde 2022.&nbsp;<\/p>\n\n\n\n<figure class=\"wp-block-image alignright size-full is-resized\"><img loading=\"lazy\" decoding=\"async\" width=\"1600\" height=\"1200\" src=\"https:\/\/www.americas.org\/wp-content\/uploads\/2024\/07\/WhatsApp-Image-2024-07-17-at-15.56.44-1.jpeg\" alt=\"\" class=\"wp-image-64276\" style=\"width:614px;height:auto\" srcset=\"https:\/\/www.americas.org\/wp-content\/uploads\/2024\/07\/WhatsApp-Image-2024-07-17-at-15.56.44-1.jpeg 1600w, https:\/\/www.americas.org\/wp-content\/uploads\/2024\/07\/WhatsApp-Image-2024-07-17-at-15.56.44-1-768x576.jpeg 768w, https:\/\/www.americas.org\/wp-content\/uploads\/2024\/07\/WhatsApp-Image-2024-07-17-at-15.56.44-1-1536x1152.jpeg 1536w\" sizes=\"auto, (max-width: 1600px) 100vw, 1600px\" \/><\/figure>\n\n\n\n<p>La Campa\u00f1a de los Pobres promueve y exige a los pol\u00edticos y miembros de los gobiernos locales y federal,&nbsp; la creaci\u00f3n de pol\u00edticas p\u00fablicas enfocadas en la soluciones a estos problemas.&nbsp;<\/p>\n\n\n\n<p><\/p>\n\n\n\n<p><strong>Las demandas<\/strong><\/p>\n\n\n\n<p>La Campa\u00f1a de los Pobres centra sus demandas en acciones que permitan la participaci\u00f3n activa de la ciudadan\u00eda en los procesos electorales, y que quienes viven bajo los niveles de pobreza sean considerados a la hora de crear o reformar leyes para erradicar el racismo y la desigualdad sistem\u00e1ticos. Entre las demandas que promueve la campa\u00f1a de los pobres est\u00e1 incluida una petici\u00f3n para que se abra un padr\u00f3n electoral que permita la inscripci\u00f3n de j\u00f3venes de 17 y 18 a\u00f1os que por razones de fechas no pueden participar o emitir su voto.&nbsp;<\/p>\n\n\n\n<p>La campa\u00f1a tambi\u00e9n pide&nbsp; que se establezcan el derecho al voto y la representaci\u00f3n de los grupos marginados. Exigen una reforma migratoria que permita que aquellos inmigrantes que tienen d\u00e9cadas viviendo en el pa\u00eds sean considerados como ciudadanxs y que se implementen acciones federales y estatales para eliminar la brecha salarial, los salarios injustos y las pr\u00e1cticas laborales injustas, ajustes de salarios y reglas para que los empleadores permitan y faciliten que los empleados puedan ser parte de un sindicato.<\/p>\n\n\n\n<p>Sobre el medio ambiente y el cambio clim\u00e1tico, las demandas se centran en acciones que permitan y faciliten el desarrollo y uso de energ\u00edas limpias. Adem\u00e1s, piden mayor inversi\u00f3n p\u00fablica en un sistema de agua que permita que todos los hogares tengan acceso a agua potable y la protecci\u00f3n de las tierras ind\u00edgenas.&nbsp;<\/p>\n\n\n\n<p>En cuanto a las guerras y la econom\u00eda, la Campa\u00f1a demanda que Estados Unidos deje de financiar guerras y que deje de anteponer los intereses de militarizar regiones extranjeras sobre las inversiones sociales destinadas a erradicar la pobreza y a proteger a todos los que viven en el pa\u00eds.&nbsp;<\/p>\n\n\n\n<p>\u201cLas personas con bajos salarios sufren todos los d\u00edas para poder sobrevivir y mueren por la pobreza, la cuarta causa de muerte en Estados Unidos. Las pol\u00edticas garantizan que los ricos sean m\u00e1s ricos, mientras los pobres tienen que luchar por sus ingresos\u201d, dijo Trina Brow, una de las asistentes.&nbsp;<\/p>\n\n\n\n<p>La Campa\u00f1a de los Pobres hizo un llamado a las personas que viven en la pobreza en Estados Unidos a que participen en las elecciones de noviembre, porque \u201cas\u00ed podemos exigir que los pol\u00edticos tomen acciones para protegernos, para dejar de ignorarnos\u201d.&nbsp;<\/p>\n\n\n\n<p><\/p>\n\n\n\n<p><strong>Impacto negativo en la poblaci\u00f3n<\/strong><\/p>\n\n\n\n<p>El pastor William J. Barber II, uno de los principales oradores se\u00f1al\u00f3 que frente a las muertes a causa de la falta de acceso a la atenci\u00f3n a salud, debido a la pobreza, la sociedad calla.<\/p>\n\n\n\n<p>\u201cNadie habla de este genocidio pol\u00edtico. Hoy estamos aqu\u00ed para recordar a todos los que mueren por la pobreza y queremos que haya una resurrecci\u00f3n del voto y del poder del voto\u201d, recalc\u00f3.&nbsp;<\/p>\n\n\n\n<p>De acuerdo con el reverendo Wayne Wilhelm, tercer presidente de la Campa\u00f1a de los Pobres, la pobreza es causada por los que hacen la pol\u00edtica \u201cpor eso tenemos que exigir a estas personas que combatan la pobreza, que dejen de guardar silencio\u201d.<\/p>\n\n\n\n<p>Seg\u00fan los miembros de los sindicatos, uno de los grupos de trabajadores m\u00e1s afectados por las pol\u00edticas locales y anti inmigrantes son los trabajadores agr\u00edcolas, que sufren el impacto de reglas que anteponen el inter\u00e9s de las corporaciones y empleadores sobre la protecci\u00f3n de los derechos humanos. En mayo pasado, el gobernador de Florida, Ron De Santis, aprob\u00f3 la Ley HB433 que impide regulaciones para que los empleadores creen protecciones especiales para los trabajadores durante la temporada de calor extremo.&nbsp;<\/p>\n\n\n\n<p>Seg\u00fan la organizaci\u00f3n We Count, de Florida, cada a\u00f1o durante la temporada de calor muere un trabajador agr\u00edcola a causa del golpe de calor y de la falta de regulaci\u00f3n local que obligue a los empleadores a tomar medidas preventivas ante las olas de calor que afectan el estado.&nbsp;<\/p>\n\n\n\n<figure class=\"wp-block-image alignleft size-full is-resized\"><img loading=\"lazy\" decoding=\"async\" width=\"1600\" height=\"1200\" src=\"https:\/\/www.americas.org\/wp-content\/uploads\/2024\/07\/WhatsApp-Image-2024-07-17-at-15.56.44.jpeg\" alt=\"\" class=\"wp-image-64278\" style=\"width:617px;height:auto\" srcset=\"https:\/\/www.americas.org\/wp-content\/uploads\/2024\/07\/WhatsApp-Image-2024-07-17-at-15.56.44.jpeg 1600w, https:\/\/www.americas.org\/wp-content\/uploads\/2024\/07\/WhatsApp-Image-2024-07-17-at-15.56.44-768x576.jpeg 768w, https:\/\/www.americas.org\/wp-content\/uploads\/2024\/07\/WhatsApp-Image-2024-07-17-at-15.56.44-1536x1152.jpeg 1536w\" sizes=\"auto, (max-width: 1600px) 100vw, 1600px\" \/><\/figure>\n\n\n\n<p>\u201cLos trabajadores agr\u00edcolas sufren debido a la pobreza y son los m\u00e1s impactados con las pol\u00edticas y los pol\u00edticos que no se interesan en la vida o en los derechos humanos. Estos trabajadores no solo se enfrentan a condiciones laborales injustas, tambi\u00e9n tienen que lidiar con la falta de acceso a recursos b\u00e1sicos\u201d, afirm\u00f3 Marta Gabriel.<\/p>\n\n\n\n<p><\/p>\n\n\n\n<p><strong>Trabajadoras Latinas entre las m\u00e1s afectados<\/strong><\/p>\n\n\n\n<p>el Bur\u00f3 de Estad\u00edsticas Laborales reporta la creaci\u00f3n de 206,000 nuevos empleos en junio de 2024&nbsp; Si bien los datos&nbsp; son alentadores e indican, seg\u00fan los expertos, que la econom\u00eda de Estados Unidos se mantiene \u201crobusta\u201d, los salarios bajos e injustos siguen afectando a miles de familias en el pa\u00eds.&nbsp;<\/p>\n\n\n\n<p>Entre los m\u00e1s afectados por la pobreza, los bajos salarios, la falta de oportunidades laborales, la falta de acceso a la salud y educaci\u00f3n, y las pol\u00edticas migratorias siguen siendo los Latinos. Una de cada seis familias Latinos vive bajo los niveles de pobreza y entre los trabajadores Latinos, las mujeres son las m\u00e1s afectadas y las m\u00e1s vulnerables. Generalmente, las Latinas ocupan empleos que ofrecen pocos prestaciones y casi ninguna protecci\u00f3n a sus derechos laborales.<\/p>\n\n\n\n<p class=\"has-text-align-center\"><strong><em>Adem\u00e1s, las trabajadoras Latinas, que representan el 16% de la fuerza laboral femenina con 12 millones, enfrentan m\u00e1s obst\u00e1culos laborales y profesionales relacionados a su origen y g\u00e9nero. Las Latinas tambi\u00e9n enfrentan la brecha salarial m\u00e1s amplia en el \u00e1mbito laboral, debido a la discriminaci\u00f3n por su origen y su g\u00e9nero.&nbsp;&nbsp;<\/em><\/strong><\/p>\n\n\n\n<p>Una trabajadora Latina gana en promedio 0.52 en comparaci\u00f3n con 1.00 que gana un hombre blanco no hispano. Esto tiene un impacto directo sobre todo en las familias en las que la mujer es la cabeza y la proveedora del hogar. Cifras del Consejo Laboral para el Avance del Trabajador Latinoamericano (LCLAA por sus siglas en ingl\u00e9s) indican que esta brecha salarial que afecta a las trabajadoras Latinas, es responsable de la p\u00e9rdida de $1,200,000 en los \u00faltimos 40 a\u00f1os en la carrera de las Latinas.&nbsp;<\/p>\n\n\n\n<p>\u201cEsa diferencia en el salario se traduce en un impacto negativo para las familias de estas mujeres y es mayor cuando la familia depende \u00fanicamente del ingreso de la mujer Latina. Los hijos de estas mujeres no tienen educaci\u00f3n de calidad, no tienen acceso a salud o a alimentaci\u00f3n digna\u201d, explic\u00f3 Ana Rivera.&nbsp;<\/p>\n\n\n\n<p>La Campa\u00f1a de los Pobres exige que se abran discusiones entre los pol\u00edticos, las comunidades, organizaciones y trabajadores para encontrar soluciones reales a estos problemas que afectan el bienestar e impiden el desarrollo de las familias afectadas.<\/p>\n\n\n\n<p>Adem\u00e1s, est\u00e1 abriendo otras conversaciones cr\u00edticas sobre la supresi\u00f3n del voto y los obst\u00e1culos que impiden la participaci\u00f3n ciudadana en el proceso electoral.&nbsp;<\/p>\n\n\n\n<p><em>Carmen Rodr\u00edguez es periodista y corresponsal de noticias en Estados Unidos para Am\u00e9rica Latina con 13 a\u00f1os de experiencia en periodismo multimedia, comunicaciones y producci\u00f3n de contenidos informativos. Se especializa en Pol\u00edtica Exterior de EE.UU. con \u00e9nfasis en Centroam\u00e9rica y Migraci\u00f3n.<\/em><\/p>\n","protected":false},"excerpt":{"rendered":"<p>140 millones de personas viven bajo el nivel de pobreza en Estados Unidos. <\/p>\n","protected":false},"author":373,"featured_media":64274,"comment_status":"closed","ping_status":"open","sticky":false,"template":"","format":"standard","meta":{"inline_featured_image":false,"footnotes":""},"categories":[4884,8476,8463,4912],"tags":[4923,8643,8640,8644,8647,8641,5603,8642,8488,5071,8646,8645],"coauthors":[5212],"class_list":["post-64273","post","type-post","status-publish","format-standard","has-post-thumbnail","hentry","category-democracia","category-destacado","category-luchas-civiles","category-movimientos-sociales","tag-america-del-norte","tag-derecho-al-poder","tag-derechos-laborales","tag-desigualdad","tag-elecciones-2024-eua","tag-elecciones-presidenciales","tag-estados-unidos","tag-falta-de-acceso-a-la-informacion","tag-mira-feminismos-y-democracias","tag-norteamerica","tag-participacion-politica","tag-wayne-wilhelm"],"_links":{"self":[{"href":"https:\/\/www.americas.org\/es\/wp-json\/wp\/v2\/posts\/64273","targetHints":{"allow":["GET"]}}],"collection":[{"href":"https:\/\/www.americas.org\/es\/wp-json\/wp\/v2\/posts"}],"about":[{"href":"https:\/\/www.americas.org\/es\/wp-json\/wp\/v2\/types\/post"}],"author":[{"embeddable":true,"href":"https:\/\/www.americas.org\/es\/wp-json\/wp\/v2\/users\/373"}],"replies":[{"embeddable":true,"href":"https:\/\/www.americas.org\/es\/wp-json\/wp\/v2\/comments?post=64273"}],"version-history":[{"count":5,"href":"https:\/\/www.americas.org\/es\/wp-json\/wp\/v2\/posts\/64273\/revisions"}],"predecessor-version":[{"id":64373,"href":"https:\/\/www.americas.org\/es\/wp-json\/wp\/v2\/posts\/64273\/revisions\/64373"}],"wp:featuredmedia":[{"embeddable":true,"href":"https:\/\/www.americas.org\/es\/wp-json\/wp\/v2\/media\/64274"}],"wp:attachment":[{"href":"https:\/\/www.americas.org\/es\/wp-json\/wp\/v2\/media?parent=64273"}],"wp:term":[{"taxonomy":"category","embeddable":true,"href":"https:\/\/www.americas.org\/es\/wp-json\/wp\/v2\/categories?post=64273"},{"taxonomy":"post_tag","embeddable":true,"href":"https:\/\/www.americas.org\/es\/wp-json\/wp\/v2\/tags?post=64273"},{"taxonomy":"author","embeddable":true,"href":"https:\/\/www.americas.org\/es\/wp-json\/wp\/v2\/coauthors?post=64273"}],"curies":[{"name":"wp","href":"https:\/\/api.w.org\/{rel}","templated":true}]}}