{"id":64285,"date":"2024-07-24T10:52:04","date_gmt":"2024-07-24T15:52:04","guid":{"rendered":"https:\/\/www.americas.org\/?p=64285"},"modified":"2024-07-31T14:33:22","modified_gmt":"2024-07-31T19:33:22","slug":"ayotzinapa-el-desencanto-de-la-palabra-presidencial","status":"publish","type":"post","link":"https:\/\/www.americas.org\/es\/ayotzinapa-el-desencanto-de-la-palabra-presidencial\/","title":{"rendered":"Ayotzinapa: el desencanto de la palabra presidencial"},"content":{"rendered":"\n<p>Por: Abel Barrera<\/p>\n\n\n\n<figure class=\"wp-block-image size-full\"><img loading=\"lazy\" decoding=\"async\" width=\"1600\" height=\"1200\" src=\"https:\/\/www.americas.org\/wp-content\/uploads\/2024\/07\/WhatsApp-Image-2024-07-03-at-5.00.42-PM.jpg\" alt=\"\" class=\"wp-image-64287\" srcset=\"https:\/\/www.americas.org\/wp-content\/uploads\/2024\/07\/WhatsApp-Image-2024-07-03-at-5.00.42-PM.jpg 1600w, https:\/\/www.americas.org\/wp-content\/uploads\/2024\/07\/WhatsApp-Image-2024-07-03-at-5.00.42-PM-768x576.jpg 768w, https:\/\/www.americas.org\/wp-content\/uploads\/2024\/07\/WhatsApp-Image-2024-07-03-at-5.00.42-PM-1536x1152.jpg 1536w\" sizes=\"auto, (max-width: 1600px) 100vw, 1600px\" \/><figcaption class=\"wp-element-caption\">Madres y padres de los 43 de Ayotzinapa. Foto: Tlachinollan <\/figcaption><\/figure>\n\n\n\n<p><a href=\"https:\/\/www.rompeviento.tv\/author\/abel-barrera\/\"><\/a><\/p>\n\n\n\n<p class=\"has-text-align-right\"><em>En memoria de Octaviano Gervacio Ben\u00edtez<br>&nbsp;y Eladio Seraf\u00edn de Jes\u00fas \u201cel cuate\u201d,<br>&nbsp;desaparecidos el 26 de junio de 1974.<br>50 a\u00f1os de impunidad.<br>La matanza de Aguas Blancas<br>sigue viva en la lucha imbatible<br>&nbsp;del pueblo pobre de Guerrero.<br>El gobierno de la 4T<br>no puede ser comparsa de los perpetradores.<\/em><\/p>\n\n\n\n<p>El jueves 27 de junio, las madres y padres de los 43 normalistas desaparecidos en Iguala decidieron hacer p\u00fablico su posicionamiento ante la defensa a ultranza del ej\u00e9rcito que ha asumido el presidente de la rep\u00fablica, Andr\u00e9s Manuel L\u00f3pez Obrador. Tambi\u00e9n se solidarizaron con las organizaciones de derechos humanos que desde hace diez a\u00f1os tenemos el honor de acompa\u00f1arlos y representarlos jur\u00eddicamente, ante el golpeteo recurrente del presidente en sus conferencias ma\u00f1aneras. El diferendo se ha centrado en los 800 folios que desde el 2023 las madres y padres han exigido al presidente para que obligue al ej\u00e9rcito a entregarlos.<\/p>\n\n\n\n<p>En la reuni\u00f3n del 3 de junio, que se realiz\u00f3 en palacio nacional, el presidente coment\u00f3 que entreg\u00f3 toda la documentaci\u00f3n relacionada con los folios faltantes, un total de 15. Y, tomando en cuenta los 18 folios que entreg\u00f3 en su momento el entonces subsecretario Alejandro Encinas, incluidos en el&nbsp;<em>addendum<\/em>&nbsp;de su segundo informe, sumar\u00edan 33 folios. Coment\u00f3 que el resto de los folios, que ser\u00edan 767, tienen que ver con otros temas y que son ajenos al caso Ayotzinapa.<\/p>\n\n\n\n<p>Esta afirmaci\u00f3n proviene del mismo ej\u00e9rcito y por esa raz\u00f3n, para las madres y padres, el dicho no les genera confianza, porque es una postura interesada y unilateral de quienes estuvieron involucrados en los hechos del 26 y 27 de septiembre de 2014. \u00bfC\u00f3mo van a confiar en la palabra del ej\u00e9rcito, cuando se ha negado a entregar la informaci\u00f3n y ha ocultado los documentos que tiene con relaci\u00f3n a la desaparici\u00f3n de los 43 normalistas? La poca informaci\u00f3n que se ha obtenido a cuentagotas, ha sido por presi\u00f3n de las madres y padres de familia y por el trabajo profesional y minucioso del Grupo Interdisciplinario de Expertos Independientes (GIEI), que tuvo que hurgar en los archivos del ej\u00e9rcito y jalar los hilos que, con dificultades, se fueron desenmara\u00f1ando para que poco a poco saliera informaci\u00f3n de los 43.<\/p>\n\n\n\n<p>\u00bfCon qu\u00e9 autoridad el ej\u00e9rcito dice que los 767 folios est\u00e1n relacionados con otros asuntos? Para las madres y padres hay informaci\u00f3n que se est\u00e1 ocultando y demandan que los 800 folios se pongan sobre la mesa. Porque en los 18 folios que el subsecretario Encinas entreg\u00f3 hay informaci\u00f3n relevante que da cuenta de hechos que ocurrieron en la noche del 26 y la madrugada del 27 de septiembre. De igual modo, en los 15 folios que reci\u00e9n entreg\u00f3 el presidente, hay un documento de suma importancia, que el gobierno pretende minimizar. Se hace referencia a que en la colonia Jardines de El Sol de Iguala, habr\u00edan sido encontrados 14 cuerpos de j\u00f3venes de Ayotzinapa. Tambi\u00e9n que el ej\u00e9rcito interviene unas comunicaciones y escucha c\u00f3mo unas personas comentan que ya encontraron los cuerpos de los estudiantes en la laguna. Es una informaci\u00f3n clave, porque tiene que ver con el paradero de los j\u00f3venes. Por esa raz\u00f3n, las madres y padres reiteran su postura de que se entreguen los 767 folios que hacen falta y plantean que sea un ente externo el que pueda revisarlos, ya que no conf\u00edan en el gobierno ni en el ej\u00e9rcito, por toda la manipulaci\u00f3n que ha ocurrido en estos a\u00f1os.<\/p>\n\n\n\n<p>Por otra parte, el mismo presidente ha reiterado su postura de que no hay pruebas de que el ej\u00e9rcito particip\u00f3 en los hechos de Iguala. Afirma que no existe una sola prueba de la responsabilidad militar. Las madres y padres de los 43 respondieron que eso es falso ya que hay pruebas de la participaci\u00f3n militar antes, durante y despu\u00e9s de la desaparici\u00f3n de sus hijos. Antes de los hechos del 26, el ej\u00e9rcito ten\u00eda infiltrados a militares con fachada de estudiantes dentro de la normal de Ayotzinapa. Supieron c\u00f3mo estaban organizados los j\u00f3venes. Los informes de estos soldados llegaron a los mandos militares y hablaban de la movilizaci\u00f3n, el n\u00famero de estudiantes que iban, c\u00f3mo iban, en qu\u00e9 autobuses se transportaban. El ej\u00e9rcito ten\u00eda conocimiento de sus movimientos antes de la desaparici\u00f3n de los j\u00f3venes. Sab\u00eda lo que estaba pasando. Por eso para las mam\u00e1s y pap\u00e1s esta postura presidencial, de que no hay pruebas de la participaci\u00f3n del ej\u00e9rcito, no es veraz ni objetiva.<\/p>\n\n\n\n<p>Cuando los j\u00f3venes llegaron a Iguala, militares pertenecientes a los \u00f3rganos de b\u00fasqueda de informaci\u00f3n (OBIS) fueron proporcionando datos sobre la salida de los estudiantes de la normal, su arribo a Iguala y hasta que ocurre su desaparici\u00f3n. Al mismo tiempo, dos militares desde el C-4 estuvieron dando seguimiento a los estudiantes en tiempo real. Hay pruebas sobre esto.&nbsp; Esa misma noche el ej\u00e9rcito intervino los tel\u00e9fonos celulares del grupo delictivo Guerreros Unidos y de la polic\u00eda municipal de Iguala. Escucharon conversaciones de lo que estaba ocurriendo con los estudiantes y a qu\u00e9 lugar se los estaban llevando. Tambi\u00e9n existen pruebas de un v\u00ednculo delictivo que manten\u00eda el 27 batall\u00f3n de infanter\u00eda con Guerreros Unidos. Las escuchas de Chicago son fundamentales e ilustran claramente esa relaci\u00f3n. Se corrobor\u00f3 que manten\u00edan reuniones frecuentes, que recib\u00edan dinero del grupo delictivo y que el 27 batall\u00f3n les facilitaba el trasiego de la droga. Todo esto est\u00e1 en los expedientes que llegaron de Chicago.<\/p>\n\n\n\n<p><strong>Las madres y padres comentaron que hay un testigo protegido, que declar\u00f3 en serie ministerial y en serie judicial, que afirma que 25 estudiantes fueron introducidos al 27 batall\u00f3n de infanter\u00eda y que ah\u00ed fueron asesinados y entregados el grupo delictivo Guerreros Unidos<\/strong>.<\/p>\n\n\n\n<p> Ya no se habla de la participaci\u00f3n indirecta sino directa del ej\u00e9rcito en la desaparici\u00f3n de los estudiantes. Sin embargo, para la fiscal\u00eda esta informaci\u00f3n no es una l\u00ednea de investigaci\u00f3n a tomar en cuenta, m\u00e1s bien se ha dejado de lado lo que declar\u00f3 el testigo. Las madres y padres no pueden estar tranquilos cuando hay un testigo que dice que 25 de sus hijos fueron llevados al batall\u00f3n y que ah\u00ed fueron asesinados. Es una l\u00ednea de investigaci\u00f3n que las autoridades tienen que priorizar, porque ah\u00ed est\u00e1 el testigo. Es descorazonador para las madres y padres escuchar al presidente decir que no hay pruebas de la participaci\u00f3n del ej\u00e9rcito en la desaparici\u00f3n de sus hijos. Para ellos no puede terminar este gobierno dejando de lado esa informaci\u00f3n, tiene el deber de indagar y no encerrarse en su c\u00edrculo de poder para que el ej\u00e9rcito no se toque.<\/p>\n\n\n\n<p>Otra preocupaci\u00f3n de las madres y padres fue la informaci\u00f3n que recibieron el 3 de junio, sobre la identificaci\u00f3n de algunos restos que se estaba realizando con el m\u00e9todo mitocondrial. Con el m\u00e9todo mitocondrial se toman muestras solo por la v\u00eda materna, a un solo familiar. Lo que refiere el Equipo Argentino de Antropolog\u00eda Forense (EAFF) es que este m\u00e9todo es falible, no es confiable. En el pasado se pretendi\u00f3 identificar con este m\u00e9todo a Jhosivani Guerrero de la Cruz, uno de los 43 estudiantes desaparecidos, con resultados muy cuestionables que lo \u00fanico que produjeron fue una revictimizaci\u00f3n de sus familiares.<\/p>\n\n\n\n<p>Estos trabajos que realiza la fiscal\u00eda no son confiables por el m\u00e9todo que utilizan y porque no est\u00e1 participando el EAFF, que es el equipo de peritos de entera confianza de las madres y padres. El gobierno no act\u00faa con transparencia al no compartir estos an\u00e1lisis con el EAFF. Por eso fijaron una postura firme: que todos los resultados que arroje este m\u00e9todo mitocondrial relacionado con la identificaci\u00f3n de alg\u00fan resto \u00f3seo, no ser\u00e1n aceptados, y piden que se tome en cuenta al EAFF, reconocidos en el expediente como sus peritos.<\/p>\n\n\n\n<p>La lucha de las madres y padres es tit\u00e1nica. Ahora tienen que hacer frente al mismo presidente de la rep\u00fablica, que se ha colocado del lado del ej\u00e9rcito, generando un gran desencanto, porque ten\u00edan todas las expectativas puestas en su gobierno. Confiaron en su palabra: que quitar\u00eda todos los obst\u00e1culos que se presentaran para dar con el paradero de sus 43 hijos. Hoy ven que se aleja esta posibilidad. Notan que su discurso ha cambiado y tambi\u00e9n el trato que ha tenido con ellos y sus representantes legales. En los padres y madres sobresale la grandeza de su coraz\u00f3n y su gesto solidario. Nos han hecho sentir su aprecio y cari\u00f1o a las compa\u00f1eras y compa\u00f1eros del centro Miguel Agust\u00edn Pro Ju\u00e1rez y al Centro Tlachinollan.<\/p>\n\n\n\n<p>Ellos han escuchado en las ma\u00f1aneras la postura que ha asumido el presidente contra nosotros. \u00daltimamente nos acusa que asistimos a una reuni\u00f3n con el entonces presidente Pe\u00f1a Nieto y que los padres no tuvieron conocimiento. Ellos aclararon que las dos \u00fanicas reuniones que se tuvieron fueron: la primera en los Pinos y la segunda en el Museo de la Tecnolog\u00eda. No hubo m\u00e1s encuentros. Las reuniones se hicieron p\u00fablicas y en su momento hubo ruedas de prensa para informar los asuntos que se abordaron. Las madres y padres han pedido al presidente que, si tiene pruebas de una reuni\u00f3n que supuestamente se hizo a sus espaldas, que las presente. De lo contrario, el desencanto ser\u00e1 mayor. Sumado al intento del gobierno federal de avanzar en una nueva identificaci\u00f3n por el m\u00e9todo mitocondrial, que es un m\u00e9todo falible que no conduce a resultados objetivos.<\/p>\n\n\n\n<p><em>Abel Barrera es Director del Centro de Derechos Humanos de la Monta\u00f1a Tlachinollan en Tlapa de Comonfort, Guerrero. Este texto fue publicado originalmente en Rompeviento. Puedes encontrarlo <a href=\"https:\/\/www.rompeviento.tv\/ayotzinapa-el-desencanto-de-la-palabra-presidencial\/\" data-type=\"link\" data-id=\"https:\/\/www.rompeviento.tv\/ayotzinapa-el-desencanto-de-la-palabra-presidencial\/\">aqu\u00ed<\/a>.<\/em><\/p>\n\n\n\n<p><strong>N.<\/strong>&nbsp;<strong>del e.<\/strong>: El 20 de julio, el presidente Andr\u00e9s Manuel L\u00f3pez Obrador dio a conocer otro informe sobre el caso. Los padres emitieron una nueva declaraci\u00f3n en respuesta (<a href=\"https:\/\/www.facebook.com\/permalink.php?story_fbid=pfbid02bnjB5WEv239RvDWTzHHyRfPGdMfWC6L4Z466BdznQUo2NPW1uScHZbNR5cMgGLAFl&amp;id=100072359586939&amp;locale=es_LA\" data-type=\"link\" data-id=\"https:\/\/www.facebook.com\/permalink.php?story_fbid=pfbid02bnjB5WEv239RvDWTzHHyRfPGdMfWC6L4Z466BdznQUo2NPW1uScHZbNR5cMgGLAFl&amp;id=100072359586939&amp;locale=es_LA\">aqu\u00ed<\/a>) La misma dice en parte: \u00abUsted Sr Presidente, nos ha mentido, nos ha enga\u00f1ado y traicionado [\u2026] No solo nos fall\u00f3 a nosotros sino tambi\u00e9n a todo el pueblo de M\u00e9xico, el cual tambi\u00e9n ingenuamente le crey\u00f3 en alg\u00fan momento. No se puede justificar lo injustificable. Existen numerosos testimonios y declaraciones ministeriales que avalan que ese d\u00eda el Ejercito estaba en las calles y particip\u00f3 de una manera vergonzosa en la desaparici\u00f3n de nuestros hijos ese fat\u00eddico 26 de septiembre de 2014 . Eso es una verdad irrefutable. Nos sorprende quiera usted borrar las declaraciones del entonces funcionario de su gabinete y representante de la Comisi\u00f3n de la Verdad, el Lic. Alejandro Encinas Rodriguez, quien el mismo corrobora la participaci\u00f3n activa del Ejercito al igual que lo hizo el Grupo Interdisciplinario de Expertos Independientes (GIEI) en el caso Ayotzinapa.<br>[&#8230;] Los Padres y Madres de los 43 normalistas desaparecidos de Ayotzinapa, a casi diez a\u00f1os de lucha, no hemos dejado ni un solo d\u00eda de exigir la aparici\u00f3n con vida de nuestros hijos y de los cientos de miles de desaparecidos que desafortunadamente tampoco est\u00e1n entre nosotros. A ud. le decimos la historia lo juzgar\u00e1 y se encargar\u00e1 de poner a cada quien en el lugar que se merece, no olvide que la verdad SIEMPRE es implacable.\u00bb<\/p>\n","protected":false},"excerpt":{"rendered":"<p>A casi 6 a\u00f1os de las promesas de Andr\u00e9s Manuel L\u00f3pez Obrador, hoy, los padres y madres de los 43 normalistas desaparecidos en Ayotzinapa en 2014 siguen sin hallar verdad ni justicia. <\/p>\n","protected":false},"author":506,"featured_media":64287,"comment_status":"closed","ping_status":"open","sticky":false,"template":"","format":"standard","meta":{"inline_featured_image":false,"footnotes":""},"categories":[8464,4884,8476,8463],"tags":[8652,5589,5115,8651,8653,4958,8488,8650],"coauthors":[8649],"class_list":["post-64285","post","type-post","status-publish","format-standard","has-post-thumbnail","hentry","category-activismos","category-democracia","category-destacado","category-luchas-civiles","tag-800-folios","tag-amlo","tag-ayotzinapa-es","tag-ejercito-mexicano","tag-guerrero","tag-mexico","tag-mira-feminismos-y-democracias","tag-normalistas"],"_links":{"self":[{"href":"https:\/\/www.americas.org\/es\/wp-json\/wp\/v2\/posts\/64285","targetHints":{"allow":["GET"]}}],"collection":[{"href":"https:\/\/www.americas.org\/es\/wp-json\/wp\/v2\/posts"}],"about":[{"href":"https:\/\/www.americas.org\/es\/wp-json\/wp\/v2\/types\/post"}],"author":[{"embeddable":true,"href":"https:\/\/www.americas.org\/es\/wp-json\/wp\/v2\/users\/506"}],"replies":[{"embeddable":true,"href":"https:\/\/www.americas.org\/es\/wp-json\/wp\/v2\/comments?post=64285"}],"version-history":[{"count":8,"href":"https:\/\/www.americas.org\/es\/wp-json\/wp\/v2\/posts\/64285\/revisions"}],"predecessor-version":[{"id":64323,"href":"https:\/\/www.americas.org\/es\/wp-json\/wp\/v2\/posts\/64285\/revisions\/64323"}],"wp:featuredmedia":[{"embeddable":true,"href":"https:\/\/www.americas.org\/es\/wp-json\/wp\/v2\/media\/64287"}],"wp:attachment":[{"href":"https:\/\/www.americas.org\/es\/wp-json\/wp\/v2\/media?parent=64285"}],"wp:term":[{"taxonomy":"category","embeddable":true,"href":"https:\/\/www.americas.org\/es\/wp-json\/wp\/v2\/categories?post=64285"},{"taxonomy":"post_tag","embeddable":true,"href":"https:\/\/www.americas.org\/es\/wp-json\/wp\/v2\/tags?post=64285"},{"taxonomy":"author","embeddable":true,"href":"https:\/\/www.americas.org\/es\/wp-json\/wp\/v2\/coauthors?post=64285"}],"curies":[{"name":"wp","href":"https:\/\/api.w.org\/{rel}","templated":true}]}}