{"id":64581,"date":"2025-02-28T18:59:53","date_gmt":"2025-02-28T23:59:53","guid":{"rendered":"https:\/\/www.americas.org\/?p=64581"},"modified":"2025-03-07T12:54:16","modified_gmt":"2025-03-07T17:54:16","slug":"de-la-tragedia-al-movimiento-comunidades-mexicanas-luchan-contra-las-zonas-de-sacrificio","status":"publish","type":"post","link":"https:\/\/www.americas.org\/es\/de-la-tragedia-al-movimiento-comunidades-mexicanas-luchan-contra-las-zonas-de-sacrificio\/","title":{"rendered":"De la Tragedia al Movimiento: Comunidades Mexicanas Luchan Contra las &#8220;Zonas de Sacrificio&#8221;"},"content":{"rendered":"\n<figure class=\"wp-block-image aligncenter size-full is-resized\"><img loading=\"lazy\" decoding=\"async\" width=\"1600\" height=\"1060\" src=\"https:\/\/www.americas.org\/wp-content\/uploads\/2025\/02\/De-la-Tragedia-al-Movimiento3.jpeg\" alt=\"\" class=\"wp-image-64587\" style=\"width:632px;height:auto\" srcset=\"https:\/\/www.americas.org\/wp-content\/uploads\/2025\/02\/De-la-Tragedia-al-Movimiento3.jpeg 1600w, https:\/\/www.americas.org\/wp-content\/uploads\/2025\/02\/De-la-Tragedia-al-Movimiento3-768x509.jpeg 768w, https:\/\/www.americas.org\/wp-content\/uploads\/2025\/02\/De-la-Tragedia-al-Movimiento3-1536x1018.jpeg 1536w\" sizes=\"auto, (max-width: 1600px) 100vw, 1600px\" \/><\/figure>\n\n\n\n<p><em>Por Tracy L. Barnett<\/em><\/p>\n\n\n\n<p>Diecisiete a\u00f1os despu\u00e9s de que Miguel \u00c1ngel L\u00f3pez Rocha, de 8 a\u00f1os, cayera al R\u00edo Santiago y muriera por envenenamiento t\u00f3xico, su muerte contin\u00faa impulsando uno de los movimientos de justicia ambiental m\u00e1s determinados de M\u00e9xico. El aniversario, conmemorado este 13 de febrero en El Salto, Jalisco, llega en un momento crucial mientras las comunidades enfrentan tanto crecientes impactos en la salud como nuevas amenazas por la expansi\u00f3n industrial.<\/p>\n\n\n\n<p>&#8220;Antes de Miguel \u00c1ngel, nuestra lucha parec\u00eda muy et\u00e9rea&#8221;, reflexiona Ra\u00fal Mu\u00f1oz, residente de El Salto. &#8220;Despu\u00e9s de Miguel \u00c1ngel, nuestra causa tuvo nombre, apellido y rostro&#8221;.<\/p>\n\n\n\n<p>La realidad descrita por Eduardo Galeano en su libro &#8220;Los Hijos de los D\u00edas&#8221; sigue siendo cruda: &#8220;No muri\u00f3 ahogado. Muri\u00f3 envenenado. El r\u00edo contiene ars\u00e9nico, sulfuro de hidr\u00f3geno, mercurio, cromo, plomo y furanos, vertidos en sus aguas por Aventis, Bayer, Nestl\u00e9, IBM, DuPont, Xerox, United Plastics, Celanese y otras empresas que tienen prohibido hacer tales &#8216;donaciones&#8217; en sus pa\u00edses de origen&#8221;.<\/p>\n\n\n\n<p>El Comit\u00e9 Ciudadano de Defensa Ambiental de El Salto ha documentado meticulosamente el costo humano: 4,146 personas han enfermado y 2,842 han muerto solo en El Salto durante los \u00faltimos 17 a\u00f1os. En 2024, se registraron 97 nuevos casos de insuficiencia renal cr\u00f3nica terminal y 37 nuevos casos de c\u00e1ncer. <\/p>\n\n\n\n<figure class=\"wp-block-image alignright size-full is-resized\"><img loading=\"lazy\" decoding=\"async\" width=\"850\" height=\"567\" src=\"https:\/\/www.americas.org\/wp-content\/uploads\/2025\/02\/De-la-Tragedia-al-Movimiento2.jpeg\" alt=\"\" class=\"wp-image-64589\" style=\"width:555px;height:auto\" srcset=\"https:\/\/www.americas.org\/wp-content\/uploads\/2025\/02\/De-la-Tragedia-al-Movimiento2.jpeg 850w, https:\/\/www.americas.org\/wp-content\/uploads\/2025\/02\/De-la-Tragedia-al-Movimiento2-768x512.jpeg 768w\" sizes=\"auto, (max-width: 850px) 100vw, 850px\" \/><\/figure>\n\n\n\n<p>Sin embargo, mientras las comunidades lidian con esta crisis de salud, el gobierno federal ha anunciado planes para construir 100 nuevos parques industriales en todo el pa\u00eds. &#8220;No estamos en contra del desarrollo&#8221;, explica Mar\u00eda Gonz\u00e1lez, defensora de derechos humanos y directora del Instituto Mexicano para el Desarrollo Comunitario (IMDEC), una organizaci\u00f3n sin fines de lucro que ha trabajado durante 62 a\u00f1os con las comunidades afectadas por megaproyectos. &#8220;Estamos en contra de las zonas de sacrificio&#8221;.<\/p>\n\n\n\n<p>Esta tensi\u00f3n entre el desarrollo industrial y la salud comunitaria llega a su punto cr\u00edtico en el nuevo Plan Nacional H\u00eddrico 2024-2030. Mientras los funcionarios han prometido 7 mil millones de pesos para limpiar la cuenca Lerma-Santiago, las organizaciones comunitarias advierten que sin cambios fundamentales, esto podr\u00eda convertirse en otra promesa incumplida, advirti\u00f3 Gonz\u00e1lez.<\/p>\n\n\n\n<p>&#8220;Durante d\u00e9cadas, la limpieza del R\u00edo Santiago ha sido una bandera pol\u00edtica para todos los partidos y gobiernos&#8221;, dijo Gonz\u00e1lez. &#8220;Hemos visto miles de millones gastados en plantas de tratamiento que no abordan las causas ra\u00edz ni responsabilizan a la industria&#8221;.<\/p>\n\n\n\n<p>Pero el movimiento que surgi\u00f3 de la muerte de Miguel \u00c1ngel se ha convertido en una sofisticada red de organizaciones comunitarias con demandas claras y visiones alternativas. Est\u00e1n pidiendo una nueva Ley General de Aguas que fortalezca la protecci\u00f3n de los derechos humanos y la participaci\u00f3n comunitaria en la toma de decisiones. Sus propuestas, respaldadas por comunidades ind\u00edgenas, agricultores, organizaciones urbanas y acad\u00e9micos, ofrecen un camino a seguir que prioriza tanto el desarrollo como la salud.<\/p>\n\n\n\n<figure class=\"wp-block-image alignleft size-full is-resized\"><img loading=\"lazy\" decoding=\"async\" width=\"850\" height=\"567\" src=\"https:\/\/www.americas.org\/wp-content\/uploads\/2025\/02\/De-la-Tragedia-al-Movimiento.jpeg\" alt=\"\" class=\"wp-image-64591\" style=\"width:537px;height:auto\" srcset=\"https:\/\/www.americas.org\/wp-content\/uploads\/2025\/02\/De-la-Tragedia-al-Movimiento.jpeg 850w, https:\/\/www.americas.org\/wp-content\/uploads\/2025\/02\/De-la-Tragedia-al-Movimiento-768x512.jpeg 768w\" sizes=\"auto, (max-width: 850px) 100vw, 850px\" \/><\/figure>\n\n\n\n<p>El desaf\u00edo que enfrentan es sustancial. La regi\u00f3n del R\u00edo Santiago y el Lago de Chapala se han convertido en lo que los activistas llaman &#8220;zonas de sacrificio&#8221; &#8211; \u00e1reas donde las regulaciones ambientales no se aplican y las agencias de inspecci\u00f3n han sido debilitadas o comprometidas. Sin embargo, la persistencia misma de su movimiento, mantenida a trav\u00e9s de 17 a\u00f1os de documentaci\u00f3n, organizaci\u00f3n y elaboraci\u00f3n de propuestas, demuestra la resiliencia y determinaci\u00f3n de las comunidades.<\/p>\n\n\n\n<p>&#8220;Esto no se trata solo de limpiar un r\u00edo&#8221;, enfatiza Gonz\u00e1lez. &#8220;Se trata de transformar c\u00f3mo pensamos sobre el desarrollo, sobre qui\u00e9n asume sus costos y sobre qu\u00e9 voces importan al tomar estas decisiones&#8221;.<\/p>\n\n\n\n<p>Mientras M\u00e9xico se encuentra en una encrucijada entre la expansi\u00f3n industrial y la protecci\u00f3n ambiental, las comunidades de El Salto y Juanacatl\u00e1n est\u00e1n demostrando que otro camino es posible &#8211; uno que honra tanto la memoria de Miguel \u00c1ngel como el futuro de todas las comunidades mexicanas.<em><br><\/em><br><\/p>\n","protected":false},"excerpt":{"rendered":"<p>Por Tracy L. Barnett Diecisiete a\u00f1os despu\u00e9s de que Miguel \u00c1ngel L\u00f3pez Rocha, de 8 a\u00f1os, cayera al R\u00edo Santiago y muriera por envenenamiento t\u00f3xico, su muerte contin\u00faa impulsando uno de los movimientos de justicia ambiental m\u00e1s determinados de M\u00e9xico. El aniversario, conmemorado este 13 de febrero en El Salto, Jalisco, llega en un momento [&hellip;]<\/p>\n","protected":false},"author":509,"featured_media":64587,"comment_status":"closed","ping_status":"open","sticky":false,"template":"","format":"standard","meta":{"inline_featured_image":false,"footnotes":""},"categories":[4916,8476,5094,4914,4915],"tags":[8710,8711,8709,4958],"coauthors":[8705],"class_list":["post-64581","post","type-post","status-publish","format-standard","has-post-thumbnail","hentry","category-derechos-humanos","category-destacado","category-medio-ambiente","category-paz-y-seguridad","category-tierra","tag-el-salto","tag-jalisco","tag-ley-general-de-aguas","tag-mexico"],"_links":{"self":[{"href":"https:\/\/www.americas.org\/es\/wp-json\/wp\/v2\/posts\/64581","targetHints":{"allow":["GET"]}}],"collection":[{"href":"https:\/\/www.americas.org\/es\/wp-json\/wp\/v2\/posts"}],"about":[{"href":"https:\/\/www.americas.org\/es\/wp-json\/wp\/v2\/types\/post"}],"author":[{"embeddable":true,"href":"https:\/\/www.americas.org\/es\/wp-json\/wp\/v2\/users\/509"}],"replies":[{"embeddable":true,"href":"https:\/\/www.americas.org\/es\/wp-json\/wp\/v2\/comments?post=64581"}],"version-history":[{"count":3,"href":"https:\/\/www.americas.org\/es\/wp-json\/wp\/v2\/posts\/64581\/revisions"}],"predecessor-version":[{"id":64648,"href":"https:\/\/www.americas.org\/es\/wp-json\/wp\/v2\/posts\/64581\/revisions\/64648"}],"wp:featuredmedia":[{"embeddable":true,"href":"https:\/\/www.americas.org\/es\/wp-json\/wp\/v2\/media\/64587"}],"wp:attachment":[{"href":"https:\/\/www.americas.org\/es\/wp-json\/wp\/v2\/media?parent=64581"}],"wp:term":[{"taxonomy":"category","embeddable":true,"href":"https:\/\/www.americas.org\/es\/wp-json\/wp\/v2\/categories?post=64581"},{"taxonomy":"post_tag","embeddable":true,"href":"https:\/\/www.americas.org\/es\/wp-json\/wp\/v2\/tags?post=64581"},{"taxonomy":"author","embeddable":true,"href":"https:\/\/www.americas.org\/es\/wp-json\/wp\/v2\/coauthors?post=64581"}],"curies":[{"name":"wp","href":"https:\/\/api.w.org\/{rel}","templated":true}]}}