{"id":6476,"date":"2012-03-05T12:23:38","date_gmt":"2012-03-05T17:23:38","guid":{"rendered":"http:\/\/www.cipamericas.org\/?p=6476"},"modified":"2012-03-07T20:00:47","modified_gmt":"2012-03-08T01:00:47","slug":"crecimiento-economico-con-deficit-social","status":"publish","type":"post","link":"https:\/\/www.americas.org\/es\/crecimiento-economico-con-deficit-social\/","title":{"rendered":"Crecimiento econ\u00f3mico con d\u00e9ficit social"},"content":{"rendered":"<p><a href=\"https:\/\/www.americas.org\/wp-content\/uploads\/2012\/03\/colegio-Bill-Gates-peru.jpg\"><img loading=\"lazy\" decoding=\"async\" src=\"https:\/\/www.americas.org\/wp-content\/uploads\/2012\/03\/colegio-Bill-Gates-peru-300x225.jpg\" alt=\"\" title=\"colegio Bill Gates peru\" width=\"300\" height=\"225\" class=\"alignright size-medium wp-image-6481\" \/><\/a><strong>Por Ariela Ruiz Caro<\/strong><\/p>\n<p>Las afirmaciones del presidente de Microsoft,  Bill Gates, de que el Per\u00fa no necesita de ayuda internacional por ser un pa\u00eds de ingresos medios, han servido para que las autoridades peruanas ilustren con realismo las caracter\u00edsticas de nuestro crecimiento. <\/p>\n<p>En una reuni\u00f3n reciente con el presidente espa\u00f1ol, Mariano Rajoy,  sobre temas de cooperaci\u00f3n econ\u00f3mica a favor de naciones pobres, Gates cuestion\u00f3 que se siga ayudando al Per\u00fa pese a que ya es considerado un pa\u00eds de ingresos medios. &#x201C;Cuando ayudas a pa\u00edses como Per\u00fa con un nivel suficiente de riqueza debes preguntarte por qu\u00e9 le ayudas&#x2026; mientras hay ni\u00f1os muriendo de malaria y gente que no consigue medicinas para el sida &#x201D; se\u00f1al\u00f3. <\/p>\n<p>Gates no est\u00e1 en contra de la ayuda exterior. Al contrario. En un discurso dirigido a los presidentes y jefes de gobierno reunidos en la cumbre del Grupo de los 20 (G-20) en Cannes, en noviembre de 2011, invoc\u00f3 a que no se recorten los aportes y apoyos tanto para los sectores m\u00e1s postergados como tambi\u00e9n a las investigaciones en el \u00e1rea de salud y producci\u00f3n agr\u00edcola. En dicha oportunidad plante\u00f3 la importancia y necesidad de la cooperaci\u00f3n internacional y se\u00f1al\u00f3 que &#x201C;el mundo no va a equilibrar sus cuentas mediante la reducci\u00f3n de la ayuda, sino que har\u00eda un da\u00f1o irreparable a la estabilidad mundial, al crecimiento de la econom\u00eda mundial y a los medios de subsistencia de millones de personas pobres &#x201D;.<\/p>\n<p>Asimismo, destac\u00f3 que el problema m\u00e1s grande que encara el planeta en su conjunto sigue siendo la brecha entre ricos y pobres. La soluci\u00f3n, seg\u00fan Gates, consiste &#x201C;en encontrar formas de fomentar una mayor innovaci\u00f3n tecnol\u00f3gica, en temas como la seguridad alimentaria y la eliminaci\u00f3n de enfermedades. Solamente estimulando su propia capacidad de innovaci\u00f3n, asever\u00f3, los pa\u00edses pobres pueden sacar a la mayor parte de sus poblaciones de la extrema pobreza y de los males sociales que la acompa\u00f1an.&#x201D; <\/p>\n<p>En febrero, durante la celebraci\u00f3n del Fondo Internacional para el Desarrollo Agr\u00edcola (IFAD), Gates destac\u00f3 que era necesario desplegar ayuda para los peque\u00f1os agricultores que la requer\u00edan en los pa\u00edses en desarrollo. En dicha oportunidad, inst\u00f3 a los organismos de la ONU responsables de la lucha contra el hambre y la pobreza a unirse para lograr el crecimiento de la productividad sostenible y anunci\u00f3 tambi\u00e9n la donaci\u00f3n de casi 200 millones de d\u00f3lares en becas, llevando a m\u00e1s de 2.000 millones de d\u00f3lares el compromiso de la fundaci\u00f3n con los peque\u00f1os agricultores desde que se puso en marcha el programa de agricultura en el a\u00f1o 2006. <\/p>\n<p>Representantes del gobierno peruano han tratado de explicarle a Gates que los promedios nacionales, como el PBI per c\u00e1pita, esconden las desigualdades del pa\u00eds y que, si bien en los \u00faltimos 10 a\u00f1os se registra uno de los crecimientos econ\u00f3micos m\u00e1s din\u00e1micos del mundo, en la zona rural hay altos niveles de pobreza, de desnutrici\u00f3n cr\u00f3nica y enormes brechas en acceso a servicios, infraestructura y otras oportunidades. Los peruanos contin\u00faan migrando, inclusive hacia pa\u00edses de la regi\u00f3n, donde Argentina ocupa el primer destino.<\/p>\n<p>Por ello, las autoridades  lo han convocado a realizar un recorrido por la sierra y selva rural del pa\u00eds pues, se\u00f1alando, &#x201C;solo est\u00e1 mirando promedios&#x2026;Hay que mirar la varianza, media estad\u00edstica sobre las diferentes realidades&#8221;.  <\/p>\n<p>Lo que sucede es que dif\u00edcilmente Gates imagine que un pa\u00eds con tan buena performance econ\u00f3mica, evaluado con  excelentes notas por las calificadoras de riesgo, pueda convivir con indicadores sociales tan precarios. A pesar de la reducci\u00f3n de la pobreza e indigencia como resultado del crecimiento econ\u00f3mico en la regi\u00f3n en los \u00faltimos a\u00f1os, las desigualdades al interior del pa\u00eds son enormes, la misma que se reproduce tambi\u00e9n en los sectores urbanos. La calidad educativa y los niveles de cobertura social contin\u00faan siendo de los m\u00e1s bajos a nivel regional.<\/p>\n<p>Por ejemplo, en el Per\u00fa, el gasto social durante el bienio 2008-2009 registra un nivel inferior al promedio regional, lo cual expresa la prioridad macroecon\u00f3mica que se le otorga a este \u00e1mbito. En efecto, en Am\u00e9rica Latina, los recursos destinados al gasto social van desde menos del 10% del PIB en el Ecuador, Guatemala, Panam\u00e1,  Paraguay, Per\u00fa y la Rep\u00fablica Dominicana, hasta niveles que duplican la cifra anterior en la Argentina, el Brasil, Costa Rica, Cuba y el Uruguay. Esto, de acuerdo a datos de la CEPAL, ocurre pese a que casi todos los pa\u00edses han hecho esfuerzos por aumentar la prioridad macroecon\u00f3mica del gasto social desde fines de los a\u00f1os noventa.<\/p>\n<p>El discurso que se difunde en los medios locales e internacionales sobre la fortaleza y estabilidad macroecon\u00f3mica, boom de exportaciones y de reservas internacionales, todo lo cual es cierto, ha opacado el debate sobre los problemas derivados de las enormes brechas sociales existentes. <\/p>\n<p>Modificar el patr\u00f3n que determina este crecimiento concentrado y excluyente es el gran desaf\u00edo planteado por el Gobierno peruano. Ello debe tenerse presente en el proyecto de ley que debe debatirse en el Congreso sobre el establecimiento de l\u00edmites a la propiedad de tierra agr\u00edcolas en el pa\u00eds, a prop\u00f3sito del proceso de adjudicaciones hechas por el Estado en el marco del proyecto de irrigaci\u00f3n de Olmos. Este ha demorado 90 a\u00f1os para construirse, ha demandado una fuerte inversi\u00f3n del Estado y el 60 por ciento de las tierras se ha adjudicado a una sola empresa.<\/p>\n<p>La cooperaci\u00f3n al desarrollo es importante para aplicar metodolog\u00edas que hagan m\u00e1s eficiente los programas sociales, pero Gates nos ha puesto en evidencia: tambi\u00e9n se requiere redistribuir. <\/p>\n<p><em><strong>Ariela Ruiz Caro <\/strong>es economista por la Universidad Humboldt de Berl\u00edn con maestr\u00eda en procesos de integraci\u00f3n econ\u00f3mica por la Universidad de Buenos Aires. Consultora internacional en temas de comercio, integraci\u00f3n y recursos naturales en la CEPAL, Sistema Econ\u00f3mico Latinoamericano (SELA), Instituto para la Integraci\u00f3n de Am\u00e9rica Latina y el Caribe (INTAL),entre otros. Ha sido funcionaria de la Comunidad Andina entre 1985 y 1994 y asesora de la Comisi\u00f3n de Representantes Permanentes del MERCOSUR entre 2006 y 2008 y colabora con el Programa de las Am\u00e9ricas como columnista. <\/em><\/p>\n","protected":false},"excerpt":{"rendered":"<p>Las afirmaciones del presidente de Microsoft,  Bill Gates, de que el Per\u00fa no necesita de ayuda internacional por ser un pa\u00eds de ingresos medios, han servido para que las autoridades peruanas ilustren con realismo las caracter\u00edsticas de nuestro crecimiento. <\/p>\n","protected":false},"author":290,"featured_media":0,"comment_status":"open","ping_status":"open","sticky":false,"template":"","format":"standard","meta":{"inline_featured_image":false,"footnotes":""},"categories":[],"tags":[],"coauthors":[],"class_list":["post-6476","post","type-post","status-publish","format-standard","hentry"],"_links":{"self":[{"href":"https:\/\/www.americas.org\/es\/wp-json\/wp\/v2\/posts\/6476","targetHints":{"allow":["GET"]}}],"collection":[{"href":"https:\/\/www.americas.org\/es\/wp-json\/wp\/v2\/posts"}],"about":[{"href":"https:\/\/www.americas.org\/es\/wp-json\/wp\/v2\/types\/post"}],"author":[{"embeddable":true,"href":"https:\/\/www.americas.org\/es\/wp-json\/wp\/v2\/users\/290"}],"replies":[{"embeddable":true,"href":"https:\/\/www.americas.org\/es\/wp-json\/wp\/v2\/comments?post=6476"}],"version-history":[{"count":0,"href":"https:\/\/www.americas.org\/es\/wp-json\/wp\/v2\/posts\/6476\/revisions"}],"wp:attachment":[{"href":"https:\/\/www.americas.org\/es\/wp-json\/wp\/v2\/media?parent=6476"}],"wp:term":[{"taxonomy":"category","embeddable":true,"href":"https:\/\/www.americas.org\/es\/wp-json\/wp\/v2\/categories?post=6476"},{"taxonomy":"post_tag","embeddable":true,"href":"https:\/\/www.americas.org\/es\/wp-json\/wp\/v2\/tags?post=6476"},{"taxonomy":"author","embeddable":true,"href":"https:\/\/www.americas.org\/es\/wp-json\/wp\/v2\/coauthors?post=6476"}],"curies":[{"name":"wp","href":"https:\/\/api.w.org\/{rel}","templated":true}]}}