{"id":66905,"date":"2026-04-28T02:09:25","date_gmt":"2026-04-28T07:09:25","guid":{"rendered":"https:\/\/www.americas.org\/?p=66905"},"modified":"2026-04-28T02:13:40","modified_gmt":"2026-04-28T07:13:40","slug":"peru-la-izquierda-y-el-fujimorismo-a-la-segunda-vuelta-y-el-alineamiento-automatico-con-estados-unidos-como-eje-del-debate","status":"publish","type":"post","link":"https:\/\/www.americas.org\/es\/peru-la-izquierda-y-el-fujimorismo-a-la-segunda-vuelta-y-el-alineamiento-automatico-con-estados-unidos-como-eje-del-debate\/","title":{"rendered":"Per\u00fa: la izquierda y el fujimorismo a la segunda vuelta y el alineamiento autom\u00e1tico con Estados Unidos como eje del debate"},"content":{"rendered":"\n<h2 class=\"wp-block-heading\" style=\"font-size:35px\"><strong>El mundo en foco\u00a0<\/strong>|\u00a0<em>Columna de an\u00e1lisis<\/em><\/h2>\n\n\n\n<p>Mientras que al candidato ultraderechista Rafael L\u00f3pez Aliaga, de Renovaci\u00f3n Popular, se le agotan las armas para deslegitimar los resultados de las elecciones del 12 abril, la candidata ganadora de la primera vuelta, Keiko Fujimori, se prepara para enfrentar a Roberto S\u00e1nchez, el candidato heredero de Pedro Castillo, el pr\u00f3ximo 7 de junio. La diferencia de votos a favor de S\u00e1nchez se ha incrementado y supera los 20 mil. &nbsp;El conteo de votos ya culmin\u00f3 y solo falta contabilizar las actas impugnadas en el Jurado Electoral Especial Las estad\u00edsticas demuestran que, legal y matem\u00e1ticamente, no hay chances de revertir el resultado.<\/p>\n\n\n\n<figure class=\"wp-block-image aligncenter size-full is-resized\"><img loading=\"lazy\" decoding=\"async\" width=\"612\" height=\"418\" src=\"https:\/\/www.americas.org\/wp-content\/uploads\/2026\/04\/gettyimages-2270561058-612x612-1.jpg\" alt=\"\" class=\"wp-image-66906\" style=\"aspect-ratio:1.464176131775852;width:589px;height:auto\"\/><figcaption class=\"wp-element-caption\"><sub>Una mujer ind\u00edgena ejerce su derecho al voto, abril de 2026. Foto de Juan Carlos Cisneros<\/sub>.<\/figcaption><\/figure>\n\n\n\n<p>Con el conteo pr\u00e1cticamente culminado, la realidad demuestra que los peruanos eligieron el silencio y el rechazo a la institucionalidad democr\u00e1tica. Las cifras de la Oficina Nacional de Procesos Electorales (ONPE) revelan claramente que, de un total de 27.3 millones registrdos en el padr\u00f3n electoral, el actor m\u00e1s importante de la elecci\u00f3n es un bloque de&nbsp;11.4 millones que no vot\u00f3 a nadie, representados por el ausentismo y los votos nulos y blancos. Estos representan el&nbsp;42% del padr\u00f3n electoral, y sus votos superan por m\u00e1s de cuatro veces a los que ha recibido la candidata m\u00e1s votada. La abstenci\u00f3n es la primera fuerza electoral de una naci\u00f3n fragmentada que, en su hora m\u00e1s cr\u00edtica, ha preferido el vac\u00edo antes que las opciones en la vitrina.<\/p>\n\n\n\n<p>Como si la crisis del proceso electoral&#8211;atizada por el ultraderechista L\u00f3pez Aliaga&#8211;no fuera suficiente, esta semana se present\u00f3 la posibilidad de una nueva vacancia presidencial, la novena en diez a\u00f1os. El actual presidente, Jos\u00e9 Mar\u00eda Balc\u00e1zar, quien lleva tres meses en el gobierno, <a href=\"https:\/\/www.infodefensa.com\/texto-diario\/mostrar\/5850185\/balcazar-posterga-firma-contrato-compra-24-cazas-f-16-bloque-70-fuerza-aerea-peru\">anunci\u00f3 que un gobierno de transici\u00f3n, como el que el preside, no debe comprometer sumas tan elevadas<\/a> (3,500 millones de d\u00f3lares) para la compra de 24 aviones caza F-16 Block 70 y un avi\u00f3n cisterna Boeing KC-135 R Stratotanker de la empresa estadounidense Lockheed Martin, y que la decisi\u00f3n deber\u00eda corresponderle al presidente elegido el pr\u00f3ximo 7 de junio en las urnas. A\u00f1adi\u00f3 que hab\u00edan necesidades prioritarias antes que destinar ese gasto a la compra de aviones caza.<\/p>\n\n\n\n<p>El problema es que su antecesor, el expresidente Jos\u00e9 Jer\u00ed, ya hab\u00eda suscrito el acuerdo comercial con la empresa Lockheed Martin y se aproximaban las fechas de pago. Esta contradicci\u00f3n entre la firma del contrato con\u00a0Lockheed Martin\u00a0y las declaraciones del presidente Balc\u00e1zar fueron el detonante de la <a href=\"https:\/\/www.dw.com\/es\/ministros-de-defensa-y-exteriores-de-per%C3%BA-renuncian-al-aplazarse-compra-de-aviones-a-estados-unidos\/a-76902096\">renuncia de sus ministros de Defensa y de Relaciones Exteriores<\/a> y el incio de una nueva moci\u00f3n de censura por incapacidad moral, actualmente en proceso. \u00a0<br><\/p>\n\n\n\n<h2 class=\"wp-block-heading\" style=\"font-size:35px\"><strong>Las armas del caos<\/strong><\/h2>\n\n\n\n<p>En la medida en que el conteo electoral favorece a Roberto S\u00e1nchez, ministro de Comercio Exterior durante el gobierno de Pedro Castillo, la agresividad de Rafael L\u00f3pez Aliaga se incrementa, pero se estrella con la realidad. El \u00faltimatum que <a href=\"https:\/\/www.facebook.com\/watch\/?v=935488089386433\">el candidato ultraderechista le dio al presidente del Jurado Nacional de Elecciones (JNE), Roberto Burneo<\/a>, para que anule el proceso electoral bajo la amenaza de insurgencia civil \u2013figura prevista en la Constituci\u00f3n, pero inaplicable en este caso\u2013 y que si no declaraba la nulidad le meter\u00eda todo su Plan Morrocoy, bien grandazo, para que se haga hombre, no ha prosperado. El viernes el pleno del&nbsp;JNE&nbsp;rechaz\u00f3, por unanimidad, el pedido de L\u00f3pez Aliaga de declarar la nulidad de la primera vuelta electoral y de realizar elecciones complementarias en Lima Metropolitana.<\/p>\n\n\n\n<p>Ese mismo d\u00eda, el <a href=\"https:\/\/elpais.com\/america\/2026-04-21\/renuncia-el-jefe-de-la-autoridad-electoral-de-peru-tras-las-denuncias-de-irregularidades-en-la-primera-vuelta.html\">presidente de la ONPE, Piero Corvetto, renunci\u00f3 a su cargo<\/a>, en un acto inconstitucional, pues la Constituci\u00f3n proh\u00edbe que esto ocurra durante un proceso electoral. Esta fue aceptada, tambi\u00e9n de forma inconstitucional, por el JNE, lo que deber\u00eda tranquilizar a L\u00f3pez Aliaga, quien hab\u00eda amenazado a Corvetto con enviarlo a la c\u00e1rcel por su supuesto crimen contra la democracia y perseguirlo hasta que se muera. L\u00f3pez Aliaga, al ver que era superado por el izquierdista radical, Roberto S\u00e1nchez, ha atribuido estos resultados a la ineficiente organizaci\u00f3n en la distribuci\u00f3n del material electoral y otros problemas log\u00edsticos, que efectivamente ocurrieron, pero que no configuran un fraude, tal como lo han se\u00f1alado las misiones de observadores internacionales como las de la OEA, la Uni\u00f3n Europea, el Centro Carter y Transparencia Internacional.<\/p>\n\n\n\n<p>Mientras la se\u00f1ora K, como denomina L\u00f3pez Aliaga a Keiko Fujimori, ya empez\u00f3 su campa\u00f1a presidencial, Roberto S\u00e1nchez ha convocado a los partidos pol\u00edticas del centro hacia la izquierda. Aunque a muchos de ellos les desagrada el candidato de Juntos por el Per\u00fa, tanto por la alianza que tiene con el autodefinido nacionalista Antauro Humala como por posiciones consideradas oportunistas en la votaci\u00f3n de algunos temas en el Congreso durante los \u00faltimos a\u00f1os, votar en blanco implica votar por Fujimori. Es algo que la mayor\u00eda no puede digerir.<\/p>\n\n\n\n<figure class=\"wp-block-image aligncenter size-full is-resized\"><img loading=\"lazy\" decoding=\"async\" width=\"442\" height=\"505\" src=\"https:\/\/www.americas.org\/wp-content\/uploads\/2026\/04\/Imagen1.png\" alt=\"\" class=\"wp-image-66908\" style=\"aspect-ratio:0.87526410817871;width:396px;height:auto\"\/><figcaption class=\"wp-element-caption\"><sub>Fuente: Ipsos 24 de abril de 2026<\/sub><\/figcaption><\/figure>\n\n\n\n<p>Si bien la candidata presidencial est\u00e1 mejor posicionada para ganar la presidencia durante su cuarta contienda electoral, al haberla ganado con holgura en primera vuelta, el antivoto a Keiko Fujimori es alto. En la contienda electoral los votos blancos y nulos ( 3.1 millones) \u00a0fueron los ganadores de la elecci\u00f3n. Los dos candidatos que disputar\u00e1n las elecciones no suman juntos ni el 25% de los votos emitidos, sin contar que hubo un 23,8% de ausentismo. De los 35 partidos pol\u00edticos que participaron en la contienda electoral, solo seis han logrado representaci\u00f3n en el Congreso. En el Per\u00fa solo 19% de la poblaci\u00f3n est\u00e1 satisfecha con la democracia, el \u00edndice m\u00e1s bajo de la regi\u00f3n, despu\u00e9s de Hait\u00ed. Los resultados de la primera vuelta electoral denotan una enorme falta de representatividad de la sociedad peruana.<\/p>\n\n\n\n<figure class=\"wp-block-image aligncenter size-full is-resized\"><img loading=\"lazy\" decoding=\"async\" width=\"884\" height=\"633\" src=\"https:\/\/www.americas.org\/wp-content\/uploads\/2026\/04\/Imagen2.png\" alt=\"\" class=\"wp-image-66910\" style=\"aspect-ratio:1.396541377993563;width:619px;height:auto\" srcset=\"https:\/\/www.americas.org\/wp-content\/uploads\/2026\/04\/Imagen2.png 884w, https:\/\/www.americas.org\/wp-content\/uploads\/2026\/04\/Imagen2-768x550.png 768w\" sizes=\"auto, (max-width: 884px) 100vw, 884px\" \/><figcaption class=\"wp-element-caption\"><sub>Fuente: Oficina Nacional de Procesos Electorales (ONPE)<\/sub><br><br><\/figcaption><\/figure>\n\n\n\n<h2 class=\"wp-block-heading\" style=\"font-size:35px\"><strong>La injerencia de Estados Unidos<\/strong><\/h2>\n\n\n\n<p>La presencia de ese pa\u00eds ser\u00e1 un factor decisivo en la segunda vuelta. Per\u00fa es uno de los pa\u00edses m\u00e1s importantes en el eje de disputa entre Estados Unidos y China, no solo por el puerto de aguas profundas de Chancay y por su posici\u00f3n geogr\u00e1fica, sino por la importante presencia de capitales chinos en las inversiones mineras y en el sector el\u00e9ctrico del pa\u00eds. China es el primer socio comercial del pa\u00eds a donde se destinan el 36% de las exportaciones peruanas, mientras que, a Estados Unidos, solo el 11.6%. &nbsp;<\/p>\n\n\n\n<p>El embajador de Estados Unidos en Per\u00fa, Bernardo Navarro, es una versi\u00f3n similar a la del Embajador de ese pa\u00eds en la Argentina, Peter Lamelas. Ambos son embajadores pol\u00edticos y al ser hispanos parlantes, se mueven como pez en las aguas pol\u00edticas de esos pa\u00edses. El gobierno estadounidense apoyar\u00e1 a Fujimori por todos los medios posibles de manera visible (tal como lo hizo en la Argentina en las elecciones legislativas de octubre, o en las presidenciales de Honduras en noviembre) o disimulada.<\/p>\n\n\n\n<p>El embajador Navarro, arrib\u00f3 a Per\u00fa a fines de enero e hizo buenas migas con el expresidente&nbsp;Jos\u00e9 Jer\u00ed&nbsp; quien ejerci\u00f3 la presidencia del Per\u00fa desde que vacaron a Dina Boluarte, en octubre del a\u00f1o pasado hasta su destituci\u00f3n el pasado 17 de febrero debido a cuestionamientos por&nbsp;reuniones clandestinas&nbsp;con empresarios y el registro de&nbsp;ingresos nocturnos&nbsp;irregulares a Palacio de Gobierno que se prolongaban hasta la madrugada. &nbsp;Jer\u00ed fue uno de los primeros invitados a formar parte del pacto militar del Escudo de las Am\u00e9ricas y confirm\u00f3 su asistencia a la ceremonia oficial con Donald Trump, pero fue destituido d\u00edas antes. Sin embargo, el ministro de Defensa de Per\u00fa s\u00ed particip\u00f3 de la reuni\u00f3n con otros 17 pa\u00edses en la sede del Comando Sur, en la que estuvieron presentes el secretario de Guerra, Pete Hegseth y el secretario de Estado, Marco Rubio.<\/p>\n\n\n\n<p>Jer\u00ed fue el principal impulsor de la compra de los aviones cazas estadounidenses. Durante su corta gesti\u00f3n <a href=\"https:\/\/www.instagram.com\/p\/DU6XUo7Fe54\/\">autoriz\u00f3 la transferencia inicial de 340 millones&nbsp;de d\u00f3lares<\/a> para iniciar el proceso de modernizaci\u00f3n de la flota de la Fuerza A\u00e9rea del Per\u00fa. Durante su gobierno se seleccion\u00f3 la oferta de Estados Unidos por &#8220;razones de seguridad&#8221; y para fortalecer la alianza estrat\u00e9gica con Washington. Por ello se dejaron de lado las propuestas de Suecia (Gripen) y Francia (Rafale). Estas negociaciones, con respaldo del Congreso, se hicieron a espaldas de la ciudadan\u00eda.<\/p>\n\n\n\n<p>El anuncio del actual presidente Jos\u00e9 Mar\u00eda Balc\u00e1zar, de paralizar la compra que ya hab\u00eda acordado el expresidente Jer\u00ed provoc\u00f3 la renuncia del canciller, Hugo de Zela, y del ministro de Defensa, Carlos D\u00edas, y desdencaden\u00f3 <a href=\"https:\/\/elpais.com\/america\/2026-04-22\/3500-millones-de-dolares-dos-ministros-menos-y-un-embajador-furioso-la-crisis-de-los-f-16-sacude-al-gobierno-de-peru.html\">cuestionamientos desde los principales gremios empresariales y militares del pa\u00eds<\/a>. Los gremios empresariales temen mucho la imposici\u00f3n de aranceles a pesar de que el Per\u00fa cuenta con un Tratado de Libre Comercio con Estados Unidos, lo cual al presidente Trump le da exactamente igual, pues al carecer de respeto por la institucionalidad y los tratados internacionales, ya ha impuesto aranceles a las exportaciones peruanas a ese pa\u00eds, violando el TLC.<\/p>\n\n\n\n<p>La cancelaci\u00f3n intempestiva del pago por orden del presidente motiv\u00f3 la reacci\u00f3n del Embajador Navarro quien ese mismo d\u00eda se\u00f1al\u00f3 que, de detectarse mala fe en las negociaciones,&nbsp;\u201c<a href=\"https:\/\/www.swissinfo.ch\/spa\/ee.uu.-advierte-represalias-a-per%C3%BA-%22si-negocia-con-mala-fe%22%2C-en-medio-de-compra-de-aviones\/91276321\">se utilizar\u00e1n todas las herramientas disponibles<\/a> para proteger y promover la prosperidad y la seguridad de Estados Unidos y la regi\u00f3n\u201d. La presi\u00f3n fue fuerte y dio resultados favorables para consolidar dicha compra. En efecto, tres d\u00edas despu\u00e9s <a href=\"https:\/\/limagris.com\/embajada-de-ee-uu-desmiente-a-balcazar-y-confirma-que-contrato-de-los-f-16-se-suscribio-el-20-de-abril\/\">un&nbsp;comunicado de la Embajada de Estados Unidos<\/a> confirm\u00f3 que el primer contrato por 2 mil millones de d\u00f3lares se suscribi\u00f3 el&nbsp;lunes 20 de abril&nbsp;con el &#8220;pleno conocimiento de los m\u00e1s altos niveles del gobierno&#8221;. Y el Ministerio de Econom\u00eda, contradiciendo al presidente, hizo una transferencia de 462 millones d\u00f3lares a la empresa estadounidense.<\/p>\n\n\n\n<p>Esto dej\u00f3 al presidente Balc\u00e1zar en una posici\u00f3n muy dif\u00edcil, pues el mi\u00e9rcoles 22 dio un mensaje a la naci\u00f3n en el que dijo que \u00e9l no hab\u00eda firmado nada y que manten\u00eda su posici\u00f3n de que no se deb\u00eda realizar ese gasto cuando faltaba dinero para gastos en educaci\u00f3n y salud. Sin embargo, fue el propio presidente Balc\u00e1zar quien firm\u00f3 un Decreto Supremo (001-2026-DE) el 5 de marzo, que incluy\u00f3 la compra de los 24 aviones F-16 en la &#8220;Lista General de Contrataciones declaradas como&nbsp;Secreto Militar&#8221;. En \u00e9l otorg\u00f3 las&nbsp;facultades legales&nbsp;a la comisi\u00f3n t\u00e9cnica y a los ministros para que pudieran suscribir el contrato con Lockheed Martin sin que el presidente tuviera que poner una firma final en el documento de compra. Fue despu\u00e9s de ese mensaje el ministro de Defensa y el canciller renunciaron a sus cargos.<\/p>\n\n\n\n<p>Varios bloques legislativos han utilizado esta crisis para impulsar una&nbsp;moci\u00f3n de censura&nbsp;contra el presidente acus\u00e1ndolo de mentir sobre la existencia del contrato ya firmado y de poner en riesgo la seguridad nacional y las relaciones con Estados Unidos.&nbsp;La moci\u00f3n de censura&nbsp;ha sido presentada formalmente, pero el Congreso a\u00fan no ha procedido con la votaci\u00f3n final para su destituci\u00f3n. El Partido de Keiko Fujimori ha manifestado que&nbsp;no apoyar\u00eda la censura. Prefiere que el gobierno de transici\u00f3n termine su periodo para no aumentar la inestabilidad a pocas semanas del cambio de mando. De hecho, el nuevo ministro de Defensa nombrado por Balc\u00e1zar, el abogado Amadeo Javier Flores Carcagno,&nbsp;es fujimorista al haber postulado como regidor de Lima por el partido Fuerza Popular, realizado aportes escon\u00f3micos a ese partido y haber sido asesor vinculado a sectores cercanos a la bancada fujimorista.&nbsp;A pesar de los nexos documentados con Fuerza Popular, Keiko lo niega con total descaro.<\/p>\n\n\n\n<p>Lo real es que el fujimorismo ha manejado los hilos del poder desde el Congreso, desde que sali\u00f3 Pedro Castillo en diciembre de 2022. Si Balc\u00e1zar fuera vacado, el actual presidente del Congreso, el ultrafujimorista, Fernando Rospigliosi, tendr\u00eda que asumir la presidencia. A Fujimori no le conviene tener en la presidencia a un fujimorista en plena campa\u00f1a electoral. Para ella es mejor tener a un &nbsp;Balc\u00e1zar d\u00e9bil y amn\u00e9sico, del escindido Partido Per\u00fa Libre, como pararrayo.&nbsp;De todos modos, el proceso de censura en plena crisis electoral est\u00e1 en proceso y cuando L\u00f3pez Aliaga se resigne a aceptar que no pas\u00f3 a la segunda vuelta, la narrativa del fraude continuar\u00e1 y solo se detendr\u00e1 si Fujimori es electa el 7 de junio.<\/p>\n\n\n\n<p>Si bien el poder econ\u00f3mico, medi\u00e1tico y la injerencia extranjera la favorecer\u00e1, mientras Roberto S\u00e1nchez, de Juntos por el Per\u00fa, ser\u00e1 vilipendeado, nada garantiza que Keiko no tendr\u00e1 una cuarta derrota electoral. Uno de los ejes del debate electoral entre S\u00e1nchez y Fujimori ser\u00e1 sin duda la opacidad con que se realizan estas compras militares sin debate ciudadano, en un escenario de concentraci\u00f3n creciente de la riqueza y una poblaci\u00f3n crecientemente marginada, as\u00ed como el alineamiento autom\u00e1tico con Estados Unidos.<\/p>\n\n\n\n<div class=\"wp-block-media-text is-stacked-on-mobile\" style=\"grid-template-columns:15% auto\"><figure class=\"wp-block-media-text__media\"><img loading=\"lazy\" decoding=\"async\" width=\"356\" height=\"544\" src=\"https:\/\/www.americas.org\/wp-content\/uploads\/2026\/02\/ARC-e1771135311678.jpg\" alt=\"\" class=\"wp-image-66637 size-full\"\/><\/figure><div class=\"wp-block-media-text__content\">\n<p style=\"font-size:15px\"><em>\u201cEl mundo en foco\u201d es la columna de Ariela Ruiz Caro para Mira: Feminismos y Democracias.<\/em>\u00a0Ariela Ruiz Caro e<em>s economista. Actualmente es investigadora del Centro de Estudios y Promosi\u00f3n de Desarrollo (DESCO)., Ha sido consultora internacional en temas de comercio, integraci\u00f3n y recursos naturales en la CEPAL, Sistema Econ\u00f3mico Latinoamericano (SELA), Instituto para la Integraci\u00f3n de Am\u00e9rica Latina y el Caribe (INTAL), entre otros. Ha sido funcionaria de la Comunidad Andina, asesora de la Comisi\u00f3n de Representantes Permanentes del MERCOSUR y Agregada Econ\u00f3mica de la Embajada de Per\u00fa en Argentina.<\/em>\u00a0<em>arielaruizcaro@gmail.com<\/em><\/p>\n<\/div><\/div>\n\n\n\n<p><\/p>\n","protected":false},"excerpt":{"rendered":"<p>El mundo en foco\u00a0|\u00a0Columna de an\u00e1lisis Mientras que al candidato ultraderechista Rafael L\u00f3pez Aliaga, de Renovaci\u00f3n Popular, se le agotan las armas para deslegitimar los resultados de las elecciones del 12 abril, la candidata ganadora de la primera vuelta, Keiko Fujimori, se prepara para enfrentar a Roberto S\u00e1nchez, el candidato heredero de Pedro Castillo, el [&hellip;]<\/p>\n","protected":false},"author":290,"featured_media":66912,"comment_status":"closed","ping_status":"open","sticky":false,"template":"","format":"standard","meta":{"inline_featured_image":false,"footnotes":""},"categories":[8465,4884,4916],"tags":[8831,5603,8488,5623,252],"coauthors":[5209],"class_list":["post-66905","post","type-post","status-publish","format-standard","has-post-thumbnail","hentry","category-decolonialismo","category-democracia","category-derechos-humanos","tag-ariela-ruiz-caro","tag-estados-unidos","tag-mira-feminismos-y-democracias","tag-peru","tag-sudamerica"],"_links":{"self":[{"href":"https:\/\/www.americas.org\/es\/wp-json\/wp\/v2\/posts\/66905","targetHints":{"allow":["GET"]}}],"collection":[{"href":"https:\/\/www.americas.org\/es\/wp-json\/wp\/v2\/posts"}],"about":[{"href":"https:\/\/www.americas.org\/es\/wp-json\/wp\/v2\/types\/post"}],"author":[{"embeddable":true,"href":"https:\/\/www.americas.org\/es\/wp-json\/wp\/v2\/users\/290"}],"replies":[{"embeddable":true,"href":"https:\/\/www.americas.org\/es\/wp-json\/wp\/v2\/comments?post=66905"}],"version-history":[{"count":2,"href":"https:\/\/www.americas.org\/es\/wp-json\/wp\/v2\/posts\/66905\/revisions"}],"predecessor-version":[{"id":66915,"href":"https:\/\/www.americas.org\/es\/wp-json\/wp\/v2\/posts\/66905\/revisions\/66915"}],"wp:featuredmedia":[{"embeddable":true,"href":"https:\/\/www.americas.org\/es\/wp-json\/wp\/v2\/media\/66912"}],"wp:attachment":[{"href":"https:\/\/www.americas.org\/es\/wp-json\/wp\/v2\/media?parent=66905"}],"wp:term":[{"taxonomy":"category","embeddable":true,"href":"https:\/\/www.americas.org\/es\/wp-json\/wp\/v2\/categories?post=66905"},{"taxonomy":"post_tag","embeddable":true,"href":"https:\/\/www.americas.org\/es\/wp-json\/wp\/v2\/tags?post=66905"},{"taxonomy":"author","embeddable":true,"href":"https:\/\/www.americas.org\/es\/wp-json\/wp\/v2\/coauthors?post=66905"}],"curies":[{"name":"wp","href":"https:\/\/api.w.org\/{rel}","templated":true}]}}