{"id":66929,"date":"2026-04-29T01:25:38","date_gmt":"2026-04-29T06:25:38","guid":{"rendered":"https:\/\/www.americas.org\/?p=66929"},"modified":"2026-04-29T01:25:40","modified_gmt":"2026-04-29T06:25:40","slug":"ideologos-del-cambio-de-regimen-pragmaticos-capitalistas-y-la-inminente-amenaza-para-cuba","status":"publish","type":"post","link":"https:\/\/www.americas.org\/es\/ideologos-del-cambio-de-regimen-pragmaticos-capitalistas-y-la-inminente-amenaza-para-cuba\/","title":{"rendered":"Ide\u00f3logos del cambio de r\u00e9gimen, pragm\u00e1ticos capitalistas y la inminente amenaza para Cuba."},"content":{"rendered":"\n<h2 class=\"wp-block-heading\"><strong>Cuba no est\u00e1 sola<\/strong><\/h2>\n\n\n\n<p>Mientras la popularidad de Trump se desploma, asediado por el fiasco en Ir\u00e1n y sus extra\u00f1os intentos de deificarse a s\u00ed mismo, en lugar de tranquilizar a la naci\u00f3n, amenaza con malgastar m\u00e1s dinero de los contribuyentes en otra guerra sin sentido.<\/p>\n\n\n\n<p>En una reuni\u00f3n de la organizaci\u00f3n nacionalista cristiana de extrema derecha Turning Point USA, celebrada en&nbsp;<a href=\"https:\/\/azmirror.com\/2026\/04\/17\/a-historically-unpopular-trump-came-to-phoenix-to-rally-the-base-by-bragging-about-iran\/\" target=\"_blank\" rel=\"noreferrer noopener\">Phoenix el 17 de abril<\/a>&nbsp;, Trump profiri\u00f3 afirmaciones falsas sobre la guerra frustrada lanzada por Israel y Estados Unidos contra Ir\u00e1n, y luego&nbsp;<a href=\"https:\/\/www.newsweek.com\/donald-trump-says-a-new-dawn-for-cuba-is-coming-watch-what-happens-11848588\" target=\"_blank\" rel=\"noreferrer noopener\">declar\u00f3:<\/a>&nbsp;\u00abY muy pronto, esta gran fuerza tambi\u00e9n traer\u00e1 un d\u00eda que se ha estado esperando durante 70 a\u00f1os. Se llama Un Nuevo Amanecer para Cuba\u00bb. A\u00f1adi\u00f3 ominosamente: \u00abAhora observen lo que sucede\u00bb.<\/p>\n\n\n\n<p>Tras el discurso, cuando la prensa cit\u00f3&nbsp;<a href=\"https:\/\/www.usatoday.com\/story\/news\/world\/2026\/04\/15\/pentagon-ramps-up-secret-cuba-planning-trump\/89623722007\/\" target=\"_blank\" rel=\"noreferrer noopener\">informes<\/a>&nbsp;que indicaban que el Pent\u00e1gono se estaba preparando para una acci\u00f3n militar en Cuba y pregunt\u00f3: &#8220;\u00bfSon ciertos esos informes? \u00bfEs Cuba la siguiente?&#8221;, Trump&nbsp;<a href=\"https:\/\/www.c-span.org\/program\/white-house-event\/president-trump-speaks-to-reporters-after-turning-point-speech\/677716\" target=\"_blank\" rel=\"noreferrer noopener\">repiti\u00f3 varias veces<\/a>&nbsp;: &#8220;Depende de cu\u00e1l sea su definici\u00f3n de acci\u00f3n militar&#8221;. Luego le dijo a la reportera que probablemente no lo hab\u00eda entendido, antes de cambiar de tema.<\/p>\n\n\n\n<p>La \u00faltima amenaza no sorprende, dada la creciente presi\u00f3n sobre el gobierno cubano y la necesidad imperiosa de Trump de desviar la atenci\u00f3n de los archivos de Epstein y la oposici\u00f3n p\u00fablica a su terrible decisi\u00f3n de atacar a Ir\u00e1n. Sin embargo, un ataque militar contra Cuba erosionar\u00eda a\u00fan m\u00e1s el apoyo fundamental a Trump y alienar\u00eda al creciente grupo de estadounidenses independientes que buscan mejoras en sus vidas. Iniciar\u00eda un conflicto prolongado y costoso, aislar\u00eda a\u00fan m\u00e1s a Estados Unidos de sus aliados y del derecho internacional, y frustrar\u00eda las esperanzas de negociar reformas econ\u00f3micas, algo a lo que el gobierno cubano se ha mostrado dispuesto.<\/p>\n\n\n\n<p>Lo m\u00e1s importante, seg\u00fan los c\u00e1lculos de Trump, es que tambi\u00e9n supondr\u00eda un suicidio pol\u00edtico para el Partido Republicano a tan solo unos meses de las elecciones de mitad de mandato.<\/p>\n\n\n\n<p>Con tanto en juego, \u00bfc\u00f3mo es posible que esta administraci\u00f3n nos haya arrastrado al borde de otra guerra ilegal con enormes costos humanos y econ\u00f3micos, esta vez a tan solo 90 millas del territorio continental de Estados Unidos?<\/p>\n\n\n\n<h2 class=\"wp-block-heading\" style=\"font-size:35px\"><strong>Estrangulando a Cuba: Otro crimen de guerra de Trump<\/strong><\/h2>\n\n\n\n<p>El embargo y&nbsp;<a href=\"https:\/\/www.thelancet.com\/journals\/langlo\/article\/PIIS2214-109X(25)00189-5\/fulltext\" target=\"_blank\" rel=\"noreferrer noopener\">las sanciones econ\u00f3micas<\/a>&nbsp;estadounidenses han provocado una crisis humanitaria en Cuba durante d\u00e9cadas.&nbsp;<a href=\"https:\/\/cepr.net\/publications\/us-blockade-and-sanctions-on-cuba-violate-the-geneva-conventions\/\" target=\"_blank\" rel=\"noreferrer noopener\">Mark Weisbrot,<\/a>&nbsp;del Centro de Investigaci\u00f3n Econ\u00f3mica y Pol\u00edtica, escribi\u00f3 recientemente que las sanciones estadounidenses contra Cuba constituyen un castigo colectivo a la poblaci\u00f3n civil y, como tal, una violaci\u00f3n del Cuarto Convenio de Ginebra y un crimen de guerra. Mientras Estados Unidos e Israel siguen bombardeando hospitales y escuelas en Ir\u00e1n,&nbsp;<a href=\"https:\/\/www.middleeasteye.net\/news\/israel-flattening-civilian-buildings-southern-lebanon-during-truce-say-commanders?utm_source=facebook&amp;utm_medium=social&amp;utm_campaign=Social_Traffic&amp;utm_content=ap_ch63agspub\" target=\"_blank\" rel=\"noreferrer noopener\">L\u00edbano<\/a>&nbsp;y&nbsp;<a href=\"https:\/\/truthout.org\/articles\/israel-continues-to-kill-aid-workers-in-gaza-seven-months-into-the-ceasefire\/\" target=\"_blank\" rel=\"noreferrer noopener\">Gaza<\/a>&nbsp;durante los altos el fuego, beb\u00e9s en cuidados intensivos mueren en hospitales cubanos sin electricidad ni medicamentos. El sistema de salud p\u00fablica cubano, que redujo dr\u00e1sticamente la mortalidad infantil y alcanz\u00f3 \u00edndices de desarrollo humano que avergonzar\u00edan a pa\u00edses mucho m\u00e1s ricos, se ha visto obligado a suspender cirug\u00edas y otros cuidados vitales. Al igual que en las guerras de Oriente Medio, son&nbsp;<a href=\"https:\/\/webassets.oxfamamerica.org\/media\/documents\/bp-cuba-blockade-women-250521-en.pdf\" target=\"_blank\" rel=\"noreferrer noopener\">las mujeres<\/a>&nbsp;, los ni\u00f1os y los ancianos quienes sufren las peores consecuencias de las sanciones.<\/p>\n\n\n\n<p>En enero, la obsesi\u00f3n de Marco Rubio por el cambio de r\u00e9gimen en Cuba se impuso a la sensatez y Trump intensific\u00f3 el sufrimiento cubano. El 29 de enero de 2026, emiti\u00f3 una&nbsp;<a href=\"https:\/\/www.whitehouse.gov\/presidential-actions\/2026\/01\/addressing-threats-to-the-united-states-by-the-government-of-cuba\/\" target=\"_blank\" rel=\"noreferrer noopener\">orden ejecutiva<\/a>&nbsp;que anunciaba aranceles a las importaciones estadounidenses de cualquier pa\u00eds que &#8220;vendiera o suministrara petr\u00f3leo a Cuba, directa o indirectamente&#8221;. Recurriendo nuevamente a la Ley de Poderes Econ\u00f3micos de Emergencia Internacional de 1977, la orden proclama a Cuba como una amenaza para la seguridad nacional de Estados Unidos, enumerando una serie de consignas de la Guerra Fr\u00eda y afirmaciones inventadas para plantear que una isla peque\u00f1a y empobrecida que&nbsp;<em>nunca<\/em>&nbsp;ha atacado a Estados Unidos representa un grave riesgo para la seguridad.<\/p>\n\n\n\n<p>L\u00edderes extranjeros, entre ellos Claudia Sheinbaum de M\u00e9xico, condenaron de inmediato la medida contra Cuba y el abuso de poder extraterritorial. Expertos&nbsp;<a href=\"https:\/\/www.ohchr.org\/en\/press-releases\/2026\/02\/un-experts-condemn-us-executive-order-imposing-fuel-blockade-cuba\" target=\"_blank\" rel=\"noreferrer noopener\">en derechos humanos de las Naciones Unidas<\/a>&nbsp;exigieron el levantamiento del bloqueo estadounidense en una en\u00e9rgica declaraci\u00f3n: \u00abLa orden ejecutiva de Estados Unidos que impone un bloqueo de combustible a Cuba constituye una grave violaci\u00f3n del derecho internacional y una seria amenaza para un orden internacional democr\u00e1tico y equitativo\u2026 El derecho internacional no otorga el derecho a imponer sanciones econ\u00f3micas a terceros Estados por participar en un comercio l\u00edcito con otro pa\u00eds soberano\u00bb.<\/p>\n\n\n\n<p>Ning\u00fan acto de agresi\u00f3n ni movimiento amenazante por parte de Cuba desencaden\u00f3 la orden. La amenaza de aranceles de Trump instrumentaliza la econom\u00eda estadounidense \u2014construida y sostenida por millones de trabajadores y consumidores\u2014 para la agenda de la burgues\u00eda de su administraci\u00f3n y la estrategia de hegemon\u00eda global de extrema derecha. La decisi\u00f3n de la Corte Suprema del 20 de febrero de 2026, que anul\u00f3 el uso de la Ley de Poderes Econ\u00f3micos de Emergencia Internacional de 1977 para utilizar los aranceles con fines pol\u00edticos sin la aprobaci\u00f3n del Congreso, no logr\u00f3 aliviar la presi\u00f3n. La administraci\u00f3n Trump desempolv\u00f3 otra justificaci\u00f3n falsa, la Ley de Comercio de 1974, para continuar con las amenazas arancelarias. M\u00e9xico, un proveedor clave de combustible para Cuba, hasta ahora no ha estado dispuesto a arriesgarse a una confrontaci\u00f3n comercial o militar con Estados Unidos para reanudar el env\u00edo de petr\u00f3leo a la isla, que sufre escasez. Sin embargo, Trump cedi\u00f3 en su confrontaci\u00f3n con Rusia, y un petrolero ruso entreg\u00f3 780.000 barriles de crudo a la isla en marzo. El gobierno ruso anunci\u00f3 recientemente que otro petrolero est\u00e1 en camino.<\/p>\n\n\n\n<figure class=\"wp-block-image aligncenter size-full is-resized\"><img loading=\"lazy\" decoding=\"async\" width=\"680\" height=\"453\" src=\"https:\/\/www.americas.org\/wp-content\/uploads\/2026\/04\/unnamed-1-1.jpg\" alt=\"\" class=\"wp-image-66931\" style=\"aspect-ratio:1.501127649977447;width:572px;height:auto\"\/><figcaption class=\"wp-element-caption\"><em><sub>El secretario de Defensa Pete Hegseth a bordo del destructor de misiles guiados USS Hudner (DDG 116) durante su visita a la base naval de la Bah\u00eda de Guant\u00e1namo, Cuba. Foto: Suboficial de primera clase Alexander C. Kubitza, Armada de los Estados Unidos.<\/sub><\/em><\/figcaption><\/figure>\n\n\n\n<h2 class=\"wp-block-heading\" style=\"font-size:35px\"><strong>La facci\u00f3n del cambio de r\u00e9gimen contra\u2026<\/strong><\/h2>\n\n\n\n<p>Dejando a un lado la bravuconer\u00eda, existen diferencias dentro del gobierno de Trump sobre c\u00f3mo abordar el tema de Cuba. La agenda de cambio de r\u00e9gimen est\u00e1 impulsada por tres fuerzas: apaciguar la venganza personal de Marco Rubio y la facci\u00f3n anticastrista de Florida derrocando al gobierno actual, eliminar a los l\u00edderes de izquierda regionales que se oponen abiertamente a la renovada Doctrina Monroe de Trump sobre la hegemon\u00eda en las Am\u00e9ricas, y promover el plan de la extrema derecha para crear una reserva de recursos capitalista en Am\u00e9rica Latina mediante la imposici\u00f3n de gobiernos t\u00edteres que obedezcan sus \u00f3rdenes.<\/p>\n\n\n\n<p>Las posturas de Rubio son bien conocidas: cambio de r\u00e9gimen o nada. Este bando esperaba convencer a Trump de que la asfixia econ\u00f3mica allanar\u00eda el camino para una f\u00e1cil victoria militar y que Trump pasar\u00eda a la historia como el presidente que puso fin a la resistencia m\u00e1s larga contra el imperialismo estadounidense. Algunos defensores del cambio de r\u00e9gimen, la mayor\u00eda de los cuales han pasado d\u00e9cadas exagerando p\u00fablicamente la fuerza de la oposici\u00f3n cubana, sosten\u00edan que infligir un sufrimiento intenso al pueblo cubano desencadenar\u00eda una insurrecci\u00f3n, la misma falsa premisa que se hizo en Ir\u00e1n. Cualquiera que conozca algo sobre Cuba y los cubanos fuera de la burbuja de Miami sabe que las cosas no suceder\u00edan as\u00ed.<\/p>\n\n\n\n<p>Pero a medida que la Casa Blanca env\u00eda mensajes contradictorios a trav\u00e9s de distintos canales de comunicaci\u00f3n, no est\u00e1 claro que Rubio sea quien tome las decisiones. Mientras que Rubio y el lobby del sur de Florida abogan por la eliminaci\u00f3n total del gobierno comunista, otro grupo prefiere reformas econ\u00f3micas que permitan la inversi\u00f3n estadounidense.<\/p>\n\n\n\n<p>En una&nbsp;<a href=\"https:\/\/www.youtube.com\/watch?v=yDvNbFe6LkY\" target=\"_blank\" rel=\"noreferrer noopener\">entrevista reciente<\/a>&nbsp;, un periodista le pregunt\u00f3 directamente al Secretario de Estado: &#8220;\u00bfSigue usted a favor de un cambio de r\u00e9gimen o estar\u00eda de acuerdo con un acuerdo econ\u00f3mico?&#8221;, y \u00e9l estall\u00f3 de rabia. &#8220;\u00bfA qu\u00e9 se refiere con un acuerdo econ\u00f3mico?&#8221;, espet\u00f3. &#8220;No, la econom\u00eda de Cuba necesita cambiar y no puede cambiar a menos que cambie el sistema de gobierno&#8230; \u00bfQui\u00e9n va a invertir millones de d\u00f3lares en un pa\u00eds comunista?&#8221;.<\/p>\n\n\n\n<p>La inversi\u00f3n extranjera directa de Estados Unidos en China en 2024 fue&nbsp;<a href=\"https:\/\/www.congress.gov\/crs_external_products\/IF\/PDF\/IF11284\/IF11284.33.pdf\" target=\"_blank\" rel=\"noreferrer noopener\">de 122.900 millones de d\u00f3lares<\/a>&nbsp;. Solo digo.<\/p>\n\n\n\n<p>Al menos a largo plazo, la extrema derecha tambi\u00e9n prefiere un cambio de r\u00e9gimen en Cuba como parte de su visi\u00f3n de erradicar a la izquierda, comenzando por Latinoam\u00e9rica. Cuba representa una mancha en esta visi\u00f3n. Con Argentina, Chile, Paraguay, Bolivia, Ecuador, Panam\u00e1, Honduras, Costa Rica y El Salvador ya bajo su control, la derecha internacional est\u00e1 concentrando sus recursos econ\u00f3micos y esfuerzos en los pa\u00edses que a\u00fan se resisten en la regi\u00f3n, especialmente en los m\u00e1s d\u00e9biles. (En este sentido, cabe esperar una intensa intervenci\u00f3n en las elecciones peruanas, donde el izquierdista Roberto S\u00e1nchez lidera a la extrema derecha para lograr una segunda vuelta).<\/p>\n\n\n\n<p>Ernesto Dom\u00ednguez, del Centro de Estudios de Asuntos Hemisf\u00e9ricos y de Estados Unidos de la Universidad de La Habana, subraya que el contexto regional es especialmente importante ahora, ante el intento de reconstruir la hegemon\u00eda estadounidense en el hemisferio occidental como base para construir la hegemon\u00eda global.<\/p>\n\n\n\n<p class=\"has-text-align-center\">\u201cCuba ha sido un ejemplo de oposici\u00f3n, al rechazar el control estadounidense y sobrevivir a pesar de todas las presiones de Estados Unidos, con todo lo que ello implica, no solo como ejemplo, sino tambi\u00e9n en t\u00e9rminos de colaboraci\u00f3n con otras fuerzas de izquierda en la regi\u00f3n\u201d, se\u00f1ala Dom\u00ednguez. Asimismo, destaca que calificar a Cuba como una amenaza para la seguridad nacional sirve al doble objetivo de Trump: aumentar la presi\u00f3n sobre Cuba y adquirir nuevas facultades arancelarias para presionar a otras naciones, especialmente a M\u00e9xico.<\/p>\n\n\n\n<p>En un debate reciente sobre\u00a0<em>Hecho en Am\u00e9rica<\/em>\u00a0, Iramis Rosique, tambi\u00e9n de la Universidad de La Habana,\u00a0<a href=\"https:\/\/www.youtube.com\/watch?v=H9frL_B-SfU&amp;t=3025s\" target=\"_blank\" rel=\"noreferrer noopener\">a\u00f1adi\u00f3 la importancia<\/a>\u00a0de Cuba en las guerras culturales de la derecha.<\/p>\n\n\n\n<p>Entre la extrema derecha internacional existe un enorme inter\u00e9s en destruir el proyecto cubano. \u00bfPor qu\u00e9? Porque es un              basti\u00f3n simb\u00f3lico, hist\u00f3rico, ideol\u00f3gico y comunicacional, un punto de referencia en la regi\u00f3n y en el mundo\u2026 Somos los \u00faltimos soldados que quedan de la Guerra Fr\u00eda.<\/p>\n\n\n\n<h2 class=\"wp-block-heading\" style=\"font-size:35px\"><strong>La facci\u00f3n capitalista pragm\u00e1tica<\/strong><\/h2>\n\n\n\n<p>Afortunadamente para las poblaciones de Estados Unidos y Cuba, la facci\u00f3n que aboga por el cambio de r\u00e9gimen parece estar perdiendo terreno en Washington. El enriquecimiento personal es casi siempre el principal inter\u00e9s de Trump. Grupos de inversi\u00f3n y fondos internacionales presionan para que se negocie una v\u00eda hacia una econom\u00eda de mercado en Cuba. Seg\u00fan un&nbsp;<a href=\"https:\/\/higherground.mt\/wp-content\/uploads\/2026\/01\/20260116-Letter-to-investors.pdf\" target=\"_blank\" rel=\"noreferrer noopener\">fondo de inversi\u00f3n<\/a>&nbsp;, Cuba cuenta con reservas de n\u00edquel sin explotar y un potencial tur\u00edstico subutilizado que atrae a inversores internacionales, y la mejor manera de aumentar el acceso es mediante negociaciones.<\/p>\n\n\n\n<p>\u201cConsideramos que el tono y el enfoque pragm\u00e1ticos son coherentes con lo que sabemos sobre las preferencias e instintos de Trump, y creemos que cualquier acuerdo probablemente ser\u00e1 positivo para inversores como nosotros\u201d, afirmaron en una carta a los inversores, enumerando como factores las conversaciones con el gobierno venezolano en funciones, la exitosa cooperaci\u00f3n entre Estados Unidos y Cuba en la lucha contra el narcotr\u00e1fico, la declaraci\u00f3n del secretario de Energ\u00eda, Chris Wright, el 12 de enero, de que Estados Unidos busca \u201cuna transici\u00f3n para alejarse del comunismo en lugar de un colapso total\u201d, y el deseo de evitar un atolladero como el de Irak o Afganist\u00e1n.<\/p>\n\n\n\n<p>De hecho, podr\u00eda haber motivos para negociar. Seg\u00fan se informa, el propio Trump ha declarado que no desea un colapso total que aumentar\u00eda la inmigraci\u00f3n y crear\u00eda inestabilidad tan cerca de Estados Unidos. Lo que su administraci\u00f3n definitivamente no necesita es una nueva Bah\u00eda de Cochinos. Una derrota humillante no solo da\u00f1ar\u00eda el fr\u00e1gil ego de Trump, caracterizado por su lema de &#8220;siempre gano, incluso cuando pierdo&#8221;, sino que tambi\u00e9n intensificar\u00eda la animosidad hacia Estados Unidos en la regi\u00f3n y aumentar\u00eda el respeto por la defensa de la soberan\u00eda cubana. El gobierno y el pueblo cubanos, al igual que los iran\u00edes, no se rendir\u00e1n ante la amenaza de una toma del poder por parte de Estados Unidos. Un cambio de r\u00e9gimen en Cuba, adem\u00e1s de ser una flagrante violaci\u00f3n del derecho internacional y los derechos humanos, requerir\u00eda una acci\u00f3n militar directa que costar\u00eda vidas, seguida de una ocupaci\u00f3n prolongada.<\/p>\n\n\n\n<p>En una se\u00f1al de que los pragm\u00e1ticos capitalistas podr\u00edan estar imponi\u00e9ndose a los ide\u00f3logos de la Guerra Fr\u00eda, la semana pasada una delegaci\u00f3n del Departamento de Estado se reuni\u00f3 con representantes del gobierno cubano para negociar demandas,&nbsp;<a href=\"https:\/\/www.axios.com\/2026\/04\/17\/cuba-negotiations-trump-havana-castro\" target=\"_blank\" rel=\"noreferrer noopener\">seg\u00fan Axios<\/a>&nbsp;, aunque no ha habido una declaraci\u00f3n oficial del Departamento de Estado. El gobierno mexicano&nbsp;<a href=\"https:\/\/www.granma.cu\/cuba\/2026-04-20\/confirman-encuentro-entre-delegaciones-de-cuba-y-estados-unidos-20-04-2026-13-04-39\" target=\"_blank\" rel=\"noreferrer noopener\">confirm\u00f3 la reuni\u00f3n<\/a>&nbsp;, declarando: \u201cLa eliminaci\u00f3n del bloqueo energ\u00e9tico contra el pa\u00eds fue la prioridad de nuestra delegaci\u00f3n. Este acto de coerci\u00f3n econ\u00f3mica es un castigo injustificado para toda la poblaci\u00f3n cubana. Es tambi\u00e9n un chantaje a escala global contra Estados soberanos, que tienen todo el derecho a exportar combustible a Cuba seg\u00fan las normas del libre comercio\u201d.<\/p>\n\n\n\n<p>Seg\u00fan se informa, las exigencias estadounidenses incluyen la liberaci\u00f3n de presuntos presos pol\u00edticos (el gobierno cubano indult\u00f3 a 2.010 presos el 2 de abril, muchos de los cuales ya han sido liberados), una exigencia casi olvidada de compensar a las empresas estadounidenses por los activos confiscados tras la revoluci\u00f3n de 1959, una mayor apertura a la inversi\u00f3n estadounidense y la adquisici\u00f3n del mercado cubano de comunicaciones por parte de la red satelital Starlink de Elon Musk como parte de la comisi\u00f3n que la \u00e9lite empresarial obtuvo en el acuerdo.<\/p>\n\n\n\n<p>Estados Unidos tambi\u00e9n ha exigido el cierre de las bases de operaciones extranjeras en la isla, pero la \u00fanica que sigue en funcionamiento es Guant\u00e1namo, que, por supuesto, est\u00e1 dirigida por Estados Unidos.<\/p>\n\n\n\n<p>Aunque los cubanos y millones de personas en todo el mundo para quienes Cuba ha sido una fuente de inspiraci\u00f3n no desean ver un mini-Miami en la isla, alg\u00fan tipo de acuerdo es mucho preferible a una guerra de aniquilaci\u00f3n o al fin de la autodeterminaci\u00f3n.<\/p>\n\n\n\n<figure class=\"wp-block-image aligncenter size-full is-resized\"><img loading=\"lazy\" decoding=\"async\" width=\"680\" height=\"453\" src=\"https:\/\/www.americas.org\/wp-content\/uploads\/2026\/04\/unnamed-2.jpg\" alt=\"\" class=\"wp-image-66926\" style=\"width:578px;height:auto\"\/><figcaption class=\"wp-element-caption\"><em><sub>Miguel D\u00edaz-Canel Berm\u00fadez se re\u00fane con el presidente brasile\u00f1o Luiz In\u00e1cio Lula da Silva en Par\u00eds. Foto: Oficina del Presidente de Brasil.<\/sub><\/em><\/figcaption><\/figure>\n\n\n\n<h2 class=\"wp-block-heading\" style=\"font-size:35px\"><strong>Defensa Popular y Solidaridad<\/strong><\/h2>\n\n\n\n<p>Existe una consideraci\u00f3n fundamental que ni los ide\u00f3logos del cambio de r\u00e9gimen ni los pragm\u00e1ticos capitalistas comprender\u00e1n jam\u00e1s: el poder de la movilizaci\u00f3n popular en defensa de la patria y de la solidaridad internacional.<\/p>\n\n\n\n<p>Estos factores desaf\u00edan los dictados del m\u00e1ximo beneficio o incluso de la autopreservaci\u00f3n, y son la raz\u00f3n por la que Donald Trump y el resto de machistas como Hegseth y el general Dan &#8220;Razin&#8221; Caine siguen cometiendo el mismo error una y otra vez. Creen que el poder\u00edo militar y la bravuconer\u00eda doblegar\u00e1n instant\u00e1neamente la voluntad de un pueblo de defender su patria. Pero incluso despu\u00e9s del genocidio en Gaza y los bombardeos masivos de Ir\u00e1n y L\u00edbano, el pueblo no se ha rendido, y Cuba no ser\u00e1 la excepci\u00f3n. No se trata de arriesgar la propia vida por un l\u00edder o un gobierno. Se trata del derecho a una identidad e historia nacionales, y a vivir y tomar decisiones sobre la propia vida en la propia tierra.<\/p>\n\n\n\n<p>Dentro de estos par\u00e1metros, el gobierno cubano ha manifestado su disposici\u00f3n a negociar, aun cuando se prepara para una posible invasi\u00f3n. El presidente Miguel D\u00edaz-Canel&nbsp;<a href=\"https:\/\/www.cbsnews.com\/news\/cuba-will-be-ready-possible-us-attack-trump-threats\/?ftag=CNM-00-10aab6a&amp;linkId=929796042\" target=\"_blank\" rel=\"noreferrer noopener\">reiter\u00f3<\/a>&nbsp;el 16 de abril: \u201cEl momento es sumamente desafiante y nos exige estar listos para enfrentar serias amenazas, entre ellas la agresi\u00f3n militar. No es lo que deseamos, pero es nuestro deber prepararnos para evitarla y, si es inevitable, derrotarla\u201d. El gobierno est\u00e1 movilizando fuerzas y&nbsp;<a href=\"https:\/\/www.instagram.com\/reel\/DT8XA08DCN1\/\" target=\"_blank\" rel=\"noreferrer noopener\">realizando amplias maniobras<\/a>&nbsp;. D\u00edas antes, D\u00edaz-Canel&nbsp;<a href=\"https:\/\/www.youtube.com\/watch?v=dHOKYmqLxJ0\" target=\"_blank\" rel=\"noreferrer noopener\">declar\u00f3 a NBC News<\/a>&nbsp;: \u201cSi tenemos que morir, moriremos\u201d.<\/p>\n\n\n\n<p>En todo el mundo, pero especialmente en Am\u00e9rica Latina, la poblaci\u00f3n ha respondido con manifestaciones en defensa del derecho de Cuba a la autodeterminaci\u00f3n, campa\u00f1as de ayuda humanitaria, peticiones y delegaciones a la isla. Tamara Barra, del Movimiento Mexicano en Solidaridad con Cuba, explic\u00f3 que su organizaci\u00f3n hizo un llamado a la acci\u00f3n, a salir a las calles. Elogi\u00f3 la postura del gobierno mexicano, al tiempo que le pidi\u00f3 que adoptara una posici\u00f3n a\u00fan m\u00e1s firme. La presidenta Claudia Sheinbaum reafirm\u00f3 recientemente la solidaridad de M\u00e9xico y denunci\u00f3 el bloqueo en una&nbsp;<a href=\"https:\/\/www.dw.com\/en\/spain-brazil-mexico-vow-to-boost-cuba-aid-amid-us-threats\/a-76845646\" target=\"_blank\" rel=\"noreferrer noopener\">declaraci\u00f3n conjunta<\/a>&nbsp;con Brasil y Espa\u00f1a durante el reciente foro de gobiernos progresistas &#8220;Defensa de la Democracia&#8221;, celebrado en Barcelona.<\/p>\n\n\n\n<p>El comunicado&nbsp;<a href=\"https:\/\/www.jornada.com.mx\/noticia\/2026\/04\/19\/politica\/mexico-emite-comunicado-conjunto-con-espana-y-brasil-en-apoyo-a-cuba\" target=\"_blank\" rel=\"noreferrer noopener\">dice en parte<\/a>&nbsp;:<\/p>\n\n\n\n<blockquote class=\"wp-block-quote is-layout-flow wp-block-quote-is-layout-flow\">\n<p class=\"has-text-align-center\">\u201cExpresamos nuestra profunda preocupaci\u00f3n por la grave crisis humanitaria que afecta al pueblo cubano e instamos a la adopci\u00f3n de las medidas necesarias para aliviar esta situaci\u00f3n y evitar acciones que empeoren las condiciones de vida de la poblaci\u00f3n o violen el derecho internacional. Nos comprometemos a trabajar juntos para intensificar nuestra respuesta humanitaria con el fin de aliviar el sufrimiento del pueblo cubano.\u201d<\/p>\n<\/blockquote>\n\n\n\n<p>En Estados Unidos,&nbsp;<a href=\"https:\/\/www.congress.gov\/bill\/119th-congress\/senate-joint-resolution\/124\" target=\"_blank\" rel=\"noreferrer noopener\">los dem\u00f3cratas presentaron un proyecto de ley<\/a>&nbsp;en la C\u00e1mara de Representantes y el Senado titulado \u00abResoluci\u00f3n conjunta para ordenar la retirada de las Fuerzas Armadas de Estados Unidos de las hostilidades dentro o contra la Rep\u00fablica de Cuba que no hayan sido autorizadas por el Congreso\u00bb. El proyecto de ley define las hostilidades como el bloqueo petrolero, entre otros actos. Codepink y otras organizaciones han estado organizando foros, recolectando ayuda humanitaria y dialogando con el Congreso para detener cualquier plan de ataque militar.<\/p>\n\n\n\n<p>Una acci\u00f3n militar ilegal e imprudente contra Cuba no ser\u00e1 la &#8220;excursi\u00f3n&#8221; caribe\u00f1a que los fan\u00e1ticos del cambio de r\u00e9gimen intentan vender al presidente y a la opini\u00f3n p\u00fablica. Cuba se defender\u00e1 y cuenta con poderosos aliados. Estos incluyen no solo a adversarios geopol\u00edticos de Estados Unidos como China y Rusia, sino tambi\u00e9n&nbsp;<a href=\"https:\/\/www.yahoo.com\/news\/articles\/no-reason-us-intervention-cuba-152425398.html\" target=\"_blank\" rel=\"noreferrer noopener\">a aliados<\/a>&nbsp;como Alemania, que acaba de advertir que no hay fundamento para la intervenci\u00f3n estadounidense en Cuba;&nbsp;<a href=\"https:\/\/www.youtube.com\/watch?v=tvNyJfV6u48\" target=\"_blank\" rel=\"noreferrer noopener\">pa\u00edses latinoamericanos<\/a>&nbsp;que ven en Cuba un reflejo de su propia defensa de la soberan\u00eda nacional, tanto hist\u00f3rica como actual, frente a la intervenci\u00f3n y la presi\u00f3n estadounidenses; y millones de personas que consideran a Cuba como prueba de que, si incluso una peque\u00f1a naci\u00f3n insular puede resistir d\u00e9cadas de persecuci\u00f3n estadounidense, hay esperanza para el resto del mundo.<\/p>\n\n\n\n<p>***Esta comuna fue publicada originalmente en<a href=\"https:\/\/www.counterpunch.org\/2026\/04\/26\/regime-change-ideologues-capitalist-pragmatists-and-the-looming-threat-to-cuba\/\"> Counterpunch<\/a>, el 26 abril de 2026.<\/p>\n\n\n\n<div class=\"wp-block-media-text is-stacked-on-mobile\" style=\"grid-template-columns:15% auto\"><figure class=\"wp-block-media-text__media\"><img loading=\"lazy\" decoding=\"async\" width=\"355\" height=\"492\" src=\"https:\/\/www.americas.org\/wp-content\/uploads\/2026\/01\/Foto-Laura-Carlsen.jpg\" alt=\"\" class=\"wp-image-66435 size-full\"\/><\/figure><div class=\"wp-block-media-text__content\">\n<p style=\"font-size:15px\"><em>Laura Carlsen es directora del centro de estudios feminista sobre relaciones internacionales Mira Feminismos y Democracias, con sede en la Ciudad de M\u00e9xico. Es analista pol\u00edtica, comentarista y periodista especializada en relaciones regionales, pol\u00edtica estadounidense, movimientos sociales y justicia de g\u00e9nero. Una versi\u00f3n de este art\u00edculo se public\u00f3 originalmente en alem\u00e1n en la edici\u00f3n de diciembre de 2025 de la revista S\u00fcdlink.<\/em><\/p>\n<\/div><\/div>\n","protected":false},"excerpt":{"rendered":"<p>Cuba no est\u00e1 sola Mientras la popularidad de Trump se desploma, asediado por el fiasco en Ir\u00e1n y sus extra\u00f1os intentos de deificarse a s\u00ed mismo, en lugar de tranquilizar a la naci\u00f3n, amenaza con malgastar m\u00e1s dinero de los contribuyentes en otra guerra sin sentido. En una reuni\u00f3n de la organizaci\u00f3n nacionalista cristiana de [&hellip;]<\/p>\n","protected":false},"author":14,"featured_media":66922,"comment_status":"closed","ping_status":"open","sticky":false,"template":"","format":"standard","meta":{"inline_featured_image":false,"footnotes":""},"categories":[8465,4884,8476],"tags":[4923,8287,5603,8488],"coauthors":[5128],"class_list":["post-66929","post","type-post","status-publish","format-standard","has-post-thumbnail","hentry","category-decolonialismo","category-democracia","category-destacado","tag-america-del-norte","tag-cuba","tag-estados-unidos","tag-mira-feminismos-y-democracias"],"_links":{"self":[{"href":"https:\/\/www.americas.org\/es\/wp-json\/wp\/v2\/posts\/66929","targetHints":{"allow":["GET"]}}],"collection":[{"href":"https:\/\/www.americas.org\/es\/wp-json\/wp\/v2\/posts"}],"about":[{"href":"https:\/\/www.americas.org\/es\/wp-json\/wp\/v2\/types\/post"}],"author":[{"embeddable":true,"href":"https:\/\/www.americas.org\/es\/wp-json\/wp\/v2\/users\/14"}],"replies":[{"embeddable":true,"href":"https:\/\/www.americas.org\/es\/wp-json\/wp\/v2\/comments?post=66929"}],"version-history":[{"count":2,"href":"https:\/\/www.americas.org\/es\/wp-json\/wp\/v2\/posts\/66929\/revisions"}],"predecessor-version":[{"id":66936,"href":"https:\/\/www.americas.org\/es\/wp-json\/wp\/v2\/posts\/66929\/revisions\/66936"}],"wp:featuredmedia":[{"embeddable":true,"href":"https:\/\/www.americas.org\/es\/wp-json\/wp\/v2\/media\/66922"}],"wp:attachment":[{"href":"https:\/\/www.americas.org\/es\/wp-json\/wp\/v2\/media?parent=66929"}],"wp:term":[{"taxonomy":"category","embeddable":true,"href":"https:\/\/www.americas.org\/es\/wp-json\/wp\/v2\/categories?post=66929"},{"taxonomy":"post_tag","embeddable":true,"href":"https:\/\/www.americas.org\/es\/wp-json\/wp\/v2\/tags?post=66929"},{"taxonomy":"author","embeddable":true,"href":"https:\/\/www.americas.org\/es\/wp-json\/wp\/v2\/coauthors?post=66929"}],"curies":[{"name":"wp","href":"https:\/\/api.w.org\/{rel}","templated":true}]}}