{"id":7195,"date":"2012-06-21T11:02:37","date_gmt":"2012-06-21T16:02:37","guid":{"rendered":"http:\/\/www.cipamericas.org\/?p=7195"},"modified":"2012-06-23T11:30:15","modified_gmt":"2012-06-23T16:30:15","slug":"todos-somos-132","status":"publish","type":"post","link":"https:\/\/www.americas.org\/es\/todos-somos-132\/","title":{"rendered":"\u00a1Todos somos 132!"},"content":{"rendered":"<p>&nbsp;<\/p>\n<p>[slideshow id=6]<\/p>\n<p>Concierto de #Soy132 en el Zocalo,\u00a0 16 de junio. (Foto: Sebastian Pais)<\/p>\n<p>El peor d\u00eda en la campa\u00f1a del candidato puntero Enrique Pe\u00f1a Nieto fue el d\u00eda en que despert\u00f3 el movimiento social juvenil conocido como \u201c#Yo soy 132\u201d. La visita del candidato a la Universidad Iberoamericana fue el detonante que hizo estallar a una multitud de j\u00f3venes que se levantaron contra el candidato con consignas en las que lo llamaban \u201ccobarde\u201d, \u201cmentiroso\u201d y \u201casesino\u201d.<\/p>\n<p>Ese \u201cviernes negro\u201d, como lo llam\u00f3 la prensa, fue para Pe\u00f1a Nieto el principio de una protesta contra su persona y lo que representa como candidato del partido que pretende regresar a la presidencia en M\u00e9xico. Tambi\u00e9n fue una demanda de poner un alto a la manipulaci\u00f3n de los medios, ocultaci\u00f3n y simulaci\u00f3n de informaci\u00f3n, particularmente de la televisi\u00f3n.<\/p>\n<p>Aun cuando algunos medios intentaron ocultarlo, los videos de la fat\u00eddica visita dieron la vuelta al mundo. Precisamente fue esa intensi\u00f3n de querer ocultar la informaci\u00f3n de lo que realmente pas\u00f3&#8211;aunado a la declaraci\u00f3n del dirigente nacional del PRI Pedro Joaqu\u00edn Coldwell\u00a0 que se refiri\u00f3 al hecho como \u201cun peque\u00f1o incidente, orquestado por un pu\u00f1ado de j\u00f3venes, simpatizantes de la izquierda que ni siquiera pertenecen a la Universidad\u201d que cataliz\u00f3 el movimiento. Dicha afirmaci\u00f3n propici\u00f3 que 131 j\u00f3venes de la Universidad Iberoamericana se presentaran en un video con su nombre, n\u00famero de cuenta y credencial en mano, para confirmar que s\u00ed eran estudiantes y que nadie los hab\u00eda entrenado para consignar al candidato.<\/p>\n<p>A partir de ese momento los estudiantes de las universidades p\u00fablicas y privadas de la Ciudad de M\u00e9xico se unieron al sentir de estos estudiantes, denomin\u00e1ndose cada uno de ellos como el estudiante #132, en contra de la manipulaci\u00f3n de los medios.<\/p>\n<p><strong>Inician las manifestaciones<\/strong><\/p>\n<p>Un grupo de estudiantes, en pleno uso de sus derechos y libertad de expresi\u00f3n le dijeron al candidato del PRI, Enrique Pe\u00f1a Nieto, que no lo quieren, ni a \u00e9l, ni a lo que representa. Lo que comenz\u00f3 como una manifestaci\u00f3n directa de rechazo en contra del candidato y ante la postura de los medios de tratar de ocultar los hechos, se volc\u00f3 no solo sobre la persona de EPN, sino tambi\u00e9n sobre Televisa, la empresa televisora m\u00e1s importante del pa\u00eds, por la abierta manipulaci\u00f3n que ejercen en sus transmisiones que llegan a todos los rincones del pa\u00eds.<\/p>\n<p>Gracias a los estudiantes de la Universidad Iberoamericana el proceso electoral ha dejado de ser una farsa, con im\u00e1genes manipuladas. Dijeron que los j\u00f3venes no son manipulables e intentarlo es pretender insultar su inteligencia. Con esto ellos demostraron que no es tan f\u00e1cil comprar conciencias, y que una torta y un refresco no bastan para que les regale su voto.<\/p>\n<p>El 18 de mayo, una semana despu\u00e9s del incidente en la Ibero, los estudiantes se manifestaron en una marcha que parti\u00f3 de la Universidad Iberoamericana a las instalaciones de Televisa Santa Fe, en protesta por la manipulaci\u00f3n de los medios y exigiendo la democratizaci\u00f3n de la informaci\u00f3n. Al mismo tiempo un contingente integrado por estudiantes del Instituto Tecnol\u00f3gico Aut\u00f3nomo de M\u00e9xico (ITAM) y de la Universidad Anahuac, mostraron su apoyo a los estudiantes de la Ibero, manifest\u00e1ndose en las afueras de Televisa San \u00c1ngel.<\/p>\n<p>Con pancartas alusivas al sesgo informativo y la manipulaci\u00f3n que ejerce la televisi\u00f3n, los estudiantes dijeron que la intensi\u00f3n es solidarizarse con sus compa\u00f1eros de la Ibero que fueron se\u00f1alados por algunos actores pol\u00edticos como personas ajenas a la comunidad universitaria, porros e intolerantes durante la visita del candidato del PRI a dicha Instituci\u00f3n. \u2018Lo que exigimos es veracidad en los medios\u2019, fue la consigna en general.<\/p>\n<p>El 23 de mayo miles de estudiantes de universidades privadas y p\u00fablicas se congregaron\u00a0 en la avenida Reforma en la Ciudad de M\u00e9xico, para reunirse en el monumento \u201cEstela de Luz\u201d como apoyo a la iniciativa de estudiantes de la Ibero #Yo soy 132.<\/p>\n<p>A partir de este momento el movimiento se volvi\u00f3 general, simpatizantes de todas las universidades de la ciudad de M\u00e9xico y diferentes estados de la Rep\u00fablica se unieron en una sola voz para gritar \u00a1#Yo soy 132!&#8211;hartos del poder que ejercen los medios en la transmisi\u00f3n de la informaci\u00f3n.<\/p>\n<p>La manifestaci\u00f3n iniciada en la Estela de Luz, se convirti\u00f3 en una marcha a las instalaciones de Televisa Chapultepec, donde los j\u00f3venes pidieron la transmisi\u00f3n del segundo debate de los candidatos a la presidencia, en cadena nacional, m\u00e1s competencia medi\u00e1tica y\u00a0 acabar con lo que denominaron \u201ccontenidos basura\u201d.<\/p>\n<p>El l\u00edder del movimiento por la paz con justicia y dignidad Javier Sicilia, se uni\u00f3 inesperadamente a la manifestaci\u00f3n para mostrar su apoyo a los j\u00f3venes quienes lo recibieron con aplausos.<\/p>\n<p>Los simpatizantes del grupo #Yo soy 132 que se form\u00f3 a trav\u00e9s de las redes sociales a ra\u00edz de la visita del candidato del PRI a la Ibero, se pronunciaron por la democratizaci\u00f3n de los medios y exigir un proceso electoral transparente y claro. Al ver la respuesta de miles de estudiantes, ya se habla de iniciar una organizaci\u00f3n y establecer asambleas y mesas de trabajo.<\/p>\n<p>Los j\u00f3venes declararon ser un movimiento apartidista, que no est\u00e1 a favor de ning\u00fan medio o candidato, y que buscan la apertura en los medios y que \u00e9stos no mientan.<\/p>\n<p>El hashtag #yosoy132 lleg\u00f3 a ocupar el primer lugar en las tendencias del momento (<em>trending topic<\/em>) en Twitter durante la manifestaci\u00f3n. La siguiente semana #Yo soy 132 abri\u00f3 una p\u00e1gina de Internet para difundir su causa bajo el lema: \u201cPor el manejo de informaci\u00f3n real y no manipulada en los medios de comunicaci\u00f3n\u201d.<\/p>\n<p><strong>Organizaci\u00f3n del movimiento<\/strong><\/p>\n<p>El 26 de mayo se llev\u00f3 a cabo la primera asamblea del movimiento estudiantil, en la Plaza de las Tres Culturas en Tlatelolco. Luego de ser cuestionados por carecer de una l\u00ednea ideol\u00f3gica definida, el grupo hizo p\u00fablica una misiva dirigida \u201cal pueblo de M\u00e9xico\u201d, en la cual se declaran contra la clase pol\u00edtico-empresarial, cuya principal expresi\u00f3n en la coyuntura actual es el intento de imposici\u00f3n de Enrique Pe\u00f1a Nieto (EPN) como presidente de la Rep\u00fablica.<\/p>\n<p>Los estudiantes llamaron a no considerar que la elecci\u00f3n presidencial del 2012 ya est\u00e1 decidida y a extender sus cr\u00edticas a instituciones como el PRI o como Televisa, que manejan un discurso pol\u00edticamente correcto, pero contradictorio en sus acciones.<\/p>\n<p>El colectivo de la Universidad Iberoamericana \u201cSomos m\u00e1s de 131\u201d que junto con miles de alumnos de universidades privadas y p\u00fablicas ahora integran el movimiento estudiantil #Yo soy 132, se defini\u00f3 como un grupo que promueve la paz, \u201cpero la paz cr\u00edtica e incisiva\u201d, por lo que convoc\u00f3 a todo ciudadano a informarse, tomar conciencia y formar parte activa y cr\u00edtica del proceso electoral.<\/p>\n<p>El documento del grupo universitario concluye con la consigna: \u201cTodos somos Tlatelolco, todos somos el Halconazo, todos somos Acteal, todos somos Atenco, todos somos 60 mil muertos, todos somos los actos impunes del pa\u00eds, ya no tenemos miedo\u201d, en referencia a los hechos ocurridos hist\u00f3ricamente que han marcado y manchado de sangre la historia de este pa\u00eds. Al finalizar, corearon el lema de dicha casa de estudios, \u201c\u00a1La verdad nos har\u00e1 libres!\u201d, entre los aplausos de los estudiantes presentes.<\/p>\n<p>La UNAM se uni\u00f3 a #Yo soy 132 y se anunci\u00f3 una asamblea en las islas de Ciudad Universitaria, en la cual quedaron integradas las distintas comisiones organizativas, entre las que est\u00e1n una de seguridad y otra de comunicaci\u00f3n.<\/p>\n<p>El 30 de mayo se realiz\u00f3 la Asamblea General de Universitarios para el movimiento #Yo soy 132, en la que participaron alrededor de 50 universidades y 135 voceros de planteles educativos, con la finalidad de definir las acciones del movimiento. A partir de esta asamblea el movimiento se declar\u00f3 anti-Pe\u00f1a Nieto.<\/p>\n<p>Entre los principales acuerdos destacan:<\/p>\n<p>&#8211; Que el movimiento se define independiente de cualquier partido pol\u00edtico<\/p>\n<p>&#8211; Que el movimiento se manifiesta contra la manipulaci\u00f3n informativa<\/p>\n<p>&#8211; Mantener de manera temporal la estructura de la Coordinadora Universitaria<\/p>\n<p>&#8211; Convocar a todos los sectores sociales que se sienten agredidos por el actual estado de la Naci\u00f3n a que se unan a la lucha de los estudiantes.<\/p>\n<p>&#8211; Establecer como regla no incurrir en acciones violentas<\/p>\n<p>&#8211; Participar en el proceso electoral y documentar posibles irregularidades<\/p>\n<p>&#8211; Exigir que el siguiente debate entre candidatos sea transmitido en cadena nacional<\/p>\n<p>&#8211; Exigir al IFE explicar la presencia de observadores de la OEA, as\u00ed como exigir que la empresa Hildebrando no realice el conteo electoral del IFE.<\/p>\n<p>&#8211; Mantener el movimiento organizado<\/p>\n<p>&#8211; Hacer un llamado a la unidad nacional<\/p>\n<p>&#8211; Convocar a los aspirantes a presidenciales a comprometerse a realizar una consulta revocatoria a mitad de sexenio.<\/p>\n<p>&#8211; Convocar a un voto informado y razonable<a title=\"\" href=\"#_ftn1\">[1]<\/a><\/p>\n<p>El 10 de junio se llev\u00f3 acabo el segundo debate entre candidatos a la presidencia y gracias a las manifestaciones de #Yo soy 132, las televisoras Televisa y TV Azteca aceptaron transmitirlo en los canales m\u00e1s importantes de ambas cadenas, adem\u00e1s de que fueron colocadas pantallas gigantes en el Z\u00f3calo de la Ciudad de M\u00e9xico.<\/p>\n<p>A partir de esta fecha las marchas y reuniones de la organizaci\u00f3n #Yo soy 132 han tenido lugar en diferentes puntos de la Ciudad de M\u00e9xico, Estado de M\u00e9xico y diferentes estados del pa\u00eds. La idea es integrar a todos los ciudadanos que quieran contribuir a la creaci\u00f3n de una sociedad informada. Todos los d\u00edas, por medio de las redes sociales contin\u00faa la difusi\u00f3n de diversas campa\u00f1as a favor del movimiento.<\/p>\n<p>El 19 de junio se realiz\u00f3 el tercer debate entre candidatos a la presidencia convocado por el movimiento #Yo soy 132, en el que tres de los cuatro candidatos participaron, ya que el candidato puntero EPN rechaz\u00f3 participar en la propuesta de los j\u00f3venes.<\/p>\n<p>Los organizadores aseguraron la realizaci\u00f3n del debate en un ambiente neutral y con criterios democr\u00e1ticos, sin favorecer a ninguno de los participantes. Pe\u00f1a Nieto se ha negado desde un principio a participar, ya que el movimiento se ha declarado abiertamente en su contra.<\/p>\n<p>El debate se realiz\u00f3 el 19 de mayo a las 20:00 horas, en el auditorio de la Comisi\u00f3n de Derechos Humanos del Distrito Federal (CNDHDF) a puerta cerrada y su transmisi\u00f3n se realizo por Internet. En el \u00faltimo momento, t\u00e9cnicos de las diferentes televisoras que deseaban transmitir la se\u00f1al y trasladaron unidades m\u00f3viles a la sede de la CNDHDF solicitaron una conexi\u00f3n de video, pero esto fue demasiado tarde. Los j\u00f3venes que hab\u00edan solicitado previamente la apertura de canales p\u00fablicos y privados para la transmisi\u00f3n del debate, acordaron la transmisi\u00f3n con la plataforma Google, ante la inicial negativa de las televisoras que no quisieron arriesgarse a participar en este ejercicio de pluralidad, que como se hab\u00eda anunciado, se llevar\u00eda acabo sin la presencia del candidato puntero Enrique Pe\u00f1a Nieto.\u00a0 Cuando las televisoras se decidieron a abrir, Google exigi\u00f3 el cumplimiento del acuerdo de exclusividad, por lo que las unidades de transmisi\u00f3n en vivo se retiraron.<\/p>\n<p>A tropezones t\u00e9cnicos debido a la d\u00e9bil se\u00f1al comenz\u00f3 la primera etapa del debate, comentada por los medios como la m\u00e1s interesante, debido a la participaci\u00f3n universitaria. El moderador Genaro Lozano, maestro del ITAM (Instituto Tecnol\u00f3gico Aut\u00f3nomo de M\u00e9xico) sorteaba las preguntas y remit\u00eda el uso de la palabra a j\u00f3venes instalados en los sitios planeados como: un laboratorio del doctorado de filosof\u00eda de la ciencias de la Universidad Nacional Aut\u00f3noma de M\u00e9xico (UNAM), un cub\u00edculo de la IBERO, una aula en la Facultad de Ciencias Pol\u00edticas, otra en el Instituto Polit\u00e9cnico Nacional en Zacatenco. El intercambio de ideas y la oportunidad del derecho de r\u00e9plica, fue denominado por los estudiantes como un encuentro en el que por primera vez, el ejercicio no fue un mon\u00f3logo.<\/p>\n<p>Gracias al movimiento #Yo soy 132\u00a0 se realiz\u00f3 el primer encuentro entre candidatos presidenciales convocado por la iniciativa ciudadana. Los voceros del movimiento destacaron que el debate marca un \u201cd\u00eda hist\u00f3rico en las p\u00e1ginas de la democracia del pa\u00eds\u201d y afirmaron que se logr\u00f3 garantizar la imparcialidad y la neutralidad en el mismo. En un mensaje al candidato del PRI, Enrique Pe\u00f1a Nieto, lamentaron que no asistiera, ya que qued\u00f3 demostrado que hubo condiciones de equidad.<\/p>\n<p>En conferencia de prensa al t\u00e9rmino del debate, los estudiantes lamentaron las fallas t\u00e9cnicas y reconocieron que est\u00e1n aprendiendo de los errores. Reafirmaron: \u201cSomos un movimiento de j\u00f3venes mexicanos que buscan un proceso democr\u00e1tico limpio y honesto de parte de candidatos, Instituciones y medios\u201d. Entre los planteamientos de los candidatos, no hubo nada nuevo, Andr\u00e9s Manuel L\u00f3pez Obrador, Josefina V\u00e1zquez Mota y Gabriel Quadri reiteraron sus propuestas, y el gran ausente Enrique Pe\u00f1a Nieto fue representado con una silla vac\u00eda.<\/p>\n<div>\n<hr align=\"left\" size=\"1\" width=\"33%\" \/>\n<div>\n<p><a title=\"\" href=\"#_ftnref1\">[1]<\/a>\u00a0\u00a0\u00a0\u00a0\u00a0\u00a0\u00a0\u00a0\u00a0 para ver el resto de las propuestas se puede consultar el art\u00edculo de animal pol\u00edtico <a href=\"http:\/\/www.animalpolitico.com\/2012\/05\/los-acuerdos-alcanzados-en-la-asamblea-yosoy132\/\">http:\/\/www.animalpolitico.com\/2012\/05\/los-acuerdos-alcanzados-en-la-asamblea-yosoy132\/<\/a><\/p>\n<p>&nbsp;<\/p>\n<p><em>Vanessa Garc\u00eda G. es estudiante de Comunicaci\u00f3n y Periodismo en la Facultad de Ciencias Pol\u00edticas y Sociales de la UNAM; y colaboradora con el CIP Programa de las Am\u00e9ricas www.americas.org\/es<\/em><\/p>\n<p><em>Fotograf\u00eda por Abigail Thornton<\/em><\/p>\n<\/div>\n<\/div>\n","protected":false},"excerpt":{"rendered":"<p>&nbsp; [slideshow id=6] Concierto de #Soy132 en el Zocalo,\u00a0 16 de junio. (Foto: Sebastian Pais) El peor d\u00eda en la campa\u00f1a del candidato puntero Enrique Pe\u00f1a Nieto fue el d\u00eda en que despert\u00f3 el movimiento social juvenil conocido como \u201c#Yo soy 132\u201d. La visita del candidato a la Universidad Iberoamericana fue el detonante que hizo [&hellip;]<\/p>\n","protected":false},"author":296,"featured_media":0,"comment_status":"open","ping_status":"open","sticky":false,"template":"","format":"standard","meta":{"inline_featured_image":false,"footnotes":""},"categories":[4916,4912],"tags":[],"coauthors":[],"class_list":["post-7195","post","type-post","status-publish","format-standard","hentry","category-derechos-humanos","category-movimientos-sociales"],"_links":{"self":[{"href":"https:\/\/www.americas.org\/es\/wp-json\/wp\/v2\/posts\/7195","targetHints":{"allow":["GET"]}}],"collection":[{"href":"https:\/\/www.americas.org\/es\/wp-json\/wp\/v2\/posts"}],"about":[{"href":"https:\/\/www.americas.org\/es\/wp-json\/wp\/v2\/types\/post"}],"author":[{"embeddable":true,"href":"https:\/\/www.americas.org\/es\/wp-json\/wp\/v2\/users\/296"}],"replies":[{"embeddable":true,"href":"https:\/\/www.americas.org\/es\/wp-json\/wp\/v2\/comments?post=7195"}],"version-history":[{"count":0,"href":"https:\/\/www.americas.org\/es\/wp-json\/wp\/v2\/posts\/7195\/revisions"}],"wp:attachment":[{"href":"https:\/\/www.americas.org\/es\/wp-json\/wp\/v2\/media?parent=7195"}],"wp:term":[{"taxonomy":"category","embeddable":true,"href":"https:\/\/www.americas.org\/es\/wp-json\/wp\/v2\/categories?post=7195"},{"taxonomy":"post_tag","embeddable":true,"href":"https:\/\/www.americas.org\/es\/wp-json\/wp\/v2\/tags?post=7195"},{"taxonomy":"author","embeddable":true,"href":"https:\/\/www.americas.org\/es\/wp-json\/wp\/v2\/coauthors?post=7195"}],"curies":[{"name":"wp","href":"https:\/\/api.w.org\/{rel}","templated":true}]}}